{"id":71852,"date":"2024-04-07T20:01:28","date_gmt":"2024-04-08T01:01:28","guid":{"rendered":"https:\/\/luchonoticias.com\/?p=71852"},"modified":"2024-04-07T20:01:28","modified_gmt":"2024-04-08T01:01:28","slug":"alcaldia-hizo-entrega-de-camion-para-apoyar-al-ejercito-nacional","status":"publish","type":"post","link":"https:\/\/luchonoticias.com\/editor\/alcaldia-hizo-entrega-de-camion-para-apoyar-al-ejercito-nacional\/","title":{"rendered":"Alcald\u00eda hizo entrega de cami\u00f3n para apoyar al Ej\u00e9rcito Nacional"},"content":{"rendered":"<p>Ante la presencia de las autoridades locales, l\u00edderes comunales, comerciantes y poblaci\u00f3n en general, el alcalde de Neiva, Germ\u00e1n Casagua Bonilla, oficializ\u00f3 la entrega de un cami\u00f3n, que fortalecer\u00e1 la capacidad operatividad del Batall\u00f3n de Artiller\u00eda No. 9 Tenerife del Ej\u00e9rcito Nacional.<\/p>\n<p>Este aporte se suma a las 13 motocicletas entregadas el pasado mes de marzo, demostrando as\u00ed el compromiso de la Administraci\u00f3n Municipal con la seguridad y tranquilidad de los ciudadanos.<\/p>\n<p>Estas acciones se enmarcan en los primeros 100 d\u00edas de gobierno del alcalde Casagua, que se han caracterizado por un enfoque claro en el fortalecimiento institucional y la cooperaci\u00f3n interinstitucional.<\/p>\n<p>\u201cConsideramos que es muy oportuno fortalecer a trav\u00e9s de estas herramientas a nuestros soldados y polic\u00edas para que puedan actuar r\u00e1pida y oportunamente, como ya lo hemos evidenciado con la captura de 4 de estos delincuentes que ven\u00edan amedrentando a nuestros ciudadanos, hemos reaccionado inmediatamente y se ha dado captura a estos bandidos\u201d, afirm\u00f3 el mandatario de los neivanos en referencia a las personas presuntamente implicadas en los \u00faltimos acontecimientos terroristas en la ciudad.<\/p>\n<p>El secretario de Gobierno, Jos\u00e9 Ferney Ducuara, destac\u00f3 la importancia de estas acciones conjuntas y el desarrollo estrat\u00e9gico en toda la ciudad, enfoc\u00e1ndose en las \u00e1reas con mayor incidencia delictiva.<\/p>\n<p>Adem\u00e1s de la entrega del cami\u00f3n, el comandante de la Quinta Divisi\u00f3n del Ej\u00e9rcito Nacional, Brigadier General Jos\u00e9 Bertulfo Soto S\u00e1nchez, anunci\u00f3 la llegada en aproximadamente 10 d\u00edas del Batall\u00f3n de Fuerzas Urbanas Especiales.<\/p>\n<p>\u201cUn grupo de alto entrenamiento para enfrentar situaciones dif\u00edciles como las que vive la ciudad, para ayudar a patrullar, fortalecer, vigilar y para, sobre todo, devolverles la tranquilidad a los ciudadanos. As\u00ed que contamos con dos fuerzas especiales: la UNIPOL de la Polic\u00eda y por supuesto, el BAFUR del Ej\u00e9rcito Nacional. Ese es el compromiso de la Administraci\u00f3n, brindarles las herramientas a las autoridades\u201d.<\/p>\n","protected":false},"excerpt":{"rendered":"<p>Ante la presencia de las autoridades locales, l\u00edderes comunales, comerciantes y poblaci\u00f3n en general, el alcalde de Neiva, Germ\u00e1n Casagua Bonilla, oficializ\u00f3 la entrega de un cami\u00f3n, que fortalecer\u00e1 la capacidad operatividad del Batall\u00f3n de Artiller\u00eda No. 9 Tenerife del Ej\u00e9rcito Nacional. Este aporte se suma a las 13 motocicletas entregadas el pasado mes de [&hellip;]<\/p>\n","protected":false},"author":2,"featured_media":71853,"comment_status":"closed","ping_status":"open","sticky":false,"template":"","format":"standard","meta":{"footnotes":""},"categories":[31],"tags":[],"class_list":["post-71852","post","type-post","status-publish","format-standard","has-post-thumbnail","hentry","category-local"],"yoast_head":"<!-- This site is optimized with the Yoast SEO plugin v26.6 - https:\/\/yoast.com\/wordpress\/plugins\/seo\/ -->\n<title>Alcald\u00eda hizo entrega de cami\u00f3n para apoyar al Ej\u00e9rcito Nacional -<\/title>\n<meta name=\"robots\" content=\"index, follow, max-snippet:-1, max-image-preview:large, max-video-preview:-1\" \/>\n<link rel=\"canonical\" href=\"https:\/\/luchonoticias.com\/editor\/alcaldia-hizo-entrega-de-camion-para-apoyar-al-ejercito-nacional\/\" \/>\n<meta property=\"og:locale\" content=\"es_ES\" \/>\n<meta property=\"og:type\" content=\"article\" \/>\n<meta property=\"og:title\" content=\"Alcald\u00eda hizo entrega de cami\u00f3n para apoyar al Ej\u00e9rcito Nacional -\" \/>\n<meta property=\"og:url\" content=\"https:\/\/luchonoticias.com\/editor\/alcaldia-hizo-entrega-de-camion-para-apoyar-al-ejercito-nacional\/\" \/>\n<meta property=\"article:publisher\" content=\"https:\/\/www.facebook.com\/luchonoticiasneiva\" \/>\n<meta property=\"article:published_time\" content=\"2024-04-08T01:01:28+00:00\" \/>\n<meta property=\"og:image\" content=\"https:\/\/luchonoticias.com\/editor\/wp-content\/uploads\/2024\/04\/camion.jpg\" \/>\n\t<meta property=\"og:image:width\" content=\"700\" \/>\n\t<meta property=\"og:image:height\" content=\"400\" \/>\n\t<meta property=\"og:image:type\" content=\"image\/jpeg\" \/>\n<meta name=\"author\" content=\"Editor General\" \/>\n<meta name=\"twitter:card\" content=\"summary_large_image\" \/>\n<meta name=\"twitter:label1\" content=\"Escrito por\" \/>\n\t<meta name=\"twitter:data1\" content=\"Editor General\" \/>\n\t<meta name=\"twitter:label2\" content=\"Tiempo de lectura\" \/>\n\t<meta name=\"twitter:data2\" content=\"2 minutos\" \/>\n<script type=\"application\/ld+json\" class=\"yoast-schema-graph\">{\"@context\":\"https:\/\/schema.org\",\"@graph\":[{\"@type\":\"Article\",\"@id\":\"https:\/\/luchonoticias.com\/editor\/alcaldia-hizo-entrega-de-camion-para-apoyar-al-ejercito-nacional\/#article\",\"isPartOf\":{\"@id\":\"https:\/\/luchonoticias.com\/editor\/alcaldia-hizo-entrega-de-camion-para-apoyar-al-ejercito-nacional\/\"},\"author\":{\"name\":\"Editor General\",\"@id\":\"https:\/\/luchonoticias.com\/editor\/#\/schema\/person\/29217990ddf6f14e35912b2866d591fb\"},\"headline\":\"Alcald\u00eda hizo entrega de cami\u00f3n para apoyar al Ej\u00e9rcito Nacional\",\"datePublished\":\"2024-04-08T01:01:28+00:00\",\"mainEntityOfPage\":{\"@id\":\"https:\/\/luchonoticias.com\/editor\/alcaldia-hizo-entrega-de-camion-para-apoyar-al-ejercito-nacional\/\"},\"wordCount\":339,\"publisher\":{\"@id\":\"https:\/\/luchonoticias.com\/editor\/#\/schema\/person\/7a7fd911f58561fd056dbac7b55af9cd\"},\"image\":{\"@id\":\"https:\/\/luchonoticias.com\/editor\/alcaldia-hizo-entrega-de-camion-para-apoyar-al-ejercito-nacional\/#primaryimage\"},\"thumbnailUrl\":\"https:\/\/luchonoticias.com\/editor\/wp-content\/uploads\/2024\/04\/camion.jpg\",\"articleSection\":[\"Local\"],\"inLanguage\":\"es\"},{\"@type\":\"WebPage\",\"@id\":\"https:\/\/luchonoticias.com\/editor\/alcaldia-hizo-entrega-de-camion-para-apoyar-al-ejercito-nacional\/\",\"url\":\"https:\/\/luchonoticias.com\/editor\/alcaldia-hizo-entrega-de-camion-para-apoyar-al-ejercito-nacional\/\",\"name\":\"Alcald\u00eda hizo entrega de cami\u00f3n para apoyar al Ej\u00e9rcito Nacional -\",\"isPartOf\":{\"@id\":\"https:\/\/luchonoticias.com\/editor\/#website\"},\"primaryImageOfPage\":{\"@id\":\"https:\/\/luchonoticias.com\/editor\/alcaldia-hizo-entrega-de-camion-para-apoyar-al-ejercito-nacional\/#primaryimage\"},\"image\":{\"@id\":\"https:\/\/luchonoticias.com\/editor\/alcaldia-hizo-entrega-de-camion-para-apoyar-al-ejercito-nacional\/#primaryimage\"},\"thumbnailUrl\":\"https:\/\/luchonoticias.com\/editor\/wp-content\/uploads\/2024\/04\/camion.jpg\",\"datePublished\":\"2024-04-08T01:01:28+00:00\",\"breadcrumb\":{\"@id\":\"https:\/\/luchonoticias.com\/editor\/alcaldia-hizo-entrega-de-camion-para-apoyar-al-ejercito-nacional\/#breadcrumb\"},\"inLanguage\":\"es\",\"potentialAction\":[{\"@type\":\"ReadAction\",\"target\":[\"https:\/\/luchonoticias.com\/editor\/alcaldia-hizo-entrega-de-camion-para-apoyar-al-ejercito-nacional\/\"]}]},{\"@type\":\"ImageObject\",\"inLanguage\":\"es\",\"@id\":\"https:\/\/luchonoticias.com\/editor\/alcaldia-hizo-entrega-de-camion-para-apoyar-al-ejercito-nacional\/#primaryimage\",\"url\":\"https:\/\/luchonoticias.com\/editor\/wp-content\/uploads\/2024\/04\/camion.jpg\",\"contentUrl\":\"https:\/\/luchonoticias.com\/editor\/wp-content\/uploads\/2024\/04\/camion.jpg\",\"width\":700,\"height\":400},{\"@type\":\"BreadcrumbList\",\"@id\":\"https:\/\/luchonoticias.com\/editor\/alcaldia-hizo-entrega-de-camion-para-apoyar-al-ejercito-nacional\/#breadcrumb\",\"itemListElement\":[{\"@type\":\"ListItem\",\"position\":1,\"name\":\"Portada\",\"item\":\"https:\/\/luchonoticias.com\/editor\/\"},{\"@type\":\"ListItem\",\"position\":2,\"name\":\"Alcald\u00eda hizo entrega de cami\u00f3n para apoyar al Ej\u00e9rcito Nacional\"}]},{\"@type\":\"WebSite\",\"@id\":\"https:\/\/luchonoticias.com\/editor\/#website\",\"url\":\"https:\/\/luchonoticias.com\/editor\/\",\"name\":\"\",\"description\":\"\",\"publisher\":{\"@id\":\"https:\/\/luchonoticias.com\/editor\/#\/schema\/person\/7a7fd911f58561fd056dbac7b55af9cd\"},\"potentialAction\":[{\"@type\":\"SearchAction\",\"target\":{\"@type\":\"EntryPoint\",\"urlTemplate\":\"https:\/\/luchonoticias.com\/editor\/?s={search_term_string}\"},\"query-input\":{\"@type\":\"PropertyValueSpecification\",\"valueRequired\":true,\"valueName\":\"search_term_string\"}}],\"inLanguage\":\"es\"},{\"@type\":[\"Person\",\"Organization\"],\"@id\":\"https:\/\/luchonoticias.com\/editor\/#\/schema\/person\/7a7fd911f58561fd056dbac7b55af9cd\",\"name\":\"admin\",\"image\":{\"@type\":\"ImageObject\",\"inLanguage\":\"es\",\"@id\":\"https:\/\/luchonoticias.com\/editor\/#\/schema\/person\/image\/\",\"url\":\"https:\/\/luchonoticias.com\/editor\/wp-content\/uploads\/2024\/02\/cropped-cropped-logolu.webp\",\"contentUrl\":\"https:\/\/luchonoticias.com\/editor\/wp-content\/uploads\/2024\/02\/cropped-cropped-logolu.webp\",\"width\":382,\"height\":170,\"caption\":\"admin\"},\"logo\":{\"@id\":\"https:\/\/luchonoticias.com\/editor\/#\/schema\/person\/image\/\"},\"sameAs\":[\"https:\/\/www.facebook.com\/luchonoticiasneiva\"]},{\"@type\":\"Person\",\"@id\":\"https:\/\/luchonoticias.com\/editor\/#\/schema\/person\/29217990ddf6f14e35912b2866d591fb\",\"name\":\"Editor General\",\"image\":{\"@type\":\"ImageObject\",\"inLanguage\":\"es\",\"@id\":\"https:\/\/luchonoticias.com\/editor\/#\/schema\/person\/image\/\",\"url\":\"https:\/\/luchonoticias.com\/editor\/wp-content\/uploads\/2024\/02\/cropped-cropped-logolu-150x150.webp\",\"contentUrl\":\"https:\/\/luchonoticias.com\/editor\/wp-content\/uploads\/2024\/02\/cropped-cropped-logolu-150x150.webp\",\"caption\":\"Editor General\"},\"sameAs\":[\"https:\/\/luchonoticias.com\/\"],\"url\":\"https:\/\/luchonoticias.com\/editor\/author\/editor-general\/\"}]}<\/script>\n<!-- \/ Yoast SEO plugin. -->","yoast_head_json":{"title":"Alcald\u00eda hizo entrega de cami\u00f3n para apoyar al Ej\u00e9rcito Nacional -","robots":{"index":"index","follow":"follow","max-snippet":"max-snippet:-1","max-image-preview":"max-image-preview:large","max-video-preview":"max-video-preview:-1"},"canonical":"https:\/\/luchonoticias.com\/editor\/alcaldia-hizo-entrega-de-camion-para-apoyar-al-ejercito-nacional\/","og_locale":"es_ES","og_type":"article","og_title":"Alcald\u00eda hizo entrega de cami\u00f3n para apoyar al Ej\u00e9rcito Nacional -","og_url":"https:\/\/luchonoticias.com\/editor\/alcaldia-hizo-entrega-de-camion-para-apoyar-al-ejercito-nacional\/","article_publisher":"https:\/\/www.facebook.com\/luchonoticiasneiva","article_published_time":"2024-04-08T01:01:28+00:00","og_image":[{"width":700,"height":400,"url":"https:\/\/luchonoticias.com\/editor\/wp-content\/uploads\/2024\/04\/camion.jpg","type":"image\/jpeg"}],"author":"Editor General","twitter_card":"summary_large_image","twitter_misc":{"Escrito por":"Editor General","Tiempo de lectura":"2 minutos"},"schema":{"@context":"https:\/\/schema.org","@graph":[{"@type":"Article","@id":"https:\/\/luchonoticias.com\/editor\/alcaldia-hizo-entrega-de-camion-para-apoyar-al-ejercito-nacional\/#article","isPartOf":{"@id":"https:\/\/luchonoticias.com\/editor\/alcaldia-hizo-entrega-de-camion-para-apoyar-al-ejercito-nacional\/"},"author":{"name":"Editor General","@id":"https:\/\/luchonoticias.com\/editor\/#\/schema\/person\/29217990ddf6f14e35912b2866d591fb"},"headline":"Alcald\u00eda hizo entrega de cami\u00f3n para apoyar al Ej\u00e9rcito Nacional","datePublished":"2024-04-08T01:01:28+00:00","mainEntityOfPage":{"@id":"https:\/\/luchonoticias.com\/editor\/alcaldia-hizo-entrega-de-camion-para-apoyar-al-ejercito-nacional\/"},"wordCount":339,"publisher":{"@id":"https:\/\/luchonoticias.com\/editor\/#\/schema\/person\/7a7fd911f58561fd056dbac7b55af9cd"},"image":{"@id":"https:\/\/luchonoticias.com\/editor\/alcaldia-hizo-entrega-de-camion-para-apoyar-al-ejercito-nacional\/#primaryimage"},"thumbnailUrl":"https:\/\/luchonoticias.com\/editor\/wp-content\/uploads\/2024\/04\/camion.jpg","articleSection":["Local"],"inLanguage":"es"},{"@type":"WebPage","@id":"https:\/\/luchonoticias.com\/editor\/alcaldia-hizo-entrega-de-camion-para-apoyar-al-ejercito-nacional\/","url":"https:\/\/luchonoticias.com\/editor\/alcaldia-hizo-entrega-de-camion-para-apoyar-al-ejercito-nacional\/","name":"Alcald\u00eda hizo entrega de cami\u00f3n para apoyar al Ej\u00e9rcito Nacional -","isPartOf":{"@id":"https:\/\/luchonoticias.com\/editor\/#website"},"primaryImageOfPage":{"@id":"https:\/\/luchonoticias.com\/editor\/alcaldia-hizo-entrega-de-camion-para-apoyar-al-ejercito-nacional\/#primaryimage"},"image":{"@id":"https:\/\/luchonoticias.com\/editor\/alcaldia-hizo-entrega-de-camion-para-apoyar-al-ejercito-nacional\/#primaryimage"},"thumbnailUrl":"https:\/\/luchonoticias.com\/editor\/wp-content\/uploads\/2024\/04\/camion.jpg","datePublished":"2024-04-08T01:01:28+00:00","breadcrumb":{"@id":"https:\/\/luchonoticias.com\/editor\/alcaldia-hizo-entrega-de-camion-para-apoyar-al-ejercito-nacional\/#breadcrumb"},"inLanguage":"es","potentialAction":[{"@type":"ReadAction","target":["https:\/\/luchonoticias.com\/editor\/alcaldia-hizo-entrega-de-camion-para-apoyar-al-ejercito-nacional\/"]}]},{"@type":"ImageObject","inLanguage":"es","@id":"https:\/\/luchonoticias.com\/editor\/alcaldia-hizo-entrega-de-camion-para-apoyar-al-ejercito-nacional\/#primaryimage","url":"https:\/\/luchonoticias.com\/editor\/wp-content\/uploads\/2024\/04\/camion.jpg","contentUrl":"https:\/\/luchonoticias.com\/editor\/wp-content\/uploads\/2024\/04\/camion.jpg","width":700,"height":400},{"@type":"BreadcrumbList","@id":"https:\/\/luchonoticias.com\/editor\/alcaldia-hizo-entrega-de-camion-para-apoyar-al-ejercito-nacional\/#breadcrumb","itemListElement":[{"@type":"ListItem","position":1,"name":"Portada","item":"https:\/\/luchonoticias.com\/editor\/"},{"@type":"ListItem","position":2,"name":"Alcald\u00eda hizo entrega de cami\u00f3n para apoyar al Ej\u00e9rcito Nacional"}]},{"@type":"WebSite","@id":"https:\/\/luchonoticias.com\/editor\/#website","url":"https:\/\/luchonoticias.com\/editor\/","name":"","description":"","publisher":{"@id":"https:\/\/luchonoticias.com\/editor\/#\/schema\/person\/7a7fd911f58561fd056dbac7b55af9cd"},"potentialAction":[{"@type":"SearchAction","target":{"@type":"EntryPoint","urlTemplate":"https:\/\/luchonoticias.com\/editor\/?s={search_term_string}"},"query-input":{"@type":"PropertyValueSpecification","valueRequired":true,"valueName":"search_term_string"}}],"inLanguage":"es"},{"@type":["Person","Organization"],"@id":"https:\/\/luchonoticias.com\/editor\/#\/schema\/person\/7a7fd911f58561fd056dbac7b55af9cd","name":"admin","image":{"@type":"ImageObject","inLanguage":"es","@id":"https:\/\/luchonoticias.com\/editor\/#\/schema\/person\/image\/","url":"https:\/\/luchonoticias.com\/editor\/wp-content\/uploads\/2024\/02\/cropped-cropped-logolu.webp","contentUrl":"https:\/\/luchonoticias.com\/editor\/wp-content\/uploads\/2024\/02\/cropped-cropped-logolu.webp","width":382,"height":170,"caption":"admin"},"logo":{"@id":"https:\/\/luchonoticias.com\/editor\/#\/schema\/person\/image\/"},"sameAs":["https:\/\/www.facebook.com\/luchonoticiasneiva"]},{"@type":"Person","@id":"https:\/\/luchonoticias.com\/editor\/#\/schema\/person\/29217990ddf6f14e35912b2866d591fb","name":"Editor General","image":{"@type":"ImageObject","inLanguage":"es","@id":"https:\/\/luchonoticias.com\/editor\/#\/schema\/person\/image\/","url":"https:\/\/luchonoticias.com\/editor\/wp-content\/uploads\/2024\/02\/cropped-cropped-logolu-150x150.webp","contentUrl":"https:\/\/luchonoticias.com\/editor\/wp-content\/uploads\/2024\/02\/cropped-cropped-logolu-150x150.webp","caption":"Editor General"},"sameAs":["https:\/\/luchonoticias.com\/"],"url":"https:\/\/luchonoticias.com\/editor\/author\/editor-general\/"}]}},"_links":{"self":[{"href":"https:\/\/luchonoticias.com\/editor\/wp-json\/wp\/v2\/posts\/71852","targetHints":{"allow":["GET"]}}],"collection":[{"href":"https:\/\/luchonoticias.com\/editor\/wp-json\/wp\/v2\/posts"}],"about":[{"href":"https:\/\/luchonoticias.com\/editor\/wp-json\/wp\/v2\/types\/post"}],"author":[{"embeddable":true,"href":"https:\/\/luchonoticias.com\/editor\/wp-json\/wp\/v2\/users\/2"}],"replies":[{"embeddable":true,"href":"https:\/\/luchonoticias.com\/editor\/wp-json\/wp\/v2\/comments?post=71852"}],"version-history":[{"count":0,"href":"https:\/\/luchonoticias.com\/editor\/wp-json\/wp\/v2\/posts\/71852\/revisions"}],"wp:featuredmedia":[{"embeddable":true,"href":"https:\/\/luchonoticias.com\/editor\/wp-json\/wp\/v2\/media\/71853"}],"wp:attachment":[{"href":"https:\/\/luchonoticias.com\/editor\/wp-json\/wp\/v2\/media?parent=71852"}],"wp:term":[{"taxonomy":"category","embeddable":true,"href":"https:\/\/luchonoticias.com\/editor\/wp-json\/wp\/v2\/categories?post=71852"},{"taxonomy":"post_tag","embeddable":true,"href":"https:\/\/luchonoticias.com\/editor\/wp-json\/wp\/v2\/tags?post=71852"}],"curies":[{"name":"wp","href":"https:\/\/api.w.org\/{rel}","templated":true}]}}