{"id":71855,"date":"2024-04-07T20:07:35","date_gmt":"2024-04-08T01:07:35","guid":{"rendered":"https:\/\/luchonoticias.com\/?p=71855"},"modified":"2024-04-07T20:07:35","modified_gmt":"2024-04-08T01:07:35","slug":"secretario-general-de-la-onu-felicita-al-gobierno-por-logros-en-dialogos-con-eln","status":"publish","type":"post","link":"https:\/\/luchonoticias.com\/editor\/secretario-general-de-la-onu-felicita-al-gobierno-por-logros-en-dialogos-con-eln\/","title":{"rendered":"Secretario General de la ONU felicita al Gobierno por logros en di\u00e1logos con ELN"},"content":{"rendered":"<p>El secretario general de Naciones Unidas, Antonio Guterres, felicit\u00f3 al Gobierno Nacional y al Ej\u00e9rcito de Liberaci\u00f3n Nacional (ELN) por los logros alcanzados hasta ahora en la mesa de negociaciones de paz y resalt\u00f3 que este proceso \u201cha avanzado m\u00e1s que cualquier otro intento anterior entre ambos\u00bb.<\/p>\n<p>En su m\u00e1s reciente informe sobre la Misi\u00f3n de Verificaci\u00f3n de la ONU en Colombia, que ser\u00e1 presentado ante el Consejo de Seguridad el pr\u00f3ximo martes 9 de abril, Guterres hizo un llamado a las dos partes \u201cpara que aprovechen estos logros y contin\u00faen trabajando en la mesa de negociaciones teniendo en mente el inter\u00e9s a largo plazo de Colombia\u00bb.<\/p>\n<p>Este proceso hace parte de la estrategia de Paz Total emprendida por el presidente Gustavo Petro para alcanzar el final de d\u00e9cadas de violencia.<\/p>\n<p>Guterres pidi\u00f3 a las partes que participan en los di\u00e1logos de paz comprometerse \u201ccon estos procesos y aprovechen plenamente la oportunidad que representan para encontrar soluciones hol\u00edsticas y duraderas a los desaf\u00edos que han identificado y para beneficiarse de las oportunidades que ofrece la paz\u00bb.<\/p>\n<p>Sobre la nueva ronda de conversaciones entre el Gobierno y el Estado Mayor Central (EMC), Guterres manifest\u00f3 que es una oportunidad para superar dificultades, fortalecer el cese al fuego y avanzar en la definici\u00f3n de una agenda de conversaciones.<\/p>\n<p>\u201cHago un llamado para que cese la violencia contra la poblaci\u00f3n civil. De ello dependen vidas y la credibilidad del proceso\u00bb, agreg\u00f3 el secretario.<\/p>\n<p>El informe del Secretario General de la ONU hace un llamado general a mantener el objetivo fundamental de alcanzar una paz duradera en Colombia.<\/p>\n<p>\u201cUna implementaci\u00f3n exitosa del Acuerdo de Paz tiene el potencial de establecer un est\u00e1ndar con respecto al cual se medir\u00e1n los procesos de paz actuales y futuros, tanto en Colombia como a nivel internacional\u00bb, subray\u00f3 Guterres.<\/p>\n<p>Adem\u00e1s del tema de la Paz Total, el informe destaca la implementaci\u00f3n de la Reforma Rural Integral en este Gobierno, con el incremento presupuestal en 2024 para la Agencia Nacional de Tierras (ANT) y la Agencia de Desarrollo Rural (ADR), e indica que esto es muestra de que la Reforma Agraria sigue siendo una prioridad para el Gobierno.<\/p>\n","protected":false},"excerpt":{"rendered":"<p>El secretario general de Naciones Unidas, Antonio Guterres, felicit\u00f3 al Gobierno Nacional y al Ej\u00e9rcito de Liberaci\u00f3n Nacional (ELN) por los logros alcanzados hasta ahora en la mesa de negociaciones de paz y resalt\u00f3 que este proceso \u201cha avanzado m\u00e1s que cualquier otro intento anterior entre ambos\u00bb. En su m\u00e1s reciente informe sobre la Misi\u00f3n [&hellip;]<\/p>\n","protected":false},"author":2,"featured_media":71856,"comment_status":"closed","ping_status":"open","sticky":false,"template":"","format":"standard","meta":{"footnotes":""},"categories":[28],"tags":[],"class_list":["post-71855","post","type-post","status-publish","format-standard","has-post-thumbnail","hentry","category-actualidad"],"yoast_head":"<!-- This site is optimized with the Yoast SEO plugin v26.6 - https:\/\/yoast.com\/wordpress\/plugins\/seo\/ -->\n<title>Secretario General de la ONU felicita al Gobierno por logros en di\u00e1logos con ELN -<\/title>\n<meta name=\"robots\" content=\"index, follow, max-snippet:-1, max-image-preview:large, max-video-preview:-1\" \/>\n<link rel=\"canonical\" href=\"https:\/\/luchonoticias.com\/editor\/secretario-general-de-la-onu-felicita-al-gobierno-por-logros-en-dialogos-con-eln\/\" \/>\n<meta property=\"og:locale\" content=\"es_ES\" \/>\n<meta property=\"og:type\" content=\"article\" \/>\n<meta property=\"og:title\" content=\"Secretario General de la ONU felicita al Gobierno por logros en di\u00e1logos con ELN -\" \/>\n<meta property=\"og:url\" content=\"https:\/\/luchonoticias.com\/editor\/secretario-general-de-la-onu-felicita-al-gobierno-por-logros-en-dialogos-con-eln\/\" \/>\n<meta property=\"article:publisher\" content=\"https:\/\/www.facebook.com\/luchonoticiasneiva\" \/>\n<meta property=\"article:published_time\" content=\"2024-04-08T01:07:35+00:00\" \/>\n<meta property=\"og:image\" content=\"https:\/\/luchonoticias.com\/editor\/wp-content\/uploads\/2024\/04\/secretario-general.jpg\" \/>\n\t<meta property=\"og:image:width\" content=\"700\" \/>\n\t<meta property=\"og:image:height\" content=\"400\" \/>\n\t<meta property=\"og:image:type\" content=\"image\/jpeg\" \/>\n<meta name=\"author\" content=\"Editor General\" \/>\n<meta name=\"twitter:card\" content=\"summary_large_image\" \/>\n<meta name=\"twitter:label1\" content=\"Escrito por\" \/>\n\t<meta name=\"twitter:data1\" content=\"Editor General\" \/>\n\t<meta name=\"twitter:label2\" content=\"Tiempo de lectura\" \/>\n\t<meta name=\"twitter:data2\" content=\"2 minutos\" \/>\n<script type=\"application\/ld+json\" class=\"yoast-schema-graph\">{\"@context\":\"https:\/\/schema.org\",\"@graph\":[{\"@type\":\"Article\",\"@id\":\"https:\/\/luchonoticias.com\/editor\/secretario-general-de-la-onu-felicita-al-gobierno-por-logros-en-dialogos-con-eln\/#article\",\"isPartOf\":{\"@id\":\"https:\/\/luchonoticias.com\/editor\/secretario-general-de-la-onu-felicita-al-gobierno-por-logros-en-dialogos-con-eln\/\"},\"author\":{\"name\":\"Editor General\",\"@id\":\"https:\/\/luchonoticias.com\/editor\/#\/schema\/person\/29217990ddf6f14e35912b2866d591fb\"},\"headline\":\"Secretario General de la ONU felicita al Gobierno por logros en di\u00e1logos con ELN\",\"datePublished\":\"2024-04-08T01:07:35+00:00\",\"mainEntityOfPage\":{\"@id\":\"https:\/\/luchonoticias.com\/editor\/secretario-general-de-la-onu-felicita-al-gobierno-por-logros-en-dialogos-con-eln\/\"},\"wordCount\":390,\"publisher\":{\"@id\":\"https:\/\/luchonoticias.com\/editor\/#\/schema\/person\/7a7fd911f58561fd056dbac7b55af9cd\"},\"image\":{\"@id\":\"https:\/\/luchonoticias.com\/editor\/secretario-general-de-la-onu-felicita-al-gobierno-por-logros-en-dialogos-con-eln\/#primaryimage\"},\"thumbnailUrl\":\"https:\/\/luchonoticias.com\/editor\/wp-content\/uploads\/2024\/04\/secretario-general.jpg\",\"articleSection\":[\"Actualidad\"],\"inLanguage\":\"es\"},{\"@type\":\"WebPage\",\"@id\":\"https:\/\/luchonoticias.com\/editor\/secretario-general-de-la-onu-felicita-al-gobierno-por-logros-en-dialogos-con-eln\/\",\"url\":\"https:\/\/luchonoticias.com\/editor\/secretario-general-de-la-onu-felicita-al-gobierno-por-logros-en-dialogos-con-eln\/\",\"name\":\"Secretario General de la ONU felicita al Gobierno por logros en di\u00e1logos con ELN -\",\"isPartOf\":{\"@id\":\"https:\/\/luchonoticias.com\/editor\/#website\"},\"primaryImageOfPage\":{\"@id\":\"https:\/\/luchonoticias.com\/editor\/secretario-general-de-la-onu-felicita-al-gobierno-por-logros-en-dialogos-con-eln\/#primaryimage\"},\"image\":{\"@id\":\"https:\/\/luchonoticias.com\/editor\/secretario-general-de-la-onu-felicita-al-gobierno-por-logros-en-dialogos-con-eln\/#primaryimage\"},\"thumbnailUrl\":\"https:\/\/luchonoticias.com\/editor\/wp-content\/uploads\/2024\/04\/secretario-general.jpg\",\"datePublished\":\"2024-04-08T01:07:35+00:00\",\"breadcrumb\":{\"@id\":\"https:\/\/luchonoticias.com\/editor\/secretario-general-de-la-onu-felicita-al-gobierno-por-logros-en-dialogos-con-eln\/#breadcrumb\"},\"inLanguage\":\"es\",\"potentialAction\":[{\"@type\":\"ReadAction\",\"target\":[\"https:\/\/luchonoticias.com\/editor\/secretario-general-de-la-onu-felicita-al-gobierno-por-logros-en-dialogos-con-eln\/\"]}]},{\"@type\":\"ImageObject\",\"inLanguage\":\"es\",\"@id\":\"https:\/\/luchonoticias.com\/editor\/secretario-general-de-la-onu-felicita-al-gobierno-por-logros-en-dialogos-con-eln\/#primaryimage\",\"url\":\"https:\/\/luchonoticias.com\/editor\/wp-content\/uploads\/2024\/04\/secretario-general.jpg\",\"contentUrl\":\"https:\/\/luchonoticias.com\/editor\/wp-content\/uploads\/2024\/04\/secretario-general.jpg\",\"width\":700,\"height\":400},{\"@type\":\"BreadcrumbList\",\"@id\":\"https:\/\/luchonoticias.com\/editor\/secretario-general-de-la-onu-felicita-al-gobierno-por-logros-en-dialogos-con-eln\/#breadcrumb\",\"itemListElement\":[{\"@type\":\"ListItem\",\"position\":1,\"name\":\"Portada\",\"item\":\"https:\/\/luchonoticias.com\/editor\/\"},{\"@type\":\"ListItem\",\"position\":2,\"name\":\"Secretario General de la ONU felicita al Gobierno por logros en di\u00e1logos con ELN\"}]},{\"@type\":\"WebSite\",\"@id\":\"https:\/\/luchonoticias.com\/editor\/#website\",\"url\":\"https:\/\/luchonoticias.com\/editor\/\",\"name\":\"\",\"description\":\"\",\"publisher\":{\"@id\":\"https:\/\/luchonoticias.com\/editor\/#\/schema\/person\/7a7fd911f58561fd056dbac7b55af9cd\"},\"potentialAction\":[{\"@type\":\"SearchAction\",\"target\":{\"@type\":\"EntryPoint\",\"urlTemplate\":\"https:\/\/luchonoticias.com\/editor\/?s={search_term_string}\"},\"query-input\":{\"@type\":\"PropertyValueSpecification\",\"valueRequired\":true,\"valueName\":\"search_term_string\"}}],\"inLanguage\":\"es\"},{\"@type\":[\"Person\",\"Organization\"],\"@id\":\"https:\/\/luchonoticias.com\/editor\/#\/schema\/person\/7a7fd911f58561fd056dbac7b55af9cd\",\"name\":\"admin\",\"image\":{\"@type\":\"ImageObject\",\"inLanguage\":\"es\",\"@id\":\"https:\/\/luchonoticias.com\/editor\/#\/schema\/person\/image\/\",\"url\":\"https:\/\/luchonoticias.com\/editor\/wp-content\/uploads\/2024\/02\/cropped-cropped-logolu.webp\",\"contentUrl\":\"https:\/\/luchonoticias.com\/editor\/wp-content\/uploads\/2024\/02\/cropped-cropped-logolu.webp\",\"width\":382,\"height\":170,\"caption\":\"admin\"},\"logo\":{\"@id\":\"https:\/\/luchonoticias.com\/editor\/#\/schema\/person\/image\/\"},\"sameAs\":[\"https:\/\/www.facebook.com\/luchonoticiasneiva\"]},{\"@type\":\"Person\",\"@id\":\"https:\/\/luchonoticias.com\/editor\/#\/schema\/person\/29217990ddf6f14e35912b2866d591fb\",\"name\":\"Editor General\",\"image\":{\"@type\":\"ImageObject\",\"inLanguage\":\"es\",\"@id\":\"https:\/\/luchonoticias.com\/editor\/#\/schema\/person\/image\/\",\"url\":\"https:\/\/luchonoticias.com\/editor\/wp-content\/uploads\/2024\/02\/cropped-cropped-logolu-150x150.webp\",\"contentUrl\":\"https:\/\/luchonoticias.com\/editor\/wp-content\/uploads\/2024\/02\/cropped-cropped-logolu-150x150.webp\",\"caption\":\"Editor General\"},\"sameAs\":[\"https:\/\/luchonoticias.com\/\"],\"url\":\"https:\/\/luchonoticias.com\/editor\/author\/editor-general\/\"}]}<\/script>\n<!-- \/ Yoast SEO plugin. -->","yoast_head_json":{"title":"Secretario General de la ONU felicita al Gobierno por logros en di\u00e1logos con ELN -","robots":{"index":"index","follow":"follow","max-snippet":"max-snippet:-1","max-image-preview":"max-image-preview:large","max-video-preview":"max-video-preview:-1"},"canonical":"https:\/\/luchonoticias.com\/editor\/secretario-general-de-la-onu-felicita-al-gobierno-por-logros-en-dialogos-con-eln\/","og_locale":"es_ES","og_type":"article","og_title":"Secretario General de la ONU felicita al Gobierno por logros en di\u00e1logos con ELN -","og_url":"https:\/\/luchonoticias.com\/editor\/secretario-general-de-la-onu-felicita-al-gobierno-por-logros-en-dialogos-con-eln\/","article_publisher":"https:\/\/www.facebook.com\/luchonoticiasneiva","article_published_time":"2024-04-08T01:07:35+00:00","og_image":[{"width":700,"height":400,"url":"https:\/\/luchonoticias.com\/editor\/wp-content\/uploads\/2024\/04\/secretario-general.jpg","type":"image\/jpeg"}],"author":"Editor General","twitter_card":"summary_large_image","twitter_misc":{"Escrito por":"Editor General","Tiempo de lectura":"2 minutos"},"schema":{"@context":"https:\/\/schema.org","@graph":[{"@type":"Article","@id":"https:\/\/luchonoticias.com\/editor\/secretario-general-de-la-onu-felicita-al-gobierno-por-logros-en-dialogos-con-eln\/#article","isPartOf":{"@id":"https:\/\/luchonoticias.com\/editor\/secretario-general-de-la-onu-felicita-al-gobierno-por-logros-en-dialogos-con-eln\/"},"author":{"name":"Editor General","@id":"https:\/\/luchonoticias.com\/editor\/#\/schema\/person\/29217990ddf6f14e35912b2866d591fb"},"headline":"Secretario General de la ONU felicita al Gobierno por logros en di\u00e1logos con ELN","datePublished":"2024-04-08T01:07:35+00:00","mainEntityOfPage":{"@id":"https:\/\/luchonoticias.com\/editor\/secretario-general-de-la-onu-felicita-al-gobierno-por-logros-en-dialogos-con-eln\/"},"wordCount":390,"publisher":{"@id":"https:\/\/luchonoticias.com\/editor\/#\/schema\/person\/7a7fd911f58561fd056dbac7b55af9cd"},"image":{"@id":"https:\/\/luchonoticias.com\/editor\/secretario-general-de-la-onu-felicita-al-gobierno-por-logros-en-dialogos-con-eln\/#primaryimage"},"thumbnailUrl":"https:\/\/luchonoticias.com\/editor\/wp-content\/uploads\/2024\/04\/secretario-general.jpg","articleSection":["Actualidad"],"inLanguage":"es"},{"@type":"WebPage","@id":"https:\/\/luchonoticias.com\/editor\/secretario-general-de-la-onu-felicita-al-gobierno-por-logros-en-dialogos-con-eln\/","url":"https:\/\/luchonoticias.com\/editor\/secretario-general-de-la-onu-felicita-al-gobierno-por-logros-en-dialogos-con-eln\/","name":"Secretario General de la ONU felicita al Gobierno por logros en di\u00e1logos con ELN -","isPartOf":{"@id":"https:\/\/luchonoticias.com\/editor\/#website"},"primaryImageOfPage":{"@id":"https:\/\/luchonoticias.com\/editor\/secretario-general-de-la-onu-felicita-al-gobierno-por-logros-en-dialogos-con-eln\/#primaryimage"},"image":{"@id":"https:\/\/luchonoticias.com\/editor\/secretario-general-de-la-onu-felicita-al-gobierno-por-logros-en-dialogos-con-eln\/#primaryimage"},"thumbnailUrl":"https:\/\/luchonoticias.com\/editor\/wp-content\/uploads\/2024\/04\/secretario-general.jpg","datePublished":"2024-04-08T01:07:35+00:00","breadcrumb":{"@id":"https:\/\/luchonoticias.com\/editor\/secretario-general-de-la-onu-felicita-al-gobierno-por-logros-en-dialogos-con-eln\/#breadcrumb"},"inLanguage":"es","potentialAction":[{"@type":"ReadAction","target":["https:\/\/luchonoticias.com\/editor\/secretario-general-de-la-onu-felicita-al-gobierno-por-logros-en-dialogos-con-eln\/"]}]},{"@type":"ImageObject","inLanguage":"es","@id":"https:\/\/luchonoticias.com\/editor\/secretario-general-de-la-onu-felicita-al-gobierno-por-logros-en-dialogos-con-eln\/#primaryimage","url":"https:\/\/luchonoticias.com\/editor\/wp-content\/uploads\/2024\/04\/secretario-general.jpg","contentUrl":"https:\/\/luchonoticias.com\/editor\/wp-content\/uploads\/2024\/04\/secretario-general.jpg","width":700,"height":400},{"@type":"BreadcrumbList","@id":"https:\/\/luchonoticias.com\/editor\/secretario-general-de-la-onu-felicita-al-gobierno-por-logros-en-dialogos-con-eln\/#breadcrumb","itemListElement":[{"@type":"ListItem","position":1,"name":"Portada","item":"https:\/\/luchonoticias.com\/editor\/"},{"@type":"ListItem","position":2,"name":"Secretario General de la ONU felicita al Gobierno por logros en di\u00e1logos con ELN"}]},{"@type":"WebSite","@id":"https:\/\/luchonoticias.com\/editor\/#website","url":"https:\/\/luchonoticias.com\/editor\/","name":"","description":"","publisher":{"@id":"https:\/\/luchonoticias.com\/editor\/#\/schema\/person\/7a7fd911f58561fd056dbac7b55af9cd"},"potentialAction":[{"@type":"SearchAction","target":{"@type":"EntryPoint","urlTemplate":"https:\/\/luchonoticias.com\/editor\/?s={search_term_string}"},"query-input":{"@type":"PropertyValueSpecification","valueRequired":true,"valueName":"search_term_string"}}],"inLanguage":"es"},{"@type":["Person","Organization"],"@id":"https:\/\/luchonoticias.com\/editor\/#\/schema\/person\/7a7fd911f58561fd056dbac7b55af9cd","name":"admin","image":{"@type":"ImageObject","inLanguage":"es","@id":"https:\/\/luchonoticias.com\/editor\/#\/schema\/person\/image\/","url":"https:\/\/luchonoticias.com\/editor\/wp-content\/uploads\/2024\/02\/cropped-cropped-logolu.webp","contentUrl":"https:\/\/luchonoticias.com\/editor\/wp-content\/uploads\/2024\/02\/cropped-cropped-logolu.webp","width":382,"height":170,"caption":"admin"},"logo":{"@id":"https:\/\/luchonoticias.com\/editor\/#\/schema\/person\/image\/"},"sameAs":["https:\/\/www.facebook.com\/luchonoticiasneiva"]},{"@type":"Person","@id":"https:\/\/luchonoticias.com\/editor\/#\/schema\/person\/29217990ddf6f14e35912b2866d591fb","name":"Editor General","image":{"@type":"ImageObject","inLanguage":"es","@id":"https:\/\/luchonoticias.com\/editor\/#\/schema\/person\/image\/","url":"https:\/\/luchonoticias.com\/editor\/wp-content\/uploads\/2024\/02\/cropped-cropped-logolu-150x150.webp","contentUrl":"https:\/\/luchonoticias.com\/editor\/wp-content\/uploads\/2024\/02\/cropped-cropped-logolu-150x150.webp","caption":"Editor General"},"sameAs":["https:\/\/luchonoticias.com\/"],"url":"https:\/\/luchonoticias.com\/editor\/author\/editor-general\/"}]}},"_links":{"self":[{"href":"https:\/\/luchonoticias.com\/editor\/wp-json\/wp\/v2\/posts\/71855","targetHints":{"allow":["GET"]}}],"collection":[{"href":"https:\/\/luchonoticias.com\/editor\/wp-json\/wp\/v2\/posts"}],"about":[{"href":"https:\/\/luchonoticias.com\/editor\/wp-json\/wp\/v2\/types\/post"}],"author":[{"embeddable":true,"href":"https:\/\/luchonoticias.com\/editor\/wp-json\/wp\/v2\/users\/2"}],"replies":[{"embeddable":true,"href":"https:\/\/luchonoticias.com\/editor\/wp-json\/wp\/v2\/comments?post=71855"}],"version-history":[{"count":0,"href":"https:\/\/luchonoticias.com\/editor\/wp-json\/wp\/v2\/posts\/71855\/revisions"}],"wp:featuredmedia":[{"embeddable":true,"href":"https:\/\/luchonoticias.com\/editor\/wp-json\/wp\/v2\/media\/71856"}],"wp:attachment":[{"href":"https:\/\/luchonoticias.com\/editor\/wp-json\/wp\/v2\/media?parent=71855"}],"wp:term":[{"taxonomy":"category","embeddable":true,"href":"https:\/\/luchonoticias.com\/editor\/wp-json\/wp\/v2\/categories?post=71855"},{"taxonomy":"post_tag","embeddable":true,"href":"https:\/\/luchonoticias.com\/editor\/wp-json\/wp\/v2\/tags?post=71855"}],"curies":[{"name":"wp","href":"https:\/\/api.w.org\/{rel}","templated":true}]}}