{"id":71858,"date":"2024-04-07T20:48:37","date_gmt":"2024-04-08T01:48:37","guid":{"rendered":"https:\/\/luchonoticias.com\/?p=71858"},"modified":"2024-04-07T20:49:09","modified_gmt":"2024-04-08T01:49:09","slug":"asi-le-fue-hoy-al-huila-en-jornada-dominical-de-intercolegiados","status":"publish","type":"post","link":"https:\/\/luchonoticias.com\/editor\/asi-le-fue-hoy-al-huila-en-jornada-dominical-de-intercolegiados\/","title":{"rendered":"As\u00ed le fue hoy al Huila en jornada dominical de intercolegiados"},"content":{"rendered":"<p>Se cumpli\u00f3 en Rivera una nueva jornada del zonal centro sur de los Juegos Intercolegiados y en donde en la disciplina de voleibol masculino la delegaci\u00f3n de Huila contin\u00faa invicta.<\/p>\n<p>El Colegio Piaget (representante huilense en este torneo) logr\u00f3 su segundo triunfo sobre el colegio Jorge Isaacs del Caquet\u00e1 mientras que las damas jugar\u00e1n ma\u00f1ana ante el Liceo Nacional del Tolima.<\/p>\n<p>Por los lados del baloncesto de nuevo el Colegio Piaget gan\u00f3, en este caso un 51:16 ante Agrotecnico Mixtos del Caquet\u00e1 en prejuvenil femenino mientras que en el f\u00fatbol femenino el colegio Carlos Ram\u00f3n Repizo super\u00f3 4:1 al Instituto Albert Einstein de Cundinamarca quien derrot\u00f3 en los hombres, 3:1 al colegio Juan XXIII.<\/p>\n<p>Finalmente en el f\u00fatbol sala los dos representantes huilenses lograron triunfos, el Colegio San Marcos en femenino gole\u00f3 4:1 al Marco Fidel Su\u00e1rez del Caquet\u00e1 mientras que el San Sebasti\u00e1n de La Plata venci\u00f3 2:1 al Jorge Eli\u00e9cer Gait\u00e1n, tambi\u00e9n del Caquet\u00e1.<\/p>\n","protected":false},"excerpt":{"rendered":"<p>Se cumpli\u00f3 en Rivera una nueva jornada del zonal centro sur de los Juegos Intercolegiados y en donde en la disciplina de voleibol masculino la delegaci\u00f3n de Huila contin\u00faa invicta. El Colegio Piaget (representante huilense en este torneo) logr\u00f3 su segundo triunfo sobre el colegio Jorge Isaacs del Caquet\u00e1 mientras que las damas jugar\u00e1n ma\u00f1ana [&hellip;]<\/p>\n","protected":false},"author":2,"featured_media":71859,"comment_status":"closed","ping_status":"open","sticky":false,"template":"","format":"standard","meta":{"footnotes":""},"categories":[34],"tags":[],"class_list":["post-71858","post","type-post","status-publish","format-standard","has-post-thumbnail","hentry","category-deportes"],"yoast_head":"<!-- This site is optimized with the Yoast SEO plugin v26.6 - https:\/\/yoast.com\/wordpress\/plugins\/seo\/ -->\n<title>As\u00ed le fue hoy al Huila en jornada dominical de intercolegiados -<\/title>\n<meta name=\"robots\" content=\"index, follow, max-snippet:-1, max-image-preview:large, max-video-preview:-1\" \/>\n<link rel=\"canonical\" href=\"https:\/\/luchonoticias.com\/editor\/asi-le-fue-hoy-al-huila-en-jornada-dominical-de-intercolegiados\/\" \/>\n<meta property=\"og:locale\" content=\"es_ES\" \/>\n<meta property=\"og:type\" content=\"article\" \/>\n<meta property=\"og:title\" content=\"As\u00ed le fue hoy al Huila en jornada dominical de intercolegiados -\" \/>\n<meta property=\"og:url\" content=\"https:\/\/luchonoticias.com\/editor\/asi-le-fue-hoy-al-huila-en-jornada-dominical-de-intercolegiados\/\" \/>\n<meta property=\"article:publisher\" content=\"https:\/\/www.facebook.com\/luchonoticiasneiva\" \/>\n<meta property=\"article:published_time\" content=\"2024-04-08T01:48:37+00:00\" \/>\n<meta property=\"article:modified_time\" content=\"2024-04-08T01:49:09+00:00\" \/>\n<meta property=\"og:image\" content=\"https:\/\/luchonoticias.com\/editor\/wp-content\/uploads\/2024\/04\/huila-intercolegiado.jpg\" \/>\n\t<meta property=\"og:image:width\" content=\"700\" \/>\n\t<meta property=\"og:image:height\" content=\"400\" \/>\n\t<meta property=\"og:image:type\" content=\"image\/jpeg\" \/>\n<meta name=\"author\" content=\"Editor General\" \/>\n<meta name=\"twitter:card\" content=\"summary_large_image\" \/>\n<meta name=\"twitter:label1\" content=\"Escrito por\" \/>\n\t<meta name=\"twitter:data1\" content=\"Editor General\" \/>\n\t<meta name=\"twitter:label2\" content=\"Tiempo de lectura\" \/>\n\t<meta name=\"twitter:data2\" content=\"1 minuto\" \/>\n<script type=\"application\/ld+json\" class=\"yoast-schema-graph\">{\"@context\":\"https:\/\/schema.org\",\"@graph\":[{\"@type\":\"Article\",\"@id\":\"https:\/\/luchonoticias.com\/editor\/asi-le-fue-hoy-al-huila-en-jornada-dominical-de-intercolegiados\/#article\",\"isPartOf\":{\"@id\":\"https:\/\/luchonoticias.com\/editor\/asi-le-fue-hoy-al-huila-en-jornada-dominical-de-intercolegiados\/\"},\"author\":{\"name\":\"Editor General\",\"@id\":\"https:\/\/luchonoticias.com\/editor\/#\/schema\/person\/29217990ddf6f14e35912b2866d591fb\"},\"headline\":\"As\u00ed le fue hoy al Huila en jornada dominical de intercolegiados\",\"datePublished\":\"2024-04-08T01:48:37+00:00\",\"dateModified\":\"2024-04-08T01:49:09+00:00\",\"mainEntityOfPage\":{\"@id\":\"https:\/\/luchonoticias.com\/editor\/asi-le-fue-hoy-al-huila-en-jornada-dominical-de-intercolegiados\/\"},\"wordCount\":174,\"publisher\":{\"@id\":\"https:\/\/luchonoticias.com\/editor\/#\/schema\/person\/7a7fd911f58561fd056dbac7b55af9cd\"},\"image\":{\"@id\":\"https:\/\/luchonoticias.com\/editor\/asi-le-fue-hoy-al-huila-en-jornada-dominical-de-intercolegiados\/#primaryimage\"},\"thumbnailUrl\":\"https:\/\/luchonoticias.com\/editor\/wp-content\/uploads\/2024\/04\/huila-intercolegiado.jpg\",\"articleSection\":[\"Deportes\"],\"inLanguage\":\"es\"},{\"@type\":\"WebPage\",\"@id\":\"https:\/\/luchonoticias.com\/editor\/asi-le-fue-hoy-al-huila-en-jornada-dominical-de-intercolegiados\/\",\"url\":\"https:\/\/luchonoticias.com\/editor\/asi-le-fue-hoy-al-huila-en-jornada-dominical-de-intercolegiados\/\",\"name\":\"As\u00ed le fue hoy al Huila en jornada dominical de intercolegiados -\",\"isPartOf\":{\"@id\":\"https:\/\/luchonoticias.com\/editor\/#website\"},\"primaryImageOfPage\":{\"@id\":\"https:\/\/luchonoticias.com\/editor\/asi-le-fue-hoy-al-huila-en-jornada-dominical-de-intercolegiados\/#primaryimage\"},\"image\":{\"@id\":\"https:\/\/luchonoticias.com\/editor\/asi-le-fue-hoy-al-huila-en-jornada-dominical-de-intercolegiados\/#primaryimage\"},\"thumbnailUrl\":\"https:\/\/luchonoticias.com\/editor\/wp-content\/uploads\/2024\/04\/huila-intercolegiado.jpg\",\"datePublished\":\"2024-04-08T01:48:37+00:00\",\"dateModified\":\"2024-04-08T01:49:09+00:00\",\"breadcrumb\":{\"@id\":\"https:\/\/luchonoticias.com\/editor\/asi-le-fue-hoy-al-huila-en-jornada-dominical-de-intercolegiados\/#breadcrumb\"},\"inLanguage\":\"es\",\"potentialAction\":[{\"@type\":\"ReadAction\",\"target\":[\"https:\/\/luchonoticias.com\/editor\/asi-le-fue-hoy-al-huila-en-jornada-dominical-de-intercolegiados\/\"]}]},{\"@type\":\"ImageObject\",\"inLanguage\":\"es\",\"@id\":\"https:\/\/luchonoticias.com\/editor\/asi-le-fue-hoy-al-huila-en-jornada-dominical-de-intercolegiados\/#primaryimage\",\"url\":\"https:\/\/luchonoticias.com\/editor\/wp-content\/uploads\/2024\/04\/huila-intercolegiado.jpg\",\"contentUrl\":\"https:\/\/luchonoticias.com\/editor\/wp-content\/uploads\/2024\/04\/huila-intercolegiado.jpg\",\"width\":700,\"height\":400},{\"@type\":\"BreadcrumbList\",\"@id\":\"https:\/\/luchonoticias.com\/editor\/asi-le-fue-hoy-al-huila-en-jornada-dominical-de-intercolegiados\/#breadcrumb\",\"itemListElement\":[{\"@type\":\"ListItem\",\"position\":1,\"name\":\"Portada\",\"item\":\"https:\/\/luchonoticias.com\/editor\/\"},{\"@type\":\"ListItem\",\"position\":2,\"name\":\"As\u00ed le fue hoy al Huila en jornada dominical de intercolegiados\"}]},{\"@type\":\"WebSite\",\"@id\":\"https:\/\/luchonoticias.com\/editor\/#website\",\"url\":\"https:\/\/luchonoticias.com\/editor\/\",\"name\":\"\",\"description\":\"\",\"publisher\":{\"@id\":\"https:\/\/luchonoticias.com\/editor\/#\/schema\/person\/7a7fd911f58561fd056dbac7b55af9cd\"},\"potentialAction\":[{\"@type\":\"SearchAction\",\"target\":{\"@type\":\"EntryPoint\",\"urlTemplate\":\"https:\/\/luchonoticias.com\/editor\/?s={search_term_string}\"},\"query-input\":{\"@type\":\"PropertyValueSpecification\",\"valueRequired\":true,\"valueName\":\"search_term_string\"}}],\"inLanguage\":\"es\"},{\"@type\":[\"Person\",\"Organization\"],\"@id\":\"https:\/\/luchonoticias.com\/editor\/#\/schema\/person\/7a7fd911f58561fd056dbac7b55af9cd\",\"name\":\"admin\",\"image\":{\"@type\":\"ImageObject\",\"inLanguage\":\"es\",\"@id\":\"https:\/\/luchonoticias.com\/editor\/#\/schema\/person\/image\/\",\"url\":\"https:\/\/luchonoticias.com\/editor\/wp-content\/uploads\/2024\/02\/cropped-cropped-logolu.webp\",\"contentUrl\":\"https:\/\/luchonoticias.com\/editor\/wp-content\/uploads\/2024\/02\/cropped-cropped-logolu.webp\",\"width\":382,\"height\":170,\"caption\":\"admin\"},\"logo\":{\"@id\":\"https:\/\/luchonoticias.com\/editor\/#\/schema\/person\/image\/\"},\"sameAs\":[\"https:\/\/www.facebook.com\/luchonoticiasneiva\"]},{\"@type\":\"Person\",\"@id\":\"https:\/\/luchonoticias.com\/editor\/#\/schema\/person\/29217990ddf6f14e35912b2866d591fb\",\"name\":\"Editor General\",\"image\":{\"@type\":\"ImageObject\",\"inLanguage\":\"es\",\"@id\":\"https:\/\/luchonoticias.com\/editor\/#\/schema\/person\/image\/\",\"url\":\"https:\/\/luchonoticias.com\/editor\/wp-content\/uploads\/2024\/02\/cropped-cropped-logolu-150x150.webp\",\"contentUrl\":\"https:\/\/luchonoticias.com\/editor\/wp-content\/uploads\/2024\/02\/cropped-cropped-logolu-150x150.webp\",\"caption\":\"Editor General\"},\"sameAs\":[\"https:\/\/luchonoticias.com\/\"],\"url\":\"https:\/\/luchonoticias.com\/editor\/author\/editor-general\/\"}]}<\/script>\n<!-- \/ Yoast SEO plugin. -->","yoast_head_json":{"title":"As\u00ed le fue hoy al Huila en jornada dominical de intercolegiados -","robots":{"index":"index","follow":"follow","max-snippet":"max-snippet:-1","max-image-preview":"max-image-preview:large","max-video-preview":"max-video-preview:-1"},"canonical":"https:\/\/luchonoticias.com\/editor\/asi-le-fue-hoy-al-huila-en-jornada-dominical-de-intercolegiados\/","og_locale":"es_ES","og_type":"article","og_title":"As\u00ed le fue hoy al Huila en jornada dominical de intercolegiados -","og_url":"https:\/\/luchonoticias.com\/editor\/asi-le-fue-hoy-al-huila-en-jornada-dominical-de-intercolegiados\/","article_publisher":"https:\/\/www.facebook.com\/luchonoticiasneiva","article_published_time":"2024-04-08T01:48:37+00:00","article_modified_time":"2024-04-08T01:49:09+00:00","og_image":[{"width":700,"height":400,"url":"https:\/\/luchonoticias.com\/editor\/wp-content\/uploads\/2024\/04\/huila-intercolegiado.jpg","type":"image\/jpeg"}],"author":"Editor General","twitter_card":"summary_large_image","twitter_misc":{"Escrito por":"Editor General","Tiempo de lectura":"1 minuto"},"schema":{"@context":"https:\/\/schema.org","@graph":[{"@type":"Article","@id":"https:\/\/luchonoticias.com\/editor\/asi-le-fue-hoy-al-huila-en-jornada-dominical-de-intercolegiados\/#article","isPartOf":{"@id":"https:\/\/luchonoticias.com\/editor\/asi-le-fue-hoy-al-huila-en-jornada-dominical-de-intercolegiados\/"},"author":{"name":"Editor General","@id":"https:\/\/luchonoticias.com\/editor\/#\/schema\/person\/29217990ddf6f14e35912b2866d591fb"},"headline":"As\u00ed le fue hoy al Huila en jornada dominical de intercolegiados","datePublished":"2024-04-08T01:48:37+00:00","dateModified":"2024-04-08T01:49:09+00:00","mainEntityOfPage":{"@id":"https:\/\/luchonoticias.com\/editor\/asi-le-fue-hoy-al-huila-en-jornada-dominical-de-intercolegiados\/"},"wordCount":174,"publisher":{"@id":"https:\/\/luchonoticias.com\/editor\/#\/schema\/person\/7a7fd911f58561fd056dbac7b55af9cd"},"image":{"@id":"https:\/\/luchonoticias.com\/editor\/asi-le-fue-hoy-al-huila-en-jornada-dominical-de-intercolegiados\/#primaryimage"},"thumbnailUrl":"https:\/\/luchonoticias.com\/editor\/wp-content\/uploads\/2024\/04\/huila-intercolegiado.jpg","articleSection":["Deportes"],"inLanguage":"es"},{"@type":"WebPage","@id":"https:\/\/luchonoticias.com\/editor\/asi-le-fue-hoy-al-huila-en-jornada-dominical-de-intercolegiados\/","url":"https:\/\/luchonoticias.com\/editor\/asi-le-fue-hoy-al-huila-en-jornada-dominical-de-intercolegiados\/","name":"As\u00ed le fue hoy al Huila en jornada dominical de intercolegiados -","isPartOf":{"@id":"https:\/\/luchonoticias.com\/editor\/#website"},"primaryImageOfPage":{"@id":"https:\/\/luchonoticias.com\/editor\/asi-le-fue-hoy-al-huila-en-jornada-dominical-de-intercolegiados\/#primaryimage"},"image":{"@id":"https:\/\/luchonoticias.com\/editor\/asi-le-fue-hoy-al-huila-en-jornada-dominical-de-intercolegiados\/#primaryimage"},"thumbnailUrl":"https:\/\/luchonoticias.com\/editor\/wp-content\/uploads\/2024\/04\/huila-intercolegiado.jpg","datePublished":"2024-04-08T01:48:37+00:00","dateModified":"2024-04-08T01:49:09+00:00","breadcrumb":{"@id":"https:\/\/luchonoticias.com\/editor\/asi-le-fue-hoy-al-huila-en-jornada-dominical-de-intercolegiados\/#breadcrumb"},"inLanguage":"es","potentialAction":[{"@type":"ReadAction","target":["https:\/\/luchonoticias.com\/editor\/asi-le-fue-hoy-al-huila-en-jornada-dominical-de-intercolegiados\/"]}]},{"@type":"ImageObject","inLanguage":"es","@id":"https:\/\/luchonoticias.com\/editor\/asi-le-fue-hoy-al-huila-en-jornada-dominical-de-intercolegiados\/#primaryimage","url":"https:\/\/luchonoticias.com\/editor\/wp-content\/uploads\/2024\/04\/huila-intercolegiado.jpg","contentUrl":"https:\/\/luchonoticias.com\/editor\/wp-content\/uploads\/2024\/04\/huila-intercolegiado.jpg","width":700,"height":400},{"@type":"BreadcrumbList","@id":"https:\/\/luchonoticias.com\/editor\/asi-le-fue-hoy-al-huila-en-jornada-dominical-de-intercolegiados\/#breadcrumb","itemListElement":[{"@type":"ListItem","position":1,"name":"Portada","item":"https:\/\/luchonoticias.com\/editor\/"},{"@type":"ListItem","position":2,"name":"As\u00ed le fue hoy al Huila en jornada dominical de intercolegiados"}]},{"@type":"WebSite","@id":"https:\/\/luchonoticias.com\/editor\/#website","url":"https:\/\/luchonoticias.com\/editor\/","name":"","description":"","publisher":{"@id":"https:\/\/luchonoticias.com\/editor\/#\/schema\/person\/7a7fd911f58561fd056dbac7b55af9cd"},"potentialAction":[{"@type":"SearchAction","target":{"@type":"EntryPoint","urlTemplate":"https:\/\/luchonoticias.com\/editor\/?s={search_term_string}"},"query-input":{"@type":"PropertyValueSpecification","valueRequired":true,"valueName":"search_term_string"}}],"inLanguage":"es"},{"@type":["Person","Organization"],"@id":"https:\/\/luchonoticias.com\/editor\/#\/schema\/person\/7a7fd911f58561fd056dbac7b55af9cd","name":"admin","image":{"@type":"ImageObject","inLanguage":"es","@id":"https:\/\/luchonoticias.com\/editor\/#\/schema\/person\/image\/","url":"https:\/\/luchonoticias.com\/editor\/wp-content\/uploads\/2024\/02\/cropped-cropped-logolu.webp","contentUrl":"https:\/\/luchonoticias.com\/editor\/wp-content\/uploads\/2024\/02\/cropped-cropped-logolu.webp","width":382,"height":170,"caption":"admin"},"logo":{"@id":"https:\/\/luchonoticias.com\/editor\/#\/schema\/person\/image\/"},"sameAs":["https:\/\/www.facebook.com\/luchonoticiasneiva"]},{"@type":"Person","@id":"https:\/\/luchonoticias.com\/editor\/#\/schema\/person\/29217990ddf6f14e35912b2866d591fb","name":"Editor General","image":{"@type":"ImageObject","inLanguage":"es","@id":"https:\/\/luchonoticias.com\/editor\/#\/schema\/person\/image\/","url":"https:\/\/luchonoticias.com\/editor\/wp-content\/uploads\/2024\/02\/cropped-cropped-logolu-150x150.webp","contentUrl":"https:\/\/luchonoticias.com\/editor\/wp-content\/uploads\/2024\/02\/cropped-cropped-logolu-150x150.webp","caption":"Editor General"},"sameAs":["https:\/\/luchonoticias.com\/"],"url":"https:\/\/luchonoticias.com\/editor\/author\/editor-general\/"}]}},"_links":{"self":[{"href":"https:\/\/luchonoticias.com\/editor\/wp-json\/wp\/v2\/posts\/71858","targetHints":{"allow":["GET"]}}],"collection":[{"href":"https:\/\/luchonoticias.com\/editor\/wp-json\/wp\/v2\/posts"}],"about":[{"href":"https:\/\/luchonoticias.com\/editor\/wp-json\/wp\/v2\/types\/post"}],"author":[{"embeddable":true,"href":"https:\/\/luchonoticias.com\/editor\/wp-json\/wp\/v2\/users\/2"}],"replies":[{"embeddable":true,"href":"https:\/\/luchonoticias.com\/editor\/wp-json\/wp\/v2\/comments?post=71858"}],"version-history":[{"count":0,"href":"https:\/\/luchonoticias.com\/editor\/wp-json\/wp\/v2\/posts\/71858\/revisions"}],"wp:featuredmedia":[{"embeddable":true,"href":"https:\/\/luchonoticias.com\/editor\/wp-json\/wp\/v2\/media\/71859"}],"wp:attachment":[{"href":"https:\/\/luchonoticias.com\/editor\/wp-json\/wp\/v2\/media?parent=71858"}],"wp:term":[{"taxonomy":"category","embeddable":true,"href":"https:\/\/luchonoticias.com\/editor\/wp-json\/wp\/v2\/categories?post=71858"},{"taxonomy":"post_tag","embeddable":true,"href":"https:\/\/luchonoticias.com\/editor\/wp-json\/wp\/v2\/tags?post=71858"}],"curies":[{"name":"wp","href":"https:\/\/api.w.org\/{rel}","templated":true}]}}