{"id":71862,"date":"2024-04-07T22:28:13","date_gmt":"2024-04-08T03:28:13","guid":{"rendered":"https:\/\/luchonoticias.com\/?p=71862"},"modified":"2024-04-07T22:28:13","modified_gmt":"2024-04-08T03:28:13","slug":"presidente-habla-de-demoler-la-casa-de-narino-y-ya-le-aconsejan-sede-alterna","status":"publish","type":"post","link":"https:\/\/luchonoticias.com\/editor\/presidente-habla-de-demoler-la-casa-de-narino-y-ya-le-aconsejan-sede-alterna\/","title":{"rendered":"Presidente habla de demoler la Casa de Nari\u00f1o&#8230;y ya le aconsejan sede alterna"},"content":{"rendered":"<p>El\u00a0<b>presidente\u00a0<\/b>Gustavo Petro,durante la inauguraci\u00f3n del encuentro regional sobre ciencia, tecnolog\u00eda e innovaci\u00f3n de la CEPAL, manifest\u00f3 que, por \u00e9l, tumbar\u00eda la\u00a0Casa de Nari\u00f1o, porque su arquitectura est\u00e1 inspirada en la aristocracia francesa, alejada de la realidad colombiana, y har\u00eda un edificio mucho m\u00e1s acorde a sus gustos.<\/p>\n<p>\u201cEste palacio quiere aparentar que la oligarqu\u00eda colombiana es aristocr\u00e1tica y por eso se hace con este estilo.\u00a0<b>Se hizo hace apenas 50 a\u00f1os<\/b>. Es una mala idea arquitect\u00f3nica, porque trata de reproducir la aristocracia francesa a finales del siglo XX en Colombia, que es una rep\u00fablica democr\u00e1tica\u201d, dijo el jefe de Estado.<\/p>\n<p>Ante esto, el magistrado del Consejo Nacional Electoral\u00a0<b>C\u00e9sar Augusto Lorduy, a trav\u00e9s de\u00a0<\/b>X<b>\u00a0(antiguo Twitter)<\/b>, propuso al presidente no tumbar la edificaci\u00f3n, que data de 1908, y aprovechar la casa del Gobierno en Cartagena,<b>\u00a0como una sede alterna de la Presidencia.<\/b><\/p>\n<p>\u201cLa propuesta es muy sencilla: el se\u00f1or presidente de la Rep\u00fablica ha manifestado sentirse inc\u00f3modo en la casa de Nari\u00f1o. (\u2026)\u00a0<b>yo creo que ha sido la oportunidad perfecta para recordarle al presidente<\/b>\u00a0y obviamente a Colombia que yo soy el autor de una iniciativa que consiste b\u00e1sicamente en que la Presidencia, as\u00ed como muchos ministerios, deben tenerse sedes alternas en diferentes lugares de colombia\u201d, dijo el\u00a0<b>magistrado.<\/b><\/p>\n<div class=\"GoogleDfpAd-Content\" data-slot-name=\"100249493\/bluradio\/caribe\">\n<div id=\"Lazyload-googleAd_roba-pagina-blu-inline_e72a3da3-eed7-4555-8ee6-cb659e861cca\" class=\"GoogleDfpAd-Lazy\">\n<p>De acuerdo con su propuesta, el art\u00edculo 47 de la ley 768 de 2002 dispone: el\u00a0<b>distrito Tur\u00edstico y Cultural de Cartagena de Indias cumplir\u00e1 el papel\u00a0<\/b>de sede alterna de la presidencia de la Rep\u00fablica, exclusivamente para los efectos protocolarios.<\/p>\n<p>Para Lorduy s\u00f3lo se deber\u00eda cambiar ese art\u00edculo para que sea una sede alterna para todos los efectos.<\/p>\n<\/div>\n<p>Con informaci\u00f3n y foto de BLU Radio.<\/p>\n<\/div>\n","protected":false},"excerpt":{"rendered":"<p>El\u00a0presidente\u00a0Gustavo Petro,durante la inauguraci\u00f3n del encuentro regional sobre ciencia, tecnolog\u00eda e innovaci\u00f3n de la CEPAL, manifest\u00f3 que, por \u00e9l, tumbar\u00eda la\u00a0Casa de Nari\u00f1o, porque su arquitectura est\u00e1 inspirada en la aristocracia francesa, alejada de la realidad colombiana, y har\u00eda un edificio mucho m\u00e1s acorde a sus gustos. \u201cEste palacio quiere aparentar que la oligarqu\u00eda colombiana [&hellip;]<\/p>\n","protected":false},"author":2,"featured_media":71863,"comment_status":"closed","ping_status":"open","sticky":false,"template":"","format":"standard","meta":{"footnotes":""},"categories":[28],"tags":[],"class_list":["post-71862","post","type-post","status-publish","format-standard","has-post-thumbnail","hentry","category-actualidad"],"yoast_head":"<!-- This site is optimized with the Yoast SEO plugin v26.6 - https:\/\/yoast.com\/wordpress\/plugins\/seo\/ -->\n<title>Presidente habla de demoler la Casa de Nari\u00f1o...y ya le aconsejan sede alterna -<\/title>\n<meta name=\"robots\" content=\"index, follow, max-snippet:-1, max-image-preview:large, max-video-preview:-1\" \/>\n<link rel=\"canonical\" href=\"https:\/\/luchonoticias.com\/editor\/presidente-habla-de-demoler-la-casa-de-narino-y-ya-le-aconsejan-sede-alterna\/\" \/>\n<meta property=\"og:locale\" content=\"es_ES\" \/>\n<meta property=\"og:type\" content=\"article\" \/>\n<meta property=\"og:title\" content=\"Presidente habla de demoler la Casa de Nari\u00f1o...y ya le aconsejan sede alterna -\" \/>\n<meta property=\"og:url\" content=\"https:\/\/luchonoticias.com\/editor\/presidente-habla-de-demoler-la-casa-de-narino-y-ya-le-aconsejan-sede-alterna\/\" \/>\n<meta property=\"article:publisher\" content=\"https:\/\/www.facebook.com\/luchonoticiasneiva\" \/>\n<meta property=\"article:published_time\" content=\"2024-04-08T03:28:13+00:00\" \/>\n<meta property=\"og:image\" content=\"https:\/\/luchonoticias.com\/editor\/wp-content\/uploads\/2024\/04\/casa-de-narino.jpg\" \/>\n\t<meta property=\"og:image:width\" content=\"700\" \/>\n\t<meta property=\"og:image:height\" content=\"400\" \/>\n\t<meta property=\"og:image:type\" content=\"image\/jpeg\" \/>\n<meta name=\"author\" content=\"Editor General\" \/>\n<meta name=\"twitter:card\" content=\"summary_large_image\" \/>\n<meta name=\"twitter:label1\" content=\"Escrito por\" \/>\n\t<meta name=\"twitter:data1\" content=\"Editor General\" \/>\n\t<meta name=\"twitter:label2\" content=\"Tiempo de lectura\" \/>\n\t<meta name=\"twitter:data2\" content=\"2 minutos\" \/>\n<script type=\"application\/ld+json\" class=\"yoast-schema-graph\">{\"@context\":\"https:\/\/schema.org\",\"@graph\":[{\"@type\":\"Article\",\"@id\":\"https:\/\/luchonoticias.com\/editor\/presidente-habla-de-demoler-la-casa-de-narino-y-ya-le-aconsejan-sede-alterna\/#article\",\"isPartOf\":{\"@id\":\"https:\/\/luchonoticias.com\/editor\/presidente-habla-de-demoler-la-casa-de-narino-y-ya-le-aconsejan-sede-alterna\/\"},\"author\":{\"name\":\"Editor General\",\"@id\":\"https:\/\/luchonoticias.com\/editor\/#\/schema\/person\/29217990ddf6f14e35912b2866d591fb\"},\"headline\":\"Presidente habla de demoler la Casa de Nari\u00f1o&#8230;y ya le aconsejan sede alterna\",\"datePublished\":\"2024-04-08T03:28:13+00:00\",\"mainEntityOfPage\":{\"@id\":\"https:\/\/luchonoticias.com\/editor\/presidente-habla-de-demoler-la-casa-de-narino-y-ya-le-aconsejan-sede-alterna\/\"},\"wordCount\":318,\"publisher\":{\"@id\":\"https:\/\/luchonoticias.com\/editor\/#\/schema\/person\/7a7fd911f58561fd056dbac7b55af9cd\"},\"image\":{\"@id\":\"https:\/\/luchonoticias.com\/editor\/presidente-habla-de-demoler-la-casa-de-narino-y-ya-le-aconsejan-sede-alterna\/#primaryimage\"},\"thumbnailUrl\":\"https:\/\/luchonoticias.com\/editor\/wp-content\/uploads\/2024\/04\/casa-de-narino.jpg\",\"articleSection\":[\"Actualidad\"],\"inLanguage\":\"es\"},{\"@type\":\"WebPage\",\"@id\":\"https:\/\/luchonoticias.com\/editor\/presidente-habla-de-demoler-la-casa-de-narino-y-ya-le-aconsejan-sede-alterna\/\",\"url\":\"https:\/\/luchonoticias.com\/editor\/presidente-habla-de-demoler-la-casa-de-narino-y-ya-le-aconsejan-sede-alterna\/\",\"name\":\"Presidente habla de demoler la Casa de Nari\u00f1o...y ya le aconsejan sede alterna -\",\"isPartOf\":{\"@id\":\"https:\/\/luchonoticias.com\/editor\/#website\"},\"primaryImageOfPage\":{\"@id\":\"https:\/\/luchonoticias.com\/editor\/presidente-habla-de-demoler-la-casa-de-narino-y-ya-le-aconsejan-sede-alterna\/#primaryimage\"},\"image\":{\"@id\":\"https:\/\/luchonoticias.com\/editor\/presidente-habla-de-demoler-la-casa-de-narino-y-ya-le-aconsejan-sede-alterna\/#primaryimage\"},\"thumbnailUrl\":\"https:\/\/luchonoticias.com\/editor\/wp-content\/uploads\/2024\/04\/casa-de-narino.jpg\",\"datePublished\":\"2024-04-08T03:28:13+00:00\",\"breadcrumb\":{\"@id\":\"https:\/\/luchonoticias.com\/editor\/presidente-habla-de-demoler-la-casa-de-narino-y-ya-le-aconsejan-sede-alterna\/#breadcrumb\"},\"inLanguage\":\"es\",\"potentialAction\":[{\"@type\":\"ReadAction\",\"target\":[\"https:\/\/luchonoticias.com\/editor\/presidente-habla-de-demoler-la-casa-de-narino-y-ya-le-aconsejan-sede-alterna\/\"]}]},{\"@type\":\"ImageObject\",\"inLanguage\":\"es\",\"@id\":\"https:\/\/luchonoticias.com\/editor\/presidente-habla-de-demoler-la-casa-de-narino-y-ya-le-aconsejan-sede-alterna\/#primaryimage\",\"url\":\"https:\/\/luchonoticias.com\/editor\/wp-content\/uploads\/2024\/04\/casa-de-narino.jpg\",\"contentUrl\":\"https:\/\/luchonoticias.com\/editor\/wp-content\/uploads\/2024\/04\/casa-de-narino.jpg\",\"width\":700,\"height\":400},{\"@type\":\"BreadcrumbList\",\"@id\":\"https:\/\/luchonoticias.com\/editor\/presidente-habla-de-demoler-la-casa-de-narino-y-ya-le-aconsejan-sede-alterna\/#breadcrumb\",\"itemListElement\":[{\"@type\":\"ListItem\",\"position\":1,\"name\":\"Portada\",\"item\":\"https:\/\/luchonoticias.com\/editor\/\"},{\"@type\":\"ListItem\",\"position\":2,\"name\":\"Presidente habla de demoler la Casa de Nari\u00f1o&#8230;y ya le aconsejan sede alterna\"}]},{\"@type\":\"WebSite\",\"@id\":\"https:\/\/luchonoticias.com\/editor\/#website\",\"url\":\"https:\/\/luchonoticias.com\/editor\/\",\"name\":\"\",\"description\":\"\",\"publisher\":{\"@id\":\"https:\/\/luchonoticias.com\/editor\/#\/schema\/person\/7a7fd911f58561fd056dbac7b55af9cd\"},\"potentialAction\":[{\"@type\":\"SearchAction\",\"target\":{\"@type\":\"EntryPoint\",\"urlTemplate\":\"https:\/\/luchonoticias.com\/editor\/?s={search_term_string}\"},\"query-input\":{\"@type\":\"PropertyValueSpecification\",\"valueRequired\":true,\"valueName\":\"search_term_string\"}}],\"inLanguage\":\"es\"},{\"@type\":[\"Person\",\"Organization\"],\"@id\":\"https:\/\/luchonoticias.com\/editor\/#\/schema\/person\/7a7fd911f58561fd056dbac7b55af9cd\",\"name\":\"admin\",\"image\":{\"@type\":\"ImageObject\",\"inLanguage\":\"es\",\"@id\":\"https:\/\/luchonoticias.com\/editor\/#\/schema\/person\/image\/\",\"url\":\"https:\/\/luchonoticias.com\/editor\/wp-content\/uploads\/2024\/02\/cropped-cropped-logolu.webp\",\"contentUrl\":\"https:\/\/luchonoticias.com\/editor\/wp-content\/uploads\/2024\/02\/cropped-cropped-logolu.webp\",\"width\":382,\"height\":170,\"caption\":\"admin\"},\"logo\":{\"@id\":\"https:\/\/luchonoticias.com\/editor\/#\/schema\/person\/image\/\"},\"sameAs\":[\"https:\/\/www.facebook.com\/luchonoticiasneiva\"]},{\"@type\":\"Person\",\"@id\":\"https:\/\/luchonoticias.com\/editor\/#\/schema\/person\/29217990ddf6f14e35912b2866d591fb\",\"name\":\"Editor General\",\"image\":{\"@type\":\"ImageObject\",\"inLanguage\":\"es\",\"@id\":\"https:\/\/luchonoticias.com\/editor\/#\/schema\/person\/image\/\",\"url\":\"https:\/\/luchonoticias.com\/editor\/wp-content\/uploads\/2024\/02\/cropped-cropped-logolu-150x150.webp\",\"contentUrl\":\"https:\/\/luchonoticias.com\/editor\/wp-content\/uploads\/2024\/02\/cropped-cropped-logolu-150x150.webp\",\"caption\":\"Editor General\"},\"sameAs\":[\"https:\/\/luchonoticias.com\/\"],\"url\":\"https:\/\/luchonoticias.com\/editor\/author\/editor-general\/\"}]}<\/script>\n<!-- \/ Yoast SEO plugin. -->","yoast_head_json":{"title":"Presidente habla de demoler la Casa de Nari\u00f1o...y ya le aconsejan sede alterna -","robots":{"index":"index","follow":"follow","max-snippet":"max-snippet:-1","max-image-preview":"max-image-preview:large","max-video-preview":"max-video-preview:-1"},"canonical":"https:\/\/luchonoticias.com\/editor\/presidente-habla-de-demoler-la-casa-de-narino-y-ya-le-aconsejan-sede-alterna\/","og_locale":"es_ES","og_type":"article","og_title":"Presidente habla de demoler la Casa de Nari\u00f1o...y ya le aconsejan sede alterna -","og_url":"https:\/\/luchonoticias.com\/editor\/presidente-habla-de-demoler-la-casa-de-narino-y-ya-le-aconsejan-sede-alterna\/","article_publisher":"https:\/\/www.facebook.com\/luchonoticiasneiva","article_published_time":"2024-04-08T03:28:13+00:00","og_image":[{"width":700,"height":400,"url":"https:\/\/luchonoticias.com\/editor\/wp-content\/uploads\/2024\/04\/casa-de-narino.jpg","type":"image\/jpeg"}],"author":"Editor General","twitter_card":"summary_large_image","twitter_misc":{"Escrito por":"Editor General","Tiempo de lectura":"2 minutos"},"schema":{"@context":"https:\/\/schema.org","@graph":[{"@type":"Article","@id":"https:\/\/luchonoticias.com\/editor\/presidente-habla-de-demoler-la-casa-de-narino-y-ya-le-aconsejan-sede-alterna\/#article","isPartOf":{"@id":"https:\/\/luchonoticias.com\/editor\/presidente-habla-de-demoler-la-casa-de-narino-y-ya-le-aconsejan-sede-alterna\/"},"author":{"name":"Editor General","@id":"https:\/\/luchonoticias.com\/editor\/#\/schema\/person\/29217990ddf6f14e35912b2866d591fb"},"headline":"Presidente habla de demoler la Casa de Nari\u00f1o&#8230;y ya le aconsejan sede alterna","datePublished":"2024-04-08T03:28:13+00:00","mainEntityOfPage":{"@id":"https:\/\/luchonoticias.com\/editor\/presidente-habla-de-demoler-la-casa-de-narino-y-ya-le-aconsejan-sede-alterna\/"},"wordCount":318,"publisher":{"@id":"https:\/\/luchonoticias.com\/editor\/#\/schema\/person\/7a7fd911f58561fd056dbac7b55af9cd"},"image":{"@id":"https:\/\/luchonoticias.com\/editor\/presidente-habla-de-demoler-la-casa-de-narino-y-ya-le-aconsejan-sede-alterna\/#primaryimage"},"thumbnailUrl":"https:\/\/luchonoticias.com\/editor\/wp-content\/uploads\/2024\/04\/casa-de-narino.jpg","articleSection":["Actualidad"],"inLanguage":"es"},{"@type":"WebPage","@id":"https:\/\/luchonoticias.com\/editor\/presidente-habla-de-demoler-la-casa-de-narino-y-ya-le-aconsejan-sede-alterna\/","url":"https:\/\/luchonoticias.com\/editor\/presidente-habla-de-demoler-la-casa-de-narino-y-ya-le-aconsejan-sede-alterna\/","name":"Presidente habla de demoler la Casa de Nari\u00f1o...y ya le aconsejan sede alterna -","isPartOf":{"@id":"https:\/\/luchonoticias.com\/editor\/#website"},"primaryImageOfPage":{"@id":"https:\/\/luchonoticias.com\/editor\/presidente-habla-de-demoler-la-casa-de-narino-y-ya-le-aconsejan-sede-alterna\/#primaryimage"},"image":{"@id":"https:\/\/luchonoticias.com\/editor\/presidente-habla-de-demoler-la-casa-de-narino-y-ya-le-aconsejan-sede-alterna\/#primaryimage"},"thumbnailUrl":"https:\/\/luchonoticias.com\/editor\/wp-content\/uploads\/2024\/04\/casa-de-narino.jpg","datePublished":"2024-04-08T03:28:13+00:00","breadcrumb":{"@id":"https:\/\/luchonoticias.com\/editor\/presidente-habla-de-demoler-la-casa-de-narino-y-ya-le-aconsejan-sede-alterna\/#breadcrumb"},"inLanguage":"es","potentialAction":[{"@type":"ReadAction","target":["https:\/\/luchonoticias.com\/editor\/presidente-habla-de-demoler-la-casa-de-narino-y-ya-le-aconsejan-sede-alterna\/"]}]},{"@type":"ImageObject","inLanguage":"es","@id":"https:\/\/luchonoticias.com\/editor\/presidente-habla-de-demoler-la-casa-de-narino-y-ya-le-aconsejan-sede-alterna\/#primaryimage","url":"https:\/\/luchonoticias.com\/editor\/wp-content\/uploads\/2024\/04\/casa-de-narino.jpg","contentUrl":"https:\/\/luchonoticias.com\/editor\/wp-content\/uploads\/2024\/04\/casa-de-narino.jpg","width":700,"height":400},{"@type":"BreadcrumbList","@id":"https:\/\/luchonoticias.com\/editor\/presidente-habla-de-demoler-la-casa-de-narino-y-ya-le-aconsejan-sede-alterna\/#breadcrumb","itemListElement":[{"@type":"ListItem","position":1,"name":"Portada","item":"https:\/\/luchonoticias.com\/editor\/"},{"@type":"ListItem","position":2,"name":"Presidente habla de demoler la Casa de Nari\u00f1o&#8230;y ya le aconsejan sede alterna"}]},{"@type":"WebSite","@id":"https:\/\/luchonoticias.com\/editor\/#website","url":"https:\/\/luchonoticias.com\/editor\/","name":"","description":"","publisher":{"@id":"https:\/\/luchonoticias.com\/editor\/#\/schema\/person\/7a7fd911f58561fd056dbac7b55af9cd"},"potentialAction":[{"@type":"SearchAction","target":{"@type":"EntryPoint","urlTemplate":"https:\/\/luchonoticias.com\/editor\/?s={search_term_string}"},"query-input":{"@type":"PropertyValueSpecification","valueRequired":true,"valueName":"search_term_string"}}],"inLanguage":"es"},{"@type":["Person","Organization"],"@id":"https:\/\/luchonoticias.com\/editor\/#\/schema\/person\/7a7fd911f58561fd056dbac7b55af9cd","name":"admin","image":{"@type":"ImageObject","inLanguage":"es","@id":"https:\/\/luchonoticias.com\/editor\/#\/schema\/person\/image\/","url":"https:\/\/luchonoticias.com\/editor\/wp-content\/uploads\/2024\/02\/cropped-cropped-logolu.webp","contentUrl":"https:\/\/luchonoticias.com\/editor\/wp-content\/uploads\/2024\/02\/cropped-cropped-logolu.webp","width":382,"height":170,"caption":"admin"},"logo":{"@id":"https:\/\/luchonoticias.com\/editor\/#\/schema\/person\/image\/"},"sameAs":["https:\/\/www.facebook.com\/luchonoticiasneiva"]},{"@type":"Person","@id":"https:\/\/luchonoticias.com\/editor\/#\/schema\/person\/29217990ddf6f14e35912b2866d591fb","name":"Editor General","image":{"@type":"ImageObject","inLanguage":"es","@id":"https:\/\/luchonoticias.com\/editor\/#\/schema\/person\/image\/","url":"https:\/\/luchonoticias.com\/editor\/wp-content\/uploads\/2024\/02\/cropped-cropped-logolu-150x150.webp","contentUrl":"https:\/\/luchonoticias.com\/editor\/wp-content\/uploads\/2024\/02\/cropped-cropped-logolu-150x150.webp","caption":"Editor General"},"sameAs":["https:\/\/luchonoticias.com\/"],"url":"https:\/\/luchonoticias.com\/editor\/author\/editor-general\/"}]}},"_links":{"self":[{"href":"https:\/\/luchonoticias.com\/editor\/wp-json\/wp\/v2\/posts\/71862","targetHints":{"allow":["GET"]}}],"collection":[{"href":"https:\/\/luchonoticias.com\/editor\/wp-json\/wp\/v2\/posts"}],"about":[{"href":"https:\/\/luchonoticias.com\/editor\/wp-json\/wp\/v2\/types\/post"}],"author":[{"embeddable":true,"href":"https:\/\/luchonoticias.com\/editor\/wp-json\/wp\/v2\/users\/2"}],"replies":[{"embeddable":true,"href":"https:\/\/luchonoticias.com\/editor\/wp-json\/wp\/v2\/comments?post=71862"}],"version-history":[{"count":0,"href":"https:\/\/luchonoticias.com\/editor\/wp-json\/wp\/v2\/posts\/71862\/revisions"}],"wp:featuredmedia":[{"embeddable":true,"href":"https:\/\/luchonoticias.com\/editor\/wp-json\/wp\/v2\/media\/71863"}],"wp:attachment":[{"href":"https:\/\/luchonoticias.com\/editor\/wp-json\/wp\/v2\/media?parent=71862"}],"wp:term":[{"taxonomy":"category","embeddable":true,"href":"https:\/\/luchonoticias.com\/editor\/wp-json\/wp\/v2\/categories?post=71862"},{"taxonomy":"post_tag","embeddable":true,"href":"https:\/\/luchonoticias.com\/editor\/wp-json\/wp\/v2\/tags?post=71862"}],"curies":[{"name":"wp","href":"https:\/\/api.w.org\/{rel}","templated":true}]}}