{"id":71887,"date":"2024-04-08T14:49:12","date_gmt":"2024-04-08T19:49:12","guid":{"rendered":"https:\/\/luchonoticias.com\/?p=71887"},"modified":"2024-04-08T14:49:12","modified_gmt":"2024-04-08T19:49:12","slug":"no-se-contempla-el-aumento-en-tarifas-de-energia","status":"publish","type":"post","link":"https:\/\/luchonoticias.com\/editor\/no-se-contempla-el-aumento-en-tarifas-de-energia\/","title":{"rendered":"No se contempla el aumento en tarifas de energ\u00eda"},"content":{"rendered":"<p>Al dar un parte de tranquilidad a los colombianos, el ministro de Minas y Energ\u00eda, Andr\u00e9s Camacho, asegur\u00f3 que no hay riesgos con los niveles de los embalses que aportan a la generaci\u00f3n de energ\u00eda. Recalc\u00f3 que las tarifas de energ\u00eda no tendr\u00e1n un incremento ante la situaci\u00f3n actual.<\/p>\n<p>\u201cSeguimos dando pasos para controlar que esta situaci\u00f3n de la fase final del fen\u00f3meno de El Ni\u00f1o no traslade costos adicionales a los usuarios. Esa es una tarea en la que avanzaremos con la Comisi\u00f3n de Energ\u00eda y Gas\u00bb, indic\u00f3 el ministro de Minas y Energ\u00eda.<\/p>\n<p>El funcionario entreg\u00f3 el reporte al t\u00e9rmino de la reuni\u00f3n de la Sala de Crisis ante el Fen\u00f3meno de El Ni\u00f1o, que cont\u00f3 con la participaci\u00f3n de todas las entidades del Sistema Nacional de Prevenci\u00f3n y Atenci\u00f3n de Desastres.<\/p>\n<p>De acuerdo con el ministro Camacho, el modelo de exportaci\u00f3n de energ\u00eda de Colombia a Ecuador se ha limitado y solo se est\u00e1 exportando el 1 por ciento de la capacidad total que tiene el pa\u00eds para este fin.<\/p>\n<p>La temporada de m\u00e1s lluvias, que se prev\u00e9 se instale hacia finales del mes de abril, le permitir\u00e1 al pa\u00eds regular la demanda del consumo de agua y recuperar los niveles de los embalses, indic\u00f3 el titular de la cartera de Minas y Energ\u00eda.<\/p>\n<h2>No ba\u200bjar la guardia<\/h2>\n<p>\u200bPor su parte, la ministra de Ambiente, Susana Muhamad, pidi\u00f3 al sector industrial y a la ciudadan\u00eda en general no bajar la guardia y continuar ahorrando agua y energ\u00eda.<\/p>\n<p>\u201cNo bajemos la guardia\u00bb, recalc\u00f3 la ministra y afirm\u00f3 que \u201cla emergencia actual obliga a que todos los sectores, autoridades y ciudadan\u00eda en general realicen acciones en torno al ahorro de agua y energ\u00eda\u00bb.<\/p>\n<p>\u201cEstas \u00faltimas semanas son cr\u00edticas. Por esa raz\u00f3n es fundamental que ahorremos y usemos de manera racional el agua para permitir que los embalses alcancen a pasar sin inconvenientes este periodo de transici\u00f3n y no tengamos una emergencia mayor\u00bb, dijo.<\/p>\n<p>Explic\u00f3 que \u201ces normal que por las altas temperaturas que se presentaron se disparara el consumo de agua, pero en este momento cada acci\u00f3n que se haga es fundamental\u00bb.<\/p>\n<p>De igual manera, advirti\u00f3 que el pa\u00eds debe prepararse ante la llegada del fen\u00f3meno de La Ni\u00f1a, que, seg\u00fan la proyecci\u00f3n del Ideam, tendr\u00e1 efectos moderados en el territorio.<\/p>\n<p>Sin embargo, hasta el momento y con las lluvias que se est\u00e1n presentando en el pa\u00eds, se encuentran en alerta por deslizamientos 515 municipios, 105 de ellos en alerta roja.<\/p>\n<p>Ante este hecho, la ministra Muhamad resalt\u00f3 la importancia de que las autoridades locales y departamentales establezcan planes para enfrentar el fen\u00f3meno clim\u00e1tico.<\/p>\n<p>&nbsp;<\/p>\n","protected":false},"excerpt":{"rendered":"<p>Al dar un parte de tranquilidad a los colombianos, el ministro de Minas y Energ\u00eda, Andr\u00e9s Camacho, asegur\u00f3 que no hay riesgos con los niveles de los embalses que aportan a la generaci\u00f3n de energ\u00eda. Recalc\u00f3 que las tarifas de energ\u00eda no tendr\u00e1n un incremento ante la situaci\u00f3n actual. \u201cSeguimos dando pasos para controlar que [&hellip;]<\/p>\n","protected":false},"author":2,"featured_media":71888,"comment_status":"closed","ping_status":"open","sticky":false,"template":"","format":"standard","meta":{"footnotes":""},"categories":[28],"tags":[],"class_list":["post-71887","post","type-post","status-publish","format-standard","has-post-thumbnail","hentry","category-actualidad"],"yoast_head":"<!-- This site is optimized with the Yoast SEO plugin v26.6 - https:\/\/yoast.com\/wordpress\/plugins\/seo\/ -->\n<title>No se contempla el aumento en tarifas de energ\u00eda -<\/title>\n<meta name=\"robots\" content=\"index, follow, max-snippet:-1, max-image-preview:large, max-video-preview:-1\" \/>\n<link rel=\"canonical\" href=\"https:\/\/luchonoticias.com\/editor\/no-se-contempla-el-aumento-en-tarifas-de-energia\/\" \/>\n<meta property=\"og:locale\" content=\"es_ES\" \/>\n<meta property=\"og:type\" content=\"article\" \/>\n<meta property=\"og:title\" content=\"No se contempla el aumento en tarifas de energ\u00eda -\" \/>\n<meta property=\"og:url\" content=\"https:\/\/luchonoticias.com\/editor\/no-se-contempla-el-aumento-en-tarifas-de-energia\/\" \/>\n<meta property=\"article:publisher\" content=\"https:\/\/www.facebook.com\/luchonoticiasneiva\" \/>\n<meta property=\"article:published_time\" content=\"2024-04-08T19:49:12+00:00\" \/>\n<meta property=\"og:image\" content=\"https:\/\/luchonoticias.com\/editor\/wp-content\/uploads\/2024\/04\/energia.jpg\" \/>\n\t<meta property=\"og:image:width\" content=\"700\" \/>\n\t<meta property=\"og:image:height\" content=\"400\" \/>\n\t<meta property=\"og:image:type\" content=\"image\/jpeg\" \/>\n<meta name=\"author\" content=\"Editor General\" \/>\n<meta name=\"twitter:card\" content=\"summary_large_image\" \/>\n<meta name=\"twitter:label1\" content=\"Escrito por\" \/>\n\t<meta name=\"twitter:data1\" content=\"Editor General\" \/>\n\t<meta name=\"twitter:label2\" content=\"Tiempo de lectura\" \/>\n\t<meta name=\"twitter:data2\" content=\"2 minutos\" \/>\n<script type=\"application\/ld+json\" class=\"yoast-schema-graph\">{\"@context\":\"https:\/\/schema.org\",\"@graph\":[{\"@type\":\"Article\",\"@id\":\"https:\/\/luchonoticias.com\/editor\/no-se-contempla-el-aumento-en-tarifas-de-energia\/#article\",\"isPartOf\":{\"@id\":\"https:\/\/luchonoticias.com\/editor\/no-se-contempla-el-aumento-en-tarifas-de-energia\/\"},\"author\":{\"name\":\"Editor General\",\"@id\":\"https:\/\/luchonoticias.com\/editor\/#\/schema\/person\/29217990ddf6f14e35912b2866d591fb\"},\"headline\":\"No se contempla el aumento en tarifas de energ\u00eda\",\"datePublished\":\"2024-04-08T19:49:12+00:00\",\"mainEntityOfPage\":{\"@id\":\"https:\/\/luchonoticias.com\/editor\/no-se-contempla-el-aumento-en-tarifas-de-energia\/\"},\"wordCount\":487,\"publisher\":{\"@id\":\"https:\/\/luchonoticias.com\/editor\/#\/schema\/person\/7a7fd911f58561fd056dbac7b55af9cd\"},\"image\":{\"@id\":\"https:\/\/luchonoticias.com\/editor\/no-se-contempla-el-aumento-en-tarifas-de-energia\/#primaryimage\"},\"thumbnailUrl\":\"https:\/\/luchonoticias.com\/editor\/wp-content\/uploads\/2024\/04\/energia.jpg\",\"articleSection\":[\"Actualidad\"],\"inLanguage\":\"es\"},{\"@type\":\"WebPage\",\"@id\":\"https:\/\/luchonoticias.com\/editor\/no-se-contempla-el-aumento-en-tarifas-de-energia\/\",\"url\":\"https:\/\/luchonoticias.com\/editor\/no-se-contempla-el-aumento-en-tarifas-de-energia\/\",\"name\":\"No se contempla el aumento en tarifas de energ\u00eda -\",\"isPartOf\":{\"@id\":\"https:\/\/luchonoticias.com\/editor\/#website\"},\"primaryImageOfPage\":{\"@id\":\"https:\/\/luchonoticias.com\/editor\/no-se-contempla-el-aumento-en-tarifas-de-energia\/#primaryimage\"},\"image\":{\"@id\":\"https:\/\/luchonoticias.com\/editor\/no-se-contempla-el-aumento-en-tarifas-de-energia\/#primaryimage\"},\"thumbnailUrl\":\"https:\/\/luchonoticias.com\/editor\/wp-content\/uploads\/2024\/04\/energia.jpg\",\"datePublished\":\"2024-04-08T19:49:12+00:00\",\"breadcrumb\":{\"@id\":\"https:\/\/luchonoticias.com\/editor\/no-se-contempla-el-aumento-en-tarifas-de-energia\/#breadcrumb\"},\"inLanguage\":\"es\",\"potentialAction\":[{\"@type\":\"ReadAction\",\"target\":[\"https:\/\/luchonoticias.com\/editor\/no-se-contempla-el-aumento-en-tarifas-de-energia\/\"]}]},{\"@type\":\"ImageObject\",\"inLanguage\":\"es\",\"@id\":\"https:\/\/luchonoticias.com\/editor\/no-se-contempla-el-aumento-en-tarifas-de-energia\/#primaryimage\",\"url\":\"https:\/\/luchonoticias.com\/editor\/wp-content\/uploads\/2024\/04\/energia.jpg\",\"contentUrl\":\"https:\/\/luchonoticias.com\/editor\/wp-content\/uploads\/2024\/04\/energia.jpg\",\"width\":700,\"height\":400},{\"@type\":\"BreadcrumbList\",\"@id\":\"https:\/\/luchonoticias.com\/editor\/no-se-contempla-el-aumento-en-tarifas-de-energia\/#breadcrumb\",\"itemListElement\":[{\"@type\":\"ListItem\",\"position\":1,\"name\":\"Portada\",\"item\":\"https:\/\/luchonoticias.com\/editor\/\"},{\"@type\":\"ListItem\",\"position\":2,\"name\":\"No se contempla el aumento en tarifas de energ\u00eda\"}]},{\"@type\":\"WebSite\",\"@id\":\"https:\/\/luchonoticias.com\/editor\/#website\",\"url\":\"https:\/\/luchonoticias.com\/editor\/\",\"name\":\"\",\"description\":\"\",\"publisher\":{\"@id\":\"https:\/\/luchonoticias.com\/editor\/#\/schema\/person\/7a7fd911f58561fd056dbac7b55af9cd\"},\"potentialAction\":[{\"@type\":\"SearchAction\",\"target\":{\"@type\":\"EntryPoint\",\"urlTemplate\":\"https:\/\/luchonoticias.com\/editor\/?s={search_term_string}\"},\"query-input\":{\"@type\":\"PropertyValueSpecification\",\"valueRequired\":true,\"valueName\":\"search_term_string\"}}],\"inLanguage\":\"es\"},{\"@type\":[\"Person\",\"Organization\"],\"@id\":\"https:\/\/luchonoticias.com\/editor\/#\/schema\/person\/7a7fd911f58561fd056dbac7b55af9cd\",\"name\":\"admin\",\"image\":{\"@type\":\"ImageObject\",\"inLanguage\":\"es\",\"@id\":\"https:\/\/luchonoticias.com\/editor\/#\/schema\/person\/image\/\",\"url\":\"https:\/\/luchonoticias.com\/editor\/wp-content\/uploads\/2024\/02\/cropped-cropped-logolu.webp\",\"contentUrl\":\"https:\/\/luchonoticias.com\/editor\/wp-content\/uploads\/2024\/02\/cropped-cropped-logolu.webp\",\"width\":382,\"height\":170,\"caption\":\"admin\"},\"logo\":{\"@id\":\"https:\/\/luchonoticias.com\/editor\/#\/schema\/person\/image\/\"},\"sameAs\":[\"https:\/\/www.facebook.com\/luchonoticiasneiva\"]},{\"@type\":\"Person\",\"@id\":\"https:\/\/luchonoticias.com\/editor\/#\/schema\/person\/29217990ddf6f14e35912b2866d591fb\",\"name\":\"Editor General\",\"image\":{\"@type\":\"ImageObject\",\"inLanguage\":\"es\",\"@id\":\"https:\/\/luchonoticias.com\/editor\/#\/schema\/person\/image\/\",\"url\":\"https:\/\/luchonoticias.com\/editor\/wp-content\/uploads\/2024\/02\/cropped-cropped-logolu-150x150.webp\",\"contentUrl\":\"https:\/\/luchonoticias.com\/editor\/wp-content\/uploads\/2024\/02\/cropped-cropped-logolu-150x150.webp\",\"caption\":\"Editor General\"},\"sameAs\":[\"https:\/\/luchonoticias.com\/\"],\"url\":\"https:\/\/luchonoticias.com\/editor\/author\/editor-general\/\"}]}<\/script>\n<!-- \/ Yoast SEO plugin. -->","yoast_head_json":{"title":"No se contempla el aumento en tarifas de energ\u00eda -","robots":{"index":"index","follow":"follow","max-snippet":"max-snippet:-1","max-image-preview":"max-image-preview:large","max-video-preview":"max-video-preview:-1"},"canonical":"https:\/\/luchonoticias.com\/editor\/no-se-contempla-el-aumento-en-tarifas-de-energia\/","og_locale":"es_ES","og_type":"article","og_title":"No se contempla el aumento en tarifas de energ\u00eda -","og_url":"https:\/\/luchonoticias.com\/editor\/no-se-contempla-el-aumento-en-tarifas-de-energia\/","article_publisher":"https:\/\/www.facebook.com\/luchonoticiasneiva","article_published_time":"2024-04-08T19:49:12+00:00","og_image":[{"width":700,"height":400,"url":"https:\/\/luchonoticias.com\/editor\/wp-content\/uploads\/2024\/04\/energia.jpg","type":"image\/jpeg"}],"author":"Editor General","twitter_card":"summary_large_image","twitter_misc":{"Escrito por":"Editor General","Tiempo de lectura":"2 minutos"},"schema":{"@context":"https:\/\/schema.org","@graph":[{"@type":"Article","@id":"https:\/\/luchonoticias.com\/editor\/no-se-contempla-el-aumento-en-tarifas-de-energia\/#article","isPartOf":{"@id":"https:\/\/luchonoticias.com\/editor\/no-se-contempla-el-aumento-en-tarifas-de-energia\/"},"author":{"name":"Editor General","@id":"https:\/\/luchonoticias.com\/editor\/#\/schema\/person\/29217990ddf6f14e35912b2866d591fb"},"headline":"No se contempla el aumento en tarifas de energ\u00eda","datePublished":"2024-04-08T19:49:12+00:00","mainEntityOfPage":{"@id":"https:\/\/luchonoticias.com\/editor\/no-se-contempla-el-aumento-en-tarifas-de-energia\/"},"wordCount":487,"publisher":{"@id":"https:\/\/luchonoticias.com\/editor\/#\/schema\/person\/7a7fd911f58561fd056dbac7b55af9cd"},"image":{"@id":"https:\/\/luchonoticias.com\/editor\/no-se-contempla-el-aumento-en-tarifas-de-energia\/#primaryimage"},"thumbnailUrl":"https:\/\/luchonoticias.com\/editor\/wp-content\/uploads\/2024\/04\/energia.jpg","articleSection":["Actualidad"],"inLanguage":"es"},{"@type":"WebPage","@id":"https:\/\/luchonoticias.com\/editor\/no-se-contempla-el-aumento-en-tarifas-de-energia\/","url":"https:\/\/luchonoticias.com\/editor\/no-se-contempla-el-aumento-en-tarifas-de-energia\/","name":"No se contempla el aumento en tarifas de energ\u00eda -","isPartOf":{"@id":"https:\/\/luchonoticias.com\/editor\/#website"},"primaryImageOfPage":{"@id":"https:\/\/luchonoticias.com\/editor\/no-se-contempla-el-aumento-en-tarifas-de-energia\/#primaryimage"},"image":{"@id":"https:\/\/luchonoticias.com\/editor\/no-se-contempla-el-aumento-en-tarifas-de-energia\/#primaryimage"},"thumbnailUrl":"https:\/\/luchonoticias.com\/editor\/wp-content\/uploads\/2024\/04\/energia.jpg","datePublished":"2024-04-08T19:49:12+00:00","breadcrumb":{"@id":"https:\/\/luchonoticias.com\/editor\/no-se-contempla-el-aumento-en-tarifas-de-energia\/#breadcrumb"},"inLanguage":"es","potentialAction":[{"@type":"ReadAction","target":["https:\/\/luchonoticias.com\/editor\/no-se-contempla-el-aumento-en-tarifas-de-energia\/"]}]},{"@type":"ImageObject","inLanguage":"es","@id":"https:\/\/luchonoticias.com\/editor\/no-se-contempla-el-aumento-en-tarifas-de-energia\/#primaryimage","url":"https:\/\/luchonoticias.com\/editor\/wp-content\/uploads\/2024\/04\/energia.jpg","contentUrl":"https:\/\/luchonoticias.com\/editor\/wp-content\/uploads\/2024\/04\/energia.jpg","width":700,"height":400},{"@type":"BreadcrumbList","@id":"https:\/\/luchonoticias.com\/editor\/no-se-contempla-el-aumento-en-tarifas-de-energia\/#breadcrumb","itemListElement":[{"@type":"ListItem","position":1,"name":"Portada","item":"https:\/\/luchonoticias.com\/editor\/"},{"@type":"ListItem","position":2,"name":"No se contempla el aumento en tarifas de energ\u00eda"}]},{"@type":"WebSite","@id":"https:\/\/luchonoticias.com\/editor\/#website","url":"https:\/\/luchonoticias.com\/editor\/","name":"","description":"","publisher":{"@id":"https:\/\/luchonoticias.com\/editor\/#\/schema\/person\/7a7fd911f58561fd056dbac7b55af9cd"},"potentialAction":[{"@type":"SearchAction","target":{"@type":"EntryPoint","urlTemplate":"https:\/\/luchonoticias.com\/editor\/?s={search_term_string}"},"query-input":{"@type":"PropertyValueSpecification","valueRequired":true,"valueName":"search_term_string"}}],"inLanguage":"es"},{"@type":["Person","Organization"],"@id":"https:\/\/luchonoticias.com\/editor\/#\/schema\/person\/7a7fd911f58561fd056dbac7b55af9cd","name":"admin","image":{"@type":"ImageObject","inLanguage":"es","@id":"https:\/\/luchonoticias.com\/editor\/#\/schema\/person\/image\/","url":"https:\/\/luchonoticias.com\/editor\/wp-content\/uploads\/2024\/02\/cropped-cropped-logolu.webp","contentUrl":"https:\/\/luchonoticias.com\/editor\/wp-content\/uploads\/2024\/02\/cropped-cropped-logolu.webp","width":382,"height":170,"caption":"admin"},"logo":{"@id":"https:\/\/luchonoticias.com\/editor\/#\/schema\/person\/image\/"},"sameAs":["https:\/\/www.facebook.com\/luchonoticiasneiva"]},{"@type":"Person","@id":"https:\/\/luchonoticias.com\/editor\/#\/schema\/person\/29217990ddf6f14e35912b2866d591fb","name":"Editor General","image":{"@type":"ImageObject","inLanguage":"es","@id":"https:\/\/luchonoticias.com\/editor\/#\/schema\/person\/image\/","url":"https:\/\/luchonoticias.com\/editor\/wp-content\/uploads\/2024\/02\/cropped-cropped-logolu-150x150.webp","contentUrl":"https:\/\/luchonoticias.com\/editor\/wp-content\/uploads\/2024\/02\/cropped-cropped-logolu-150x150.webp","caption":"Editor General"},"sameAs":["https:\/\/luchonoticias.com\/"],"url":"https:\/\/luchonoticias.com\/editor\/author\/editor-general\/"}]}},"_links":{"self":[{"href":"https:\/\/luchonoticias.com\/editor\/wp-json\/wp\/v2\/posts\/71887","targetHints":{"allow":["GET"]}}],"collection":[{"href":"https:\/\/luchonoticias.com\/editor\/wp-json\/wp\/v2\/posts"}],"about":[{"href":"https:\/\/luchonoticias.com\/editor\/wp-json\/wp\/v2\/types\/post"}],"author":[{"embeddable":true,"href":"https:\/\/luchonoticias.com\/editor\/wp-json\/wp\/v2\/users\/2"}],"replies":[{"embeddable":true,"href":"https:\/\/luchonoticias.com\/editor\/wp-json\/wp\/v2\/comments?post=71887"}],"version-history":[{"count":0,"href":"https:\/\/luchonoticias.com\/editor\/wp-json\/wp\/v2\/posts\/71887\/revisions"}],"wp:featuredmedia":[{"embeddable":true,"href":"https:\/\/luchonoticias.com\/editor\/wp-json\/wp\/v2\/media\/71888"}],"wp:attachment":[{"href":"https:\/\/luchonoticias.com\/editor\/wp-json\/wp\/v2\/media?parent=71887"}],"wp:term":[{"taxonomy":"category","embeddable":true,"href":"https:\/\/luchonoticias.com\/editor\/wp-json\/wp\/v2\/categories?post=71887"},{"taxonomy":"post_tag","embeddable":true,"href":"https:\/\/luchonoticias.com\/editor\/wp-json\/wp\/v2\/tags?post=71887"}],"curies":[{"name":"wp","href":"https:\/\/api.w.org\/{rel}","templated":true}]}}