{"id":71891,"date":"2024-04-08T14:59:51","date_gmt":"2024-04-08T19:59:51","guid":{"rendered":"https:\/\/luchonoticias.com\/?p=71891"},"modified":"2024-04-08T14:59:51","modified_gmt":"2024-04-08T19:59:51","slug":"definido-el-logo-del-mundial-femenino-sub-20","status":"publish","type":"post","link":"https:\/\/luchonoticias.com\/editor\/definido-el-logo-del-mundial-femenino-sub-20\/","title":{"rendered":"Definido el logo del mundial femenino sub &#8211; 20"},"content":{"rendered":"<p>La FIFA ha presentado el emblema oficial y la identidad de marca del mundial femenino sub &#8211; 20 de f\u00fatbol \u00a0que recoge la impresionante naturaleza y colores del pa\u00eds anfitri\u00f3n, as\u00ed como el papel fundamental de la competici\u00f3n para formar a las Futuras Estrellas del F\u00fatbol\u2122.<\/p>\n<p>En el dise\u00f1o est\u00e1 muy presente uno de los s\u00edmbolos del continente, el r\u00edo Ca\u00f1o Cristales, tambi\u00e9n conocido como el \u00abarco\u00edris l\u00edquido\u00bb que, combinado con los tonos amarillos, azules y rojos de la bandera colombiana, logra representar fielmente al pa\u00eds anfitri\u00f3n y la competici\u00f3n.<\/p>\n<p>Por un lado, los llamativos colores del emblema ilustran la multiculturalidad de la sociedad colombiana, caracterizada por la sonrisa perenne de sus ciudadanos. Por otro lado, el r\u00edo multicolor vertebra el emblema del mismo modo que el torneo es un eje central en la trayectoria de las futbolistas hacia la cima del f\u00fatbol femenino.<\/p>\n<p>\u00abPara aquellas personas que ya disfrutamos del talento de jugadoras como Linda Caicedo y Salma Paralluelo en la Copa Mundial Femenina Sub-20 de la FIFA Costa Rica 2022\u2122 no fue una sorpresa su destacada actuaci\u00f3n en el pasado Mundial absoluto\u00bb, afirm\u00f3 Sarai Bareman, directora de la Divisi\u00f3n de F\u00fatbol Femenino de la FIFA.<\/p>\n<p>\u00abEn el emblema queda patente que esta competici\u00f3n puede servir de escaparate para el Mundial absoluto. Al observarlo, es imposible no estar impaciente por disfrutar del f\u00fatbol y las futbolistas de gran talento que veremos en Colombia\u00bb.<\/p>\n<p>Mucho antes de que participaran Caicedo o Paralluelo, la estadounidense Alex Morgan ya dej\u00f3 muestras de su calidad en la edici\u00f3n de 2008, disputada en Chile, con cuatro goles que contribuyeron a la victoria de su selecci\u00f3n. Por otro lado, la alemana Alexandra Popp acab\u00f3 como m\u00e1xima goleadora de la edici\u00f3n de 2010, a\u00f1o en que el combinado germano conquist\u00f3 el trofeo. No cabe duda de que en la 11.\u00aa edici\u00f3n del torneo conoceremos a m\u00e1s protagonistas que dejar\u00e1n huella en el f\u00fatbol del futuro.<\/p>\n<p>La competici\u00f3n se disputar\u00e1 del 31 de agosto al 22 de septiembre en el a\u00f1o del centenario de la fundaci\u00f3n de la Federaci\u00f3n Colombiana de F\u00fatbol (FCF).<\/p>\n<p>\u00abEl emblema representa el color y la alegr\u00eda de Colombia y sus gentes. El Mundial coincide con el centenario de nuestra federaci\u00f3n, por lo que estamos preparando una gran celebraci\u00f3n para todos los colombianos. Esperamos que familias enteras acudan en masa a los estadios\u00bb, coment\u00f3 Ram\u00f3n Jesur\u00fan, presidente de la FCF y miembro del Consejo de la FIFA.<\/p>\n","protected":false},"excerpt":{"rendered":"<p>La FIFA ha presentado el emblema oficial y la identidad de marca del mundial femenino sub &#8211; 20 de f\u00fatbol \u00a0que recoge la impresionante naturaleza y colores del pa\u00eds anfitri\u00f3n, as\u00ed como el papel fundamental de la competici\u00f3n para formar a las Futuras Estrellas del F\u00fatbol\u2122. En el dise\u00f1o est\u00e1 muy presente uno de los [&hellip;]<\/p>\n","protected":false},"author":2,"featured_media":71892,"comment_status":"closed","ping_status":"open","sticky":false,"template":"","format":"standard","meta":{"footnotes":""},"categories":[34],"tags":[],"class_list":["post-71891","post","type-post","status-publish","format-standard","has-post-thumbnail","hentry","category-deportes"],"yoast_head":"<!-- This site is optimized with the Yoast SEO plugin v26.6 - https:\/\/yoast.com\/wordpress\/plugins\/seo\/ -->\n<title>Definido el logo del mundial femenino sub - 20 -<\/title>\n<meta name=\"robots\" content=\"index, follow, max-snippet:-1, max-image-preview:large, max-video-preview:-1\" \/>\n<link rel=\"canonical\" href=\"https:\/\/luchonoticias.com\/editor\/definido-el-logo-del-mundial-femenino-sub-20\/\" \/>\n<meta property=\"og:locale\" content=\"es_ES\" \/>\n<meta property=\"og:type\" content=\"article\" \/>\n<meta property=\"og:title\" content=\"Definido el logo del mundial femenino sub - 20 -\" \/>\n<meta property=\"og:url\" content=\"https:\/\/luchonoticias.com\/editor\/definido-el-logo-del-mundial-femenino-sub-20\/\" \/>\n<meta property=\"article:publisher\" content=\"https:\/\/www.facebook.com\/luchonoticiasneiva\" \/>\n<meta property=\"article:published_time\" content=\"2024-04-08T19:59:51+00:00\" \/>\n<meta property=\"og:image\" content=\"https:\/\/luchonoticias.com\/editor\/wp-content\/uploads\/2024\/04\/mundial-sub-20-femenino.jpg\" \/>\n\t<meta property=\"og:image:width\" content=\"700\" \/>\n\t<meta property=\"og:image:height\" content=\"400\" \/>\n\t<meta property=\"og:image:type\" content=\"image\/jpeg\" \/>\n<meta name=\"author\" content=\"Editor General\" \/>\n<meta name=\"twitter:card\" content=\"summary_large_image\" \/>\n<meta name=\"twitter:label1\" content=\"Escrito por\" \/>\n\t<meta name=\"twitter:data1\" content=\"Editor General\" \/>\n\t<meta name=\"twitter:label2\" content=\"Tiempo de lectura\" \/>\n\t<meta name=\"twitter:data2\" content=\"2 minutos\" \/>\n<script type=\"application\/ld+json\" class=\"yoast-schema-graph\">{\"@context\":\"https:\/\/schema.org\",\"@graph\":[{\"@type\":\"Article\",\"@id\":\"https:\/\/luchonoticias.com\/editor\/definido-el-logo-del-mundial-femenino-sub-20\/#article\",\"isPartOf\":{\"@id\":\"https:\/\/luchonoticias.com\/editor\/definido-el-logo-del-mundial-femenino-sub-20\/\"},\"author\":{\"name\":\"Editor General\",\"@id\":\"https:\/\/luchonoticias.com\/editor\/#\/schema\/person\/29217990ddf6f14e35912b2866d591fb\"},\"headline\":\"Definido el logo del mundial femenino sub &#8211; 20\",\"datePublished\":\"2024-04-08T19:59:51+00:00\",\"mainEntityOfPage\":{\"@id\":\"https:\/\/luchonoticias.com\/editor\/definido-el-logo-del-mundial-femenino-sub-20\/\"},\"wordCount\":446,\"publisher\":{\"@id\":\"https:\/\/luchonoticias.com\/editor\/#\/schema\/person\/7a7fd911f58561fd056dbac7b55af9cd\"},\"image\":{\"@id\":\"https:\/\/luchonoticias.com\/editor\/definido-el-logo-del-mundial-femenino-sub-20\/#primaryimage\"},\"thumbnailUrl\":\"https:\/\/luchonoticias.com\/editor\/wp-content\/uploads\/2024\/04\/mundial-sub-20-femenino.jpg\",\"articleSection\":[\"Deportes\"],\"inLanguage\":\"es\"},{\"@type\":\"WebPage\",\"@id\":\"https:\/\/luchonoticias.com\/editor\/definido-el-logo-del-mundial-femenino-sub-20\/\",\"url\":\"https:\/\/luchonoticias.com\/editor\/definido-el-logo-del-mundial-femenino-sub-20\/\",\"name\":\"Definido el logo del mundial femenino sub - 20 -\",\"isPartOf\":{\"@id\":\"https:\/\/luchonoticias.com\/editor\/#website\"},\"primaryImageOfPage\":{\"@id\":\"https:\/\/luchonoticias.com\/editor\/definido-el-logo-del-mundial-femenino-sub-20\/#primaryimage\"},\"image\":{\"@id\":\"https:\/\/luchonoticias.com\/editor\/definido-el-logo-del-mundial-femenino-sub-20\/#primaryimage\"},\"thumbnailUrl\":\"https:\/\/luchonoticias.com\/editor\/wp-content\/uploads\/2024\/04\/mundial-sub-20-femenino.jpg\",\"datePublished\":\"2024-04-08T19:59:51+00:00\",\"breadcrumb\":{\"@id\":\"https:\/\/luchonoticias.com\/editor\/definido-el-logo-del-mundial-femenino-sub-20\/#breadcrumb\"},\"inLanguage\":\"es\",\"potentialAction\":[{\"@type\":\"ReadAction\",\"target\":[\"https:\/\/luchonoticias.com\/editor\/definido-el-logo-del-mundial-femenino-sub-20\/\"]}]},{\"@type\":\"ImageObject\",\"inLanguage\":\"es\",\"@id\":\"https:\/\/luchonoticias.com\/editor\/definido-el-logo-del-mundial-femenino-sub-20\/#primaryimage\",\"url\":\"https:\/\/luchonoticias.com\/editor\/wp-content\/uploads\/2024\/04\/mundial-sub-20-femenino.jpg\",\"contentUrl\":\"https:\/\/luchonoticias.com\/editor\/wp-content\/uploads\/2024\/04\/mundial-sub-20-femenino.jpg\",\"width\":700,\"height\":400},{\"@type\":\"BreadcrumbList\",\"@id\":\"https:\/\/luchonoticias.com\/editor\/definido-el-logo-del-mundial-femenino-sub-20\/#breadcrumb\",\"itemListElement\":[{\"@type\":\"ListItem\",\"position\":1,\"name\":\"Portada\",\"item\":\"https:\/\/luchonoticias.com\/editor\/\"},{\"@type\":\"ListItem\",\"position\":2,\"name\":\"Definido el logo del mundial femenino sub &#8211; 20\"}]},{\"@type\":\"WebSite\",\"@id\":\"https:\/\/luchonoticias.com\/editor\/#website\",\"url\":\"https:\/\/luchonoticias.com\/editor\/\",\"name\":\"\",\"description\":\"\",\"publisher\":{\"@id\":\"https:\/\/luchonoticias.com\/editor\/#\/schema\/person\/7a7fd911f58561fd056dbac7b55af9cd\"},\"potentialAction\":[{\"@type\":\"SearchAction\",\"target\":{\"@type\":\"EntryPoint\",\"urlTemplate\":\"https:\/\/luchonoticias.com\/editor\/?s={search_term_string}\"},\"query-input\":{\"@type\":\"PropertyValueSpecification\",\"valueRequired\":true,\"valueName\":\"search_term_string\"}}],\"inLanguage\":\"es\"},{\"@type\":[\"Person\",\"Organization\"],\"@id\":\"https:\/\/luchonoticias.com\/editor\/#\/schema\/person\/7a7fd911f58561fd056dbac7b55af9cd\",\"name\":\"admin\",\"image\":{\"@type\":\"ImageObject\",\"inLanguage\":\"es\",\"@id\":\"https:\/\/luchonoticias.com\/editor\/#\/schema\/person\/image\/\",\"url\":\"https:\/\/luchonoticias.com\/editor\/wp-content\/uploads\/2024\/02\/cropped-cropped-logolu.webp\",\"contentUrl\":\"https:\/\/luchonoticias.com\/editor\/wp-content\/uploads\/2024\/02\/cropped-cropped-logolu.webp\",\"width\":382,\"height\":170,\"caption\":\"admin\"},\"logo\":{\"@id\":\"https:\/\/luchonoticias.com\/editor\/#\/schema\/person\/image\/\"},\"sameAs\":[\"https:\/\/www.facebook.com\/luchonoticiasneiva\"]},{\"@type\":\"Person\",\"@id\":\"https:\/\/luchonoticias.com\/editor\/#\/schema\/person\/29217990ddf6f14e35912b2866d591fb\",\"name\":\"Editor General\",\"image\":{\"@type\":\"ImageObject\",\"inLanguage\":\"es\",\"@id\":\"https:\/\/luchonoticias.com\/editor\/#\/schema\/person\/image\/\",\"url\":\"https:\/\/luchonoticias.com\/editor\/wp-content\/uploads\/2024\/02\/cropped-cropped-logolu-150x150.webp\",\"contentUrl\":\"https:\/\/luchonoticias.com\/editor\/wp-content\/uploads\/2024\/02\/cropped-cropped-logolu-150x150.webp\",\"caption\":\"Editor General\"},\"sameAs\":[\"https:\/\/luchonoticias.com\/\"],\"url\":\"https:\/\/luchonoticias.com\/editor\/author\/editor-general\/\"}]}<\/script>\n<!-- \/ Yoast SEO plugin. -->","yoast_head_json":{"title":"Definido el logo del mundial femenino sub - 20 -","robots":{"index":"index","follow":"follow","max-snippet":"max-snippet:-1","max-image-preview":"max-image-preview:large","max-video-preview":"max-video-preview:-1"},"canonical":"https:\/\/luchonoticias.com\/editor\/definido-el-logo-del-mundial-femenino-sub-20\/","og_locale":"es_ES","og_type":"article","og_title":"Definido el logo del mundial femenino sub - 20 -","og_url":"https:\/\/luchonoticias.com\/editor\/definido-el-logo-del-mundial-femenino-sub-20\/","article_publisher":"https:\/\/www.facebook.com\/luchonoticiasneiva","article_published_time":"2024-04-08T19:59:51+00:00","og_image":[{"width":700,"height":400,"url":"https:\/\/luchonoticias.com\/editor\/wp-content\/uploads\/2024\/04\/mundial-sub-20-femenino.jpg","type":"image\/jpeg"}],"author":"Editor General","twitter_card":"summary_large_image","twitter_misc":{"Escrito por":"Editor General","Tiempo de lectura":"2 minutos"},"schema":{"@context":"https:\/\/schema.org","@graph":[{"@type":"Article","@id":"https:\/\/luchonoticias.com\/editor\/definido-el-logo-del-mundial-femenino-sub-20\/#article","isPartOf":{"@id":"https:\/\/luchonoticias.com\/editor\/definido-el-logo-del-mundial-femenino-sub-20\/"},"author":{"name":"Editor General","@id":"https:\/\/luchonoticias.com\/editor\/#\/schema\/person\/29217990ddf6f14e35912b2866d591fb"},"headline":"Definido el logo del mundial femenino sub &#8211; 20","datePublished":"2024-04-08T19:59:51+00:00","mainEntityOfPage":{"@id":"https:\/\/luchonoticias.com\/editor\/definido-el-logo-del-mundial-femenino-sub-20\/"},"wordCount":446,"publisher":{"@id":"https:\/\/luchonoticias.com\/editor\/#\/schema\/person\/7a7fd911f58561fd056dbac7b55af9cd"},"image":{"@id":"https:\/\/luchonoticias.com\/editor\/definido-el-logo-del-mundial-femenino-sub-20\/#primaryimage"},"thumbnailUrl":"https:\/\/luchonoticias.com\/editor\/wp-content\/uploads\/2024\/04\/mundial-sub-20-femenino.jpg","articleSection":["Deportes"],"inLanguage":"es"},{"@type":"WebPage","@id":"https:\/\/luchonoticias.com\/editor\/definido-el-logo-del-mundial-femenino-sub-20\/","url":"https:\/\/luchonoticias.com\/editor\/definido-el-logo-del-mundial-femenino-sub-20\/","name":"Definido el logo del mundial femenino sub - 20 -","isPartOf":{"@id":"https:\/\/luchonoticias.com\/editor\/#website"},"primaryImageOfPage":{"@id":"https:\/\/luchonoticias.com\/editor\/definido-el-logo-del-mundial-femenino-sub-20\/#primaryimage"},"image":{"@id":"https:\/\/luchonoticias.com\/editor\/definido-el-logo-del-mundial-femenino-sub-20\/#primaryimage"},"thumbnailUrl":"https:\/\/luchonoticias.com\/editor\/wp-content\/uploads\/2024\/04\/mundial-sub-20-femenino.jpg","datePublished":"2024-04-08T19:59:51+00:00","breadcrumb":{"@id":"https:\/\/luchonoticias.com\/editor\/definido-el-logo-del-mundial-femenino-sub-20\/#breadcrumb"},"inLanguage":"es","potentialAction":[{"@type":"ReadAction","target":["https:\/\/luchonoticias.com\/editor\/definido-el-logo-del-mundial-femenino-sub-20\/"]}]},{"@type":"ImageObject","inLanguage":"es","@id":"https:\/\/luchonoticias.com\/editor\/definido-el-logo-del-mundial-femenino-sub-20\/#primaryimage","url":"https:\/\/luchonoticias.com\/editor\/wp-content\/uploads\/2024\/04\/mundial-sub-20-femenino.jpg","contentUrl":"https:\/\/luchonoticias.com\/editor\/wp-content\/uploads\/2024\/04\/mundial-sub-20-femenino.jpg","width":700,"height":400},{"@type":"BreadcrumbList","@id":"https:\/\/luchonoticias.com\/editor\/definido-el-logo-del-mundial-femenino-sub-20\/#breadcrumb","itemListElement":[{"@type":"ListItem","position":1,"name":"Portada","item":"https:\/\/luchonoticias.com\/editor\/"},{"@type":"ListItem","position":2,"name":"Definido el logo del mundial femenino sub &#8211; 20"}]},{"@type":"WebSite","@id":"https:\/\/luchonoticias.com\/editor\/#website","url":"https:\/\/luchonoticias.com\/editor\/","name":"","description":"","publisher":{"@id":"https:\/\/luchonoticias.com\/editor\/#\/schema\/person\/7a7fd911f58561fd056dbac7b55af9cd"},"potentialAction":[{"@type":"SearchAction","target":{"@type":"EntryPoint","urlTemplate":"https:\/\/luchonoticias.com\/editor\/?s={search_term_string}"},"query-input":{"@type":"PropertyValueSpecification","valueRequired":true,"valueName":"search_term_string"}}],"inLanguage":"es"},{"@type":["Person","Organization"],"@id":"https:\/\/luchonoticias.com\/editor\/#\/schema\/person\/7a7fd911f58561fd056dbac7b55af9cd","name":"admin","image":{"@type":"ImageObject","inLanguage":"es","@id":"https:\/\/luchonoticias.com\/editor\/#\/schema\/person\/image\/","url":"https:\/\/luchonoticias.com\/editor\/wp-content\/uploads\/2024\/02\/cropped-cropped-logolu.webp","contentUrl":"https:\/\/luchonoticias.com\/editor\/wp-content\/uploads\/2024\/02\/cropped-cropped-logolu.webp","width":382,"height":170,"caption":"admin"},"logo":{"@id":"https:\/\/luchonoticias.com\/editor\/#\/schema\/person\/image\/"},"sameAs":["https:\/\/www.facebook.com\/luchonoticiasneiva"]},{"@type":"Person","@id":"https:\/\/luchonoticias.com\/editor\/#\/schema\/person\/29217990ddf6f14e35912b2866d591fb","name":"Editor General","image":{"@type":"ImageObject","inLanguage":"es","@id":"https:\/\/luchonoticias.com\/editor\/#\/schema\/person\/image\/","url":"https:\/\/luchonoticias.com\/editor\/wp-content\/uploads\/2024\/02\/cropped-cropped-logolu-150x150.webp","contentUrl":"https:\/\/luchonoticias.com\/editor\/wp-content\/uploads\/2024\/02\/cropped-cropped-logolu-150x150.webp","caption":"Editor General"},"sameAs":["https:\/\/luchonoticias.com\/"],"url":"https:\/\/luchonoticias.com\/editor\/author\/editor-general\/"}]}},"_links":{"self":[{"href":"https:\/\/luchonoticias.com\/editor\/wp-json\/wp\/v2\/posts\/71891","targetHints":{"allow":["GET"]}}],"collection":[{"href":"https:\/\/luchonoticias.com\/editor\/wp-json\/wp\/v2\/posts"}],"about":[{"href":"https:\/\/luchonoticias.com\/editor\/wp-json\/wp\/v2\/types\/post"}],"author":[{"embeddable":true,"href":"https:\/\/luchonoticias.com\/editor\/wp-json\/wp\/v2\/users\/2"}],"replies":[{"embeddable":true,"href":"https:\/\/luchonoticias.com\/editor\/wp-json\/wp\/v2\/comments?post=71891"}],"version-history":[{"count":0,"href":"https:\/\/luchonoticias.com\/editor\/wp-json\/wp\/v2\/posts\/71891\/revisions"}],"wp:featuredmedia":[{"embeddable":true,"href":"https:\/\/luchonoticias.com\/editor\/wp-json\/wp\/v2\/media\/71892"}],"wp:attachment":[{"href":"https:\/\/luchonoticias.com\/editor\/wp-json\/wp\/v2\/media?parent=71891"}],"wp:term":[{"taxonomy":"category","embeddable":true,"href":"https:\/\/luchonoticias.com\/editor\/wp-json\/wp\/v2\/categories?post=71891"},{"taxonomy":"post_tag","embeddable":true,"href":"https:\/\/luchonoticias.com\/editor\/wp-json\/wp\/v2\/tags?post=71891"}],"curies":[{"name":"wp","href":"https:\/\/api.w.org\/{rel}","templated":true}]}}