{"id":71928,"date":"2024-04-09T15:06:02","date_gmt":"2024-04-09T20:06:02","guid":{"rendered":"https:\/\/luchonoticias.com\/?p=71928"},"modified":"2024-04-09T15:06:02","modified_gmt":"2024-04-09T20:06:02","slug":"prosperidad-social-y-su-inversion-para-las-victimas-del-conflicto-en-el-2023","status":"publish","type":"post","link":"https:\/\/luchonoticias.com\/editor\/prosperidad-social-y-su-inversion-para-las-victimas-del-conflicto-en-el-2023\/","title":{"rendered":"Prosperidad social y su inversi\u00f3n para las v\u00edctimas del conflicto en el 2023"},"content":{"rendered":"<p>\u201cEl a\u00f1o pasado destinamos m\u00e1s de 2,1 billones de pesos, de todo el presupuesto de transferencias monetarias, a la lucha contra el hambre y las privaciones de la poblaci\u00f3n v\u00edctima del desplazamiento\u00bb, inform\u00f3 Gustavo Bol\u00edvar, director de Prosperidad Social, en el marco del D\u00eda Nacional de la Memoria y Solidaridad con las V\u00edctimas del Conflicto, que Colombia conmemora este 9 de abril.<\/p>\n<p>Se trata de una de las poblaciones m\u00e1s vulnerables, como lo muestra la \u00faltima medici\u00f3n del DANE (2022), con una incidencia de pobreza mayor a la del resto de la poblaci\u00f3n.<\/p>\n<p>Sin embargo, Bol\u00edvar record\u00f3 que, a partir del sistema de transferencias creado con el Plan Nacional de Desarrollo &#8216;Colombia Potencia Mundial de la Vida&#8217;, programas como Renta Ciudadana y Renta Joven comienzan a generar condiciones para el desarrollo y fortalecimiento de las capacidades de los hogares.<\/p>\n<p>En 2023, los recursos invertidos por Prosperidad Social en transferencias monetarias para hogares v\u00edctima fueron ejecutados mayoritariamente por medio de Tr\u00e1nsito a Renta Ciudadana, que antecedi\u00f3 al programa Renta Ciudadana que se implement\u00f3 este a\u00f1o. La entidad destin\u00f3 el a\u00f1o anterior 1.529 millones de pesos para garantizar el apoyo a 707.122 hogares participantes.<\/p>\n<p>J\u00f3venes en Acci\u00f3n (programa que evolucion\u00f3 a Renta Joven, desde enero 2024) acompa\u00f1\u00f3 en 2023 a 34.891 estudiantes v\u00edctima de desplazamiento, con una inversi\u00f3n de 48.104 millones de pesos.<\/p>\n<h2>\u200bReparaci\u00f3n integral a las v\u00edctimas en los territorios<\/h2>\n<p>Gustavo Bol\u00edvar inform\u00f3 que Prosperidad Social ajust\u00f3 y puso en marcha acciones de los programas de inclusi\u00f3n productiva e inversiones en obras para aportar soluciones duraderas que permitan saldar la deuda con las poblaciones olvidadas, entre las cuales est\u00e1n las v\u00edctimas del conflicto.<\/p>\n<p>De otro lado, Familias en su Tierra es un programa que la entidad implementa para la reparaci\u00f3n integral de esta poblaci\u00f3n. Es dirigido a hogares rurales v\u00edctimas de desplazamiento forzado que han retornado o han sido reubicados. En 2023, el programa vincul\u00f3 a 158.074 de estos hogares.<\/p>\n<p>\u201cEl mundo est\u00e1 mirando si somos capaces de indemnizar a las v\u00edctimas\u00bb, afirm\u00f3 el presidente Gustavo Petro en agosto de 2022, durante la posesi\u00f3n de Mar\u00eda Patricia Tob\u00f3n, \u00a0directora de la Unidad para las V\u00edctimas, otra de las entidades que forman parte del Sector de la Inclusi\u00f3n Social y la Reconciliaci\u00f3n.<\/p>\n<p>Agreg\u00f3 entonces que: \u201cpara desatar el nudo gordiano hay que reparar integralmente a las v\u00edctimas de Colombia, las v\u00edctimas de la violencia, que han sido del Estado, que han sido de las guerrillas, que han sido de los grupos paramilitares, que son hoy, y desde hace alg\u00fan tiempo para ac\u00e1, v\u00edctimas del narcotr\u00e1fico mismo, de sus formas cambiantes y transformadas de organizaci\u00f3n\u00bb.<\/p>\n<p>Colombia present\u00f3 avances significativos en la reparaci\u00f3n a las v\u00edctimas del conflicto ante la Corte Interamericana de Derechos Humanos (CIDH) el pasado mes de febrero, con la\u00a0indemnizaci\u00f3n m\u00e1s alta en la histor\u200bia de la pol\u00edtica p\u00fablica del pa\u00eds\u00a0para esta poblaci\u00f3n.<\/p>\n","protected":false},"excerpt":{"rendered":"<p>\u201cEl a\u00f1o pasado destinamos m\u00e1s de 2,1 billones de pesos, de todo el presupuesto de transferencias monetarias, a la lucha contra el hambre y las privaciones de la poblaci\u00f3n v\u00edctima del desplazamiento\u00bb, inform\u00f3 Gustavo Bol\u00edvar, director de Prosperidad Social, en el marco del D\u00eda Nacional de la Memoria y Solidaridad con las V\u00edctimas del Conflicto, [&hellip;]<\/p>\n","protected":false},"author":2,"featured_media":71929,"comment_status":"closed","ping_status":"open","sticky":false,"template":"","format":"standard","meta":{"footnotes":""},"categories":[28],"tags":[],"class_list":["post-71928","post","type-post","status-publish","format-standard","has-post-thumbnail","hentry","category-actualidad"],"yoast_head":"<!-- This site is optimized with the Yoast SEO plugin v26.6 - https:\/\/yoast.com\/wordpress\/plugins\/seo\/ -->\n<title>Prosperidad social y su inversi\u00f3n para las v\u00edctimas del conflicto en el 2023 -<\/title>\n<meta name=\"robots\" content=\"index, follow, max-snippet:-1, max-image-preview:large, max-video-preview:-1\" \/>\n<link rel=\"canonical\" href=\"https:\/\/luchonoticias.com\/editor\/prosperidad-social-y-su-inversion-para-las-victimas-del-conflicto-en-el-2023\/\" \/>\n<meta property=\"og:locale\" content=\"es_ES\" \/>\n<meta property=\"og:type\" content=\"article\" \/>\n<meta property=\"og:title\" content=\"Prosperidad social y su inversi\u00f3n para las v\u00edctimas del conflicto en el 2023 -\" \/>\n<meta property=\"og:url\" content=\"https:\/\/luchonoticias.com\/editor\/prosperidad-social-y-su-inversion-para-las-victimas-del-conflicto-en-el-2023\/\" \/>\n<meta property=\"article:publisher\" content=\"https:\/\/www.facebook.com\/luchonoticiasneiva\" \/>\n<meta property=\"article:published_time\" content=\"2024-04-09T20:06:02+00:00\" \/>\n<meta property=\"og:image\" content=\"https:\/\/luchonoticias.com\/editor\/wp-content\/uploads\/2024\/04\/prosperidad-social.jpg\" \/>\n\t<meta property=\"og:image:width\" content=\"700\" \/>\n\t<meta property=\"og:image:height\" content=\"400\" \/>\n\t<meta property=\"og:image:type\" content=\"image\/jpeg\" \/>\n<meta name=\"author\" content=\"Editor General\" \/>\n<meta name=\"twitter:card\" content=\"summary_large_image\" \/>\n<meta name=\"twitter:label1\" content=\"Escrito por\" \/>\n\t<meta name=\"twitter:data1\" content=\"Editor General\" \/>\n\t<meta name=\"twitter:label2\" content=\"Tiempo de lectura\" \/>\n\t<meta name=\"twitter:data2\" content=\"3 minutos\" \/>\n<script type=\"application\/ld+json\" class=\"yoast-schema-graph\">{\"@context\":\"https:\/\/schema.org\",\"@graph\":[{\"@type\":\"Article\",\"@id\":\"https:\/\/luchonoticias.com\/editor\/prosperidad-social-y-su-inversion-para-las-victimas-del-conflicto-en-el-2023\/#article\",\"isPartOf\":{\"@id\":\"https:\/\/luchonoticias.com\/editor\/prosperidad-social-y-su-inversion-para-las-victimas-del-conflicto-en-el-2023\/\"},\"author\":{\"name\":\"Editor General\",\"@id\":\"https:\/\/luchonoticias.com\/editor\/#\/schema\/person\/29217990ddf6f14e35912b2866d591fb\"},\"headline\":\"Prosperidad social y su inversi\u00f3n para las v\u00edctimas del conflicto en el 2023\",\"datePublished\":\"2024-04-09T20:06:02+00:00\",\"mainEntityOfPage\":{\"@id\":\"https:\/\/luchonoticias.com\/editor\/prosperidad-social-y-su-inversion-para-las-victimas-del-conflicto-en-el-2023\/\"},\"wordCount\":525,\"publisher\":{\"@id\":\"https:\/\/luchonoticias.com\/editor\/#\/schema\/person\/7a7fd911f58561fd056dbac7b55af9cd\"},\"image\":{\"@id\":\"https:\/\/luchonoticias.com\/editor\/prosperidad-social-y-su-inversion-para-las-victimas-del-conflicto-en-el-2023\/#primaryimage\"},\"thumbnailUrl\":\"https:\/\/luchonoticias.com\/editor\/wp-content\/uploads\/2024\/04\/prosperidad-social.jpg\",\"articleSection\":[\"Actualidad\"],\"inLanguage\":\"es\"},{\"@type\":\"WebPage\",\"@id\":\"https:\/\/luchonoticias.com\/editor\/prosperidad-social-y-su-inversion-para-las-victimas-del-conflicto-en-el-2023\/\",\"url\":\"https:\/\/luchonoticias.com\/editor\/prosperidad-social-y-su-inversion-para-las-victimas-del-conflicto-en-el-2023\/\",\"name\":\"Prosperidad social y su inversi\u00f3n para las v\u00edctimas del conflicto en el 2023 -\",\"isPartOf\":{\"@id\":\"https:\/\/luchonoticias.com\/editor\/#website\"},\"primaryImageOfPage\":{\"@id\":\"https:\/\/luchonoticias.com\/editor\/prosperidad-social-y-su-inversion-para-las-victimas-del-conflicto-en-el-2023\/#primaryimage\"},\"image\":{\"@id\":\"https:\/\/luchonoticias.com\/editor\/prosperidad-social-y-su-inversion-para-las-victimas-del-conflicto-en-el-2023\/#primaryimage\"},\"thumbnailUrl\":\"https:\/\/luchonoticias.com\/editor\/wp-content\/uploads\/2024\/04\/prosperidad-social.jpg\",\"datePublished\":\"2024-04-09T20:06:02+00:00\",\"breadcrumb\":{\"@id\":\"https:\/\/luchonoticias.com\/editor\/prosperidad-social-y-su-inversion-para-las-victimas-del-conflicto-en-el-2023\/#breadcrumb\"},\"inLanguage\":\"es\",\"potentialAction\":[{\"@type\":\"ReadAction\",\"target\":[\"https:\/\/luchonoticias.com\/editor\/prosperidad-social-y-su-inversion-para-las-victimas-del-conflicto-en-el-2023\/\"]}]},{\"@type\":\"ImageObject\",\"inLanguage\":\"es\",\"@id\":\"https:\/\/luchonoticias.com\/editor\/prosperidad-social-y-su-inversion-para-las-victimas-del-conflicto-en-el-2023\/#primaryimage\",\"url\":\"https:\/\/luchonoticias.com\/editor\/wp-content\/uploads\/2024\/04\/prosperidad-social.jpg\",\"contentUrl\":\"https:\/\/luchonoticias.com\/editor\/wp-content\/uploads\/2024\/04\/prosperidad-social.jpg\",\"width\":700,\"height\":400},{\"@type\":\"BreadcrumbList\",\"@id\":\"https:\/\/luchonoticias.com\/editor\/prosperidad-social-y-su-inversion-para-las-victimas-del-conflicto-en-el-2023\/#breadcrumb\",\"itemListElement\":[{\"@type\":\"ListItem\",\"position\":1,\"name\":\"Portada\",\"item\":\"https:\/\/luchonoticias.com\/editor\/\"},{\"@type\":\"ListItem\",\"position\":2,\"name\":\"Prosperidad social y su inversi\u00f3n para las v\u00edctimas del conflicto en el 2023\"}]},{\"@type\":\"WebSite\",\"@id\":\"https:\/\/luchonoticias.com\/editor\/#website\",\"url\":\"https:\/\/luchonoticias.com\/editor\/\",\"name\":\"\",\"description\":\"\",\"publisher\":{\"@id\":\"https:\/\/luchonoticias.com\/editor\/#\/schema\/person\/7a7fd911f58561fd056dbac7b55af9cd\"},\"potentialAction\":[{\"@type\":\"SearchAction\",\"target\":{\"@type\":\"EntryPoint\",\"urlTemplate\":\"https:\/\/luchonoticias.com\/editor\/?s={search_term_string}\"},\"query-input\":{\"@type\":\"PropertyValueSpecification\",\"valueRequired\":true,\"valueName\":\"search_term_string\"}}],\"inLanguage\":\"es\"},{\"@type\":[\"Person\",\"Organization\"],\"@id\":\"https:\/\/luchonoticias.com\/editor\/#\/schema\/person\/7a7fd911f58561fd056dbac7b55af9cd\",\"name\":\"admin\",\"image\":{\"@type\":\"ImageObject\",\"inLanguage\":\"es\",\"@id\":\"https:\/\/luchonoticias.com\/editor\/#\/schema\/person\/image\/\",\"url\":\"https:\/\/luchonoticias.com\/editor\/wp-content\/uploads\/2024\/02\/cropped-cropped-logolu.webp\",\"contentUrl\":\"https:\/\/luchonoticias.com\/editor\/wp-content\/uploads\/2024\/02\/cropped-cropped-logolu.webp\",\"width\":382,\"height\":170,\"caption\":\"admin\"},\"logo\":{\"@id\":\"https:\/\/luchonoticias.com\/editor\/#\/schema\/person\/image\/\"},\"sameAs\":[\"https:\/\/www.facebook.com\/luchonoticiasneiva\"]},{\"@type\":\"Person\",\"@id\":\"https:\/\/luchonoticias.com\/editor\/#\/schema\/person\/29217990ddf6f14e35912b2866d591fb\",\"name\":\"Editor General\",\"image\":{\"@type\":\"ImageObject\",\"inLanguage\":\"es\",\"@id\":\"https:\/\/luchonoticias.com\/editor\/#\/schema\/person\/image\/\",\"url\":\"https:\/\/luchonoticias.com\/editor\/wp-content\/uploads\/2024\/02\/cropped-cropped-logolu-150x150.webp\",\"contentUrl\":\"https:\/\/luchonoticias.com\/editor\/wp-content\/uploads\/2024\/02\/cropped-cropped-logolu-150x150.webp\",\"caption\":\"Editor General\"},\"sameAs\":[\"https:\/\/luchonoticias.com\/\"],\"url\":\"https:\/\/luchonoticias.com\/editor\/author\/editor-general\/\"}]}<\/script>\n<!-- \/ Yoast SEO plugin. -->","yoast_head_json":{"title":"Prosperidad social y su inversi\u00f3n para las v\u00edctimas del conflicto en el 2023 -","robots":{"index":"index","follow":"follow","max-snippet":"max-snippet:-1","max-image-preview":"max-image-preview:large","max-video-preview":"max-video-preview:-1"},"canonical":"https:\/\/luchonoticias.com\/editor\/prosperidad-social-y-su-inversion-para-las-victimas-del-conflicto-en-el-2023\/","og_locale":"es_ES","og_type":"article","og_title":"Prosperidad social y su inversi\u00f3n para las v\u00edctimas del conflicto en el 2023 -","og_url":"https:\/\/luchonoticias.com\/editor\/prosperidad-social-y-su-inversion-para-las-victimas-del-conflicto-en-el-2023\/","article_publisher":"https:\/\/www.facebook.com\/luchonoticiasneiva","article_published_time":"2024-04-09T20:06:02+00:00","og_image":[{"width":700,"height":400,"url":"https:\/\/luchonoticias.com\/editor\/wp-content\/uploads\/2024\/04\/prosperidad-social.jpg","type":"image\/jpeg"}],"author":"Editor General","twitter_card":"summary_large_image","twitter_misc":{"Escrito por":"Editor General","Tiempo de lectura":"3 minutos"},"schema":{"@context":"https:\/\/schema.org","@graph":[{"@type":"Article","@id":"https:\/\/luchonoticias.com\/editor\/prosperidad-social-y-su-inversion-para-las-victimas-del-conflicto-en-el-2023\/#article","isPartOf":{"@id":"https:\/\/luchonoticias.com\/editor\/prosperidad-social-y-su-inversion-para-las-victimas-del-conflicto-en-el-2023\/"},"author":{"name":"Editor General","@id":"https:\/\/luchonoticias.com\/editor\/#\/schema\/person\/29217990ddf6f14e35912b2866d591fb"},"headline":"Prosperidad social y su inversi\u00f3n para las v\u00edctimas del conflicto en el 2023","datePublished":"2024-04-09T20:06:02+00:00","mainEntityOfPage":{"@id":"https:\/\/luchonoticias.com\/editor\/prosperidad-social-y-su-inversion-para-las-victimas-del-conflicto-en-el-2023\/"},"wordCount":525,"publisher":{"@id":"https:\/\/luchonoticias.com\/editor\/#\/schema\/person\/7a7fd911f58561fd056dbac7b55af9cd"},"image":{"@id":"https:\/\/luchonoticias.com\/editor\/prosperidad-social-y-su-inversion-para-las-victimas-del-conflicto-en-el-2023\/#primaryimage"},"thumbnailUrl":"https:\/\/luchonoticias.com\/editor\/wp-content\/uploads\/2024\/04\/prosperidad-social.jpg","articleSection":["Actualidad"],"inLanguage":"es"},{"@type":"WebPage","@id":"https:\/\/luchonoticias.com\/editor\/prosperidad-social-y-su-inversion-para-las-victimas-del-conflicto-en-el-2023\/","url":"https:\/\/luchonoticias.com\/editor\/prosperidad-social-y-su-inversion-para-las-victimas-del-conflicto-en-el-2023\/","name":"Prosperidad social y su inversi\u00f3n para las v\u00edctimas del conflicto en el 2023 -","isPartOf":{"@id":"https:\/\/luchonoticias.com\/editor\/#website"},"primaryImageOfPage":{"@id":"https:\/\/luchonoticias.com\/editor\/prosperidad-social-y-su-inversion-para-las-victimas-del-conflicto-en-el-2023\/#primaryimage"},"image":{"@id":"https:\/\/luchonoticias.com\/editor\/prosperidad-social-y-su-inversion-para-las-victimas-del-conflicto-en-el-2023\/#primaryimage"},"thumbnailUrl":"https:\/\/luchonoticias.com\/editor\/wp-content\/uploads\/2024\/04\/prosperidad-social.jpg","datePublished":"2024-04-09T20:06:02+00:00","breadcrumb":{"@id":"https:\/\/luchonoticias.com\/editor\/prosperidad-social-y-su-inversion-para-las-victimas-del-conflicto-en-el-2023\/#breadcrumb"},"inLanguage":"es","potentialAction":[{"@type":"ReadAction","target":["https:\/\/luchonoticias.com\/editor\/prosperidad-social-y-su-inversion-para-las-victimas-del-conflicto-en-el-2023\/"]}]},{"@type":"ImageObject","inLanguage":"es","@id":"https:\/\/luchonoticias.com\/editor\/prosperidad-social-y-su-inversion-para-las-victimas-del-conflicto-en-el-2023\/#primaryimage","url":"https:\/\/luchonoticias.com\/editor\/wp-content\/uploads\/2024\/04\/prosperidad-social.jpg","contentUrl":"https:\/\/luchonoticias.com\/editor\/wp-content\/uploads\/2024\/04\/prosperidad-social.jpg","width":700,"height":400},{"@type":"BreadcrumbList","@id":"https:\/\/luchonoticias.com\/editor\/prosperidad-social-y-su-inversion-para-las-victimas-del-conflicto-en-el-2023\/#breadcrumb","itemListElement":[{"@type":"ListItem","position":1,"name":"Portada","item":"https:\/\/luchonoticias.com\/editor\/"},{"@type":"ListItem","position":2,"name":"Prosperidad social y su inversi\u00f3n para las v\u00edctimas del conflicto en el 2023"}]},{"@type":"WebSite","@id":"https:\/\/luchonoticias.com\/editor\/#website","url":"https:\/\/luchonoticias.com\/editor\/","name":"","description":"","publisher":{"@id":"https:\/\/luchonoticias.com\/editor\/#\/schema\/person\/7a7fd911f58561fd056dbac7b55af9cd"},"potentialAction":[{"@type":"SearchAction","target":{"@type":"EntryPoint","urlTemplate":"https:\/\/luchonoticias.com\/editor\/?s={search_term_string}"},"query-input":{"@type":"PropertyValueSpecification","valueRequired":true,"valueName":"search_term_string"}}],"inLanguage":"es"},{"@type":["Person","Organization"],"@id":"https:\/\/luchonoticias.com\/editor\/#\/schema\/person\/7a7fd911f58561fd056dbac7b55af9cd","name":"admin","image":{"@type":"ImageObject","inLanguage":"es","@id":"https:\/\/luchonoticias.com\/editor\/#\/schema\/person\/image\/","url":"https:\/\/luchonoticias.com\/editor\/wp-content\/uploads\/2024\/02\/cropped-cropped-logolu.webp","contentUrl":"https:\/\/luchonoticias.com\/editor\/wp-content\/uploads\/2024\/02\/cropped-cropped-logolu.webp","width":382,"height":170,"caption":"admin"},"logo":{"@id":"https:\/\/luchonoticias.com\/editor\/#\/schema\/person\/image\/"},"sameAs":["https:\/\/www.facebook.com\/luchonoticiasneiva"]},{"@type":"Person","@id":"https:\/\/luchonoticias.com\/editor\/#\/schema\/person\/29217990ddf6f14e35912b2866d591fb","name":"Editor General","image":{"@type":"ImageObject","inLanguage":"es","@id":"https:\/\/luchonoticias.com\/editor\/#\/schema\/person\/image\/","url":"https:\/\/luchonoticias.com\/editor\/wp-content\/uploads\/2024\/02\/cropped-cropped-logolu-150x150.webp","contentUrl":"https:\/\/luchonoticias.com\/editor\/wp-content\/uploads\/2024\/02\/cropped-cropped-logolu-150x150.webp","caption":"Editor General"},"sameAs":["https:\/\/luchonoticias.com\/"],"url":"https:\/\/luchonoticias.com\/editor\/author\/editor-general\/"}]}},"_links":{"self":[{"href":"https:\/\/luchonoticias.com\/editor\/wp-json\/wp\/v2\/posts\/71928","targetHints":{"allow":["GET"]}}],"collection":[{"href":"https:\/\/luchonoticias.com\/editor\/wp-json\/wp\/v2\/posts"}],"about":[{"href":"https:\/\/luchonoticias.com\/editor\/wp-json\/wp\/v2\/types\/post"}],"author":[{"embeddable":true,"href":"https:\/\/luchonoticias.com\/editor\/wp-json\/wp\/v2\/users\/2"}],"replies":[{"embeddable":true,"href":"https:\/\/luchonoticias.com\/editor\/wp-json\/wp\/v2\/comments?post=71928"}],"version-history":[{"count":0,"href":"https:\/\/luchonoticias.com\/editor\/wp-json\/wp\/v2\/posts\/71928\/revisions"}],"wp:featuredmedia":[{"embeddable":true,"href":"https:\/\/luchonoticias.com\/editor\/wp-json\/wp\/v2\/media\/71929"}],"wp:attachment":[{"href":"https:\/\/luchonoticias.com\/editor\/wp-json\/wp\/v2\/media?parent=71928"}],"wp:term":[{"taxonomy":"category","embeddable":true,"href":"https:\/\/luchonoticias.com\/editor\/wp-json\/wp\/v2\/categories?post=71928"},{"taxonomy":"post_tag","embeddable":true,"href":"https:\/\/luchonoticias.com\/editor\/wp-json\/wp\/v2\/tags?post=71928"}],"curies":[{"name":"wp","href":"https:\/\/api.w.org\/{rel}","templated":true}]}}