{"id":71932,"date":"2024-04-09T16:36:54","date_gmt":"2024-04-09T21:36:54","guid":{"rendered":"https:\/\/luchonoticias.com\/?p=71932"},"modified":"2024-04-09T16:36:54","modified_gmt":"2024-04-09T21:36:54","slug":"supervision-a-labores-de-mantenimiento-de-vivienda-en-neiva","status":"publish","type":"post","link":"https:\/\/luchonoticias.com\/editor\/supervision-a-labores-de-mantenimiento-de-vivienda-en-neiva\/","title":{"rendered":"Supervisi\u00f3n a labores de mantenimiento de vivienda en Neiva"},"content":{"rendered":"<p>En pro de mejorar las condiciones de habitabilidad de las personas, la Secretar\u00eda de Vivienda y H\u00e1bitat viene haciendo constante seguimiento y supervisi\u00f3n, a los mejoramientos de vivienda que se vienen entregando en la capital del departamento del Huila.<\/p>\n<p>En este sentido, en las comunas de la ciudad, contractualmente hay proyectados 119 mejoramientos, al d\u00eda de hoy se han realizado 61, lo cual equivale a un 43% de avance de ejecuci\u00f3n del primer contrato.<\/p>\n<p>El segundo contrato es de centros poblados, en el que se proyectan 114 mejoramientos, de estos se han entregado 96 que equivalen a un 85%, en donde se destacan corregimientos como Fortalecillas, El Cagu\u00e1n, Vegalarga y Guacirco.<\/p>\n<p>\u201cEstamos haciendo la articulaci\u00f3n en compa\u00f1\u00eda del contratista de la interventor\u00eda para entregar estos mejoramientos integrales. Ya estamos culminando, por lo menos en este proyecto de centros poblados, y seguimos trabajando en pro de mejorar las condiciones de vida y reducir ese d\u00e9ficit habitacional, en este caso el d\u00e9ficit cualitativo que tanto necesita la comunidad neivana, y en este punto mejorar la habitabilidad y las condiciones de vida de los mismos neivanos\u201d, indic\u00f3 Marwin Victoria, secretario de Vivienda y H\u00e1bitat.<\/p>\n<p>Entre los mejoramientos se destaca la restituci\u00f3n o cambio de alcantarillado, la demolici\u00f3n, alistado y cer\u00e1mica de pisos, enchape de muros, adecuaci\u00f3n de cocina y bater\u00edas sanitarias.<\/p>\n","protected":false},"excerpt":{"rendered":"<p>En pro de mejorar las condiciones de habitabilidad de las personas, la Secretar\u00eda de Vivienda y H\u00e1bitat viene haciendo constante seguimiento y supervisi\u00f3n, a los mejoramientos de vivienda que se vienen entregando en la capital del departamento del Huila. En este sentido, en las comunas de la ciudad, contractualmente hay proyectados 119 mejoramientos, al d\u00eda [&hellip;]<\/p>\n","protected":false},"author":2,"featured_media":71933,"comment_status":"closed","ping_status":"open","sticky":false,"template":"","format":"standard","meta":{"footnotes":""},"categories":[31],"tags":[],"class_list":["post-71932","post","type-post","status-publish","format-standard","has-post-thumbnail","hentry","category-local"],"yoast_head":"<!-- This site is optimized with the Yoast SEO plugin v26.6 - https:\/\/yoast.com\/wordpress\/plugins\/seo\/ -->\n<title>Supervisi\u00f3n a labores de mantenimiento de vivienda en Neiva -<\/title>\n<meta name=\"robots\" content=\"index, follow, max-snippet:-1, max-image-preview:large, max-video-preview:-1\" \/>\n<link rel=\"canonical\" href=\"https:\/\/luchonoticias.com\/editor\/supervision-a-labores-de-mantenimiento-de-vivienda-en-neiva\/\" \/>\n<meta property=\"og:locale\" content=\"es_ES\" \/>\n<meta property=\"og:type\" content=\"article\" \/>\n<meta property=\"og:title\" content=\"Supervisi\u00f3n a labores de mantenimiento de vivienda en Neiva -\" \/>\n<meta property=\"og:url\" content=\"https:\/\/luchonoticias.com\/editor\/supervision-a-labores-de-mantenimiento-de-vivienda-en-neiva\/\" \/>\n<meta property=\"article:publisher\" content=\"https:\/\/www.facebook.com\/luchonoticiasneiva\" \/>\n<meta property=\"article:published_time\" content=\"2024-04-09T21:36:54+00:00\" \/>\n<meta property=\"og:image\" content=\"https:\/\/luchonoticias.com\/editor\/wp-content\/uploads\/2024\/04\/mejoramiento-vivienda.jpg\" \/>\n\t<meta property=\"og:image:width\" content=\"700\" \/>\n\t<meta property=\"og:image:height\" content=\"400\" \/>\n\t<meta property=\"og:image:type\" content=\"image\/jpeg\" \/>\n<meta name=\"author\" content=\"Editor General\" \/>\n<meta name=\"twitter:card\" content=\"summary_large_image\" \/>\n<meta name=\"twitter:label1\" content=\"Escrito por\" \/>\n\t<meta name=\"twitter:data1\" content=\"Editor General\" \/>\n\t<meta name=\"twitter:label2\" content=\"Tiempo de lectura\" \/>\n\t<meta name=\"twitter:data2\" content=\"1 minuto\" \/>\n<script type=\"application\/ld+json\" class=\"yoast-schema-graph\">{\"@context\":\"https:\/\/schema.org\",\"@graph\":[{\"@type\":\"Article\",\"@id\":\"https:\/\/luchonoticias.com\/editor\/supervision-a-labores-de-mantenimiento-de-vivienda-en-neiva\/#article\",\"isPartOf\":{\"@id\":\"https:\/\/luchonoticias.com\/editor\/supervision-a-labores-de-mantenimiento-de-vivienda-en-neiva\/\"},\"author\":{\"name\":\"Editor General\",\"@id\":\"https:\/\/luchonoticias.com\/editor\/#\/schema\/person\/29217990ddf6f14e35912b2866d591fb\"},\"headline\":\"Supervisi\u00f3n a labores de mantenimiento de vivienda en Neiva\",\"datePublished\":\"2024-04-09T21:36:54+00:00\",\"mainEntityOfPage\":{\"@id\":\"https:\/\/luchonoticias.com\/editor\/supervision-a-labores-de-mantenimiento-de-vivienda-en-neiva\/\"},\"wordCount\":239,\"publisher\":{\"@id\":\"https:\/\/luchonoticias.com\/editor\/#\/schema\/person\/7a7fd911f58561fd056dbac7b55af9cd\"},\"image\":{\"@id\":\"https:\/\/luchonoticias.com\/editor\/supervision-a-labores-de-mantenimiento-de-vivienda-en-neiva\/#primaryimage\"},\"thumbnailUrl\":\"https:\/\/luchonoticias.com\/editor\/wp-content\/uploads\/2024\/04\/mejoramiento-vivienda.jpg\",\"articleSection\":[\"Local\"],\"inLanguage\":\"es\"},{\"@type\":\"WebPage\",\"@id\":\"https:\/\/luchonoticias.com\/editor\/supervision-a-labores-de-mantenimiento-de-vivienda-en-neiva\/\",\"url\":\"https:\/\/luchonoticias.com\/editor\/supervision-a-labores-de-mantenimiento-de-vivienda-en-neiva\/\",\"name\":\"Supervisi\u00f3n a labores de mantenimiento de vivienda en Neiva -\",\"isPartOf\":{\"@id\":\"https:\/\/luchonoticias.com\/editor\/#website\"},\"primaryImageOfPage\":{\"@id\":\"https:\/\/luchonoticias.com\/editor\/supervision-a-labores-de-mantenimiento-de-vivienda-en-neiva\/#primaryimage\"},\"image\":{\"@id\":\"https:\/\/luchonoticias.com\/editor\/supervision-a-labores-de-mantenimiento-de-vivienda-en-neiva\/#primaryimage\"},\"thumbnailUrl\":\"https:\/\/luchonoticias.com\/editor\/wp-content\/uploads\/2024\/04\/mejoramiento-vivienda.jpg\",\"datePublished\":\"2024-04-09T21:36:54+00:00\",\"breadcrumb\":{\"@id\":\"https:\/\/luchonoticias.com\/editor\/supervision-a-labores-de-mantenimiento-de-vivienda-en-neiva\/#breadcrumb\"},\"inLanguage\":\"es\",\"potentialAction\":[{\"@type\":\"ReadAction\",\"target\":[\"https:\/\/luchonoticias.com\/editor\/supervision-a-labores-de-mantenimiento-de-vivienda-en-neiva\/\"]}]},{\"@type\":\"ImageObject\",\"inLanguage\":\"es\",\"@id\":\"https:\/\/luchonoticias.com\/editor\/supervision-a-labores-de-mantenimiento-de-vivienda-en-neiva\/#primaryimage\",\"url\":\"https:\/\/luchonoticias.com\/editor\/wp-content\/uploads\/2024\/04\/mejoramiento-vivienda.jpg\",\"contentUrl\":\"https:\/\/luchonoticias.com\/editor\/wp-content\/uploads\/2024\/04\/mejoramiento-vivienda.jpg\",\"width\":700,\"height\":400},{\"@type\":\"BreadcrumbList\",\"@id\":\"https:\/\/luchonoticias.com\/editor\/supervision-a-labores-de-mantenimiento-de-vivienda-en-neiva\/#breadcrumb\",\"itemListElement\":[{\"@type\":\"ListItem\",\"position\":1,\"name\":\"Portada\",\"item\":\"https:\/\/luchonoticias.com\/editor\/\"},{\"@type\":\"ListItem\",\"position\":2,\"name\":\"Supervisi\u00f3n a labores de mantenimiento de vivienda en Neiva\"}]},{\"@type\":\"WebSite\",\"@id\":\"https:\/\/luchonoticias.com\/editor\/#website\",\"url\":\"https:\/\/luchonoticias.com\/editor\/\",\"name\":\"\",\"description\":\"\",\"publisher\":{\"@id\":\"https:\/\/luchonoticias.com\/editor\/#\/schema\/person\/7a7fd911f58561fd056dbac7b55af9cd\"},\"potentialAction\":[{\"@type\":\"SearchAction\",\"target\":{\"@type\":\"EntryPoint\",\"urlTemplate\":\"https:\/\/luchonoticias.com\/editor\/?s={search_term_string}\"},\"query-input\":{\"@type\":\"PropertyValueSpecification\",\"valueRequired\":true,\"valueName\":\"search_term_string\"}}],\"inLanguage\":\"es\"},{\"@type\":[\"Person\",\"Organization\"],\"@id\":\"https:\/\/luchonoticias.com\/editor\/#\/schema\/person\/7a7fd911f58561fd056dbac7b55af9cd\",\"name\":\"admin\",\"image\":{\"@type\":\"ImageObject\",\"inLanguage\":\"es\",\"@id\":\"https:\/\/luchonoticias.com\/editor\/#\/schema\/person\/image\/\",\"url\":\"https:\/\/luchonoticias.com\/editor\/wp-content\/uploads\/2024\/02\/cropped-cropped-logolu.webp\",\"contentUrl\":\"https:\/\/luchonoticias.com\/editor\/wp-content\/uploads\/2024\/02\/cropped-cropped-logolu.webp\",\"width\":382,\"height\":170,\"caption\":\"admin\"},\"logo\":{\"@id\":\"https:\/\/luchonoticias.com\/editor\/#\/schema\/person\/image\/\"},\"sameAs\":[\"https:\/\/www.facebook.com\/luchonoticiasneiva\"]},{\"@type\":\"Person\",\"@id\":\"https:\/\/luchonoticias.com\/editor\/#\/schema\/person\/29217990ddf6f14e35912b2866d591fb\",\"name\":\"Editor General\",\"image\":{\"@type\":\"ImageObject\",\"inLanguage\":\"es\",\"@id\":\"https:\/\/luchonoticias.com\/editor\/#\/schema\/person\/image\/\",\"url\":\"https:\/\/luchonoticias.com\/editor\/wp-content\/uploads\/2024\/02\/cropped-cropped-logolu-150x150.webp\",\"contentUrl\":\"https:\/\/luchonoticias.com\/editor\/wp-content\/uploads\/2024\/02\/cropped-cropped-logolu-150x150.webp\",\"caption\":\"Editor General\"},\"sameAs\":[\"https:\/\/luchonoticias.com\/\"],\"url\":\"https:\/\/luchonoticias.com\/editor\/author\/editor-general\/\"}]}<\/script>\n<!-- \/ Yoast SEO plugin. -->","yoast_head_json":{"title":"Supervisi\u00f3n a labores de mantenimiento de vivienda en Neiva -","robots":{"index":"index","follow":"follow","max-snippet":"max-snippet:-1","max-image-preview":"max-image-preview:large","max-video-preview":"max-video-preview:-1"},"canonical":"https:\/\/luchonoticias.com\/editor\/supervision-a-labores-de-mantenimiento-de-vivienda-en-neiva\/","og_locale":"es_ES","og_type":"article","og_title":"Supervisi\u00f3n a labores de mantenimiento de vivienda en Neiva -","og_url":"https:\/\/luchonoticias.com\/editor\/supervision-a-labores-de-mantenimiento-de-vivienda-en-neiva\/","article_publisher":"https:\/\/www.facebook.com\/luchonoticiasneiva","article_published_time":"2024-04-09T21:36:54+00:00","og_image":[{"width":700,"height":400,"url":"https:\/\/luchonoticias.com\/editor\/wp-content\/uploads\/2024\/04\/mejoramiento-vivienda.jpg","type":"image\/jpeg"}],"author":"Editor General","twitter_card":"summary_large_image","twitter_misc":{"Escrito por":"Editor General","Tiempo de lectura":"1 minuto"},"schema":{"@context":"https:\/\/schema.org","@graph":[{"@type":"Article","@id":"https:\/\/luchonoticias.com\/editor\/supervision-a-labores-de-mantenimiento-de-vivienda-en-neiva\/#article","isPartOf":{"@id":"https:\/\/luchonoticias.com\/editor\/supervision-a-labores-de-mantenimiento-de-vivienda-en-neiva\/"},"author":{"name":"Editor General","@id":"https:\/\/luchonoticias.com\/editor\/#\/schema\/person\/29217990ddf6f14e35912b2866d591fb"},"headline":"Supervisi\u00f3n a labores de mantenimiento de vivienda en Neiva","datePublished":"2024-04-09T21:36:54+00:00","mainEntityOfPage":{"@id":"https:\/\/luchonoticias.com\/editor\/supervision-a-labores-de-mantenimiento-de-vivienda-en-neiva\/"},"wordCount":239,"publisher":{"@id":"https:\/\/luchonoticias.com\/editor\/#\/schema\/person\/7a7fd911f58561fd056dbac7b55af9cd"},"image":{"@id":"https:\/\/luchonoticias.com\/editor\/supervision-a-labores-de-mantenimiento-de-vivienda-en-neiva\/#primaryimage"},"thumbnailUrl":"https:\/\/luchonoticias.com\/editor\/wp-content\/uploads\/2024\/04\/mejoramiento-vivienda.jpg","articleSection":["Local"],"inLanguage":"es"},{"@type":"WebPage","@id":"https:\/\/luchonoticias.com\/editor\/supervision-a-labores-de-mantenimiento-de-vivienda-en-neiva\/","url":"https:\/\/luchonoticias.com\/editor\/supervision-a-labores-de-mantenimiento-de-vivienda-en-neiva\/","name":"Supervisi\u00f3n a labores de mantenimiento de vivienda en Neiva -","isPartOf":{"@id":"https:\/\/luchonoticias.com\/editor\/#website"},"primaryImageOfPage":{"@id":"https:\/\/luchonoticias.com\/editor\/supervision-a-labores-de-mantenimiento-de-vivienda-en-neiva\/#primaryimage"},"image":{"@id":"https:\/\/luchonoticias.com\/editor\/supervision-a-labores-de-mantenimiento-de-vivienda-en-neiva\/#primaryimage"},"thumbnailUrl":"https:\/\/luchonoticias.com\/editor\/wp-content\/uploads\/2024\/04\/mejoramiento-vivienda.jpg","datePublished":"2024-04-09T21:36:54+00:00","breadcrumb":{"@id":"https:\/\/luchonoticias.com\/editor\/supervision-a-labores-de-mantenimiento-de-vivienda-en-neiva\/#breadcrumb"},"inLanguage":"es","potentialAction":[{"@type":"ReadAction","target":["https:\/\/luchonoticias.com\/editor\/supervision-a-labores-de-mantenimiento-de-vivienda-en-neiva\/"]}]},{"@type":"ImageObject","inLanguage":"es","@id":"https:\/\/luchonoticias.com\/editor\/supervision-a-labores-de-mantenimiento-de-vivienda-en-neiva\/#primaryimage","url":"https:\/\/luchonoticias.com\/editor\/wp-content\/uploads\/2024\/04\/mejoramiento-vivienda.jpg","contentUrl":"https:\/\/luchonoticias.com\/editor\/wp-content\/uploads\/2024\/04\/mejoramiento-vivienda.jpg","width":700,"height":400},{"@type":"BreadcrumbList","@id":"https:\/\/luchonoticias.com\/editor\/supervision-a-labores-de-mantenimiento-de-vivienda-en-neiva\/#breadcrumb","itemListElement":[{"@type":"ListItem","position":1,"name":"Portada","item":"https:\/\/luchonoticias.com\/editor\/"},{"@type":"ListItem","position":2,"name":"Supervisi\u00f3n a labores de mantenimiento de vivienda en Neiva"}]},{"@type":"WebSite","@id":"https:\/\/luchonoticias.com\/editor\/#website","url":"https:\/\/luchonoticias.com\/editor\/","name":"","description":"","publisher":{"@id":"https:\/\/luchonoticias.com\/editor\/#\/schema\/person\/7a7fd911f58561fd056dbac7b55af9cd"},"potentialAction":[{"@type":"SearchAction","target":{"@type":"EntryPoint","urlTemplate":"https:\/\/luchonoticias.com\/editor\/?s={search_term_string}"},"query-input":{"@type":"PropertyValueSpecification","valueRequired":true,"valueName":"search_term_string"}}],"inLanguage":"es"},{"@type":["Person","Organization"],"@id":"https:\/\/luchonoticias.com\/editor\/#\/schema\/person\/7a7fd911f58561fd056dbac7b55af9cd","name":"admin","image":{"@type":"ImageObject","inLanguage":"es","@id":"https:\/\/luchonoticias.com\/editor\/#\/schema\/person\/image\/","url":"https:\/\/luchonoticias.com\/editor\/wp-content\/uploads\/2024\/02\/cropped-cropped-logolu.webp","contentUrl":"https:\/\/luchonoticias.com\/editor\/wp-content\/uploads\/2024\/02\/cropped-cropped-logolu.webp","width":382,"height":170,"caption":"admin"},"logo":{"@id":"https:\/\/luchonoticias.com\/editor\/#\/schema\/person\/image\/"},"sameAs":["https:\/\/www.facebook.com\/luchonoticiasneiva"]},{"@type":"Person","@id":"https:\/\/luchonoticias.com\/editor\/#\/schema\/person\/29217990ddf6f14e35912b2866d591fb","name":"Editor General","image":{"@type":"ImageObject","inLanguage":"es","@id":"https:\/\/luchonoticias.com\/editor\/#\/schema\/person\/image\/","url":"https:\/\/luchonoticias.com\/editor\/wp-content\/uploads\/2024\/02\/cropped-cropped-logolu-150x150.webp","contentUrl":"https:\/\/luchonoticias.com\/editor\/wp-content\/uploads\/2024\/02\/cropped-cropped-logolu-150x150.webp","caption":"Editor General"},"sameAs":["https:\/\/luchonoticias.com\/"],"url":"https:\/\/luchonoticias.com\/editor\/author\/editor-general\/"}]}},"_links":{"self":[{"href":"https:\/\/luchonoticias.com\/editor\/wp-json\/wp\/v2\/posts\/71932","targetHints":{"allow":["GET"]}}],"collection":[{"href":"https:\/\/luchonoticias.com\/editor\/wp-json\/wp\/v2\/posts"}],"about":[{"href":"https:\/\/luchonoticias.com\/editor\/wp-json\/wp\/v2\/types\/post"}],"author":[{"embeddable":true,"href":"https:\/\/luchonoticias.com\/editor\/wp-json\/wp\/v2\/users\/2"}],"replies":[{"embeddable":true,"href":"https:\/\/luchonoticias.com\/editor\/wp-json\/wp\/v2\/comments?post=71932"}],"version-history":[{"count":0,"href":"https:\/\/luchonoticias.com\/editor\/wp-json\/wp\/v2\/posts\/71932\/revisions"}],"wp:featuredmedia":[{"embeddable":true,"href":"https:\/\/luchonoticias.com\/editor\/wp-json\/wp\/v2\/media\/71933"}],"wp:attachment":[{"href":"https:\/\/luchonoticias.com\/editor\/wp-json\/wp\/v2\/media?parent=71932"}],"wp:term":[{"taxonomy":"category","embeddable":true,"href":"https:\/\/luchonoticias.com\/editor\/wp-json\/wp\/v2\/categories?post=71932"},{"taxonomy":"post_tag","embeddable":true,"href":"https:\/\/luchonoticias.com\/editor\/wp-json\/wp\/v2\/tags?post=71932"}],"curies":[{"name":"wp","href":"https:\/\/api.w.org\/{rel}","templated":true}]}}