{"id":71935,"date":"2024-04-09T17:20:45","date_gmt":"2024-04-09T22:20:45","guid":{"rendered":"https:\/\/luchonoticias.com\/?p=71935"},"modified":"2024-04-09T17:20:45","modified_gmt":"2024-04-09T22:20:45","slug":"certificados-habitantes-de-la-cuenca-de-las-ceibas-como-brigadistas-forestales","status":"publish","type":"post","link":"https:\/\/luchonoticias.com\/editor\/certificados-habitantes-de-la-cuenca-de-las-ceibas-como-brigadistas-forestales\/","title":{"rendered":"Certificados habitantes de la cuenca de Las Ceibas como brigadistas forestales"},"content":{"rendered":"<p style=\"font-weight: 400;\">Seguir con su labor de sensibilizar y evitar la propagaci\u00f3n de incendios forestales, es la meta de Javier Olaya\u00a0 Fern\u00e1ndez, un campesino\u00a0 de la vereda\u00a0 Palestina, zona rural de Neiva\u00a0 quien hoy se certific\u00f3 como brigadista forestal.<\/p>\n<p style=\"font-weight: 400;\">As\u00ed como Olaya\u00a0 Fern\u00e1ndez, la Corporaci\u00f3n Aut\u00f3noma Regional del Alto Magdalena CAM y la Defensa Civil Colombiana Seccional Huila, certificaron a 25 brigadistas residentes en la cuenca del\u00a0r\u00edo Loro, r\u00edo Las Ceibas y otros directos al Magdalena.<\/p>\n<p style=\"font-weight: 400;\">Estos hombres y mujeres, que habitan las 65 mil hect\u00e1reas que abarca el Plan de Ordenaci\u00f3n y Manejo de Cuenca Hidrogr\u00e1fica POMCA del r\u00edo Las Ceibas, recibieron formaci\u00f3n en prevenci\u00f3n y atenci\u00f3n del riesgo asociado a eventos de incendios forestales, inundaciones y deslizamientos.<\/p>\n<p style=\"font-weight: 400;\">\u201cEsta es una iniciativa de la CAM, a trav\u00e9s del proyecto r\u00edo Las Ceibas para vincular la comunidad inmersa del \u00e1rea de la cuenca para controlar y evitar los incendios forestales\u201d, se\u00f1al\u00f3 Javier Cardozo, coordinador del Proyecto Ceibas de la CAM.<\/p>\n<p style=\"font-weight: 400;\">El profesional de la corporaci\u00f3n explic\u00f3 que a trav\u00e9s de la Defensa Civil, se vincularon estas 25 personas a un seguro de vida que los ampara\u00a0 en caso un acontecimiento cuando est\u00e9n atendiendo incendios forestales o avenidas torrenciales, situaciones que se dan continuamente en la cuenca del r\u00edo Las Ceibas.<\/p>\n<p style=\"font-weight: 400;\">\u201cEste es un tema voluntario, para los que tengan disponibilidad y capacidad de colaboraci\u00f3n con la comunidad; y por esa voluntad, paciencia, dedicaci\u00f3n y capacitaci\u00f3n ya hacen parte del cuerpo de socorro de la Defensa Civil\u201d, asegur\u00f3 Cardozo.<\/p>\n<p style=\"font-weight: 400;\">Por su parte, \u00c1lvaro Villareal Neira, director de la Defensa Civil Colombiana Seccional Huila, expres\u00f3 la importancia de la formaci\u00f3n de los\u00a0brigadistas forestales.<\/p>\n<p style=\"font-weight: 400;\">\u201cEsta capacitaci\u00f3n nos permite poder contar en terreno, en el sitio, con brigadistas forestales que habitan una cuenca tan importante como el rio Ceibas que provee este elemento h\u00eddrico b\u00e1sico para la ciudad de Neiva\u201d, indic\u00f3 Villareal Neira quien agreg\u00f3 que con la capacitaci\u00f3n se crean nuevos espacios, nuevas tecnolog\u00edas y \u00a0nuevos t\u00e9rminos para que los brigadistas lo puedan replicar a la comunidad.<\/p>\n<p style=\"font-weight: 400;\">\n","protected":false},"excerpt":{"rendered":"<p>Seguir con su labor de sensibilizar y evitar la propagaci\u00f3n de incendios forestales, es la meta de Javier Olaya\u00a0 Fern\u00e1ndez, un campesino\u00a0 de la vereda\u00a0 Palestina, zona rural de Neiva\u00a0 quien hoy se certific\u00f3 como brigadista forestal. As\u00ed como Olaya\u00a0 Fern\u00e1ndez, la Corporaci\u00f3n Aut\u00f3noma Regional del Alto Magdalena CAM y la Defensa Civil Colombiana Seccional [&hellip;]<\/p>\n","protected":false},"author":2,"featured_media":71936,"comment_status":"closed","ping_status":"open","sticky":false,"template":"","format":"standard","meta":{"footnotes":""},"categories":[33],"tags":[],"class_list":["post-71935","post","type-post","status-publish","format-standard","has-post-thumbnail","hentry","category-huila"],"yoast_head":"<!-- This site is optimized with the Yoast SEO plugin v26.6 - https:\/\/yoast.com\/wordpress\/plugins\/seo\/ -->\n<title>Certificados habitantes de la cuenca de Las Ceibas como brigadistas forestales -<\/title>\n<meta name=\"robots\" content=\"index, follow, max-snippet:-1, max-image-preview:large, max-video-preview:-1\" \/>\n<link rel=\"canonical\" href=\"https:\/\/luchonoticias.com\/editor\/certificados-habitantes-de-la-cuenca-de-las-ceibas-como-brigadistas-forestales\/\" \/>\n<meta property=\"og:locale\" content=\"es_ES\" \/>\n<meta property=\"og:type\" content=\"article\" \/>\n<meta property=\"og:title\" content=\"Certificados habitantes de la cuenca de Las Ceibas como brigadistas forestales -\" \/>\n<meta property=\"og:url\" content=\"https:\/\/luchonoticias.com\/editor\/certificados-habitantes-de-la-cuenca-de-las-ceibas-como-brigadistas-forestales\/\" \/>\n<meta property=\"article:publisher\" content=\"https:\/\/www.facebook.com\/luchonoticiasneiva\" \/>\n<meta property=\"article:published_time\" content=\"2024-04-09T22:20:45+00:00\" \/>\n<meta property=\"og:image\" content=\"https:\/\/luchonoticias.com\/editor\/wp-content\/uploads\/2024\/04\/caso-brigadistas.jpg\" \/>\n\t<meta property=\"og:image:width\" content=\"700\" \/>\n\t<meta property=\"og:image:height\" content=\"400\" \/>\n\t<meta property=\"og:image:type\" content=\"image\/jpeg\" \/>\n<meta name=\"author\" content=\"Editor General\" \/>\n<meta name=\"twitter:card\" content=\"summary_large_image\" \/>\n<meta name=\"twitter:label1\" content=\"Escrito por\" \/>\n\t<meta name=\"twitter:data1\" content=\"Editor General\" \/>\n\t<meta name=\"twitter:label2\" content=\"Tiempo de lectura\" \/>\n\t<meta name=\"twitter:data2\" content=\"2 minutos\" \/>\n<script type=\"application\/ld+json\" class=\"yoast-schema-graph\">{\"@context\":\"https:\/\/schema.org\",\"@graph\":[{\"@type\":\"Article\",\"@id\":\"https:\/\/luchonoticias.com\/editor\/certificados-habitantes-de-la-cuenca-de-las-ceibas-como-brigadistas-forestales\/#article\",\"isPartOf\":{\"@id\":\"https:\/\/luchonoticias.com\/editor\/certificados-habitantes-de-la-cuenca-de-las-ceibas-como-brigadistas-forestales\/\"},\"author\":{\"name\":\"Editor General\",\"@id\":\"https:\/\/luchonoticias.com\/editor\/#\/schema\/person\/29217990ddf6f14e35912b2866d591fb\"},\"headline\":\"Certificados habitantes de la cuenca de Las Ceibas como brigadistas forestales\",\"datePublished\":\"2024-04-09T22:20:45+00:00\",\"mainEntityOfPage\":{\"@id\":\"https:\/\/luchonoticias.com\/editor\/certificados-habitantes-de-la-cuenca-de-las-ceibas-como-brigadistas-forestales\/\"},\"wordCount\":373,\"publisher\":{\"@id\":\"https:\/\/luchonoticias.com\/editor\/#\/schema\/person\/7a7fd911f58561fd056dbac7b55af9cd\"},\"image\":{\"@id\":\"https:\/\/luchonoticias.com\/editor\/certificados-habitantes-de-la-cuenca-de-las-ceibas-como-brigadistas-forestales\/#primaryimage\"},\"thumbnailUrl\":\"https:\/\/luchonoticias.com\/editor\/wp-content\/uploads\/2024\/04\/caso-brigadistas.jpg\",\"articleSection\":[\"Huila\"],\"inLanguage\":\"es\"},{\"@type\":\"WebPage\",\"@id\":\"https:\/\/luchonoticias.com\/editor\/certificados-habitantes-de-la-cuenca-de-las-ceibas-como-brigadistas-forestales\/\",\"url\":\"https:\/\/luchonoticias.com\/editor\/certificados-habitantes-de-la-cuenca-de-las-ceibas-como-brigadistas-forestales\/\",\"name\":\"Certificados habitantes de la cuenca de Las Ceibas como brigadistas forestales -\",\"isPartOf\":{\"@id\":\"https:\/\/luchonoticias.com\/editor\/#website\"},\"primaryImageOfPage\":{\"@id\":\"https:\/\/luchonoticias.com\/editor\/certificados-habitantes-de-la-cuenca-de-las-ceibas-como-brigadistas-forestales\/#primaryimage\"},\"image\":{\"@id\":\"https:\/\/luchonoticias.com\/editor\/certificados-habitantes-de-la-cuenca-de-las-ceibas-como-brigadistas-forestales\/#primaryimage\"},\"thumbnailUrl\":\"https:\/\/luchonoticias.com\/editor\/wp-content\/uploads\/2024\/04\/caso-brigadistas.jpg\",\"datePublished\":\"2024-04-09T22:20:45+00:00\",\"breadcrumb\":{\"@id\":\"https:\/\/luchonoticias.com\/editor\/certificados-habitantes-de-la-cuenca-de-las-ceibas-como-brigadistas-forestales\/#breadcrumb\"},\"inLanguage\":\"es\",\"potentialAction\":[{\"@type\":\"ReadAction\",\"target\":[\"https:\/\/luchonoticias.com\/editor\/certificados-habitantes-de-la-cuenca-de-las-ceibas-como-brigadistas-forestales\/\"]}]},{\"@type\":\"ImageObject\",\"inLanguage\":\"es\",\"@id\":\"https:\/\/luchonoticias.com\/editor\/certificados-habitantes-de-la-cuenca-de-las-ceibas-como-brigadistas-forestales\/#primaryimage\",\"url\":\"https:\/\/luchonoticias.com\/editor\/wp-content\/uploads\/2024\/04\/caso-brigadistas.jpg\",\"contentUrl\":\"https:\/\/luchonoticias.com\/editor\/wp-content\/uploads\/2024\/04\/caso-brigadistas.jpg\",\"width\":700,\"height\":400},{\"@type\":\"BreadcrumbList\",\"@id\":\"https:\/\/luchonoticias.com\/editor\/certificados-habitantes-de-la-cuenca-de-las-ceibas-como-brigadistas-forestales\/#breadcrumb\",\"itemListElement\":[{\"@type\":\"ListItem\",\"position\":1,\"name\":\"Portada\",\"item\":\"https:\/\/luchonoticias.com\/editor\/\"},{\"@type\":\"ListItem\",\"position\":2,\"name\":\"Certificados habitantes de la cuenca de Las Ceibas como brigadistas forestales\"}]},{\"@type\":\"WebSite\",\"@id\":\"https:\/\/luchonoticias.com\/editor\/#website\",\"url\":\"https:\/\/luchonoticias.com\/editor\/\",\"name\":\"\",\"description\":\"\",\"publisher\":{\"@id\":\"https:\/\/luchonoticias.com\/editor\/#\/schema\/person\/7a7fd911f58561fd056dbac7b55af9cd\"},\"potentialAction\":[{\"@type\":\"SearchAction\",\"target\":{\"@type\":\"EntryPoint\",\"urlTemplate\":\"https:\/\/luchonoticias.com\/editor\/?s={search_term_string}\"},\"query-input\":{\"@type\":\"PropertyValueSpecification\",\"valueRequired\":true,\"valueName\":\"search_term_string\"}}],\"inLanguage\":\"es\"},{\"@type\":[\"Person\",\"Organization\"],\"@id\":\"https:\/\/luchonoticias.com\/editor\/#\/schema\/person\/7a7fd911f58561fd056dbac7b55af9cd\",\"name\":\"admin\",\"image\":{\"@type\":\"ImageObject\",\"inLanguage\":\"es\",\"@id\":\"https:\/\/luchonoticias.com\/editor\/#\/schema\/person\/image\/\",\"url\":\"https:\/\/luchonoticias.com\/editor\/wp-content\/uploads\/2024\/02\/cropped-cropped-logolu.webp\",\"contentUrl\":\"https:\/\/luchonoticias.com\/editor\/wp-content\/uploads\/2024\/02\/cropped-cropped-logolu.webp\",\"width\":382,\"height\":170,\"caption\":\"admin\"},\"logo\":{\"@id\":\"https:\/\/luchonoticias.com\/editor\/#\/schema\/person\/image\/\"},\"sameAs\":[\"https:\/\/www.facebook.com\/luchonoticiasneiva\"]},{\"@type\":\"Person\",\"@id\":\"https:\/\/luchonoticias.com\/editor\/#\/schema\/person\/29217990ddf6f14e35912b2866d591fb\",\"name\":\"Editor General\",\"image\":{\"@type\":\"ImageObject\",\"inLanguage\":\"es\",\"@id\":\"https:\/\/luchonoticias.com\/editor\/#\/schema\/person\/image\/\",\"url\":\"https:\/\/luchonoticias.com\/editor\/wp-content\/uploads\/2024\/02\/cropped-cropped-logolu-150x150.webp\",\"contentUrl\":\"https:\/\/luchonoticias.com\/editor\/wp-content\/uploads\/2024\/02\/cropped-cropped-logolu-150x150.webp\",\"caption\":\"Editor General\"},\"sameAs\":[\"https:\/\/luchonoticias.com\/\"],\"url\":\"https:\/\/luchonoticias.com\/editor\/author\/editor-general\/\"}]}<\/script>\n<!-- \/ Yoast SEO plugin. -->","yoast_head_json":{"title":"Certificados habitantes de la cuenca de Las Ceibas como brigadistas forestales -","robots":{"index":"index","follow":"follow","max-snippet":"max-snippet:-1","max-image-preview":"max-image-preview:large","max-video-preview":"max-video-preview:-1"},"canonical":"https:\/\/luchonoticias.com\/editor\/certificados-habitantes-de-la-cuenca-de-las-ceibas-como-brigadistas-forestales\/","og_locale":"es_ES","og_type":"article","og_title":"Certificados habitantes de la cuenca de Las Ceibas como brigadistas forestales -","og_url":"https:\/\/luchonoticias.com\/editor\/certificados-habitantes-de-la-cuenca-de-las-ceibas-como-brigadistas-forestales\/","article_publisher":"https:\/\/www.facebook.com\/luchonoticiasneiva","article_published_time":"2024-04-09T22:20:45+00:00","og_image":[{"width":700,"height":400,"url":"https:\/\/luchonoticias.com\/editor\/wp-content\/uploads\/2024\/04\/caso-brigadistas.jpg","type":"image\/jpeg"}],"author":"Editor General","twitter_card":"summary_large_image","twitter_misc":{"Escrito por":"Editor General","Tiempo de lectura":"2 minutos"},"schema":{"@context":"https:\/\/schema.org","@graph":[{"@type":"Article","@id":"https:\/\/luchonoticias.com\/editor\/certificados-habitantes-de-la-cuenca-de-las-ceibas-como-brigadistas-forestales\/#article","isPartOf":{"@id":"https:\/\/luchonoticias.com\/editor\/certificados-habitantes-de-la-cuenca-de-las-ceibas-como-brigadistas-forestales\/"},"author":{"name":"Editor General","@id":"https:\/\/luchonoticias.com\/editor\/#\/schema\/person\/29217990ddf6f14e35912b2866d591fb"},"headline":"Certificados habitantes de la cuenca de Las Ceibas como brigadistas forestales","datePublished":"2024-04-09T22:20:45+00:00","mainEntityOfPage":{"@id":"https:\/\/luchonoticias.com\/editor\/certificados-habitantes-de-la-cuenca-de-las-ceibas-como-brigadistas-forestales\/"},"wordCount":373,"publisher":{"@id":"https:\/\/luchonoticias.com\/editor\/#\/schema\/person\/7a7fd911f58561fd056dbac7b55af9cd"},"image":{"@id":"https:\/\/luchonoticias.com\/editor\/certificados-habitantes-de-la-cuenca-de-las-ceibas-como-brigadistas-forestales\/#primaryimage"},"thumbnailUrl":"https:\/\/luchonoticias.com\/editor\/wp-content\/uploads\/2024\/04\/caso-brigadistas.jpg","articleSection":["Huila"],"inLanguage":"es"},{"@type":"WebPage","@id":"https:\/\/luchonoticias.com\/editor\/certificados-habitantes-de-la-cuenca-de-las-ceibas-como-brigadistas-forestales\/","url":"https:\/\/luchonoticias.com\/editor\/certificados-habitantes-de-la-cuenca-de-las-ceibas-como-brigadistas-forestales\/","name":"Certificados habitantes de la cuenca de Las Ceibas como brigadistas forestales -","isPartOf":{"@id":"https:\/\/luchonoticias.com\/editor\/#website"},"primaryImageOfPage":{"@id":"https:\/\/luchonoticias.com\/editor\/certificados-habitantes-de-la-cuenca-de-las-ceibas-como-brigadistas-forestales\/#primaryimage"},"image":{"@id":"https:\/\/luchonoticias.com\/editor\/certificados-habitantes-de-la-cuenca-de-las-ceibas-como-brigadistas-forestales\/#primaryimage"},"thumbnailUrl":"https:\/\/luchonoticias.com\/editor\/wp-content\/uploads\/2024\/04\/caso-brigadistas.jpg","datePublished":"2024-04-09T22:20:45+00:00","breadcrumb":{"@id":"https:\/\/luchonoticias.com\/editor\/certificados-habitantes-de-la-cuenca-de-las-ceibas-como-brigadistas-forestales\/#breadcrumb"},"inLanguage":"es","potentialAction":[{"@type":"ReadAction","target":["https:\/\/luchonoticias.com\/editor\/certificados-habitantes-de-la-cuenca-de-las-ceibas-como-brigadistas-forestales\/"]}]},{"@type":"ImageObject","inLanguage":"es","@id":"https:\/\/luchonoticias.com\/editor\/certificados-habitantes-de-la-cuenca-de-las-ceibas-como-brigadistas-forestales\/#primaryimage","url":"https:\/\/luchonoticias.com\/editor\/wp-content\/uploads\/2024\/04\/caso-brigadistas.jpg","contentUrl":"https:\/\/luchonoticias.com\/editor\/wp-content\/uploads\/2024\/04\/caso-brigadistas.jpg","width":700,"height":400},{"@type":"BreadcrumbList","@id":"https:\/\/luchonoticias.com\/editor\/certificados-habitantes-de-la-cuenca-de-las-ceibas-como-brigadistas-forestales\/#breadcrumb","itemListElement":[{"@type":"ListItem","position":1,"name":"Portada","item":"https:\/\/luchonoticias.com\/editor\/"},{"@type":"ListItem","position":2,"name":"Certificados habitantes de la cuenca de Las Ceibas como brigadistas forestales"}]},{"@type":"WebSite","@id":"https:\/\/luchonoticias.com\/editor\/#website","url":"https:\/\/luchonoticias.com\/editor\/","name":"","description":"","publisher":{"@id":"https:\/\/luchonoticias.com\/editor\/#\/schema\/person\/7a7fd911f58561fd056dbac7b55af9cd"},"potentialAction":[{"@type":"SearchAction","target":{"@type":"EntryPoint","urlTemplate":"https:\/\/luchonoticias.com\/editor\/?s={search_term_string}"},"query-input":{"@type":"PropertyValueSpecification","valueRequired":true,"valueName":"search_term_string"}}],"inLanguage":"es"},{"@type":["Person","Organization"],"@id":"https:\/\/luchonoticias.com\/editor\/#\/schema\/person\/7a7fd911f58561fd056dbac7b55af9cd","name":"admin","image":{"@type":"ImageObject","inLanguage":"es","@id":"https:\/\/luchonoticias.com\/editor\/#\/schema\/person\/image\/","url":"https:\/\/luchonoticias.com\/editor\/wp-content\/uploads\/2024\/02\/cropped-cropped-logolu.webp","contentUrl":"https:\/\/luchonoticias.com\/editor\/wp-content\/uploads\/2024\/02\/cropped-cropped-logolu.webp","width":382,"height":170,"caption":"admin"},"logo":{"@id":"https:\/\/luchonoticias.com\/editor\/#\/schema\/person\/image\/"},"sameAs":["https:\/\/www.facebook.com\/luchonoticiasneiva"]},{"@type":"Person","@id":"https:\/\/luchonoticias.com\/editor\/#\/schema\/person\/29217990ddf6f14e35912b2866d591fb","name":"Editor General","image":{"@type":"ImageObject","inLanguage":"es","@id":"https:\/\/luchonoticias.com\/editor\/#\/schema\/person\/image\/","url":"https:\/\/luchonoticias.com\/editor\/wp-content\/uploads\/2024\/02\/cropped-cropped-logolu-150x150.webp","contentUrl":"https:\/\/luchonoticias.com\/editor\/wp-content\/uploads\/2024\/02\/cropped-cropped-logolu-150x150.webp","caption":"Editor General"},"sameAs":["https:\/\/luchonoticias.com\/"],"url":"https:\/\/luchonoticias.com\/editor\/author\/editor-general\/"}]}},"_links":{"self":[{"href":"https:\/\/luchonoticias.com\/editor\/wp-json\/wp\/v2\/posts\/71935","targetHints":{"allow":["GET"]}}],"collection":[{"href":"https:\/\/luchonoticias.com\/editor\/wp-json\/wp\/v2\/posts"}],"about":[{"href":"https:\/\/luchonoticias.com\/editor\/wp-json\/wp\/v2\/types\/post"}],"author":[{"embeddable":true,"href":"https:\/\/luchonoticias.com\/editor\/wp-json\/wp\/v2\/users\/2"}],"replies":[{"embeddable":true,"href":"https:\/\/luchonoticias.com\/editor\/wp-json\/wp\/v2\/comments?post=71935"}],"version-history":[{"count":0,"href":"https:\/\/luchonoticias.com\/editor\/wp-json\/wp\/v2\/posts\/71935\/revisions"}],"wp:featuredmedia":[{"embeddable":true,"href":"https:\/\/luchonoticias.com\/editor\/wp-json\/wp\/v2\/media\/71936"}],"wp:attachment":[{"href":"https:\/\/luchonoticias.com\/editor\/wp-json\/wp\/v2\/media?parent=71935"}],"wp:term":[{"taxonomy":"category","embeddable":true,"href":"https:\/\/luchonoticias.com\/editor\/wp-json\/wp\/v2\/categories?post=71935"},{"taxonomy":"post_tag","embeddable":true,"href":"https:\/\/luchonoticias.com\/editor\/wp-json\/wp\/v2\/tags?post=71935"}],"curies":[{"name":"wp","href":"https:\/\/api.w.org\/{rel}","templated":true}]}}