{"id":71939,"date":"2024-04-09T19:26:10","date_gmt":"2024-04-10T00:26:10","guid":{"rendered":"https:\/\/luchonoticias.com\/?p=71939"},"modified":"2024-04-09T19:26:10","modified_gmt":"2024-04-10T00:26:10","slug":"huila-y-su-participacion-en-la-feria-del-libro","status":"publish","type":"post","link":"https:\/\/luchonoticias.com\/editor\/huila-y-su-participacion-en-la-feria-del-libro\/","title":{"rendered":"Huila y su participaci\u00f3n en la Feria del Libro"},"content":{"rendered":"<p>En la edici\u00f3n 36\u00b0 de la Feria Internacional del Libro que se llevar\u00e1 a cabo en la ciudad de Bogot\u00e1 y que tiene como prop\u00f3sito unir a todo el pa\u00eds en torno a la pasi\u00f3n por la lectura, el Huila oficiar\u00e1 como departamento invitado en la celebraci\u00f3n del centenario de La Vor\u00e1gine, obra cumbre del autor riverense Jos\u00e9 Eustasio Rivera.<\/p>\n<p>Para esta edici\u00f3n el departamento ofertar\u00e1 una serie de actividades profesionales y culturales durante toda la feria en medio de una programaci\u00f3n detallada establecida desde el 17 de abril hasta el 2 de mayo en Corferias.<\/p>\n<p>\u201cEl mi\u00e9rcoles de la siguiente semana daremos apertura a la feria con la presencia del gobernador Rodrigo Villalba, el equipo de la Biblioteca Departamental Olegario Rivera y el personal de la secretar\u00eda de cultura atendiendo a quienes quieran conocer m\u00e1s sobre nuestro departamento. Tambi\u00e9n, el 28 de abril, celebraremos el \u2018Dia del Huila\u2019 donde todo va a girar en torno a las representaciones art\u00edsticas de nuestra regi\u00f3n con el acompa\u00f1amiento de la banda sinf\u00f3nica y artistas locales\u201d, afirm\u00f3 Bestsab\u00e9 Polania, secretaria de cultura.<\/p>\n<p>Un total de 28 propuestas de autores huilenses de diferentes municipios fueron seleccionadas tras una convocatoria que tuvo la finalidad de llevar lo mejor de nuestra literatura ante los ojos de Colombia y el mundo.<\/p>\n<p>\u201cDurante los 17 d\u00edas presentaremos cada uno de los libros y van a tener ustedes contacto directo con los escritores. Tendremos invitadas especiales en el stand como Margarita Serje y Erna Von-Derwalde, investigadoras internacionales que adem\u00e1s recorrer\u00e1n el departamento y los municipios de Rivera y San Agust\u00edn para hacer un trabajo de observaci\u00f3n,\u201d, complement\u00f3 la funcionaria.<\/p>\n<p>La programaci\u00f3n cultural y acad\u00e9mica de la FILBo no solo estar\u00e1 dedicada a la naturaleza y a los estilos de vida innovadores, sino que tendr\u00e1 la exposici\u00f3n Centenario Vor\u00e1gine, una celebraci\u00f3n por los 100 a\u00f1os de esta obra, donde se exhibir\u00e1n archivos hist\u00f3ricos y fotogr\u00e1ficos de la Biblioteca Nacional de Colombia y otras instituciones internacionales, las cuales, son evidencia de la vasta regi\u00f3n retratada por Jos\u00e9 Eustasio Rivera.<\/p>\n<p>\u201cPara la Gobernaci\u00f3n del Huila y desde luego para la Secretar\u00eda de Cultura, que viene desarrollando y orientando estos procesos, es el a\u00f1o de m\u00e1s importancia porque nosotros tenemos un personaje ilustre en el departamento que es el autor de La Vor\u00e1gine y que es protagonista de todo el evento. La decoraci\u00f3n que va a tener corferias en sus stands tiene que ver con lo referente a la obra principal del autor huilense\u201d, concluy\u00f3 Bestab\u00e9 Polania.<\/p>\n<p>Adem\u00e1s del Huila, Neiva ser\u00e1 invitada especial como Destino Literario y a nivel internacional, Brasil fue escogido como pa\u00eds invitado de honor en esta feria que promete dar un fest\u00edn literario a los amantes de la lectura y la cultura.<\/p>\n","protected":false},"excerpt":{"rendered":"<p>En la edici\u00f3n 36\u00b0 de la Feria Internacional del Libro que se llevar\u00e1 a cabo en la ciudad de Bogot\u00e1 y que tiene como prop\u00f3sito unir a todo el pa\u00eds en torno a la pasi\u00f3n por la lectura, el Huila oficiar\u00e1 como departamento invitado en la celebraci\u00f3n del centenario de La Vor\u00e1gine, obra cumbre del [&hellip;]<\/p>\n","protected":false},"author":2,"featured_media":71940,"comment_status":"closed","ping_status":"open","sticky":false,"template":"","format":"standard","meta":{"footnotes":""},"categories":[33],"tags":[],"class_list":["post-71939","post","type-post","status-publish","format-standard","has-post-thumbnail","hentry","category-huila"],"yoast_head":"<!-- This site is optimized with the Yoast SEO plugin v26.6 - https:\/\/yoast.com\/wordpress\/plugins\/seo\/ -->\n<title>Huila y su participaci\u00f3n en la Feria del Libro -<\/title>\n<meta name=\"robots\" content=\"index, follow, max-snippet:-1, max-image-preview:large, max-video-preview:-1\" \/>\n<link rel=\"canonical\" href=\"https:\/\/luchonoticias.com\/editor\/huila-y-su-participacion-en-la-feria-del-libro\/\" \/>\n<meta property=\"og:locale\" content=\"es_ES\" \/>\n<meta property=\"og:type\" content=\"article\" \/>\n<meta property=\"og:title\" content=\"Huila y su participaci\u00f3n en la Feria del Libro -\" \/>\n<meta property=\"og:url\" content=\"https:\/\/luchonoticias.com\/editor\/huila-y-su-participacion-en-la-feria-del-libro\/\" \/>\n<meta property=\"article:publisher\" content=\"https:\/\/www.facebook.com\/luchonoticiasneiva\" \/>\n<meta property=\"article:published_time\" content=\"2024-04-10T00:26:10+00:00\" \/>\n<meta property=\"og:image\" content=\"https:\/\/luchonoticias.com\/editor\/wp-content\/uploads\/2024\/04\/cultura-huila.jpg\" \/>\n\t<meta property=\"og:image:width\" content=\"700\" \/>\n\t<meta property=\"og:image:height\" content=\"400\" \/>\n\t<meta property=\"og:image:type\" content=\"image\/jpeg\" \/>\n<meta name=\"author\" content=\"Editor General\" \/>\n<meta name=\"twitter:card\" content=\"summary_large_image\" \/>\n<meta name=\"twitter:label1\" content=\"Escrito por\" \/>\n\t<meta name=\"twitter:data1\" content=\"Editor General\" \/>\n\t<meta name=\"twitter:label2\" content=\"Tiempo de lectura\" \/>\n\t<meta name=\"twitter:data2\" content=\"2 minutos\" \/>\n<script type=\"application\/ld+json\" class=\"yoast-schema-graph\">{\"@context\":\"https:\/\/schema.org\",\"@graph\":[{\"@type\":\"Article\",\"@id\":\"https:\/\/luchonoticias.com\/editor\/huila-y-su-participacion-en-la-feria-del-libro\/#article\",\"isPartOf\":{\"@id\":\"https:\/\/luchonoticias.com\/editor\/huila-y-su-participacion-en-la-feria-del-libro\/\"},\"author\":{\"name\":\"Editor General\",\"@id\":\"https:\/\/luchonoticias.com\/editor\/#\/schema\/person\/29217990ddf6f14e35912b2866d591fb\"},\"headline\":\"Huila y su participaci\u00f3n en la Feria del Libro\",\"datePublished\":\"2024-04-10T00:26:10+00:00\",\"mainEntityOfPage\":{\"@id\":\"https:\/\/luchonoticias.com\/editor\/huila-y-su-participacion-en-la-feria-del-libro\/\"},\"wordCount\":497,\"publisher\":{\"@id\":\"https:\/\/luchonoticias.com\/editor\/#\/schema\/person\/7a7fd911f58561fd056dbac7b55af9cd\"},\"image\":{\"@id\":\"https:\/\/luchonoticias.com\/editor\/huila-y-su-participacion-en-la-feria-del-libro\/#primaryimage\"},\"thumbnailUrl\":\"https:\/\/luchonoticias.com\/editor\/wp-content\/uploads\/2024\/04\/cultura-huila.jpg\",\"articleSection\":[\"Huila\"],\"inLanguage\":\"es\"},{\"@type\":\"WebPage\",\"@id\":\"https:\/\/luchonoticias.com\/editor\/huila-y-su-participacion-en-la-feria-del-libro\/\",\"url\":\"https:\/\/luchonoticias.com\/editor\/huila-y-su-participacion-en-la-feria-del-libro\/\",\"name\":\"Huila y su participaci\u00f3n en la Feria del Libro -\",\"isPartOf\":{\"@id\":\"https:\/\/luchonoticias.com\/editor\/#website\"},\"primaryImageOfPage\":{\"@id\":\"https:\/\/luchonoticias.com\/editor\/huila-y-su-participacion-en-la-feria-del-libro\/#primaryimage\"},\"image\":{\"@id\":\"https:\/\/luchonoticias.com\/editor\/huila-y-su-participacion-en-la-feria-del-libro\/#primaryimage\"},\"thumbnailUrl\":\"https:\/\/luchonoticias.com\/editor\/wp-content\/uploads\/2024\/04\/cultura-huila.jpg\",\"datePublished\":\"2024-04-10T00:26:10+00:00\",\"breadcrumb\":{\"@id\":\"https:\/\/luchonoticias.com\/editor\/huila-y-su-participacion-en-la-feria-del-libro\/#breadcrumb\"},\"inLanguage\":\"es\",\"potentialAction\":[{\"@type\":\"ReadAction\",\"target\":[\"https:\/\/luchonoticias.com\/editor\/huila-y-su-participacion-en-la-feria-del-libro\/\"]}]},{\"@type\":\"ImageObject\",\"inLanguage\":\"es\",\"@id\":\"https:\/\/luchonoticias.com\/editor\/huila-y-su-participacion-en-la-feria-del-libro\/#primaryimage\",\"url\":\"https:\/\/luchonoticias.com\/editor\/wp-content\/uploads\/2024\/04\/cultura-huila.jpg\",\"contentUrl\":\"https:\/\/luchonoticias.com\/editor\/wp-content\/uploads\/2024\/04\/cultura-huila.jpg\",\"width\":700,\"height\":400},{\"@type\":\"BreadcrumbList\",\"@id\":\"https:\/\/luchonoticias.com\/editor\/huila-y-su-participacion-en-la-feria-del-libro\/#breadcrumb\",\"itemListElement\":[{\"@type\":\"ListItem\",\"position\":1,\"name\":\"Portada\",\"item\":\"https:\/\/luchonoticias.com\/editor\/\"},{\"@type\":\"ListItem\",\"position\":2,\"name\":\"Huila y su participaci\u00f3n en la Feria del Libro\"}]},{\"@type\":\"WebSite\",\"@id\":\"https:\/\/luchonoticias.com\/editor\/#website\",\"url\":\"https:\/\/luchonoticias.com\/editor\/\",\"name\":\"\",\"description\":\"\",\"publisher\":{\"@id\":\"https:\/\/luchonoticias.com\/editor\/#\/schema\/person\/7a7fd911f58561fd056dbac7b55af9cd\"},\"potentialAction\":[{\"@type\":\"SearchAction\",\"target\":{\"@type\":\"EntryPoint\",\"urlTemplate\":\"https:\/\/luchonoticias.com\/editor\/?s={search_term_string}\"},\"query-input\":{\"@type\":\"PropertyValueSpecification\",\"valueRequired\":true,\"valueName\":\"search_term_string\"}}],\"inLanguage\":\"es\"},{\"@type\":[\"Person\",\"Organization\"],\"@id\":\"https:\/\/luchonoticias.com\/editor\/#\/schema\/person\/7a7fd911f58561fd056dbac7b55af9cd\",\"name\":\"admin\",\"image\":{\"@type\":\"ImageObject\",\"inLanguage\":\"es\",\"@id\":\"https:\/\/luchonoticias.com\/editor\/#\/schema\/person\/image\/\",\"url\":\"https:\/\/luchonoticias.com\/editor\/wp-content\/uploads\/2024\/02\/cropped-cropped-logolu.webp\",\"contentUrl\":\"https:\/\/luchonoticias.com\/editor\/wp-content\/uploads\/2024\/02\/cropped-cropped-logolu.webp\",\"width\":382,\"height\":170,\"caption\":\"admin\"},\"logo\":{\"@id\":\"https:\/\/luchonoticias.com\/editor\/#\/schema\/person\/image\/\"},\"sameAs\":[\"https:\/\/www.facebook.com\/luchonoticiasneiva\"]},{\"@type\":\"Person\",\"@id\":\"https:\/\/luchonoticias.com\/editor\/#\/schema\/person\/29217990ddf6f14e35912b2866d591fb\",\"name\":\"Editor General\",\"image\":{\"@type\":\"ImageObject\",\"inLanguage\":\"es\",\"@id\":\"https:\/\/luchonoticias.com\/editor\/#\/schema\/person\/image\/\",\"url\":\"https:\/\/luchonoticias.com\/editor\/wp-content\/uploads\/2024\/02\/cropped-cropped-logolu-150x150.webp\",\"contentUrl\":\"https:\/\/luchonoticias.com\/editor\/wp-content\/uploads\/2024\/02\/cropped-cropped-logolu-150x150.webp\",\"caption\":\"Editor General\"},\"sameAs\":[\"https:\/\/luchonoticias.com\/\"],\"url\":\"https:\/\/luchonoticias.com\/editor\/author\/editor-general\/\"}]}<\/script>\n<!-- \/ Yoast SEO plugin. -->","yoast_head_json":{"title":"Huila y su participaci\u00f3n en la Feria del Libro -","robots":{"index":"index","follow":"follow","max-snippet":"max-snippet:-1","max-image-preview":"max-image-preview:large","max-video-preview":"max-video-preview:-1"},"canonical":"https:\/\/luchonoticias.com\/editor\/huila-y-su-participacion-en-la-feria-del-libro\/","og_locale":"es_ES","og_type":"article","og_title":"Huila y su participaci\u00f3n en la Feria del Libro -","og_url":"https:\/\/luchonoticias.com\/editor\/huila-y-su-participacion-en-la-feria-del-libro\/","article_publisher":"https:\/\/www.facebook.com\/luchonoticiasneiva","article_published_time":"2024-04-10T00:26:10+00:00","og_image":[{"width":700,"height":400,"url":"https:\/\/luchonoticias.com\/editor\/wp-content\/uploads\/2024\/04\/cultura-huila.jpg","type":"image\/jpeg"}],"author":"Editor General","twitter_card":"summary_large_image","twitter_misc":{"Escrito por":"Editor General","Tiempo de lectura":"2 minutos"},"schema":{"@context":"https:\/\/schema.org","@graph":[{"@type":"Article","@id":"https:\/\/luchonoticias.com\/editor\/huila-y-su-participacion-en-la-feria-del-libro\/#article","isPartOf":{"@id":"https:\/\/luchonoticias.com\/editor\/huila-y-su-participacion-en-la-feria-del-libro\/"},"author":{"name":"Editor General","@id":"https:\/\/luchonoticias.com\/editor\/#\/schema\/person\/29217990ddf6f14e35912b2866d591fb"},"headline":"Huila y su participaci\u00f3n en la Feria del Libro","datePublished":"2024-04-10T00:26:10+00:00","mainEntityOfPage":{"@id":"https:\/\/luchonoticias.com\/editor\/huila-y-su-participacion-en-la-feria-del-libro\/"},"wordCount":497,"publisher":{"@id":"https:\/\/luchonoticias.com\/editor\/#\/schema\/person\/7a7fd911f58561fd056dbac7b55af9cd"},"image":{"@id":"https:\/\/luchonoticias.com\/editor\/huila-y-su-participacion-en-la-feria-del-libro\/#primaryimage"},"thumbnailUrl":"https:\/\/luchonoticias.com\/editor\/wp-content\/uploads\/2024\/04\/cultura-huila.jpg","articleSection":["Huila"],"inLanguage":"es"},{"@type":"WebPage","@id":"https:\/\/luchonoticias.com\/editor\/huila-y-su-participacion-en-la-feria-del-libro\/","url":"https:\/\/luchonoticias.com\/editor\/huila-y-su-participacion-en-la-feria-del-libro\/","name":"Huila y su participaci\u00f3n en la Feria del Libro -","isPartOf":{"@id":"https:\/\/luchonoticias.com\/editor\/#website"},"primaryImageOfPage":{"@id":"https:\/\/luchonoticias.com\/editor\/huila-y-su-participacion-en-la-feria-del-libro\/#primaryimage"},"image":{"@id":"https:\/\/luchonoticias.com\/editor\/huila-y-su-participacion-en-la-feria-del-libro\/#primaryimage"},"thumbnailUrl":"https:\/\/luchonoticias.com\/editor\/wp-content\/uploads\/2024\/04\/cultura-huila.jpg","datePublished":"2024-04-10T00:26:10+00:00","breadcrumb":{"@id":"https:\/\/luchonoticias.com\/editor\/huila-y-su-participacion-en-la-feria-del-libro\/#breadcrumb"},"inLanguage":"es","potentialAction":[{"@type":"ReadAction","target":["https:\/\/luchonoticias.com\/editor\/huila-y-su-participacion-en-la-feria-del-libro\/"]}]},{"@type":"ImageObject","inLanguage":"es","@id":"https:\/\/luchonoticias.com\/editor\/huila-y-su-participacion-en-la-feria-del-libro\/#primaryimage","url":"https:\/\/luchonoticias.com\/editor\/wp-content\/uploads\/2024\/04\/cultura-huila.jpg","contentUrl":"https:\/\/luchonoticias.com\/editor\/wp-content\/uploads\/2024\/04\/cultura-huila.jpg","width":700,"height":400},{"@type":"BreadcrumbList","@id":"https:\/\/luchonoticias.com\/editor\/huila-y-su-participacion-en-la-feria-del-libro\/#breadcrumb","itemListElement":[{"@type":"ListItem","position":1,"name":"Portada","item":"https:\/\/luchonoticias.com\/editor\/"},{"@type":"ListItem","position":2,"name":"Huila y su participaci\u00f3n en la Feria del Libro"}]},{"@type":"WebSite","@id":"https:\/\/luchonoticias.com\/editor\/#website","url":"https:\/\/luchonoticias.com\/editor\/","name":"","description":"","publisher":{"@id":"https:\/\/luchonoticias.com\/editor\/#\/schema\/person\/7a7fd911f58561fd056dbac7b55af9cd"},"potentialAction":[{"@type":"SearchAction","target":{"@type":"EntryPoint","urlTemplate":"https:\/\/luchonoticias.com\/editor\/?s={search_term_string}"},"query-input":{"@type":"PropertyValueSpecification","valueRequired":true,"valueName":"search_term_string"}}],"inLanguage":"es"},{"@type":["Person","Organization"],"@id":"https:\/\/luchonoticias.com\/editor\/#\/schema\/person\/7a7fd911f58561fd056dbac7b55af9cd","name":"admin","image":{"@type":"ImageObject","inLanguage":"es","@id":"https:\/\/luchonoticias.com\/editor\/#\/schema\/person\/image\/","url":"https:\/\/luchonoticias.com\/editor\/wp-content\/uploads\/2024\/02\/cropped-cropped-logolu.webp","contentUrl":"https:\/\/luchonoticias.com\/editor\/wp-content\/uploads\/2024\/02\/cropped-cropped-logolu.webp","width":382,"height":170,"caption":"admin"},"logo":{"@id":"https:\/\/luchonoticias.com\/editor\/#\/schema\/person\/image\/"},"sameAs":["https:\/\/www.facebook.com\/luchonoticiasneiva"]},{"@type":"Person","@id":"https:\/\/luchonoticias.com\/editor\/#\/schema\/person\/29217990ddf6f14e35912b2866d591fb","name":"Editor General","image":{"@type":"ImageObject","inLanguage":"es","@id":"https:\/\/luchonoticias.com\/editor\/#\/schema\/person\/image\/","url":"https:\/\/luchonoticias.com\/editor\/wp-content\/uploads\/2024\/02\/cropped-cropped-logolu-150x150.webp","contentUrl":"https:\/\/luchonoticias.com\/editor\/wp-content\/uploads\/2024\/02\/cropped-cropped-logolu-150x150.webp","caption":"Editor General"},"sameAs":["https:\/\/luchonoticias.com\/"],"url":"https:\/\/luchonoticias.com\/editor\/author\/editor-general\/"}]}},"_links":{"self":[{"href":"https:\/\/luchonoticias.com\/editor\/wp-json\/wp\/v2\/posts\/71939","targetHints":{"allow":["GET"]}}],"collection":[{"href":"https:\/\/luchonoticias.com\/editor\/wp-json\/wp\/v2\/posts"}],"about":[{"href":"https:\/\/luchonoticias.com\/editor\/wp-json\/wp\/v2\/types\/post"}],"author":[{"embeddable":true,"href":"https:\/\/luchonoticias.com\/editor\/wp-json\/wp\/v2\/users\/2"}],"replies":[{"embeddable":true,"href":"https:\/\/luchonoticias.com\/editor\/wp-json\/wp\/v2\/comments?post=71939"}],"version-history":[{"count":0,"href":"https:\/\/luchonoticias.com\/editor\/wp-json\/wp\/v2\/posts\/71939\/revisions"}],"wp:featuredmedia":[{"embeddable":true,"href":"https:\/\/luchonoticias.com\/editor\/wp-json\/wp\/v2\/media\/71940"}],"wp:attachment":[{"href":"https:\/\/luchonoticias.com\/editor\/wp-json\/wp\/v2\/media?parent=71939"}],"wp:term":[{"taxonomy":"category","embeddable":true,"href":"https:\/\/luchonoticias.com\/editor\/wp-json\/wp\/v2\/categories?post=71939"},{"taxonomy":"post_tag","embeddable":true,"href":"https:\/\/luchonoticias.com\/editor\/wp-json\/wp\/v2\/tags?post=71939"}],"curies":[{"name":"wp","href":"https:\/\/api.w.org\/{rel}","templated":true}]}}