{"id":71948,"date":"2024-04-10T05:33:15","date_gmt":"2024-04-10T10:33:15","guid":{"rendered":"https:\/\/luchonoticias.com\/?p=71948"},"modified":"2024-04-10T05:33:15","modified_gmt":"2024-04-10T10:33:15","slug":"posesionada-nueva-secretaria-general-de-la-gobernacion-del-huila","status":"publish","type":"post","link":"https:\/\/luchonoticias.com\/editor\/posesionada-nueva-secretaria-general-de-la-gobernacion-del-huila\/","title":{"rendered":"Posesionada nueva Secretaria General de la Gobernaci\u00f3n del Huila"},"content":{"rendered":"<p>Ante el gobernador del Huila, Rodrigo Villalba, firm\u00f3 acta de posesi\u00f3n, Mar\u00eda Liliana Quimbaya, como nueva secretaria General de la Gobernaci\u00f3n del Huila.<\/p>\n<p>La profesional con m\u00e1s de 15 a\u00f1os de experiencia profesional enfocados en el desarrollo de procesos de gesti\u00f3n, planeaci\u00f3n financiera, dise\u00f1o, implementaci\u00f3n, seguimiento y evaluaci\u00f3n de pol\u00edticas p\u00fablicas ya es parte del gabinete departamental.<\/p>\n<p>Liliana Quimbaya se ha desempe\u00f1ado en cargos como asesora del Despacho de la Alcald\u00eda del Municipio de Neiva , Gerente Empresa Social del Estado Carmen Emilia Ospina del municipio de Neiva, Subdirectora de Salud e integraci\u00f3n social de la Contralor\u00eda Distrital de Bogot\u00e1, Coordinadora Bogot\u00e1 D.C y Cundinamarca- EPS Solsalud, asesora para el Ministerio de Salud y Protecci\u00f3n Social y Enlace Territorial para el departamento del Huila con la Fundaci\u00f3n Colombiana para a Desarrollo \u2013 FUCOLDE (Convenio de Asociaci\u00f3n 371 De 2022 \u2013 Agencia Nacional de Hidrocarburos).<\/p>\n<p>La Secretaria General de la gobernaci\u00f3n del Huila es profesional en Odontolog\u00eda, con especializaci\u00f3n en Gerencia en Instituciones de Seguridad Social en Salud y Epidemiolog\u00eda.<\/p>\n","protected":false},"excerpt":{"rendered":"<p>Ante el gobernador del Huila, Rodrigo Villalba, firm\u00f3 acta de posesi\u00f3n, Mar\u00eda Liliana Quimbaya, como nueva secretaria General de la Gobernaci\u00f3n del Huila. La profesional con m\u00e1s de 15 a\u00f1os de experiencia profesional enfocados en el desarrollo de procesos de gesti\u00f3n, planeaci\u00f3n financiera, dise\u00f1o, implementaci\u00f3n, seguimiento y evaluaci\u00f3n de pol\u00edticas p\u00fablicas ya es parte del [&hellip;]<\/p>\n","protected":false},"author":2,"featured_media":71949,"comment_status":"closed","ping_status":"open","sticky":false,"template":"","format":"standard","meta":{"footnotes":""},"categories":[33],"tags":[],"class_list":["post-71948","post","type-post","status-publish","format-standard","has-post-thumbnail","hentry","category-huila"],"yoast_head":"<!-- This site is optimized with the Yoast SEO plugin v26.6 - https:\/\/yoast.com\/wordpress\/plugins\/seo\/ -->\n<title>Posesionada nueva Secretaria General de la Gobernaci\u00f3n del Huila -<\/title>\n<meta name=\"robots\" content=\"index, follow, max-snippet:-1, max-image-preview:large, max-video-preview:-1\" \/>\n<link rel=\"canonical\" href=\"https:\/\/luchonoticias.com\/editor\/posesionada-nueva-secretaria-general-de-la-gobernacion-del-huila\/\" \/>\n<meta property=\"og:locale\" content=\"es_ES\" \/>\n<meta property=\"og:type\" content=\"article\" \/>\n<meta property=\"og:title\" content=\"Posesionada nueva Secretaria General de la Gobernaci\u00f3n del Huila -\" \/>\n<meta property=\"og:url\" content=\"https:\/\/luchonoticias.com\/editor\/posesionada-nueva-secretaria-general-de-la-gobernacion-del-huila\/\" \/>\n<meta property=\"article:publisher\" content=\"https:\/\/www.facebook.com\/luchonoticiasneiva\" \/>\n<meta property=\"article:published_time\" content=\"2024-04-10T10:33:15+00:00\" \/>\n<meta property=\"og:image\" content=\"https:\/\/luchonoticias.com\/editor\/wp-content\/uploads\/2024\/04\/nueva-secretaria-general.jpg\" \/>\n\t<meta property=\"og:image:width\" content=\"700\" \/>\n\t<meta property=\"og:image:height\" content=\"400\" \/>\n\t<meta property=\"og:image:type\" content=\"image\/jpeg\" \/>\n<meta name=\"author\" content=\"Editor General\" \/>\n<meta name=\"twitter:card\" content=\"summary_large_image\" \/>\n<meta name=\"twitter:label1\" content=\"Escrito por\" \/>\n\t<meta name=\"twitter:data1\" content=\"Editor General\" \/>\n\t<meta name=\"twitter:label2\" content=\"Tiempo de lectura\" \/>\n\t<meta name=\"twitter:data2\" content=\"1 minuto\" \/>\n<script type=\"application\/ld+json\" class=\"yoast-schema-graph\">{\"@context\":\"https:\/\/schema.org\",\"@graph\":[{\"@type\":\"Article\",\"@id\":\"https:\/\/luchonoticias.com\/editor\/posesionada-nueva-secretaria-general-de-la-gobernacion-del-huila\/#article\",\"isPartOf\":{\"@id\":\"https:\/\/luchonoticias.com\/editor\/posesionada-nueva-secretaria-general-de-la-gobernacion-del-huila\/\"},\"author\":{\"name\":\"Editor General\",\"@id\":\"https:\/\/luchonoticias.com\/editor\/#\/schema\/person\/29217990ddf6f14e35912b2866d591fb\"},\"headline\":\"Posesionada nueva Secretaria General de la Gobernaci\u00f3n del Huila\",\"datePublished\":\"2024-04-10T10:33:15+00:00\",\"mainEntityOfPage\":{\"@id\":\"https:\/\/luchonoticias.com\/editor\/posesionada-nueva-secretaria-general-de-la-gobernacion-del-huila\/\"},\"wordCount\":197,\"publisher\":{\"@id\":\"https:\/\/luchonoticias.com\/editor\/#\/schema\/person\/7a7fd911f58561fd056dbac7b55af9cd\"},\"image\":{\"@id\":\"https:\/\/luchonoticias.com\/editor\/posesionada-nueva-secretaria-general-de-la-gobernacion-del-huila\/#primaryimage\"},\"thumbnailUrl\":\"https:\/\/luchonoticias.com\/editor\/wp-content\/uploads\/2024\/04\/nueva-secretaria-general.jpg\",\"articleSection\":[\"Huila\"],\"inLanguage\":\"es\"},{\"@type\":\"WebPage\",\"@id\":\"https:\/\/luchonoticias.com\/editor\/posesionada-nueva-secretaria-general-de-la-gobernacion-del-huila\/\",\"url\":\"https:\/\/luchonoticias.com\/editor\/posesionada-nueva-secretaria-general-de-la-gobernacion-del-huila\/\",\"name\":\"Posesionada nueva Secretaria General de la Gobernaci\u00f3n del Huila -\",\"isPartOf\":{\"@id\":\"https:\/\/luchonoticias.com\/editor\/#website\"},\"primaryImageOfPage\":{\"@id\":\"https:\/\/luchonoticias.com\/editor\/posesionada-nueva-secretaria-general-de-la-gobernacion-del-huila\/#primaryimage\"},\"image\":{\"@id\":\"https:\/\/luchonoticias.com\/editor\/posesionada-nueva-secretaria-general-de-la-gobernacion-del-huila\/#primaryimage\"},\"thumbnailUrl\":\"https:\/\/luchonoticias.com\/editor\/wp-content\/uploads\/2024\/04\/nueva-secretaria-general.jpg\",\"datePublished\":\"2024-04-10T10:33:15+00:00\",\"breadcrumb\":{\"@id\":\"https:\/\/luchonoticias.com\/editor\/posesionada-nueva-secretaria-general-de-la-gobernacion-del-huila\/#breadcrumb\"},\"inLanguage\":\"es\",\"potentialAction\":[{\"@type\":\"ReadAction\",\"target\":[\"https:\/\/luchonoticias.com\/editor\/posesionada-nueva-secretaria-general-de-la-gobernacion-del-huila\/\"]}]},{\"@type\":\"ImageObject\",\"inLanguage\":\"es\",\"@id\":\"https:\/\/luchonoticias.com\/editor\/posesionada-nueva-secretaria-general-de-la-gobernacion-del-huila\/#primaryimage\",\"url\":\"https:\/\/luchonoticias.com\/editor\/wp-content\/uploads\/2024\/04\/nueva-secretaria-general.jpg\",\"contentUrl\":\"https:\/\/luchonoticias.com\/editor\/wp-content\/uploads\/2024\/04\/nueva-secretaria-general.jpg\",\"width\":700,\"height\":400},{\"@type\":\"BreadcrumbList\",\"@id\":\"https:\/\/luchonoticias.com\/editor\/posesionada-nueva-secretaria-general-de-la-gobernacion-del-huila\/#breadcrumb\",\"itemListElement\":[{\"@type\":\"ListItem\",\"position\":1,\"name\":\"Portada\",\"item\":\"https:\/\/luchonoticias.com\/editor\/\"},{\"@type\":\"ListItem\",\"position\":2,\"name\":\"Posesionada nueva Secretaria General de la Gobernaci\u00f3n del Huila\"}]},{\"@type\":\"WebSite\",\"@id\":\"https:\/\/luchonoticias.com\/editor\/#website\",\"url\":\"https:\/\/luchonoticias.com\/editor\/\",\"name\":\"\",\"description\":\"\",\"publisher\":{\"@id\":\"https:\/\/luchonoticias.com\/editor\/#\/schema\/person\/7a7fd911f58561fd056dbac7b55af9cd\"},\"potentialAction\":[{\"@type\":\"SearchAction\",\"target\":{\"@type\":\"EntryPoint\",\"urlTemplate\":\"https:\/\/luchonoticias.com\/editor\/?s={search_term_string}\"},\"query-input\":{\"@type\":\"PropertyValueSpecification\",\"valueRequired\":true,\"valueName\":\"search_term_string\"}}],\"inLanguage\":\"es\"},{\"@type\":[\"Person\",\"Organization\"],\"@id\":\"https:\/\/luchonoticias.com\/editor\/#\/schema\/person\/7a7fd911f58561fd056dbac7b55af9cd\",\"name\":\"admin\",\"image\":{\"@type\":\"ImageObject\",\"inLanguage\":\"es\",\"@id\":\"https:\/\/luchonoticias.com\/editor\/#\/schema\/person\/image\/\",\"url\":\"https:\/\/luchonoticias.com\/editor\/wp-content\/uploads\/2024\/02\/cropped-cropped-logolu.webp\",\"contentUrl\":\"https:\/\/luchonoticias.com\/editor\/wp-content\/uploads\/2024\/02\/cropped-cropped-logolu.webp\",\"width\":382,\"height\":170,\"caption\":\"admin\"},\"logo\":{\"@id\":\"https:\/\/luchonoticias.com\/editor\/#\/schema\/person\/image\/\"},\"sameAs\":[\"https:\/\/www.facebook.com\/luchonoticiasneiva\"]},{\"@type\":\"Person\",\"@id\":\"https:\/\/luchonoticias.com\/editor\/#\/schema\/person\/29217990ddf6f14e35912b2866d591fb\",\"name\":\"Editor General\",\"image\":{\"@type\":\"ImageObject\",\"inLanguage\":\"es\",\"@id\":\"https:\/\/luchonoticias.com\/editor\/#\/schema\/person\/image\/\",\"url\":\"https:\/\/luchonoticias.com\/editor\/wp-content\/uploads\/2024\/02\/cropped-cropped-logolu-150x150.webp\",\"contentUrl\":\"https:\/\/luchonoticias.com\/editor\/wp-content\/uploads\/2024\/02\/cropped-cropped-logolu-150x150.webp\",\"caption\":\"Editor General\"},\"sameAs\":[\"https:\/\/luchonoticias.com\/\"],\"url\":\"https:\/\/luchonoticias.com\/editor\/author\/editor-general\/\"}]}<\/script>\n<!-- \/ Yoast SEO plugin. -->","yoast_head_json":{"title":"Posesionada nueva Secretaria General de la Gobernaci\u00f3n del Huila -","robots":{"index":"index","follow":"follow","max-snippet":"max-snippet:-1","max-image-preview":"max-image-preview:large","max-video-preview":"max-video-preview:-1"},"canonical":"https:\/\/luchonoticias.com\/editor\/posesionada-nueva-secretaria-general-de-la-gobernacion-del-huila\/","og_locale":"es_ES","og_type":"article","og_title":"Posesionada nueva Secretaria General de la Gobernaci\u00f3n del Huila -","og_url":"https:\/\/luchonoticias.com\/editor\/posesionada-nueva-secretaria-general-de-la-gobernacion-del-huila\/","article_publisher":"https:\/\/www.facebook.com\/luchonoticiasneiva","article_published_time":"2024-04-10T10:33:15+00:00","og_image":[{"width":700,"height":400,"url":"https:\/\/luchonoticias.com\/editor\/wp-content\/uploads\/2024\/04\/nueva-secretaria-general.jpg","type":"image\/jpeg"}],"author":"Editor General","twitter_card":"summary_large_image","twitter_misc":{"Escrito por":"Editor General","Tiempo de lectura":"1 minuto"},"schema":{"@context":"https:\/\/schema.org","@graph":[{"@type":"Article","@id":"https:\/\/luchonoticias.com\/editor\/posesionada-nueva-secretaria-general-de-la-gobernacion-del-huila\/#article","isPartOf":{"@id":"https:\/\/luchonoticias.com\/editor\/posesionada-nueva-secretaria-general-de-la-gobernacion-del-huila\/"},"author":{"name":"Editor General","@id":"https:\/\/luchonoticias.com\/editor\/#\/schema\/person\/29217990ddf6f14e35912b2866d591fb"},"headline":"Posesionada nueva Secretaria General de la Gobernaci\u00f3n del Huila","datePublished":"2024-04-10T10:33:15+00:00","mainEntityOfPage":{"@id":"https:\/\/luchonoticias.com\/editor\/posesionada-nueva-secretaria-general-de-la-gobernacion-del-huila\/"},"wordCount":197,"publisher":{"@id":"https:\/\/luchonoticias.com\/editor\/#\/schema\/person\/7a7fd911f58561fd056dbac7b55af9cd"},"image":{"@id":"https:\/\/luchonoticias.com\/editor\/posesionada-nueva-secretaria-general-de-la-gobernacion-del-huila\/#primaryimage"},"thumbnailUrl":"https:\/\/luchonoticias.com\/editor\/wp-content\/uploads\/2024\/04\/nueva-secretaria-general.jpg","articleSection":["Huila"],"inLanguage":"es"},{"@type":"WebPage","@id":"https:\/\/luchonoticias.com\/editor\/posesionada-nueva-secretaria-general-de-la-gobernacion-del-huila\/","url":"https:\/\/luchonoticias.com\/editor\/posesionada-nueva-secretaria-general-de-la-gobernacion-del-huila\/","name":"Posesionada nueva Secretaria General de la Gobernaci\u00f3n del Huila -","isPartOf":{"@id":"https:\/\/luchonoticias.com\/editor\/#website"},"primaryImageOfPage":{"@id":"https:\/\/luchonoticias.com\/editor\/posesionada-nueva-secretaria-general-de-la-gobernacion-del-huila\/#primaryimage"},"image":{"@id":"https:\/\/luchonoticias.com\/editor\/posesionada-nueva-secretaria-general-de-la-gobernacion-del-huila\/#primaryimage"},"thumbnailUrl":"https:\/\/luchonoticias.com\/editor\/wp-content\/uploads\/2024\/04\/nueva-secretaria-general.jpg","datePublished":"2024-04-10T10:33:15+00:00","breadcrumb":{"@id":"https:\/\/luchonoticias.com\/editor\/posesionada-nueva-secretaria-general-de-la-gobernacion-del-huila\/#breadcrumb"},"inLanguage":"es","potentialAction":[{"@type":"ReadAction","target":["https:\/\/luchonoticias.com\/editor\/posesionada-nueva-secretaria-general-de-la-gobernacion-del-huila\/"]}]},{"@type":"ImageObject","inLanguage":"es","@id":"https:\/\/luchonoticias.com\/editor\/posesionada-nueva-secretaria-general-de-la-gobernacion-del-huila\/#primaryimage","url":"https:\/\/luchonoticias.com\/editor\/wp-content\/uploads\/2024\/04\/nueva-secretaria-general.jpg","contentUrl":"https:\/\/luchonoticias.com\/editor\/wp-content\/uploads\/2024\/04\/nueva-secretaria-general.jpg","width":700,"height":400},{"@type":"BreadcrumbList","@id":"https:\/\/luchonoticias.com\/editor\/posesionada-nueva-secretaria-general-de-la-gobernacion-del-huila\/#breadcrumb","itemListElement":[{"@type":"ListItem","position":1,"name":"Portada","item":"https:\/\/luchonoticias.com\/editor\/"},{"@type":"ListItem","position":2,"name":"Posesionada nueva Secretaria General de la Gobernaci\u00f3n del Huila"}]},{"@type":"WebSite","@id":"https:\/\/luchonoticias.com\/editor\/#website","url":"https:\/\/luchonoticias.com\/editor\/","name":"","description":"","publisher":{"@id":"https:\/\/luchonoticias.com\/editor\/#\/schema\/person\/7a7fd911f58561fd056dbac7b55af9cd"},"potentialAction":[{"@type":"SearchAction","target":{"@type":"EntryPoint","urlTemplate":"https:\/\/luchonoticias.com\/editor\/?s={search_term_string}"},"query-input":{"@type":"PropertyValueSpecification","valueRequired":true,"valueName":"search_term_string"}}],"inLanguage":"es"},{"@type":["Person","Organization"],"@id":"https:\/\/luchonoticias.com\/editor\/#\/schema\/person\/7a7fd911f58561fd056dbac7b55af9cd","name":"admin","image":{"@type":"ImageObject","inLanguage":"es","@id":"https:\/\/luchonoticias.com\/editor\/#\/schema\/person\/image\/","url":"https:\/\/luchonoticias.com\/editor\/wp-content\/uploads\/2024\/02\/cropped-cropped-logolu.webp","contentUrl":"https:\/\/luchonoticias.com\/editor\/wp-content\/uploads\/2024\/02\/cropped-cropped-logolu.webp","width":382,"height":170,"caption":"admin"},"logo":{"@id":"https:\/\/luchonoticias.com\/editor\/#\/schema\/person\/image\/"},"sameAs":["https:\/\/www.facebook.com\/luchonoticiasneiva"]},{"@type":"Person","@id":"https:\/\/luchonoticias.com\/editor\/#\/schema\/person\/29217990ddf6f14e35912b2866d591fb","name":"Editor General","image":{"@type":"ImageObject","inLanguage":"es","@id":"https:\/\/luchonoticias.com\/editor\/#\/schema\/person\/image\/","url":"https:\/\/luchonoticias.com\/editor\/wp-content\/uploads\/2024\/02\/cropped-cropped-logolu-150x150.webp","contentUrl":"https:\/\/luchonoticias.com\/editor\/wp-content\/uploads\/2024\/02\/cropped-cropped-logolu-150x150.webp","caption":"Editor General"},"sameAs":["https:\/\/luchonoticias.com\/"],"url":"https:\/\/luchonoticias.com\/editor\/author\/editor-general\/"}]}},"_links":{"self":[{"href":"https:\/\/luchonoticias.com\/editor\/wp-json\/wp\/v2\/posts\/71948","targetHints":{"allow":["GET"]}}],"collection":[{"href":"https:\/\/luchonoticias.com\/editor\/wp-json\/wp\/v2\/posts"}],"about":[{"href":"https:\/\/luchonoticias.com\/editor\/wp-json\/wp\/v2\/types\/post"}],"author":[{"embeddable":true,"href":"https:\/\/luchonoticias.com\/editor\/wp-json\/wp\/v2\/users\/2"}],"replies":[{"embeddable":true,"href":"https:\/\/luchonoticias.com\/editor\/wp-json\/wp\/v2\/comments?post=71948"}],"version-history":[{"count":0,"href":"https:\/\/luchonoticias.com\/editor\/wp-json\/wp\/v2\/posts\/71948\/revisions"}],"wp:featuredmedia":[{"embeddable":true,"href":"https:\/\/luchonoticias.com\/editor\/wp-json\/wp\/v2\/media\/71949"}],"wp:attachment":[{"href":"https:\/\/luchonoticias.com\/editor\/wp-json\/wp\/v2\/media?parent=71948"}],"wp:term":[{"taxonomy":"category","embeddable":true,"href":"https:\/\/luchonoticias.com\/editor\/wp-json\/wp\/v2\/categories?post=71948"},{"taxonomy":"post_tag","embeddable":true,"href":"https:\/\/luchonoticias.com\/editor\/wp-json\/wp\/v2\/tags?post=71948"}],"curies":[{"name":"wp","href":"https:\/\/api.w.org\/{rel}","templated":true}]}}