{"id":71951,"date":"2024-04-10T05:37:26","date_gmt":"2024-04-10T10:37:26","guid":{"rendered":"https:\/\/luchonoticias.com\/?p=71951"},"modified":"2024-04-10T05:37:59","modified_gmt":"2024-04-10T10:37:59","slug":"se-instala-puesto-de-mando-unificado-por-el-derecho-a-la-salud","status":"publish","type":"post","link":"https:\/\/luchonoticias.com\/editor\/se-instala-puesto-de-mando-unificado-por-el-derecho-a-la-salud\/","title":{"rendered":"Se instala puesto de mando unificado por el derecho a la salud"},"content":{"rendered":"<div>Por instrucci\u00f3n presidencial fue instalado el Puesto de Mando Unificado (PMU) de la Salud, que har\u00e1 una evaluaci\u00f3n permanente al modelo de salud en el pa\u00eds, con \u00e9nfasis las EPS intervenidas, garantizando que contin\u00faen prestando sus servicios y que todos los afiliados reciban la mejor atenci\u00f3n en salud.<\/div>\n<div><\/div>\n<div>Se trata de un centro de monitoreo de la salud, liderado por el Ministerio de Salud e integrado por la Superintendencia Nacional de Salud, los interventores, el Ministerio de Hacienda y la Superintendencia Financiera, con participaci\u00f3n de los usuarios de la salud.<\/div>\n<div><\/div>\n<div>Esta instancia dar\u00e1 apertura a los entes de control para que hagan veedur\u00eda y vigilancia de los recursos del sector y garanticen el goce efectivo de los derechos a la salud de la poblaci\u00f3n colombiana.<\/div>\n<div><\/div>\n<div>En este marco, el Gobierno de Cambio insiste en la importancia de avanzar en la implementaci\u00f3n del modelo de Salud para la Vida, preventivo, predictivo y resolutivo, orientado a mejorar el acceso a los servicios de salud y a garantizar el derecho fundamental a todas las personas en el territorio nacional, sin discriminaci\u00f3n alguna.<\/div>\n<div><\/div>\n<div>El eje de este modelo de Salud para la Vida es la Atenci\u00f3n Primaria en Salud (APS), estrategia que busca acercar los servicios de salud a la poblaci\u00f3n, promover el desarrollo de condiciones de vida dignas y facilitar la acci\u00f3n comunitaria.<\/div>\n<div><\/div>\n<div>El modelo contempla una serie de acciones y estrategias orientadas a intervenir de manera anticipada los factores de riesgo f\u00edsicos y mentales para, de esta manera, mantener sana a la poblaci\u00f3n y, en caso de que enfermen, diagnosticarlas tempranamente.<\/div>\n<div><\/div>\n<div>Con base en informaci\u00f3n sociodemogr\u00e1fica, epidemiol\u00f3gica, cartogr\u00e1fica e intersectorial, el modelo desarrollar\u00e1 acciones de planificaci\u00f3n, intervenci\u00f3n e investigaci\u00f3n, para abordar de forma anticipada aquellas din\u00e1micas que vulneran la vida y la salud.<\/div>\n<div><\/div>\n<div>El modelo es resolutivo porque garantiza, en el lugar m\u00e1s adecuado, toda la atenci\u00f3n que las personas requieren cuando tienen alguna enfermedad, desde el nacimiento hasta la muerte.<\/div>\n<div><\/div>\n<h2>Caracter\u00edsticas del modelo de Salud para la Vida<\/h2>\n<div><\/div>\n<div>\u25cf Prevenci\u00f3n<\/div>\n<div><\/div>\n<div>\u25cf Promoci\u00f3n<\/div>\n<div><\/div>\n<div>\u25cf Predicci\u00f3n<\/div>\n<div><\/div>\n<div>\u25cf Dignidad<\/div>\n<div><\/div>\n<div>\u25cf No discriminaci\u00f3n<\/div>\n<div><\/div>\n<div>\u25cf Interculturalidad<\/div>\n<div><\/div>\n<div>\u25cf Gobernanza<\/div>\n<div><\/div>\n<div>\u25cf Participaci\u00f3n vinculante<\/div>\n<div><\/div>\n<div>\u25cf Descentralizaci\u00f3n<\/div>\n<div><\/div>\n<div>\u25cf Igualdad<\/div>\n<div><\/div>\n<div>\u25cf Enfoque diferencial y de g\u00e9nero<\/div>\n<div><\/div>\n<h2>Virtudes del modelo<\/h2>\n<div><\/div>\n<div><strong>\u2014Ampliaci\u00f3n de la cobertura<\/strong><\/div>\n<div><\/div>\n<div>El modelo mejorar\u00e1 el acceso a los servicios de salud, para que cada ciudadano tenga cerca a su lugar de residencia una instituci\u00f3n de salud a la que acudir, sin restricciones.<\/div>\n<div><\/div>\n<div><strong>\u2014Pol\u00edtica de trabajo digno<\/strong><\/div>\n<div><\/div>\n<div>El modelo avanzar\u00e1 en una pol\u00edtica integral de trabajo digno, decente y estable para el personal de la salud en todos sus niveles y \u00e1reas del conocimiento.<\/div>\n<div><\/div>\n<h2>Centros de Atenci\u00f3n Primaria en Salud (CAPS)<\/h2>\n<div><\/div>\n<div>\u2014Son las instituciones de salud cercanas a la poblaci\u00f3n y que se encargar\u00e1n de su cuidado integral, a las que se accede sin barreras, resuelven la mayor cantidad de necesidades en salud, atienden en el lugar m\u00e1s adecuado y acompa\u00f1an a lo largo de toda la vida.<\/div>\n<div><\/div>\n<div><strong>\u2014Red p\u00fablica hospitalaria moderna<\/strong><\/div>\n<div><\/div>\n<div>El modelo de Salud para la Vida se propone recuperar, fortalecer y modernizar la red p\u00fablica hospitalaria en todo el pa\u00eds, en particular en las zonas rurales y urbanas con baja cobertura de servicios de salud.<\/div>\n<div><\/div>\n<div><strong>\u2014M\u00fasculo financiero<\/strong><\/div>\n<div><\/div>\n<div>El sistema de salud tiene los recursos para el financiamiento de los servicios de salud de toda la poblaci\u00f3n, el pago oportuno a los hospitales y cl\u00ednicas y el pago justo a los trabajadores.<\/div>\n<div><\/div>\n<div><strong>\u2014Acceso equitativo a medicamentos<\/strong><\/div>\n<div><\/div>\n<div>Se busca generar estrategias de producci\u00f3n industrial local de vacunas y otros biotecnol\u00f3gicos, medicamentos, insumos, dispositivos y tecnolog\u00edas estrat\u00e9gicas para el pa\u00eds.<\/div>\n<div><\/div>\n<div><strong>\u2014Manejo transparente de los recursos\u00a0<\/strong><\/div>\n<div><\/div>\n<div>Todos los recursos del sistema ser\u00e1n manejados por la ADRES, que pagar\u00e1 directa y oportunamente a los hospitales y cl\u00ednicas.<\/div>\n<div><\/div>\n<div>Adem\u00e1s, todas las atenciones ser\u00e1n auditadas y las transacciones estar\u00e1n disponibles en el sistema de informaci\u00f3n, al que podr\u00e1n acceder los ciudadanos y las instituciones de control.<\/div>\n<div><\/div>\n<div><strong>\u2014El futuro de las EPS\u00a0<\/strong><\/div>\n<div><\/div>\n<div>Bajo este modelo continuar\u00e1n aquellas EPS que tengan \u00f3ptimos estados financieros y que est\u00e9n en la capacidad de ofrecer servicios de calidad. Se transformar\u00e1n en Gestoras de Salud y Vida para continuar aportando al sistema de salud en labores de auditor\u00eda, acceso oportuno a los servicios, mejora de eficiencia, entre otros.<\/div>\n<div><\/div>\n<div><strong>\u2014Planes de medicina prepagada<\/strong><\/div>\n<div><\/div>\n<div>Los planes de medicina prepagada o las p\u00f3lizas de salud seguir\u00e1n funcionando con normalidad.<\/div>\n","protected":false},"excerpt":{"rendered":"<p>Por instrucci\u00f3n presidencial fue instalado el Puesto de Mando Unificado (PMU) de la Salud, que har\u00e1 una evaluaci\u00f3n permanente al modelo de salud en el pa\u00eds, con \u00e9nfasis las EPS intervenidas, garantizando que contin\u00faen prestando sus servicios y que todos los afiliados reciban la mejor atenci\u00f3n en salud. Se trata de un centro de monitoreo [&hellip;]<\/p>\n","protected":false},"author":2,"featured_media":71952,"comment_status":"closed","ping_status":"open","sticky":false,"template":"","format":"standard","meta":{"footnotes":""},"categories":[28],"tags":[],"class_list":["post-71951","post","type-post","status-publish","format-standard","has-post-thumbnail","hentry","category-actualidad"],"yoast_head":"<!-- This site is optimized with the Yoast SEO plugin v26.6 - https:\/\/yoast.com\/wordpress\/plugins\/seo\/ -->\n<title>Se instala puesto de mando unificado por el derecho a la salud -<\/title>\n<meta name=\"robots\" content=\"index, follow, max-snippet:-1, max-image-preview:large, max-video-preview:-1\" \/>\n<link rel=\"canonical\" href=\"https:\/\/luchonoticias.com\/editor\/se-instala-puesto-de-mando-unificado-por-el-derecho-a-la-salud\/\" \/>\n<meta property=\"og:locale\" content=\"es_ES\" \/>\n<meta property=\"og:type\" content=\"article\" \/>\n<meta property=\"og:title\" content=\"Se instala puesto de mando unificado por el derecho a la salud -\" \/>\n<meta property=\"og:url\" content=\"https:\/\/luchonoticias.com\/editor\/se-instala-puesto-de-mando-unificado-por-el-derecho-a-la-salud\/\" \/>\n<meta property=\"article:publisher\" content=\"https:\/\/www.facebook.com\/luchonoticiasneiva\" \/>\n<meta property=\"article:published_time\" content=\"2024-04-10T10:37:26+00:00\" \/>\n<meta property=\"article:modified_time\" content=\"2024-04-10T10:37:59+00:00\" \/>\n<meta property=\"og:image\" content=\"https:\/\/luchonoticias.com\/editor\/wp-content\/uploads\/2024\/04\/puesto-de-mando-unficado.jpg\" \/>\n\t<meta property=\"og:image:width\" content=\"700\" \/>\n\t<meta property=\"og:image:height\" content=\"400\" \/>\n\t<meta property=\"og:image:type\" content=\"image\/jpeg\" \/>\n<meta name=\"author\" content=\"Editor General\" \/>\n<meta name=\"twitter:card\" content=\"summary_large_image\" \/>\n<meta name=\"twitter:label1\" content=\"Escrito por\" \/>\n\t<meta name=\"twitter:data1\" content=\"Editor General\" \/>\n\t<meta name=\"twitter:label2\" content=\"Tiempo de lectura\" \/>\n\t<meta name=\"twitter:data2\" content=\"4 minutos\" \/>\n<script type=\"application\/ld+json\" class=\"yoast-schema-graph\">{\"@context\":\"https:\/\/schema.org\",\"@graph\":[{\"@type\":\"Article\",\"@id\":\"https:\/\/luchonoticias.com\/editor\/se-instala-puesto-de-mando-unificado-por-el-derecho-a-la-salud\/#article\",\"isPartOf\":{\"@id\":\"https:\/\/luchonoticias.com\/editor\/se-instala-puesto-de-mando-unificado-por-el-derecho-a-la-salud\/\"},\"author\":{\"name\":\"Editor General\",\"@id\":\"https:\/\/luchonoticias.com\/editor\/#\/schema\/person\/29217990ddf6f14e35912b2866d591fb\"},\"headline\":\"Se instala puesto de mando unificado por el derecho a la salud\",\"datePublished\":\"2024-04-10T10:37:26+00:00\",\"dateModified\":\"2024-04-10T10:37:59+00:00\",\"mainEntityOfPage\":{\"@id\":\"https:\/\/luchonoticias.com\/editor\/se-instala-puesto-de-mando-unificado-por-el-derecho-a-la-salud\/\"},\"wordCount\":773,\"publisher\":{\"@id\":\"https:\/\/luchonoticias.com\/editor\/#\/schema\/person\/7a7fd911f58561fd056dbac7b55af9cd\"},\"image\":{\"@id\":\"https:\/\/luchonoticias.com\/editor\/se-instala-puesto-de-mando-unificado-por-el-derecho-a-la-salud\/#primaryimage\"},\"thumbnailUrl\":\"https:\/\/luchonoticias.com\/editor\/wp-content\/uploads\/2024\/04\/puesto-de-mando-unficado.jpg\",\"articleSection\":[\"Actualidad\"],\"inLanguage\":\"es\"},{\"@type\":\"WebPage\",\"@id\":\"https:\/\/luchonoticias.com\/editor\/se-instala-puesto-de-mando-unificado-por-el-derecho-a-la-salud\/\",\"url\":\"https:\/\/luchonoticias.com\/editor\/se-instala-puesto-de-mando-unificado-por-el-derecho-a-la-salud\/\",\"name\":\"Se instala puesto de mando unificado por el derecho a la salud -\",\"isPartOf\":{\"@id\":\"https:\/\/luchonoticias.com\/editor\/#website\"},\"primaryImageOfPage\":{\"@id\":\"https:\/\/luchonoticias.com\/editor\/se-instala-puesto-de-mando-unificado-por-el-derecho-a-la-salud\/#primaryimage\"},\"image\":{\"@id\":\"https:\/\/luchonoticias.com\/editor\/se-instala-puesto-de-mando-unificado-por-el-derecho-a-la-salud\/#primaryimage\"},\"thumbnailUrl\":\"https:\/\/luchonoticias.com\/editor\/wp-content\/uploads\/2024\/04\/puesto-de-mando-unficado.jpg\",\"datePublished\":\"2024-04-10T10:37:26+00:00\",\"dateModified\":\"2024-04-10T10:37:59+00:00\",\"breadcrumb\":{\"@id\":\"https:\/\/luchonoticias.com\/editor\/se-instala-puesto-de-mando-unificado-por-el-derecho-a-la-salud\/#breadcrumb\"},\"inLanguage\":\"es\",\"potentialAction\":[{\"@type\":\"ReadAction\",\"target\":[\"https:\/\/luchonoticias.com\/editor\/se-instala-puesto-de-mando-unificado-por-el-derecho-a-la-salud\/\"]}]},{\"@type\":\"ImageObject\",\"inLanguage\":\"es\",\"@id\":\"https:\/\/luchonoticias.com\/editor\/se-instala-puesto-de-mando-unificado-por-el-derecho-a-la-salud\/#primaryimage\",\"url\":\"https:\/\/luchonoticias.com\/editor\/wp-content\/uploads\/2024\/04\/puesto-de-mando-unficado.jpg\",\"contentUrl\":\"https:\/\/luchonoticias.com\/editor\/wp-content\/uploads\/2024\/04\/puesto-de-mando-unficado.jpg\",\"width\":700,\"height\":400},{\"@type\":\"BreadcrumbList\",\"@id\":\"https:\/\/luchonoticias.com\/editor\/se-instala-puesto-de-mando-unificado-por-el-derecho-a-la-salud\/#breadcrumb\",\"itemListElement\":[{\"@type\":\"ListItem\",\"position\":1,\"name\":\"Portada\",\"item\":\"https:\/\/luchonoticias.com\/editor\/\"},{\"@type\":\"ListItem\",\"position\":2,\"name\":\"Se instala puesto de mando unificado por el derecho a la salud\"}]},{\"@type\":\"WebSite\",\"@id\":\"https:\/\/luchonoticias.com\/editor\/#website\",\"url\":\"https:\/\/luchonoticias.com\/editor\/\",\"name\":\"\",\"description\":\"\",\"publisher\":{\"@id\":\"https:\/\/luchonoticias.com\/editor\/#\/schema\/person\/7a7fd911f58561fd056dbac7b55af9cd\"},\"potentialAction\":[{\"@type\":\"SearchAction\",\"target\":{\"@type\":\"EntryPoint\",\"urlTemplate\":\"https:\/\/luchonoticias.com\/editor\/?s={search_term_string}\"},\"query-input\":{\"@type\":\"PropertyValueSpecification\",\"valueRequired\":true,\"valueName\":\"search_term_string\"}}],\"inLanguage\":\"es\"},{\"@type\":[\"Person\",\"Organization\"],\"@id\":\"https:\/\/luchonoticias.com\/editor\/#\/schema\/person\/7a7fd911f58561fd056dbac7b55af9cd\",\"name\":\"admin\",\"image\":{\"@type\":\"ImageObject\",\"inLanguage\":\"es\",\"@id\":\"https:\/\/luchonoticias.com\/editor\/#\/schema\/person\/image\/\",\"url\":\"https:\/\/luchonoticias.com\/editor\/wp-content\/uploads\/2024\/02\/cropped-cropped-logolu.webp\",\"contentUrl\":\"https:\/\/luchonoticias.com\/editor\/wp-content\/uploads\/2024\/02\/cropped-cropped-logolu.webp\",\"width\":382,\"height\":170,\"caption\":\"admin\"},\"logo\":{\"@id\":\"https:\/\/luchonoticias.com\/editor\/#\/schema\/person\/image\/\"},\"sameAs\":[\"https:\/\/www.facebook.com\/luchonoticiasneiva\"]},{\"@type\":\"Person\",\"@id\":\"https:\/\/luchonoticias.com\/editor\/#\/schema\/person\/29217990ddf6f14e35912b2866d591fb\",\"name\":\"Editor General\",\"image\":{\"@type\":\"ImageObject\",\"inLanguage\":\"es\",\"@id\":\"https:\/\/luchonoticias.com\/editor\/#\/schema\/person\/image\/\",\"url\":\"https:\/\/luchonoticias.com\/editor\/wp-content\/uploads\/2024\/02\/cropped-cropped-logolu-150x150.webp\",\"contentUrl\":\"https:\/\/luchonoticias.com\/editor\/wp-content\/uploads\/2024\/02\/cropped-cropped-logolu-150x150.webp\",\"caption\":\"Editor General\"},\"sameAs\":[\"https:\/\/luchonoticias.com\/\"],\"url\":\"https:\/\/luchonoticias.com\/editor\/author\/editor-general\/\"}]}<\/script>\n<!-- \/ Yoast SEO plugin. -->","yoast_head_json":{"title":"Se instala puesto de mando unificado por el derecho a la salud -","robots":{"index":"index","follow":"follow","max-snippet":"max-snippet:-1","max-image-preview":"max-image-preview:large","max-video-preview":"max-video-preview:-1"},"canonical":"https:\/\/luchonoticias.com\/editor\/se-instala-puesto-de-mando-unificado-por-el-derecho-a-la-salud\/","og_locale":"es_ES","og_type":"article","og_title":"Se instala puesto de mando unificado por el derecho a la salud -","og_url":"https:\/\/luchonoticias.com\/editor\/se-instala-puesto-de-mando-unificado-por-el-derecho-a-la-salud\/","article_publisher":"https:\/\/www.facebook.com\/luchonoticiasneiva","article_published_time":"2024-04-10T10:37:26+00:00","article_modified_time":"2024-04-10T10:37:59+00:00","og_image":[{"width":700,"height":400,"url":"https:\/\/luchonoticias.com\/editor\/wp-content\/uploads\/2024\/04\/puesto-de-mando-unficado.jpg","type":"image\/jpeg"}],"author":"Editor General","twitter_card":"summary_large_image","twitter_misc":{"Escrito por":"Editor General","Tiempo de lectura":"4 minutos"},"schema":{"@context":"https:\/\/schema.org","@graph":[{"@type":"Article","@id":"https:\/\/luchonoticias.com\/editor\/se-instala-puesto-de-mando-unificado-por-el-derecho-a-la-salud\/#article","isPartOf":{"@id":"https:\/\/luchonoticias.com\/editor\/se-instala-puesto-de-mando-unificado-por-el-derecho-a-la-salud\/"},"author":{"name":"Editor General","@id":"https:\/\/luchonoticias.com\/editor\/#\/schema\/person\/29217990ddf6f14e35912b2866d591fb"},"headline":"Se instala puesto de mando unificado por el derecho a la salud","datePublished":"2024-04-10T10:37:26+00:00","dateModified":"2024-04-10T10:37:59+00:00","mainEntityOfPage":{"@id":"https:\/\/luchonoticias.com\/editor\/se-instala-puesto-de-mando-unificado-por-el-derecho-a-la-salud\/"},"wordCount":773,"publisher":{"@id":"https:\/\/luchonoticias.com\/editor\/#\/schema\/person\/7a7fd911f58561fd056dbac7b55af9cd"},"image":{"@id":"https:\/\/luchonoticias.com\/editor\/se-instala-puesto-de-mando-unificado-por-el-derecho-a-la-salud\/#primaryimage"},"thumbnailUrl":"https:\/\/luchonoticias.com\/editor\/wp-content\/uploads\/2024\/04\/puesto-de-mando-unficado.jpg","articleSection":["Actualidad"],"inLanguage":"es"},{"@type":"WebPage","@id":"https:\/\/luchonoticias.com\/editor\/se-instala-puesto-de-mando-unificado-por-el-derecho-a-la-salud\/","url":"https:\/\/luchonoticias.com\/editor\/se-instala-puesto-de-mando-unificado-por-el-derecho-a-la-salud\/","name":"Se instala puesto de mando unificado por el derecho a la salud -","isPartOf":{"@id":"https:\/\/luchonoticias.com\/editor\/#website"},"primaryImageOfPage":{"@id":"https:\/\/luchonoticias.com\/editor\/se-instala-puesto-de-mando-unificado-por-el-derecho-a-la-salud\/#primaryimage"},"image":{"@id":"https:\/\/luchonoticias.com\/editor\/se-instala-puesto-de-mando-unificado-por-el-derecho-a-la-salud\/#primaryimage"},"thumbnailUrl":"https:\/\/luchonoticias.com\/editor\/wp-content\/uploads\/2024\/04\/puesto-de-mando-unficado.jpg","datePublished":"2024-04-10T10:37:26+00:00","dateModified":"2024-04-10T10:37:59+00:00","breadcrumb":{"@id":"https:\/\/luchonoticias.com\/editor\/se-instala-puesto-de-mando-unificado-por-el-derecho-a-la-salud\/#breadcrumb"},"inLanguage":"es","potentialAction":[{"@type":"ReadAction","target":["https:\/\/luchonoticias.com\/editor\/se-instala-puesto-de-mando-unificado-por-el-derecho-a-la-salud\/"]}]},{"@type":"ImageObject","inLanguage":"es","@id":"https:\/\/luchonoticias.com\/editor\/se-instala-puesto-de-mando-unificado-por-el-derecho-a-la-salud\/#primaryimage","url":"https:\/\/luchonoticias.com\/editor\/wp-content\/uploads\/2024\/04\/puesto-de-mando-unficado.jpg","contentUrl":"https:\/\/luchonoticias.com\/editor\/wp-content\/uploads\/2024\/04\/puesto-de-mando-unficado.jpg","width":700,"height":400},{"@type":"BreadcrumbList","@id":"https:\/\/luchonoticias.com\/editor\/se-instala-puesto-de-mando-unificado-por-el-derecho-a-la-salud\/#breadcrumb","itemListElement":[{"@type":"ListItem","position":1,"name":"Portada","item":"https:\/\/luchonoticias.com\/editor\/"},{"@type":"ListItem","position":2,"name":"Se instala puesto de mando unificado por el derecho a la salud"}]},{"@type":"WebSite","@id":"https:\/\/luchonoticias.com\/editor\/#website","url":"https:\/\/luchonoticias.com\/editor\/","name":"","description":"","publisher":{"@id":"https:\/\/luchonoticias.com\/editor\/#\/schema\/person\/7a7fd911f58561fd056dbac7b55af9cd"},"potentialAction":[{"@type":"SearchAction","target":{"@type":"EntryPoint","urlTemplate":"https:\/\/luchonoticias.com\/editor\/?s={search_term_string}"},"query-input":{"@type":"PropertyValueSpecification","valueRequired":true,"valueName":"search_term_string"}}],"inLanguage":"es"},{"@type":["Person","Organization"],"@id":"https:\/\/luchonoticias.com\/editor\/#\/schema\/person\/7a7fd911f58561fd056dbac7b55af9cd","name":"admin","image":{"@type":"ImageObject","inLanguage":"es","@id":"https:\/\/luchonoticias.com\/editor\/#\/schema\/person\/image\/","url":"https:\/\/luchonoticias.com\/editor\/wp-content\/uploads\/2024\/02\/cropped-cropped-logolu.webp","contentUrl":"https:\/\/luchonoticias.com\/editor\/wp-content\/uploads\/2024\/02\/cropped-cropped-logolu.webp","width":382,"height":170,"caption":"admin"},"logo":{"@id":"https:\/\/luchonoticias.com\/editor\/#\/schema\/person\/image\/"},"sameAs":["https:\/\/www.facebook.com\/luchonoticiasneiva"]},{"@type":"Person","@id":"https:\/\/luchonoticias.com\/editor\/#\/schema\/person\/29217990ddf6f14e35912b2866d591fb","name":"Editor General","image":{"@type":"ImageObject","inLanguage":"es","@id":"https:\/\/luchonoticias.com\/editor\/#\/schema\/person\/image\/","url":"https:\/\/luchonoticias.com\/editor\/wp-content\/uploads\/2024\/02\/cropped-cropped-logolu-150x150.webp","contentUrl":"https:\/\/luchonoticias.com\/editor\/wp-content\/uploads\/2024\/02\/cropped-cropped-logolu-150x150.webp","caption":"Editor General"},"sameAs":["https:\/\/luchonoticias.com\/"],"url":"https:\/\/luchonoticias.com\/editor\/author\/editor-general\/"}]}},"_links":{"self":[{"href":"https:\/\/luchonoticias.com\/editor\/wp-json\/wp\/v2\/posts\/71951","targetHints":{"allow":["GET"]}}],"collection":[{"href":"https:\/\/luchonoticias.com\/editor\/wp-json\/wp\/v2\/posts"}],"about":[{"href":"https:\/\/luchonoticias.com\/editor\/wp-json\/wp\/v2\/types\/post"}],"author":[{"embeddable":true,"href":"https:\/\/luchonoticias.com\/editor\/wp-json\/wp\/v2\/users\/2"}],"replies":[{"embeddable":true,"href":"https:\/\/luchonoticias.com\/editor\/wp-json\/wp\/v2\/comments?post=71951"}],"version-history":[{"count":0,"href":"https:\/\/luchonoticias.com\/editor\/wp-json\/wp\/v2\/posts\/71951\/revisions"}],"wp:featuredmedia":[{"embeddable":true,"href":"https:\/\/luchonoticias.com\/editor\/wp-json\/wp\/v2\/media\/71952"}],"wp:attachment":[{"href":"https:\/\/luchonoticias.com\/editor\/wp-json\/wp\/v2\/media?parent=71951"}],"wp:term":[{"taxonomy":"category","embeddable":true,"href":"https:\/\/luchonoticias.com\/editor\/wp-json\/wp\/v2\/categories?post=71951"},{"taxonomy":"post_tag","embeddable":true,"href":"https:\/\/luchonoticias.com\/editor\/wp-json\/wp\/v2\/tags?post=71951"}],"curies":[{"name":"wp","href":"https:\/\/api.w.org\/{rel}","templated":true}]}}