{"id":71963,"date":"2024-04-10T08:51:42","date_gmt":"2024-04-10T13:51:42","guid":{"rendered":"https:\/\/luchonoticias.com\/?p=71963"},"modified":"2024-04-10T08:51:42","modified_gmt":"2024-04-10T13:51:42","slug":"capturado-disidente-comprometido-en-asesinato-de-lideres-sociales-y-excombatientes-de-las-farc-en-caqueta","status":"publish","type":"post","link":"https:\/\/luchonoticias.com\/editor\/capturado-disidente-comprometido-en-asesinato-de-lideres-sociales-y-excombatientes-de-las-farc-en-caqueta\/","title":{"rendered":"Capturado disidente comprometido en asesinato de lideres sociales y excombatientes de las Farc en Caquet\u00e1"},"content":{"rendered":"<p>En el marco de la operaci\u00f3n \u201cThemis\u201d dispuesta para contener ataques a l\u00edderes defensores de derechos humanos y personas en reincorporaci\u00f3n FARC, la Polic\u00eda Nacional, a trav\u00e9s de la Direcci\u00f3n de Investigaci\u00f3n Criminal e INTERPOL, en coordinaci\u00f3n con la Fiscal\u00eda General de la Naci\u00f3n y el Ejercito Nacional, logr\u00f3 la captura por orden judicial de Brainer Mill\u00e1n Marulanda, alias \u00abChiqui\u00bb, presunto integrante del Grupo Armado Organizado Residual, estructura Rodrigo Cadete del Estado Mayor Central, por los delitos de homicidio agravado, concierto para delinquir y fabricaci\u00f3n, tr\u00e1fico, porte o tenencia de armas de fuego, quien tambi\u00e9n se encontraba publicado en el volante de los m\u00e1s buscados del departamento de Caquet\u00e1, por afectaci\u00f3n a defensores de derechos humanos y personas en reincorporaci\u00f3n de las FARC y sus familiares.<\/p>\n<p>Se trata de la captura de alias \u00abChiqui\u00bb, uno de los m\u00e1s buscados del departamento de Caquet\u00e1 por homicidio y presunto integrante del autodenominado Estado Mayor Central de las disidencias de las Farc, quien ser\u00eda el autor material del homicidio de Yony Chala Hueje, Fiscal de la Junta de Acci\u00f3n Comunal de la vereda Comuneros, del municipio de Cartagena del Chair\u00e1 en el a\u00f1o 2021, cuando junto con otras personas en motocicletas fueron hasta la vivienda de la v\u00edctima y mediante enga\u00f1os le informaron que era solicitado para asistir a una reuni\u00f3n de la junta y se ofrecieron a llevarlo.<\/p>\n<p>Sin embargo, minutos despu\u00e9s fue hallado por sus familiares a un costado de la v\u00eda que conduce a la vereda Villa Colombia, con varias lesiones producidas por arma de fuego, quienes lo llevaron al centro m\u00e9dico m\u00e1s cercano a donde lleg\u00f3 sin signos vitales.<\/p>\n<p>&nbsp;<\/p>\n<p><img loading=\"lazy\" decoding=\"async\" class=\"alignnone wp-image-71965 size-full\" src=\"https:\/\/luchonoticias.com\/wp-content\/uploads\/2024\/04\/detenido-2-1.jpg\" alt=\"\" width=\"700\" height=\"400\" srcset=\"https:\/\/luchonoticias.com\/editor\/wp-content\/uploads\/2024\/04\/detenido-2-1.jpg 700w, https:\/\/luchonoticias.com\/editor\/wp-content\/uploads\/2024\/04\/detenido-2-1-300x171.jpg 300w\" sizes=\"auto, (max-width: 700px) 100vw, 700px\" \/><\/p>\n<p>Seg\u00fan la investigaci\u00f3n Alias \u201cChiqui\u201d, ingres\u00f3 a las filas del GAOR desde el a\u00f1o 2019 como integrante raso, llevando a cabo labores de correo humano, extorsi\u00f3n y homicidios selectivos en los municipios de Cartagena del Chair\u00e1, Doncello y Paujil; habr\u00eda ingresado dado que contaba con el benepl\u00e1cito de su hermano Dimar Mill\u00e1n Marulanda, alias \u201cGordo Cesar\u201d, quien en la actualidad es el cabecilla de comisi\u00f3n de finanzas de la Estructura Rodrigo Cadete y quien tambi\u00e9n se encuentra en el cartel de los m\u00e1s buscados de Caquet\u00e1.<\/p>\n<p>Las labores de polic\u00eda judicial y de inteligencia permitieron que los investigadores ubicaran e individualizaran a alias \u201cChiqui\u201d en el municipio de Florencia &#8211; Caquet\u00e1, exactamente en el parque Santander del centro de la ciudad, en donde se encontraba realizando labores de inteligencia criminal y log\u00edstica para apoyar a la comisi\u00f3n armada, all\u00ed fue capturado y trasladado a las instalaciones de la Fiscal\u00eda General de la Naci\u00f3n, para realizar los procedimientos de judicializaci\u00f3n.<\/p>\n<p>Esta captura se suma a la de Yoner Cort\u00e9s Artunduaga, conocido como \u201cGuama\u201d, a mediados de abril del a\u00f1o 2023, quien acepto los cargos imputados por la fiscal\u00eda por participar en el homicidio del l\u00edder comunal a quien ultimaron por su liderazgo y por no aceptar las directrices del grupo criminal en la zona. Ambos capturados a la fecha se encuentran cobijados con medidas privativas de la libertad en el centro carcelario de la ciudad de Florencia &#8211; Caquet\u00e1.<\/p>\n","protected":false},"excerpt":{"rendered":"<p>En el marco de la operaci\u00f3n \u201cThemis\u201d dispuesta para contener ataques a l\u00edderes defensores de derechos humanos y personas en reincorporaci\u00f3n FARC, la Polic\u00eda Nacional, a trav\u00e9s de la Direcci\u00f3n de Investigaci\u00f3n Criminal e INTERPOL, en coordinaci\u00f3n con la Fiscal\u00eda General de la Naci\u00f3n y el Ejercito Nacional, logr\u00f3 la captura por orden judicial de [&hellip;]<\/p>\n","protected":false},"author":2,"featured_media":71964,"comment_status":"closed","ping_status":"open","sticky":false,"template":"","format":"standard","meta":{"footnotes":""},"categories":[29],"tags":[],"class_list":["post-71963","post","type-post","status-publish","format-standard","has-post-thumbnail","hentry","category-judicial"],"yoast_head":"<!-- This site is optimized with the Yoast SEO plugin v26.6 - https:\/\/yoast.com\/wordpress\/plugins\/seo\/ -->\n<title>Capturado disidente comprometido en asesinato de lideres sociales y excombatientes de las Farc en Caquet\u00e1 -<\/title>\n<meta name=\"robots\" content=\"index, follow, max-snippet:-1, max-image-preview:large, max-video-preview:-1\" \/>\n<link rel=\"canonical\" href=\"https:\/\/luchonoticias.com\/editor\/capturado-disidente-comprometido-en-asesinato-de-lideres-sociales-y-excombatientes-de-las-farc-en-caqueta\/\" \/>\n<meta property=\"og:locale\" content=\"es_ES\" \/>\n<meta property=\"og:type\" content=\"article\" \/>\n<meta property=\"og:title\" content=\"Capturado disidente comprometido en asesinato de lideres sociales y excombatientes de las Farc en Caquet\u00e1 -\" \/>\n<meta property=\"og:url\" content=\"https:\/\/luchonoticias.com\/editor\/capturado-disidente-comprometido-en-asesinato-de-lideres-sociales-y-excombatientes-de-las-farc-en-caqueta\/\" \/>\n<meta property=\"article:publisher\" content=\"https:\/\/www.facebook.com\/luchonoticiasneiva\" \/>\n<meta property=\"article:published_time\" content=\"2024-04-10T13:51:42+00:00\" \/>\n<meta property=\"og:image\" content=\"https:\/\/luchonoticias.com\/editor\/wp-content\/uploads\/2024\/04\/detenido-1-1.jpg\" \/>\n\t<meta property=\"og:image:width\" content=\"700\" \/>\n\t<meta property=\"og:image:height\" content=\"400\" \/>\n\t<meta property=\"og:image:type\" content=\"image\/jpeg\" \/>\n<meta name=\"author\" content=\"Editor General\" \/>\n<meta name=\"twitter:card\" content=\"summary_large_image\" \/>\n<meta name=\"twitter:label1\" content=\"Escrito por\" \/>\n\t<meta name=\"twitter:data1\" content=\"Editor General\" \/>\n\t<meta name=\"twitter:label2\" content=\"Tiempo de lectura\" \/>\n\t<meta name=\"twitter:data2\" content=\"3 minutos\" \/>\n<script type=\"application\/ld+json\" class=\"yoast-schema-graph\">{\"@context\":\"https:\/\/schema.org\",\"@graph\":[{\"@type\":\"Article\",\"@id\":\"https:\/\/luchonoticias.com\/editor\/capturado-disidente-comprometido-en-asesinato-de-lideres-sociales-y-excombatientes-de-las-farc-en-caqueta\/#article\",\"isPartOf\":{\"@id\":\"https:\/\/luchonoticias.com\/editor\/capturado-disidente-comprometido-en-asesinato-de-lideres-sociales-y-excombatientes-de-las-farc-en-caqueta\/\"},\"author\":{\"name\":\"Editor General\",\"@id\":\"https:\/\/luchonoticias.com\/editor\/#\/schema\/person\/29217990ddf6f14e35912b2866d591fb\"},\"headline\":\"Capturado disidente comprometido en asesinato de lideres sociales y excombatientes de las Farc en Caquet\u00e1\",\"datePublished\":\"2024-04-10T13:51:42+00:00\",\"mainEntityOfPage\":{\"@id\":\"https:\/\/luchonoticias.com\/editor\/capturado-disidente-comprometido-en-asesinato-de-lideres-sociales-y-excombatientes-de-las-farc-en-caqueta\/\"},\"wordCount\":569,\"publisher\":{\"@id\":\"https:\/\/luchonoticias.com\/editor\/#\/schema\/person\/7a7fd911f58561fd056dbac7b55af9cd\"},\"image\":{\"@id\":\"https:\/\/luchonoticias.com\/editor\/capturado-disidente-comprometido-en-asesinato-de-lideres-sociales-y-excombatientes-de-las-farc-en-caqueta\/#primaryimage\"},\"thumbnailUrl\":\"https:\/\/luchonoticias.com\/editor\/wp-content\/uploads\/2024\/04\/detenido-1-1.jpg\",\"articleSection\":[\"Judicial\"],\"inLanguage\":\"es\"},{\"@type\":\"WebPage\",\"@id\":\"https:\/\/luchonoticias.com\/editor\/capturado-disidente-comprometido-en-asesinato-de-lideres-sociales-y-excombatientes-de-las-farc-en-caqueta\/\",\"url\":\"https:\/\/luchonoticias.com\/editor\/capturado-disidente-comprometido-en-asesinato-de-lideres-sociales-y-excombatientes-de-las-farc-en-caqueta\/\",\"name\":\"Capturado disidente comprometido en asesinato de lideres sociales y excombatientes de las Farc en Caquet\u00e1 -\",\"isPartOf\":{\"@id\":\"https:\/\/luchonoticias.com\/editor\/#website\"},\"primaryImageOfPage\":{\"@id\":\"https:\/\/luchonoticias.com\/editor\/capturado-disidente-comprometido-en-asesinato-de-lideres-sociales-y-excombatientes-de-las-farc-en-caqueta\/#primaryimage\"},\"image\":{\"@id\":\"https:\/\/luchonoticias.com\/editor\/capturado-disidente-comprometido-en-asesinato-de-lideres-sociales-y-excombatientes-de-las-farc-en-caqueta\/#primaryimage\"},\"thumbnailUrl\":\"https:\/\/luchonoticias.com\/editor\/wp-content\/uploads\/2024\/04\/detenido-1-1.jpg\",\"datePublished\":\"2024-04-10T13:51:42+00:00\",\"breadcrumb\":{\"@id\":\"https:\/\/luchonoticias.com\/editor\/capturado-disidente-comprometido-en-asesinato-de-lideres-sociales-y-excombatientes-de-las-farc-en-caqueta\/#breadcrumb\"},\"inLanguage\":\"es\",\"potentialAction\":[{\"@type\":\"ReadAction\",\"target\":[\"https:\/\/luchonoticias.com\/editor\/capturado-disidente-comprometido-en-asesinato-de-lideres-sociales-y-excombatientes-de-las-farc-en-caqueta\/\"]}]},{\"@type\":\"ImageObject\",\"inLanguage\":\"es\",\"@id\":\"https:\/\/luchonoticias.com\/editor\/capturado-disidente-comprometido-en-asesinato-de-lideres-sociales-y-excombatientes-de-las-farc-en-caqueta\/#primaryimage\",\"url\":\"https:\/\/luchonoticias.com\/editor\/wp-content\/uploads\/2024\/04\/detenido-1-1.jpg\",\"contentUrl\":\"https:\/\/luchonoticias.com\/editor\/wp-content\/uploads\/2024\/04\/detenido-1-1.jpg\",\"width\":700,\"height\":400},{\"@type\":\"BreadcrumbList\",\"@id\":\"https:\/\/luchonoticias.com\/editor\/capturado-disidente-comprometido-en-asesinato-de-lideres-sociales-y-excombatientes-de-las-farc-en-caqueta\/#breadcrumb\",\"itemListElement\":[{\"@type\":\"ListItem\",\"position\":1,\"name\":\"Portada\",\"item\":\"https:\/\/luchonoticias.com\/editor\/\"},{\"@type\":\"ListItem\",\"position\":2,\"name\":\"Capturado disidente comprometido en asesinato de lideres sociales y excombatientes de las Farc en Caquet\u00e1\"}]},{\"@type\":\"WebSite\",\"@id\":\"https:\/\/luchonoticias.com\/editor\/#website\",\"url\":\"https:\/\/luchonoticias.com\/editor\/\",\"name\":\"\",\"description\":\"\",\"publisher\":{\"@id\":\"https:\/\/luchonoticias.com\/editor\/#\/schema\/person\/7a7fd911f58561fd056dbac7b55af9cd\"},\"potentialAction\":[{\"@type\":\"SearchAction\",\"target\":{\"@type\":\"EntryPoint\",\"urlTemplate\":\"https:\/\/luchonoticias.com\/editor\/?s={search_term_string}\"},\"query-input\":{\"@type\":\"PropertyValueSpecification\",\"valueRequired\":true,\"valueName\":\"search_term_string\"}}],\"inLanguage\":\"es\"},{\"@type\":[\"Person\",\"Organization\"],\"@id\":\"https:\/\/luchonoticias.com\/editor\/#\/schema\/person\/7a7fd911f58561fd056dbac7b55af9cd\",\"name\":\"admin\",\"image\":{\"@type\":\"ImageObject\",\"inLanguage\":\"es\",\"@id\":\"https:\/\/luchonoticias.com\/editor\/#\/schema\/person\/image\/\",\"url\":\"https:\/\/luchonoticias.com\/editor\/wp-content\/uploads\/2024\/02\/cropped-cropped-logolu.webp\",\"contentUrl\":\"https:\/\/luchonoticias.com\/editor\/wp-content\/uploads\/2024\/02\/cropped-cropped-logolu.webp\",\"width\":382,\"height\":170,\"caption\":\"admin\"},\"logo\":{\"@id\":\"https:\/\/luchonoticias.com\/editor\/#\/schema\/person\/image\/\"},\"sameAs\":[\"https:\/\/www.facebook.com\/luchonoticiasneiva\"]},{\"@type\":\"Person\",\"@id\":\"https:\/\/luchonoticias.com\/editor\/#\/schema\/person\/29217990ddf6f14e35912b2866d591fb\",\"name\":\"Editor General\",\"image\":{\"@type\":\"ImageObject\",\"inLanguage\":\"es\",\"@id\":\"https:\/\/luchonoticias.com\/editor\/#\/schema\/person\/image\/\",\"url\":\"https:\/\/luchonoticias.com\/editor\/wp-content\/uploads\/2024\/02\/cropped-cropped-logolu-150x150.webp\",\"contentUrl\":\"https:\/\/luchonoticias.com\/editor\/wp-content\/uploads\/2024\/02\/cropped-cropped-logolu-150x150.webp\",\"caption\":\"Editor General\"},\"sameAs\":[\"https:\/\/luchonoticias.com\/\"],\"url\":\"https:\/\/luchonoticias.com\/editor\/author\/editor-general\/\"}]}<\/script>\n<!-- \/ Yoast SEO plugin. -->","yoast_head_json":{"title":"Capturado disidente comprometido en asesinato de lideres sociales y excombatientes de las Farc en Caquet\u00e1 -","robots":{"index":"index","follow":"follow","max-snippet":"max-snippet:-1","max-image-preview":"max-image-preview:large","max-video-preview":"max-video-preview:-1"},"canonical":"https:\/\/luchonoticias.com\/editor\/capturado-disidente-comprometido-en-asesinato-de-lideres-sociales-y-excombatientes-de-las-farc-en-caqueta\/","og_locale":"es_ES","og_type":"article","og_title":"Capturado disidente comprometido en asesinato de lideres sociales y excombatientes de las Farc en Caquet\u00e1 -","og_url":"https:\/\/luchonoticias.com\/editor\/capturado-disidente-comprometido-en-asesinato-de-lideres-sociales-y-excombatientes-de-las-farc-en-caqueta\/","article_publisher":"https:\/\/www.facebook.com\/luchonoticiasneiva","article_published_time":"2024-04-10T13:51:42+00:00","og_image":[{"width":700,"height":400,"url":"https:\/\/luchonoticias.com\/editor\/wp-content\/uploads\/2024\/04\/detenido-1-1.jpg","type":"image\/jpeg"}],"author":"Editor General","twitter_card":"summary_large_image","twitter_misc":{"Escrito por":"Editor General","Tiempo de lectura":"3 minutos"},"schema":{"@context":"https:\/\/schema.org","@graph":[{"@type":"Article","@id":"https:\/\/luchonoticias.com\/editor\/capturado-disidente-comprometido-en-asesinato-de-lideres-sociales-y-excombatientes-de-las-farc-en-caqueta\/#article","isPartOf":{"@id":"https:\/\/luchonoticias.com\/editor\/capturado-disidente-comprometido-en-asesinato-de-lideres-sociales-y-excombatientes-de-las-farc-en-caqueta\/"},"author":{"name":"Editor General","@id":"https:\/\/luchonoticias.com\/editor\/#\/schema\/person\/29217990ddf6f14e35912b2866d591fb"},"headline":"Capturado disidente comprometido en asesinato de lideres sociales y excombatientes de las Farc en Caquet\u00e1","datePublished":"2024-04-10T13:51:42+00:00","mainEntityOfPage":{"@id":"https:\/\/luchonoticias.com\/editor\/capturado-disidente-comprometido-en-asesinato-de-lideres-sociales-y-excombatientes-de-las-farc-en-caqueta\/"},"wordCount":569,"publisher":{"@id":"https:\/\/luchonoticias.com\/editor\/#\/schema\/person\/7a7fd911f58561fd056dbac7b55af9cd"},"image":{"@id":"https:\/\/luchonoticias.com\/editor\/capturado-disidente-comprometido-en-asesinato-de-lideres-sociales-y-excombatientes-de-las-farc-en-caqueta\/#primaryimage"},"thumbnailUrl":"https:\/\/luchonoticias.com\/editor\/wp-content\/uploads\/2024\/04\/detenido-1-1.jpg","articleSection":["Judicial"],"inLanguage":"es"},{"@type":"WebPage","@id":"https:\/\/luchonoticias.com\/editor\/capturado-disidente-comprometido-en-asesinato-de-lideres-sociales-y-excombatientes-de-las-farc-en-caqueta\/","url":"https:\/\/luchonoticias.com\/editor\/capturado-disidente-comprometido-en-asesinato-de-lideres-sociales-y-excombatientes-de-las-farc-en-caqueta\/","name":"Capturado disidente comprometido en asesinato de lideres sociales y excombatientes de las Farc en Caquet\u00e1 -","isPartOf":{"@id":"https:\/\/luchonoticias.com\/editor\/#website"},"primaryImageOfPage":{"@id":"https:\/\/luchonoticias.com\/editor\/capturado-disidente-comprometido-en-asesinato-de-lideres-sociales-y-excombatientes-de-las-farc-en-caqueta\/#primaryimage"},"image":{"@id":"https:\/\/luchonoticias.com\/editor\/capturado-disidente-comprometido-en-asesinato-de-lideres-sociales-y-excombatientes-de-las-farc-en-caqueta\/#primaryimage"},"thumbnailUrl":"https:\/\/luchonoticias.com\/editor\/wp-content\/uploads\/2024\/04\/detenido-1-1.jpg","datePublished":"2024-04-10T13:51:42+00:00","breadcrumb":{"@id":"https:\/\/luchonoticias.com\/editor\/capturado-disidente-comprometido-en-asesinato-de-lideres-sociales-y-excombatientes-de-las-farc-en-caqueta\/#breadcrumb"},"inLanguage":"es","potentialAction":[{"@type":"ReadAction","target":["https:\/\/luchonoticias.com\/editor\/capturado-disidente-comprometido-en-asesinato-de-lideres-sociales-y-excombatientes-de-las-farc-en-caqueta\/"]}]},{"@type":"ImageObject","inLanguage":"es","@id":"https:\/\/luchonoticias.com\/editor\/capturado-disidente-comprometido-en-asesinato-de-lideres-sociales-y-excombatientes-de-las-farc-en-caqueta\/#primaryimage","url":"https:\/\/luchonoticias.com\/editor\/wp-content\/uploads\/2024\/04\/detenido-1-1.jpg","contentUrl":"https:\/\/luchonoticias.com\/editor\/wp-content\/uploads\/2024\/04\/detenido-1-1.jpg","width":700,"height":400},{"@type":"BreadcrumbList","@id":"https:\/\/luchonoticias.com\/editor\/capturado-disidente-comprometido-en-asesinato-de-lideres-sociales-y-excombatientes-de-las-farc-en-caqueta\/#breadcrumb","itemListElement":[{"@type":"ListItem","position":1,"name":"Portada","item":"https:\/\/luchonoticias.com\/editor\/"},{"@type":"ListItem","position":2,"name":"Capturado disidente comprometido en asesinato de lideres sociales y excombatientes de las Farc en Caquet\u00e1"}]},{"@type":"WebSite","@id":"https:\/\/luchonoticias.com\/editor\/#website","url":"https:\/\/luchonoticias.com\/editor\/","name":"","description":"","publisher":{"@id":"https:\/\/luchonoticias.com\/editor\/#\/schema\/person\/7a7fd911f58561fd056dbac7b55af9cd"},"potentialAction":[{"@type":"SearchAction","target":{"@type":"EntryPoint","urlTemplate":"https:\/\/luchonoticias.com\/editor\/?s={search_term_string}"},"query-input":{"@type":"PropertyValueSpecification","valueRequired":true,"valueName":"search_term_string"}}],"inLanguage":"es"},{"@type":["Person","Organization"],"@id":"https:\/\/luchonoticias.com\/editor\/#\/schema\/person\/7a7fd911f58561fd056dbac7b55af9cd","name":"admin","image":{"@type":"ImageObject","inLanguage":"es","@id":"https:\/\/luchonoticias.com\/editor\/#\/schema\/person\/image\/","url":"https:\/\/luchonoticias.com\/editor\/wp-content\/uploads\/2024\/02\/cropped-cropped-logolu.webp","contentUrl":"https:\/\/luchonoticias.com\/editor\/wp-content\/uploads\/2024\/02\/cropped-cropped-logolu.webp","width":382,"height":170,"caption":"admin"},"logo":{"@id":"https:\/\/luchonoticias.com\/editor\/#\/schema\/person\/image\/"},"sameAs":["https:\/\/www.facebook.com\/luchonoticiasneiva"]},{"@type":"Person","@id":"https:\/\/luchonoticias.com\/editor\/#\/schema\/person\/29217990ddf6f14e35912b2866d591fb","name":"Editor General","image":{"@type":"ImageObject","inLanguage":"es","@id":"https:\/\/luchonoticias.com\/editor\/#\/schema\/person\/image\/","url":"https:\/\/luchonoticias.com\/editor\/wp-content\/uploads\/2024\/02\/cropped-cropped-logolu-150x150.webp","contentUrl":"https:\/\/luchonoticias.com\/editor\/wp-content\/uploads\/2024\/02\/cropped-cropped-logolu-150x150.webp","caption":"Editor General"},"sameAs":["https:\/\/luchonoticias.com\/"],"url":"https:\/\/luchonoticias.com\/editor\/author\/editor-general\/"}]}},"_links":{"self":[{"href":"https:\/\/luchonoticias.com\/editor\/wp-json\/wp\/v2\/posts\/71963","targetHints":{"allow":["GET"]}}],"collection":[{"href":"https:\/\/luchonoticias.com\/editor\/wp-json\/wp\/v2\/posts"}],"about":[{"href":"https:\/\/luchonoticias.com\/editor\/wp-json\/wp\/v2\/types\/post"}],"author":[{"embeddable":true,"href":"https:\/\/luchonoticias.com\/editor\/wp-json\/wp\/v2\/users\/2"}],"replies":[{"embeddable":true,"href":"https:\/\/luchonoticias.com\/editor\/wp-json\/wp\/v2\/comments?post=71963"}],"version-history":[{"count":0,"href":"https:\/\/luchonoticias.com\/editor\/wp-json\/wp\/v2\/posts\/71963\/revisions"}],"wp:featuredmedia":[{"embeddable":true,"href":"https:\/\/luchonoticias.com\/editor\/wp-json\/wp\/v2\/media\/71964"}],"wp:attachment":[{"href":"https:\/\/luchonoticias.com\/editor\/wp-json\/wp\/v2\/media?parent=71963"}],"wp:term":[{"taxonomy":"category","embeddable":true,"href":"https:\/\/luchonoticias.com\/editor\/wp-json\/wp\/v2\/categories?post=71963"},{"taxonomy":"post_tag","embeddable":true,"href":"https:\/\/luchonoticias.com\/editor\/wp-json\/wp\/v2\/tags?post=71963"}],"curies":[{"name":"wp","href":"https:\/\/api.w.org\/{rel}","templated":true}]}}