{"id":71970,"date":"2024-04-10T16:16:23","date_gmt":"2024-04-10T21:16:23","guid":{"rendered":"https:\/\/luchonoticias.com\/?p=71970"},"modified":"2024-04-10T16:16:23","modified_gmt":"2024-04-10T21:16:23","slug":"entregada-ponencia-para-iniciar-el-debate-de-la-reforma-a-la-ley-de-victimas","status":"publish","type":"post","link":"https:\/\/luchonoticias.com\/editor\/entregada-ponencia-para-iniciar-el-debate-de-la-reforma-a-la-ley-de-victimas\/","title":{"rendered":"Entregada ponencia para iniciar el debate de la reforma a la Ley de V\u00edctimas"},"content":{"rendered":"<p>El Congreso de la Rep\u00fablica dio un paso significativo hacia la justicia y reparaci\u00f3n integral para las v\u00edctimas al radicar la ponencia que da inicio al debate sobre la reforma de la Ley 1448 de 2011, conocida como Ley de V\u00edctimas y Restituci\u00f3n de Tierras.<\/p>\n<p>Durante la sesi\u00f3n plenaria, la directora de la Unidad para las V\u00edctimas, Patricia Tob\u00f3n Yagar\u00ed, destac\u00f3 el papel crucial de las lideresas y l\u00edderes de la Mesa Nacional de V\u00edctimas en la estructuraci\u00f3n y radicaci\u00f3n de este proyecto de ley, que integra las perspectivas y demandas de cientos de v\u00edctimas.<\/p>\n<p>Este movimiento legislativo, que unifica la propuesta del Gobierno del Cambio con otras tres iniciativas provenientes de las Circunscripciones Transitorias Especiales de Paz (Citrep), marca un momento hist\u00f3rico en el esfuerzo por garantizar una reparaci\u00f3n m\u00e1s amplia y justa para las v\u00edctimas del conflicto.<\/p>\n<p>La reforma propuesta, ahora a punto de iniciar su primer debate en la Comisi\u00f3n Primera de la C\u00e1mara de Representantes, aspira a implementar un enfoque de soluciones duraderas, articulaci\u00f3n con el Acuerdo de Paz y la creaci\u00f3n de una comisi\u00f3n encargada de buscar financiaci\u00f3n para la pol\u00edtica p\u00fablica de v\u00edctimas.<\/p>\n<p>Este proyecto legislativo, de ser aprobado tras superar los debates requeridos tanto en C\u00e1mara como en Senado, se convertir\u00e1 en una ley que fortalecer\u00e1 significativamente el marco normativo vigente en materia de atenci\u00f3n y reparaci\u00f3n a las v\u00edctimas.<\/p>\n<p>El D\u00eda de las V\u00edctimas, este 9 de abril, fue tambi\u00e9n una ocasi\u00f3n para reflexionar sobre los impactos del conflicto armado en Colombia y la importancia de avanzar hacia la verdad, la justicia, la reparaci\u00f3n y la no repetici\u00f3n.<\/p>\n<p>En las intervenciones de aproximadamente 40 v\u00edctimas del conflicto, provenientes de distintas regiones y que han sufrido diversas formas de victimizaci\u00f3n, se resalt\u00f3 la necesidad de avanzar sin demora en el tr\u00e1mite de este proyecto.<\/p>\n<p>Eucaris Salas, coordinadora de la Mesa Nacional de V\u00edctimas, subray\u00f3 la importancia de esta reforma como la mayor conmemoraci\u00f3n posible para las 9.681.288 v\u00edctimas del conflicto armado (cifras a marzo de 2024), se\u00f1alando la imperativa necesidad de poner a las v\u00edctimas en el centro de la gesti\u00f3n del Estado.<\/p>\n<p>El senador Iv\u00e1n Leonidas Name y el representante Andr\u00e9s David Calle, en representaci\u00f3n del Congreso, enfatizaron en sus discursos la urgencia de contar con herramientas m\u00e1s efectivas para garantizar la atenci\u00f3n y reparaci\u00f3n integral de las v\u00edctimas, reconociendo su sufrimiento y resiliencia.<\/p>\n<p>Este importante avance legislativo, refleja el compromiso del Gobierno del Cambio con la construcci\u00f3n de una paz duradera y con la reparaci\u00f3n integral de todas las v\u00edctimas del conflicto armado, asegurando que sus voces sean escuchadas y atendidas en el proceso de sanaci\u00f3n y reconciliaci\u00f3n nacional.<\/p>\n","protected":false},"excerpt":{"rendered":"<p>El Congreso de la Rep\u00fablica dio un paso significativo hacia la justicia y reparaci\u00f3n integral para las v\u00edctimas al radicar la ponencia que da inicio al debate sobre la reforma de la Ley 1448 de 2011, conocida como Ley de V\u00edctimas y Restituci\u00f3n de Tierras. Durante la sesi\u00f3n plenaria, la directora de la Unidad para [&hellip;]<\/p>\n","protected":false},"author":2,"featured_media":71971,"comment_status":"closed","ping_status":"open","sticky":false,"template":"","format":"standard","meta":{"footnotes":""},"categories":[28],"tags":[],"class_list":["post-71970","post","type-post","status-publish","format-standard","has-post-thumbnail","hentry","category-actualidad"],"yoast_head":"<!-- This site is optimized with the Yoast SEO plugin v26.6 - https:\/\/yoast.com\/wordpress\/plugins\/seo\/ -->\n<title>Entregada ponencia para iniciar el debate de la reforma a la Ley de V\u00edctimas -<\/title>\n<meta name=\"robots\" content=\"index, follow, max-snippet:-1, max-image-preview:large, max-video-preview:-1\" \/>\n<link rel=\"canonical\" href=\"https:\/\/luchonoticias.com\/editor\/entregada-ponencia-para-iniciar-el-debate-de-la-reforma-a-la-ley-de-victimas\/\" \/>\n<meta property=\"og:locale\" content=\"es_ES\" \/>\n<meta property=\"og:type\" content=\"article\" \/>\n<meta property=\"og:title\" content=\"Entregada ponencia para iniciar el debate de la reforma a la Ley de V\u00edctimas -\" \/>\n<meta property=\"og:url\" content=\"https:\/\/luchonoticias.com\/editor\/entregada-ponencia-para-iniciar-el-debate-de-la-reforma-a-la-ley-de-victimas\/\" \/>\n<meta property=\"article:publisher\" content=\"https:\/\/www.facebook.com\/luchonoticiasneiva\" \/>\n<meta property=\"article:published_time\" content=\"2024-04-10T21:16:23+00:00\" \/>\n<meta property=\"og:image\" content=\"https:\/\/luchonoticias.com\/editor\/wp-content\/uploads\/2024\/04\/congreso.jpg\" \/>\n\t<meta property=\"og:image:width\" content=\"700\" \/>\n\t<meta property=\"og:image:height\" content=\"400\" \/>\n\t<meta property=\"og:image:type\" content=\"image\/jpeg\" \/>\n<meta name=\"author\" content=\"Editor General\" \/>\n<meta name=\"twitter:card\" content=\"summary_large_image\" \/>\n<meta name=\"twitter:label1\" content=\"Escrito por\" \/>\n\t<meta name=\"twitter:data1\" content=\"Editor General\" \/>\n\t<meta name=\"twitter:label2\" content=\"Tiempo de lectura\" \/>\n\t<meta name=\"twitter:data2\" content=\"2 minutos\" \/>\n<script type=\"application\/ld+json\" class=\"yoast-schema-graph\">{\"@context\":\"https:\/\/schema.org\",\"@graph\":[{\"@type\":\"Article\",\"@id\":\"https:\/\/luchonoticias.com\/editor\/entregada-ponencia-para-iniciar-el-debate-de-la-reforma-a-la-ley-de-victimas\/#article\",\"isPartOf\":{\"@id\":\"https:\/\/luchonoticias.com\/editor\/entregada-ponencia-para-iniciar-el-debate-de-la-reforma-a-la-ley-de-victimas\/\"},\"author\":{\"name\":\"Editor General\",\"@id\":\"https:\/\/luchonoticias.com\/editor\/#\/schema\/person\/29217990ddf6f14e35912b2866d591fb\"},\"headline\":\"Entregada ponencia para iniciar el debate de la reforma a la Ley de V\u00edctimas\",\"datePublished\":\"2024-04-10T21:16:23+00:00\",\"mainEntityOfPage\":{\"@id\":\"https:\/\/luchonoticias.com\/editor\/entregada-ponencia-para-iniciar-el-debate-de-la-reforma-a-la-ley-de-victimas\/\"},\"wordCount\":504,\"publisher\":{\"@id\":\"https:\/\/luchonoticias.com\/editor\/#\/schema\/person\/7a7fd911f58561fd056dbac7b55af9cd\"},\"image\":{\"@id\":\"https:\/\/luchonoticias.com\/editor\/entregada-ponencia-para-iniciar-el-debate-de-la-reforma-a-la-ley-de-victimas\/#primaryimage\"},\"thumbnailUrl\":\"https:\/\/luchonoticias.com\/editor\/wp-content\/uploads\/2024\/04\/congreso.jpg\",\"articleSection\":[\"Actualidad\"],\"inLanguage\":\"es\"},{\"@type\":\"WebPage\",\"@id\":\"https:\/\/luchonoticias.com\/editor\/entregada-ponencia-para-iniciar-el-debate-de-la-reforma-a-la-ley-de-victimas\/\",\"url\":\"https:\/\/luchonoticias.com\/editor\/entregada-ponencia-para-iniciar-el-debate-de-la-reforma-a-la-ley-de-victimas\/\",\"name\":\"Entregada ponencia para iniciar el debate de la reforma a la Ley de V\u00edctimas -\",\"isPartOf\":{\"@id\":\"https:\/\/luchonoticias.com\/editor\/#website\"},\"primaryImageOfPage\":{\"@id\":\"https:\/\/luchonoticias.com\/editor\/entregada-ponencia-para-iniciar-el-debate-de-la-reforma-a-la-ley-de-victimas\/#primaryimage\"},\"image\":{\"@id\":\"https:\/\/luchonoticias.com\/editor\/entregada-ponencia-para-iniciar-el-debate-de-la-reforma-a-la-ley-de-victimas\/#primaryimage\"},\"thumbnailUrl\":\"https:\/\/luchonoticias.com\/editor\/wp-content\/uploads\/2024\/04\/congreso.jpg\",\"datePublished\":\"2024-04-10T21:16:23+00:00\",\"breadcrumb\":{\"@id\":\"https:\/\/luchonoticias.com\/editor\/entregada-ponencia-para-iniciar-el-debate-de-la-reforma-a-la-ley-de-victimas\/#breadcrumb\"},\"inLanguage\":\"es\",\"potentialAction\":[{\"@type\":\"ReadAction\",\"target\":[\"https:\/\/luchonoticias.com\/editor\/entregada-ponencia-para-iniciar-el-debate-de-la-reforma-a-la-ley-de-victimas\/\"]}]},{\"@type\":\"ImageObject\",\"inLanguage\":\"es\",\"@id\":\"https:\/\/luchonoticias.com\/editor\/entregada-ponencia-para-iniciar-el-debate-de-la-reforma-a-la-ley-de-victimas\/#primaryimage\",\"url\":\"https:\/\/luchonoticias.com\/editor\/wp-content\/uploads\/2024\/04\/congreso.jpg\",\"contentUrl\":\"https:\/\/luchonoticias.com\/editor\/wp-content\/uploads\/2024\/04\/congreso.jpg\",\"width\":700,\"height\":400},{\"@type\":\"BreadcrumbList\",\"@id\":\"https:\/\/luchonoticias.com\/editor\/entregada-ponencia-para-iniciar-el-debate-de-la-reforma-a-la-ley-de-victimas\/#breadcrumb\",\"itemListElement\":[{\"@type\":\"ListItem\",\"position\":1,\"name\":\"Portada\",\"item\":\"https:\/\/luchonoticias.com\/editor\/\"},{\"@type\":\"ListItem\",\"position\":2,\"name\":\"Entregada ponencia para iniciar el debate de la reforma a la Ley de V\u00edctimas\"}]},{\"@type\":\"WebSite\",\"@id\":\"https:\/\/luchonoticias.com\/editor\/#website\",\"url\":\"https:\/\/luchonoticias.com\/editor\/\",\"name\":\"\",\"description\":\"\",\"publisher\":{\"@id\":\"https:\/\/luchonoticias.com\/editor\/#\/schema\/person\/7a7fd911f58561fd056dbac7b55af9cd\"},\"potentialAction\":[{\"@type\":\"SearchAction\",\"target\":{\"@type\":\"EntryPoint\",\"urlTemplate\":\"https:\/\/luchonoticias.com\/editor\/?s={search_term_string}\"},\"query-input\":{\"@type\":\"PropertyValueSpecification\",\"valueRequired\":true,\"valueName\":\"search_term_string\"}}],\"inLanguage\":\"es\"},{\"@type\":[\"Person\",\"Organization\"],\"@id\":\"https:\/\/luchonoticias.com\/editor\/#\/schema\/person\/7a7fd911f58561fd056dbac7b55af9cd\",\"name\":\"admin\",\"image\":{\"@type\":\"ImageObject\",\"inLanguage\":\"es\",\"@id\":\"https:\/\/luchonoticias.com\/editor\/#\/schema\/person\/image\/\",\"url\":\"https:\/\/luchonoticias.com\/editor\/wp-content\/uploads\/2024\/02\/cropped-cropped-logolu.webp\",\"contentUrl\":\"https:\/\/luchonoticias.com\/editor\/wp-content\/uploads\/2024\/02\/cropped-cropped-logolu.webp\",\"width\":382,\"height\":170,\"caption\":\"admin\"},\"logo\":{\"@id\":\"https:\/\/luchonoticias.com\/editor\/#\/schema\/person\/image\/\"},\"sameAs\":[\"https:\/\/www.facebook.com\/luchonoticiasneiva\"]},{\"@type\":\"Person\",\"@id\":\"https:\/\/luchonoticias.com\/editor\/#\/schema\/person\/29217990ddf6f14e35912b2866d591fb\",\"name\":\"Editor General\",\"image\":{\"@type\":\"ImageObject\",\"inLanguage\":\"es\",\"@id\":\"https:\/\/luchonoticias.com\/editor\/#\/schema\/person\/image\/\",\"url\":\"https:\/\/luchonoticias.com\/editor\/wp-content\/uploads\/2024\/02\/cropped-cropped-logolu-150x150.webp\",\"contentUrl\":\"https:\/\/luchonoticias.com\/editor\/wp-content\/uploads\/2024\/02\/cropped-cropped-logolu-150x150.webp\",\"caption\":\"Editor General\"},\"sameAs\":[\"https:\/\/luchonoticias.com\/\"],\"url\":\"https:\/\/luchonoticias.com\/editor\/author\/editor-general\/\"}]}<\/script>\n<!-- \/ Yoast SEO plugin. -->","yoast_head_json":{"title":"Entregada ponencia para iniciar el debate de la reforma a la Ley de V\u00edctimas -","robots":{"index":"index","follow":"follow","max-snippet":"max-snippet:-1","max-image-preview":"max-image-preview:large","max-video-preview":"max-video-preview:-1"},"canonical":"https:\/\/luchonoticias.com\/editor\/entregada-ponencia-para-iniciar-el-debate-de-la-reforma-a-la-ley-de-victimas\/","og_locale":"es_ES","og_type":"article","og_title":"Entregada ponencia para iniciar el debate de la reforma a la Ley de V\u00edctimas -","og_url":"https:\/\/luchonoticias.com\/editor\/entregada-ponencia-para-iniciar-el-debate-de-la-reforma-a-la-ley-de-victimas\/","article_publisher":"https:\/\/www.facebook.com\/luchonoticiasneiva","article_published_time":"2024-04-10T21:16:23+00:00","og_image":[{"width":700,"height":400,"url":"https:\/\/luchonoticias.com\/editor\/wp-content\/uploads\/2024\/04\/congreso.jpg","type":"image\/jpeg"}],"author":"Editor General","twitter_card":"summary_large_image","twitter_misc":{"Escrito por":"Editor General","Tiempo de lectura":"2 minutos"},"schema":{"@context":"https:\/\/schema.org","@graph":[{"@type":"Article","@id":"https:\/\/luchonoticias.com\/editor\/entregada-ponencia-para-iniciar-el-debate-de-la-reforma-a-la-ley-de-victimas\/#article","isPartOf":{"@id":"https:\/\/luchonoticias.com\/editor\/entregada-ponencia-para-iniciar-el-debate-de-la-reforma-a-la-ley-de-victimas\/"},"author":{"name":"Editor General","@id":"https:\/\/luchonoticias.com\/editor\/#\/schema\/person\/29217990ddf6f14e35912b2866d591fb"},"headline":"Entregada ponencia para iniciar el debate de la reforma a la Ley de V\u00edctimas","datePublished":"2024-04-10T21:16:23+00:00","mainEntityOfPage":{"@id":"https:\/\/luchonoticias.com\/editor\/entregada-ponencia-para-iniciar-el-debate-de-la-reforma-a-la-ley-de-victimas\/"},"wordCount":504,"publisher":{"@id":"https:\/\/luchonoticias.com\/editor\/#\/schema\/person\/7a7fd911f58561fd056dbac7b55af9cd"},"image":{"@id":"https:\/\/luchonoticias.com\/editor\/entregada-ponencia-para-iniciar-el-debate-de-la-reforma-a-la-ley-de-victimas\/#primaryimage"},"thumbnailUrl":"https:\/\/luchonoticias.com\/editor\/wp-content\/uploads\/2024\/04\/congreso.jpg","articleSection":["Actualidad"],"inLanguage":"es"},{"@type":"WebPage","@id":"https:\/\/luchonoticias.com\/editor\/entregada-ponencia-para-iniciar-el-debate-de-la-reforma-a-la-ley-de-victimas\/","url":"https:\/\/luchonoticias.com\/editor\/entregada-ponencia-para-iniciar-el-debate-de-la-reforma-a-la-ley-de-victimas\/","name":"Entregada ponencia para iniciar el debate de la reforma a la Ley de V\u00edctimas -","isPartOf":{"@id":"https:\/\/luchonoticias.com\/editor\/#website"},"primaryImageOfPage":{"@id":"https:\/\/luchonoticias.com\/editor\/entregada-ponencia-para-iniciar-el-debate-de-la-reforma-a-la-ley-de-victimas\/#primaryimage"},"image":{"@id":"https:\/\/luchonoticias.com\/editor\/entregada-ponencia-para-iniciar-el-debate-de-la-reforma-a-la-ley-de-victimas\/#primaryimage"},"thumbnailUrl":"https:\/\/luchonoticias.com\/editor\/wp-content\/uploads\/2024\/04\/congreso.jpg","datePublished":"2024-04-10T21:16:23+00:00","breadcrumb":{"@id":"https:\/\/luchonoticias.com\/editor\/entregada-ponencia-para-iniciar-el-debate-de-la-reforma-a-la-ley-de-victimas\/#breadcrumb"},"inLanguage":"es","potentialAction":[{"@type":"ReadAction","target":["https:\/\/luchonoticias.com\/editor\/entregada-ponencia-para-iniciar-el-debate-de-la-reforma-a-la-ley-de-victimas\/"]}]},{"@type":"ImageObject","inLanguage":"es","@id":"https:\/\/luchonoticias.com\/editor\/entregada-ponencia-para-iniciar-el-debate-de-la-reforma-a-la-ley-de-victimas\/#primaryimage","url":"https:\/\/luchonoticias.com\/editor\/wp-content\/uploads\/2024\/04\/congreso.jpg","contentUrl":"https:\/\/luchonoticias.com\/editor\/wp-content\/uploads\/2024\/04\/congreso.jpg","width":700,"height":400},{"@type":"BreadcrumbList","@id":"https:\/\/luchonoticias.com\/editor\/entregada-ponencia-para-iniciar-el-debate-de-la-reforma-a-la-ley-de-victimas\/#breadcrumb","itemListElement":[{"@type":"ListItem","position":1,"name":"Portada","item":"https:\/\/luchonoticias.com\/editor\/"},{"@type":"ListItem","position":2,"name":"Entregada ponencia para iniciar el debate de la reforma a la Ley de V\u00edctimas"}]},{"@type":"WebSite","@id":"https:\/\/luchonoticias.com\/editor\/#website","url":"https:\/\/luchonoticias.com\/editor\/","name":"","description":"","publisher":{"@id":"https:\/\/luchonoticias.com\/editor\/#\/schema\/person\/7a7fd911f58561fd056dbac7b55af9cd"},"potentialAction":[{"@type":"SearchAction","target":{"@type":"EntryPoint","urlTemplate":"https:\/\/luchonoticias.com\/editor\/?s={search_term_string}"},"query-input":{"@type":"PropertyValueSpecification","valueRequired":true,"valueName":"search_term_string"}}],"inLanguage":"es"},{"@type":["Person","Organization"],"@id":"https:\/\/luchonoticias.com\/editor\/#\/schema\/person\/7a7fd911f58561fd056dbac7b55af9cd","name":"admin","image":{"@type":"ImageObject","inLanguage":"es","@id":"https:\/\/luchonoticias.com\/editor\/#\/schema\/person\/image\/","url":"https:\/\/luchonoticias.com\/editor\/wp-content\/uploads\/2024\/02\/cropped-cropped-logolu.webp","contentUrl":"https:\/\/luchonoticias.com\/editor\/wp-content\/uploads\/2024\/02\/cropped-cropped-logolu.webp","width":382,"height":170,"caption":"admin"},"logo":{"@id":"https:\/\/luchonoticias.com\/editor\/#\/schema\/person\/image\/"},"sameAs":["https:\/\/www.facebook.com\/luchonoticiasneiva"]},{"@type":"Person","@id":"https:\/\/luchonoticias.com\/editor\/#\/schema\/person\/29217990ddf6f14e35912b2866d591fb","name":"Editor General","image":{"@type":"ImageObject","inLanguage":"es","@id":"https:\/\/luchonoticias.com\/editor\/#\/schema\/person\/image\/","url":"https:\/\/luchonoticias.com\/editor\/wp-content\/uploads\/2024\/02\/cropped-cropped-logolu-150x150.webp","contentUrl":"https:\/\/luchonoticias.com\/editor\/wp-content\/uploads\/2024\/02\/cropped-cropped-logolu-150x150.webp","caption":"Editor General"},"sameAs":["https:\/\/luchonoticias.com\/"],"url":"https:\/\/luchonoticias.com\/editor\/author\/editor-general\/"}]}},"_links":{"self":[{"href":"https:\/\/luchonoticias.com\/editor\/wp-json\/wp\/v2\/posts\/71970","targetHints":{"allow":["GET"]}}],"collection":[{"href":"https:\/\/luchonoticias.com\/editor\/wp-json\/wp\/v2\/posts"}],"about":[{"href":"https:\/\/luchonoticias.com\/editor\/wp-json\/wp\/v2\/types\/post"}],"author":[{"embeddable":true,"href":"https:\/\/luchonoticias.com\/editor\/wp-json\/wp\/v2\/users\/2"}],"replies":[{"embeddable":true,"href":"https:\/\/luchonoticias.com\/editor\/wp-json\/wp\/v2\/comments?post=71970"}],"version-history":[{"count":0,"href":"https:\/\/luchonoticias.com\/editor\/wp-json\/wp\/v2\/posts\/71970\/revisions"}],"wp:featuredmedia":[{"embeddable":true,"href":"https:\/\/luchonoticias.com\/editor\/wp-json\/wp\/v2\/media\/71971"}],"wp:attachment":[{"href":"https:\/\/luchonoticias.com\/editor\/wp-json\/wp\/v2\/media?parent=71970"}],"wp:term":[{"taxonomy":"category","embeddable":true,"href":"https:\/\/luchonoticias.com\/editor\/wp-json\/wp\/v2\/categories?post=71970"},{"taxonomy":"post_tag","embeddable":true,"href":"https:\/\/luchonoticias.com\/editor\/wp-json\/wp\/v2\/tags?post=71970"}],"curies":[{"name":"wp","href":"https:\/\/api.w.org\/{rel}","templated":true}]}}