{"id":71973,"date":"2024-04-10T16:21:03","date_gmt":"2024-04-10T21:21:03","guid":{"rendered":"https:\/\/luchonoticias.com\/?p=71973"},"modified":"2024-04-10T16:21:03","modified_gmt":"2024-04-10T21:21:03","slug":"las-proyecciones-del-comercio-con-venezuela","status":"publish","type":"post","link":"https:\/\/luchonoticias.com\/editor\/las-proyecciones-del-comercio-con-venezuela\/","title":{"rendered":"Las proyecciones del comercio con Venezuela"},"content":{"rendered":"<p>\u201cLa balanza de pagos para este a\u00f1o puede alcanzar unos 1.200 millones de d\u00f3lares de exportaci\u00f3n de Colombia hacia Venezuela y 200 o 300 millones de importaciones de Venezuela hacia Colombia\u00bb.<\/p>\n<p>As\u00ed lo asegur\u00f3 el presidente Gustavo Petro, al entregar el balance de su viaje a Venezuela, donde se reuni\u00f3 con su hom\u00f3logo venezolano, Nicol\u00e1s Maduro, sus equipos de gobierno y representantes de la oposici\u00f3n del vecino pa\u00eds.<\/p>\n<p>En su declaraci\u00f3n, el jefe de Estado dijo que este comportamiento de la balanza comercial bilateral \u201cnos ha ayudado a mitigar el d\u00e9ficit comercial abultado que tra\u00eda el pa\u00eds. Ha sido, digamos, de importancia para la reactivaci\u00f3n econ\u00f3mica colombiana. Podr\u00eda ser mucho m\u00e1s si logramos levantar las sanciones\u00bb.<\/p>\n<p>Coment\u00f3, adem\u00e1s, que se consolid\u00f3 un acuerdo energ\u00e9tico que consiste en la posibilidad de que \u201cEcopetrol pueda explotar gas en la frontera cerca a Colombia, en la frontera colombo venezolana, y petr\u00f3leo en condiciones de alta calidad, m\u00e1s cerca a la de Norte de Santander. Y que nosotros podamos exportar energ\u00eda el\u00e9ctrica, ojal\u00e1 limpia, a trav\u00e9s de La Guajira y a trav\u00e9s del T\u00e1chira\u00bb.<\/p>\n<h2>Altillanura \u200bbinacional<\/h2>\n<p>\u200bEl presidente Petro se refiri\u00f3 tambi\u00e9n al proyecto de la altillanura binacional, de la que reconoci\u00f3 que es una iniciativa a largo plazo, pero que se busca es que sea la gran despensa agroalimentaria del mundo.<\/p>\n<p>Anunci\u00f3 que para este tema \u201cse va a constituir una comisi\u00f3n binacional para adelantar ese proceso que, obviamente, no es de corto plazo y que comienza en nuestro pa\u00eds con el ferrocarril Villavicencio\u2014Puerto Gait\u00e1n, con la navegabilidad del r\u00edo Meta, que desemboca en el Orinoco y, por all\u00ed, al Atl\u00e1ntico\u00bb.<\/p>\n<h2>Paz pol\u00edtic\u200b\u200ba en Venezuela<\/h2>\n<p>\u200bRecord\u00f3 que con el presidente Maduro se lograron acuerdos de seguridad y, fundamentalmente, \u201cuna intermediaci\u00f3n colombiana, una mediaci\u00f3n colombiana para lograr la paz pol\u00edtica en Venezuela\u00bb.<\/p>\n<p>\u00abHe hablado con el presidente Maduro de una propuesta que le he hecho y con sectores de la oposici\u00f3n, quiz\u00e1s los m\u00e1s importantes en este momento, para lograr que este pa\u00eds pueda tener paz pol\u00edtica\u00bb, dijo al insistir en que \u201cla paz pol\u00edtica en Venezuela puede ser tambi\u00e9n la paz armada en Colombia, la paz del desarme\u00bb.<\/p>\n<p>Anunci\u00f3 que \u201cestamos construyendo una propuesta democr\u00e1tica, tambi\u00e9n en Venezuela, que espero garantice un mejor bienestar del pueblo venezolano, tanto el que habita en el pa\u00eds como el que est\u00e1 en nuestro pa\u00eds, Colombia\u00bb.<\/p>\n","protected":false},"excerpt":{"rendered":"<p>\u201cLa balanza de pagos para este a\u00f1o puede alcanzar unos 1.200 millones de d\u00f3lares de exportaci\u00f3n de Colombia hacia Venezuela y 200 o 300 millones de importaciones de Venezuela hacia Colombia\u00bb. As\u00ed lo asegur\u00f3 el presidente Gustavo Petro, al entregar el balance de su viaje a Venezuela, donde se reuni\u00f3 con su hom\u00f3logo venezolano, Nicol\u00e1s [&hellip;]<\/p>\n","protected":false},"author":2,"featured_media":71974,"comment_status":"closed","ping_status":"open","sticky":false,"template":"","format":"standard","meta":{"footnotes":""},"categories":[28],"tags":[],"class_list":["post-71973","post","type-post","status-publish","format-standard","has-post-thumbnail","hentry","category-actualidad"],"yoast_head":"<!-- This site is optimized with the Yoast SEO plugin v26.6 - https:\/\/yoast.com\/wordpress\/plugins\/seo\/ -->\n<title>Las proyecciones del comercio con Venezuela -<\/title>\n<meta name=\"robots\" content=\"index, follow, max-snippet:-1, max-image-preview:large, max-video-preview:-1\" \/>\n<link rel=\"canonical\" href=\"https:\/\/luchonoticias.com\/editor\/las-proyecciones-del-comercio-con-venezuela\/\" \/>\n<meta property=\"og:locale\" content=\"es_ES\" \/>\n<meta property=\"og:type\" content=\"article\" \/>\n<meta property=\"og:title\" content=\"Las proyecciones del comercio con Venezuela -\" \/>\n<meta property=\"og:url\" content=\"https:\/\/luchonoticias.com\/editor\/las-proyecciones-del-comercio-con-venezuela\/\" \/>\n<meta property=\"article:publisher\" content=\"https:\/\/www.facebook.com\/luchonoticiasneiva\" \/>\n<meta property=\"article:published_time\" content=\"2024-04-10T21:21:03+00:00\" \/>\n<meta property=\"og:image\" content=\"https:\/\/luchonoticias.com\/editor\/wp-content\/uploads\/2024\/04\/comercio-venezuela.jpg\" \/>\n\t<meta property=\"og:image:width\" content=\"700\" \/>\n\t<meta property=\"og:image:height\" content=\"400\" \/>\n\t<meta property=\"og:image:type\" content=\"image\/jpeg\" \/>\n<meta name=\"author\" content=\"Editor General\" \/>\n<meta name=\"twitter:card\" content=\"summary_large_image\" \/>\n<meta name=\"twitter:label1\" content=\"Escrito por\" \/>\n\t<meta name=\"twitter:data1\" content=\"Editor General\" \/>\n\t<meta name=\"twitter:label2\" content=\"Tiempo de lectura\" \/>\n\t<meta name=\"twitter:data2\" content=\"2 minutos\" \/>\n<script type=\"application\/ld+json\" class=\"yoast-schema-graph\">{\"@context\":\"https:\/\/schema.org\",\"@graph\":[{\"@type\":\"Article\",\"@id\":\"https:\/\/luchonoticias.com\/editor\/las-proyecciones-del-comercio-con-venezuela\/#article\",\"isPartOf\":{\"@id\":\"https:\/\/luchonoticias.com\/editor\/las-proyecciones-del-comercio-con-venezuela\/\"},\"author\":{\"name\":\"Editor General\",\"@id\":\"https:\/\/luchonoticias.com\/editor\/#\/schema\/person\/29217990ddf6f14e35912b2866d591fb\"},\"headline\":\"Las proyecciones del comercio con Venezuela\",\"datePublished\":\"2024-04-10T21:21:03+00:00\",\"mainEntityOfPage\":{\"@id\":\"https:\/\/luchonoticias.com\/editor\/las-proyecciones-del-comercio-con-venezuela\/\"},\"wordCount\":439,\"publisher\":{\"@id\":\"https:\/\/luchonoticias.com\/editor\/#\/schema\/person\/7a7fd911f58561fd056dbac7b55af9cd\"},\"image\":{\"@id\":\"https:\/\/luchonoticias.com\/editor\/las-proyecciones-del-comercio-con-venezuela\/#primaryimage\"},\"thumbnailUrl\":\"https:\/\/luchonoticias.com\/editor\/wp-content\/uploads\/2024\/04\/comercio-venezuela.jpg\",\"articleSection\":[\"Actualidad\"],\"inLanguage\":\"es\"},{\"@type\":\"WebPage\",\"@id\":\"https:\/\/luchonoticias.com\/editor\/las-proyecciones-del-comercio-con-venezuela\/\",\"url\":\"https:\/\/luchonoticias.com\/editor\/las-proyecciones-del-comercio-con-venezuela\/\",\"name\":\"Las proyecciones del comercio con Venezuela -\",\"isPartOf\":{\"@id\":\"https:\/\/luchonoticias.com\/editor\/#website\"},\"primaryImageOfPage\":{\"@id\":\"https:\/\/luchonoticias.com\/editor\/las-proyecciones-del-comercio-con-venezuela\/#primaryimage\"},\"image\":{\"@id\":\"https:\/\/luchonoticias.com\/editor\/las-proyecciones-del-comercio-con-venezuela\/#primaryimage\"},\"thumbnailUrl\":\"https:\/\/luchonoticias.com\/editor\/wp-content\/uploads\/2024\/04\/comercio-venezuela.jpg\",\"datePublished\":\"2024-04-10T21:21:03+00:00\",\"breadcrumb\":{\"@id\":\"https:\/\/luchonoticias.com\/editor\/las-proyecciones-del-comercio-con-venezuela\/#breadcrumb\"},\"inLanguage\":\"es\",\"potentialAction\":[{\"@type\":\"ReadAction\",\"target\":[\"https:\/\/luchonoticias.com\/editor\/las-proyecciones-del-comercio-con-venezuela\/\"]}]},{\"@type\":\"ImageObject\",\"inLanguage\":\"es\",\"@id\":\"https:\/\/luchonoticias.com\/editor\/las-proyecciones-del-comercio-con-venezuela\/#primaryimage\",\"url\":\"https:\/\/luchonoticias.com\/editor\/wp-content\/uploads\/2024\/04\/comercio-venezuela.jpg\",\"contentUrl\":\"https:\/\/luchonoticias.com\/editor\/wp-content\/uploads\/2024\/04\/comercio-venezuela.jpg\",\"width\":700,\"height\":400},{\"@type\":\"BreadcrumbList\",\"@id\":\"https:\/\/luchonoticias.com\/editor\/las-proyecciones-del-comercio-con-venezuela\/#breadcrumb\",\"itemListElement\":[{\"@type\":\"ListItem\",\"position\":1,\"name\":\"Portada\",\"item\":\"https:\/\/luchonoticias.com\/editor\/\"},{\"@type\":\"ListItem\",\"position\":2,\"name\":\"Las proyecciones del comercio con Venezuela\"}]},{\"@type\":\"WebSite\",\"@id\":\"https:\/\/luchonoticias.com\/editor\/#website\",\"url\":\"https:\/\/luchonoticias.com\/editor\/\",\"name\":\"\",\"description\":\"\",\"publisher\":{\"@id\":\"https:\/\/luchonoticias.com\/editor\/#\/schema\/person\/7a7fd911f58561fd056dbac7b55af9cd\"},\"potentialAction\":[{\"@type\":\"SearchAction\",\"target\":{\"@type\":\"EntryPoint\",\"urlTemplate\":\"https:\/\/luchonoticias.com\/editor\/?s={search_term_string}\"},\"query-input\":{\"@type\":\"PropertyValueSpecification\",\"valueRequired\":true,\"valueName\":\"search_term_string\"}}],\"inLanguage\":\"es\"},{\"@type\":[\"Person\",\"Organization\"],\"@id\":\"https:\/\/luchonoticias.com\/editor\/#\/schema\/person\/7a7fd911f58561fd056dbac7b55af9cd\",\"name\":\"admin\",\"image\":{\"@type\":\"ImageObject\",\"inLanguage\":\"es\",\"@id\":\"https:\/\/luchonoticias.com\/editor\/#\/schema\/person\/image\/\",\"url\":\"https:\/\/luchonoticias.com\/editor\/wp-content\/uploads\/2024\/02\/cropped-cropped-logolu.webp\",\"contentUrl\":\"https:\/\/luchonoticias.com\/editor\/wp-content\/uploads\/2024\/02\/cropped-cropped-logolu.webp\",\"width\":382,\"height\":170,\"caption\":\"admin\"},\"logo\":{\"@id\":\"https:\/\/luchonoticias.com\/editor\/#\/schema\/person\/image\/\"},\"sameAs\":[\"https:\/\/www.facebook.com\/luchonoticiasneiva\"]},{\"@type\":\"Person\",\"@id\":\"https:\/\/luchonoticias.com\/editor\/#\/schema\/person\/29217990ddf6f14e35912b2866d591fb\",\"name\":\"Editor General\",\"image\":{\"@type\":\"ImageObject\",\"inLanguage\":\"es\",\"@id\":\"https:\/\/luchonoticias.com\/editor\/#\/schema\/person\/image\/\",\"url\":\"https:\/\/luchonoticias.com\/editor\/wp-content\/uploads\/2024\/02\/cropped-cropped-logolu-150x150.webp\",\"contentUrl\":\"https:\/\/luchonoticias.com\/editor\/wp-content\/uploads\/2024\/02\/cropped-cropped-logolu-150x150.webp\",\"caption\":\"Editor General\"},\"sameAs\":[\"https:\/\/luchonoticias.com\/\"],\"url\":\"https:\/\/luchonoticias.com\/editor\/author\/editor-general\/\"}]}<\/script>\n<!-- \/ Yoast SEO plugin. -->","yoast_head_json":{"title":"Las proyecciones del comercio con Venezuela -","robots":{"index":"index","follow":"follow","max-snippet":"max-snippet:-1","max-image-preview":"max-image-preview:large","max-video-preview":"max-video-preview:-1"},"canonical":"https:\/\/luchonoticias.com\/editor\/las-proyecciones-del-comercio-con-venezuela\/","og_locale":"es_ES","og_type":"article","og_title":"Las proyecciones del comercio con Venezuela -","og_url":"https:\/\/luchonoticias.com\/editor\/las-proyecciones-del-comercio-con-venezuela\/","article_publisher":"https:\/\/www.facebook.com\/luchonoticiasneiva","article_published_time":"2024-04-10T21:21:03+00:00","og_image":[{"width":700,"height":400,"url":"https:\/\/luchonoticias.com\/editor\/wp-content\/uploads\/2024\/04\/comercio-venezuela.jpg","type":"image\/jpeg"}],"author":"Editor General","twitter_card":"summary_large_image","twitter_misc":{"Escrito por":"Editor General","Tiempo de lectura":"2 minutos"},"schema":{"@context":"https:\/\/schema.org","@graph":[{"@type":"Article","@id":"https:\/\/luchonoticias.com\/editor\/las-proyecciones-del-comercio-con-venezuela\/#article","isPartOf":{"@id":"https:\/\/luchonoticias.com\/editor\/las-proyecciones-del-comercio-con-venezuela\/"},"author":{"name":"Editor General","@id":"https:\/\/luchonoticias.com\/editor\/#\/schema\/person\/29217990ddf6f14e35912b2866d591fb"},"headline":"Las proyecciones del comercio con Venezuela","datePublished":"2024-04-10T21:21:03+00:00","mainEntityOfPage":{"@id":"https:\/\/luchonoticias.com\/editor\/las-proyecciones-del-comercio-con-venezuela\/"},"wordCount":439,"publisher":{"@id":"https:\/\/luchonoticias.com\/editor\/#\/schema\/person\/7a7fd911f58561fd056dbac7b55af9cd"},"image":{"@id":"https:\/\/luchonoticias.com\/editor\/las-proyecciones-del-comercio-con-venezuela\/#primaryimage"},"thumbnailUrl":"https:\/\/luchonoticias.com\/editor\/wp-content\/uploads\/2024\/04\/comercio-venezuela.jpg","articleSection":["Actualidad"],"inLanguage":"es"},{"@type":"WebPage","@id":"https:\/\/luchonoticias.com\/editor\/las-proyecciones-del-comercio-con-venezuela\/","url":"https:\/\/luchonoticias.com\/editor\/las-proyecciones-del-comercio-con-venezuela\/","name":"Las proyecciones del comercio con Venezuela -","isPartOf":{"@id":"https:\/\/luchonoticias.com\/editor\/#website"},"primaryImageOfPage":{"@id":"https:\/\/luchonoticias.com\/editor\/las-proyecciones-del-comercio-con-venezuela\/#primaryimage"},"image":{"@id":"https:\/\/luchonoticias.com\/editor\/las-proyecciones-del-comercio-con-venezuela\/#primaryimage"},"thumbnailUrl":"https:\/\/luchonoticias.com\/editor\/wp-content\/uploads\/2024\/04\/comercio-venezuela.jpg","datePublished":"2024-04-10T21:21:03+00:00","breadcrumb":{"@id":"https:\/\/luchonoticias.com\/editor\/las-proyecciones-del-comercio-con-venezuela\/#breadcrumb"},"inLanguage":"es","potentialAction":[{"@type":"ReadAction","target":["https:\/\/luchonoticias.com\/editor\/las-proyecciones-del-comercio-con-venezuela\/"]}]},{"@type":"ImageObject","inLanguage":"es","@id":"https:\/\/luchonoticias.com\/editor\/las-proyecciones-del-comercio-con-venezuela\/#primaryimage","url":"https:\/\/luchonoticias.com\/editor\/wp-content\/uploads\/2024\/04\/comercio-venezuela.jpg","contentUrl":"https:\/\/luchonoticias.com\/editor\/wp-content\/uploads\/2024\/04\/comercio-venezuela.jpg","width":700,"height":400},{"@type":"BreadcrumbList","@id":"https:\/\/luchonoticias.com\/editor\/las-proyecciones-del-comercio-con-venezuela\/#breadcrumb","itemListElement":[{"@type":"ListItem","position":1,"name":"Portada","item":"https:\/\/luchonoticias.com\/editor\/"},{"@type":"ListItem","position":2,"name":"Las proyecciones del comercio con Venezuela"}]},{"@type":"WebSite","@id":"https:\/\/luchonoticias.com\/editor\/#website","url":"https:\/\/luchonoticias.com\/editor\/","name":"","description":"","publisher":{"@id":"https:\/\/luchonoticias.com\/editor\/#\/schema\/person\/7a7fd911f58561fd056dbac7b55af9cd"},"potentialAction":[{"@type":"SearchAction","target":{"@type":"EntryPoint","urlTemplate":"https:\/\/luchonoticias.com\/editor\/?s={search_term_string}"},"query-input":{"@type":"PropertyValueSpecification","valueRequired":true,"valueName":"search_term_string"}}],"inLanguage":"es"},{"@type":["Person","Organization"],"@id":"https:\/\/luchonoticias.com\/editor\/#\/schema\/person\/7a7fd911f58561fd056dbac7b55af9cd","name":"admin","image":{"@type":"ImageObject","inLanguage":"es","@id":"https:\/\/luchonoticias.com\/editor\/#\/schema\/person\/image\/","url":"https:\/\/luchonoticias.com\/editor\/wp-content\/uploads\/2024\/02\/cropped-cropped-logolu.webp","contentUrl":"https:\/\/luchonoticias.com\/editor\/wp-content\/uploads\/2024\/02\/cropped-cropped-logolu.webp","width":382,"height":170,"caption":"admin"},"logo":{"@id":"https:\/\/luchonoticias.com\/editor\/#\/schema\/person\/image\/"},"sameAs":["https:\/\/www.facebook.com\/luchonoticiasneiva"]},{"@type":"Person","@id":"https:\/\/luchonoticias.com\/editor\/#\/schema\/person\/29217990ddf6f14e35912b2866d591fb","name":"Editor General","image":{"@type":"ImageObject","inLanguage":"es","@id":"https:\/\/luchonoticias.com\/editor\/#\/schema\/person\/image\/","url":"https:\/\/luchonoticias.com\/editor\/wp-content\/uploads\/2024\/02\/cropped-cropped-logolu-150x150.webp","contentUrl":"https:\/\/luchonoticias.com\/editor\/wp-content\/uploads\/2024\/02\/cropped-cropped-logolu-150x150.webp","caption":"Editor General"},"sameAs":["https:\/\/luchonoticias.com\/"],"url":"https:\/\/luchonoticias.com\/editor\/author\/editor-general\/"}]}},"_links":{"self":[{"href":"https:\/\/luchonoticias.com\/editor\/wp-json\/wp\/v2\/posts\/71973","targetHints":{"allow":["GET"]}}],"collection":[{"href":"https:\/\/luchonoticias.com\/editor\/wp-json\/wp\/v2\/posts"}],"about":[{"href":"https:\/\/luchonoticias.com\/editor\/wp-json\/wp\/v2\/types\/post"}],"author":[{"embeddable":true,"href":"https:\/\/luchonoticias.com\/editor\/wp-json\/wp\/v2\/users\/2"}],"replies":[{"embeddable":true,"href":"https:\/\/luchonoticias.com\/editor\/wp-json\/wp\/v2\/comments?post=71973"}],"version-history":[{"count":0,"href":"https:\/\/luchonoticias.com\/editor\/wp-json\/wp\/v2\/posts\/71973\/revisions"}],"wp:featuredmedia":[{"embeddable":true,"href":"https:\/\/luchonoticias.com\/editor\/wp-json\/wp\/v2\/media\/71974"}],"wp:attachment":[{"href":"https:\/\/luchonoticias.com\/editor\/wp-json\/wp\/v2\/media?parent=71973"}],"wp:term":[{"taxonomy":"category","embeddable":true,"href":"https:\/\/luchonoticias.com\/editor\/wp-json\/wp\/v2\/categories?post=71973"},{"taxonomy":"post_tag","embeddable":true,"href":"https:\/\/luchonoticias.com\/editor\/wp-json\/wp\/v2\/tags?post=71973"}],"curies":[{"name":"wp","href":"https:\/\/api.w.org\/{rel}","templated":true}]}}