{"id":71979,"date":"2024-04-10T18:14:36","date_gmt":"2024-04-10T23:14:36","guid":{"rendered":"https:\/\/luchonoticias.com\/?p=71979"},"modified":"2024-04-10T18:14:36","modified_gmt":"2024-04-10T23:14:36","slug":"gobernacion-y-sus-acciones-tras-consejo-de-politica-social","status":"publish","type":"post","link":"https:\/\/luchonoticias.com\/editor\/gobernacion-y-sus-acciones-tras-consejo-de-politica-social\/","title":{"rendered":"Gobernaci\u00f3n y sus acciones tras Consejo de Pol\u00edtica Social"},"content":{"rendered":"<p>El Huila ha dado un paso significativo en la promoci\u00f3n del bienestar de ni\u00f1os, ni\u00f1as y adolescentes a trav\u00e9s del Consejo Departamental de Pol\u00edtica Social. En una sesi\u00f3n enfocada en propuestas concretas, se abordaron diversos temas de inter\u00e9s general que impactan directamente en la calidad de vida de este sector de la poblaci\u00f3n.<\/p>\n<p>\u201cInstalamos y desarrollamos con todos los actores del Consejo Departamental de Pol\u00edtica Social temas claves como la integralidad educativa, la oferta del PAE, las pol\u00edticas p\u00fablicas dirigidas a ni\u00f1os, ni\u00f1as y adolescentes, nos corresponde a las autoridades actuar y vamos a estar a la altura de esas exigencias\u201d expres\u00f3 Rodrigo Villalba Mosquera, Gobernador del Huila.<\/p>\n<p>En el sector educativo, el aporte del Gobierno \u201cHuila Grande\u201d ha sido el de garantizar la alimentaci\u00f3n escolar en el marco de lo exigido por la Resoluci\u00f3n 335 de 2021 del Ministerio de Educaci\u00f3n Nacional.<\/p>\n<p>Orlando Parga Rivas, Secretario de Educaci\u00f3n, se\u00f1al\u00f3 al respecto, que la cobertura del PAE es de m\u00e1s del 80% en el territorio departamental. \u201cEl Huila es de los 10 entes territoriales en alcanzar este tipo de metas en el pa\u00eds, llegando a una poblaci\u00f3n vulnerable que lo necesita, y que hace parte de la poblaci\u00f3n priorizada que estipula la normatividad nacional\u201d, afirm\u00f3 el secretario.<\/p>\n<p>\u201cNuestros ni\u00f1os, ni\u00f1as y adolescentes, se sienten beneficiados con esta ejecuci\u00f3n del programa de alimentaci\u00f3n escolar, impactando con el 100% en raci\u00f3n tipo complemento nutricional para el sector rural; 50% en el sector urbano con esta misma raci\u00f3n y el alimento tipo almuerzo, sirviendo al 100% para los estudiantes de las instituciones educativas que tienen jornada \u00fanica como lo exige la Resoluci\u00f3n del Ministerio de Educaci\u00f3n\u201d, complement\u00f3 el funcionario.<\/p>\n<p>El Consejo de Pol\u00edtica Social tambi\u00e9n hizo \u00e9nfasis en las acciones llevadas a cabo por la Secretar\u00eda de Salud Departamental ante la alerta epidemiol\u00f3gica por dengue, demostrando un compromiso activo en la prevenci\u00f3n y control, teniendo en cuenta que de los 9.132 casos que se han notificado en el departamento, el 62% se registran en poblaci\u00f3n menor de edad.<\/p>\n<p>Otro punto relevante fue la implementaci\u00f3n de la incidencia del Sistema Nacional de Bienestar Familiar a trav\u00e9s de los Consejos Territoriales, buscando fortalecer<br \/>\nlos lazos familiares y comunitarios en pro del bienestar integral de los ni\u00f1os, ni\u00f1as y adolescentes.<\/p>\n<p>La jornada tambi\u00e9n incluy\u00f3 la socializaci\u00f3n del homenaje a la ni\u00f1ez 2024 que se llevar\u00e1 a cabo durante el mes de abril, bajo el lema \u00abHuila Grande protege su futuro\u00bb, resaltando la importancia de garantizar un entorno seguro y propicio para el crecimiento y goce de los derechos de ni\u00f1os y ni\u00f1as.<\/p>\n<p>El Consejo Departamental de Pol\u00edtica Social se consolida como un espacio de di\u00e1logo y acci\u00f3n donde se articulan esfuerzos interinstitucionales en beneficio de la infancia y la juventud del Huila. La Gobernaci\u00f3n reafirma su compromiso con la construcci\u00f3n de un futuro prometedor para todos los huilenses, especialmente para aquellos que representan el motor y la esperanza de la sociedad.<\/p>\n","protected":false},"excerpt":{"rendered":"<p>El Huila ha dado un paso significativo en la promoci\u00f3n del bienestar de ni\u00f1os, ni\u00f1as y adolescentes a trav\u00e9s del Consejo Departamental de Pol\u00edtica Social. En una sesi\u00f3n enfocada en propuestas concretas, se abordaron diversos temas de inter\u00e9s general que impactan directamente en la calidad de vida de este sector de la poblaci\u00f3n. \u201cInstalamos y [&hellip;]<\/p>\n","protected":false},"author":2,"featured_media":71980,"comment_status":"closed","ping_status":"open","sticky":false,"template":"","format":"standard","meta":{"footnotes":""},"categories":[33],"tags":[],"class_list":["post-71979","post","type-post","status-publish","format-standard","has-post-thumbnail","hentry","category-huila"],"yoast_head":"<!-- This site is optimized with the Yoast SEO plugin v26.6 - https:\/\/yoast.com\/wordpress\/plugins\/seo\/ -->\n<title>Gobernaci\u00f3n y sus acciones tras Consejo de Pol\u00edtica Social -<\/title>\n<meta name=\"robots\" content=\"index, follow, max-snippet:-1, max-image-preview:large, max-video-preview:-1\" \/>\n<link rel=\"canonical\" href=\"https:\/\/luchonoticias.com\/editor\/gobernacion-y-sus-acciones-tras-consejo-de-politica-social\/\" \/>\n<meta property=\"og:locale\" content=\"es_ES\" \/>\n<meta property=\"og:type\" content=\"article\" \/>\n<meta property=\"og:title\" content=\"Gobernaci\u00f3n y sus acciones tras Consejo de Pol\u00edtica Social -\" \/>\n<meta property=\"og:url\" content=\"https:\/\/luchonoticias.com\/editor\/gobernacion-y-sus-acciones-tras-consejo-de-politica-social\/\" \/>\n<meta property=\"article:publisher\" content=\"https:\/\/www.facebook.com\/luchonoticiasneiva\" \/>\n<meta property=\"article:published_time\" content=\"2024-04-10T23:14:36+00:00\" \/>\n<meta property=\"og:image\" content=\"https:\/\/luchonoticias.com\/editor\/wp-content\/uploads\/2024\/04\/consejo-politica-social.jpg\" \/>\n\t<meta property=\"og:image:width\" content=\"700\" \/>\n\t<meta property=\"og:image:height\" content=\"400\" \/>\n\t<meta property=\"og:image:type\" content=\"image\/jpeg\" \/>\n<meta name=\"author\" content=\"Editor General\" \/>\n<meta name=\"twitter:card\" content=\"summary_large_image\" \/>\n<meta name=\"twitter:label1\" content=\"Escrito por\" \/>\n\t<meta name=\"twitter:data1\" content=\"Editor General\" \/>\n\t<meta name=\"twitter:label2\" content=\"Tiempo de lectura\" \/>\n\t<meta name=\"twitter:data2\" content=\"3 minutos\" \/>\n<script type=\"application\/ld+json\" class=\"yoast-schema-graph\">{\"@context\":\"https:\/\/schema.org\",\"@graph\":[{\"@type\":\"Article\",\"@id\":\"https:\/\/luchonoticias.com\/editor\/gobernacion-y-sus-acciones-tras-consejo-de-politica-social\/#article\",\"isPartOf\":{\"@id\":\"https:\/\/luchonoticias.com\/editor\/gobernacion-y-sus-acciones-tras-consejo-de-politica-social\/\"},\"author\":{\"name\":\"Editor General\",\"@id\":\"https:\/\/luchonoticias.com\/editor\/#\/schema\/person\/29217990ddf6f14e35912b2866d591fb\"},\"headline\":\"Gobernaci\u00f3n y sus acciones tras Consejo de Pol\u00edtica Social\",\"datePublished\":\"2024-04-10T23:14:36+00:00\",\"mainEntityOfPage\":{\"@id\":\"https:\/\/luchonoticias.com\/editor\/gobernacion-y-sus-acciones-tras-consejo-de-politica-social\/\"},\"wordCount\":536,\"publisher\":{\"@id\":\"https:\/\/luchonoticias.com\/editor\/#\/schema\/person\/7a7fd911f58561fd056dbac7b55af9cd\"},\"image\":{\"@id\":\"https:\/\/luchonoticias.com\/editor\/gobernacion-y-sus-acciones-tras-consejo-de-politica-social\/#primaryimage\"},\"thumbnailUrl\":\"https:\/\/luchonoticias.com\/editor\/wp-content\/uploads\/2024\/04\/consejo-politica-social.jpg\",\"articleSection\":[\"Huila\"],\"inLanguage\":\"es\"},{\"@type\":\"WebPage\",\"@id\":\"https:\/\/luchonoticias.com\/editor\/gobernacion-y-sus-acciones-tras-consejo-de-politica-social\/\",\"url\":\"https:\/\/luchonoticias.com\/editor\/gobernacion-y-sus-acciones-tras-consejo-de-politica-social\/\",\"name\":\"Gobernaci\u00f3n y sus acciones tras Consejo de Pol\u00edtica Social -\",\"isPartOf\":{\"@id\":\"https:\/\/luchonoticias.com\/editor\/#website\"},\"primaryImageOfPage\":{\"@id\":\"https:\/\/luchonoticias.com\/editor\/gobernacion-y-sus-acciones-tras-consejo-de-politica-social\/#primaryimage\"},\"image\":{\"@id\":\"https:\/\/luchonoticias.com\/editor\/gobernacion-y-sus-acciones-tras-consejo-de-politica-social\/#primaryimage\"},\"thumbnailUrl\":\"https:\/\/luchonoticias.com\/editor\/wp-content\/uploads\/2024\/04\/consejo-politica-social.jpg\",\"datePublished\":\"2024-04-10T23:14:36+00:00\",\"breadcrumb\":{\"@id\":\"https:\/\/luchonoticias.com\/editor\/gobernacion-y-sus-acciones-tras-consejo-de-politica-social\/#breadcrumb\"},\"inLanguage\":\"es\",\"potentialAction\":[{\"@type\":\"ReadAction\",\"target\":[\"https:\/\/luchonoticias.com\/editor\/gobernacion-y-sus-acciones-tras-consejo-de-politica-social\/\"]}]},{\"@type\":\"ImageObject\",\"inLanguage\":\"es\",\"@id\":\"https:\/\/luchonoticias.com\/editor\/gobernacion-y-sus-acciones-tras-consejo-de-politica-social\/#primaryimage\",\"url\":\"https:\/\/luchonoticias.com\/editor\/wp-content\/uploads\/2024\/04\/consejo-politica-social.jpg\",\"contentUrl\":\"https:\/\/luchonoticias.com\/editor\/wp-content\/uploads\/2024\/04\/consejo-politica-social.jpg\",\"width\":700,\"height\":400},{\"@type\":\"BreadcrumbList\",\"@id\":\"https:\/\/luchonoticias.com\/editor\/gobernacion-y-sus-acciones-tras-consejo-de-politica-social\/#breadcrumb\",\"itemListElement\":[{\"@type\":\"ListItem\",\"position\":1,\"name\":\"Portada\",\"item\":\"https:\/\/luchonoticias.com\/editor\/\"},{\"@type\":\"ListItem\",\"position\":2,\"name\":\"Gobernaci\u00f3n y sus acciones tras Consejo de Pol\u00edtica Social\"}]},{\"@type\":\"WebSite\",\"@id\":\"https:\/\/luchonoticias.com\/editor\/#website\",\"url\":\"https:\/\/luchonoticias.com\/editor\/\",\"name\":\"\",\"description\":\"\",\"publisher\":{\"@id\":\"https:\/\/luchonoticias.com\/editor\/#\/schema\/person\/7a7fd911f58561fd056dbac7b55af9cd\"},\"potentialAction\":[{\"@type\":\"SearchAction\",\"target\":{\"@type\":\"EntryPoint\",\"urlTemplate\":\"https:\/\/luchonoticias.com\/editor\/?s={search_term_string}\"},\"query-input\":{\"@type\":\"PropertyValueSpecification\",\"valueRequired\":true,\"valueName\":\"search_term_string\"}}],\"inLanguage\":\"es\"},{\"@type\":[\"Person\",\"Organization\"],\"@id\":\"https:\/\/luchonoticias.com\/editor\/#\/schema\/person\/7a7fd911f58561fd056dbac7b55af9cd\",\"name\":\"admin\",\"image\":{\"@type\":\"ImageObject\",\"inLanguage\":\"es\",\"@id\":\"https:\/\/luchonoticias.com\/editor\/#\/schema\/person\/image\/\",\"url\":\"https:\/\/luchonoticias.com\/editor\/wp-content\/uploads\/2024\/02\/cropped-cropped-logolu.webp\",\"contentUrl\":\"https:\/\/luchonoticias.com\/editor\/wp-content\/uploads\/2024\/02\/cropped-cropped-logolu.webp\",\"width\":382,\"height\":170,\"caption\":\"admin\"},\"logo\":{\"@id\":\"https:\/\/luchonoticias.com\/editor\/#\/schema\/person\/image\/\"},\"sameAs\":[\"https:\/\/www.facebook.com\/luchonoticiasneiva\"]},{\"@type\":\"Person\",\"@id\":\"https:\/\/luchonoticias.com\/editor\/#\/schema\/person\/29217990ddf6f14e35912b2866d591fb\",\"name\":\"Editor General\",\"image\":{\"@type\":\"ImageObject\",\"inLanguage\":\"es\",\"@id\":\"https:\/\/luchonoticias.com\/editor\/#\/schema\/person\/image\/\",\"url\":\"https:\/\/luchonoticias.com\/editor\/wp-content\/uploads\/2024\/02\/cropped-cropped-logolu-150x150.webp\",\"contentUrl\":\"https:\/\/luchonoticias.com\/editor\/wp-content\/uploads\/2024\/02\/cropped-cropped-logolu-150x150.webp\",\"caption\":\"Editor General\"},\"sameAs\":[\"https:\/\/luchonoticias.com\/\"],\"url\":\"https:\/\/luchonoticias.com\/editor\/author\/editor-general\/\"}]}<\/script>\n<!-- \/ Yoast SEO plugin. -->","yoast_head_json":{"title":"Gobernaci\u00f3n y sus acciones tras Consejo de Pol\u00edtica Social -","robots":{"index":"index","follow":"follow","max-snippet":"max-snippet:-1","max-image-preview":"max-image-preview:large","max-video-preview":"max-video-preview:-1"},"canonical":"https:\/\/luchonoticias.com\/editor\/gobernacion-y-sus-acciones-tras-consejo-de-politica-social\/","og_locale":"es_ES","og_type":"article","og_title":"Gobernaci\u00f3n y sus acciones tras Consejo de Pol\u00edtica Social -","og_url":"https:\/\/luchonoticias.com\/editor\/gobernacion-y-sus-acciones-tras-consejo-de-politica-social\/","article_publisher":"https:\/\/www.facebook.com\/luchonoticiasneiva","article_published_time":"2024-04-10T23:14:36+00:00","og_image":[{"width":700,"height":400,"url":"https:\/\/luchonoticias.com\/editor\/wp-content\/uploads\/2024\/04\/consejo-politica-social.jpg","type":"image\/jpeg"}],"author":"Editor General","twitter_card":"summary_large_image","twitter_misc":{"Escrito por":"Editor General","Tiempo de lectura":"3 minutos"},"schema":{"@context":"https:\/\/schema.org","@graph":[{"@type":"Article","@id":"https:\/\/luchonoticias.com\/editor\/gobernacion-y-sus-acciones-tras-consejo-de-politica-social\/#article","isPartOf":{"@id":"https:\/\/luchonoticias.com\/editor\/gobernacion-y-sus-acciones-tras-consejo-de-politica-social\/"},"author":{"name":"Editor General","@id":"https:\/\/luchonoticias.com\/editor\/#\/schema\/person\/29217990ddf6f14e35912b2866d591fb"},"headline":"Gobernaci\u00f3n y sus acciones tras Consejo de Pol\u00edtica Social","datePublished":"2024-04-10T23:14:36+00:00","mainEntityOfPage":{"@id":"https:\/\/luchonoticias.com\/editor\/gobernacion-y-sus-acciones-tras-consejo-de-politica-social\/"},"wordCount":536,"publisher":{"@id":"https:\/\/luchonoticias.com\/editor\/#\/schema\/person\/7a7fd911f58561fd056dbac7b55af9cd"},"image":{"@id":"https:\/\/luchonoticias.com\/editor\/gobernacion-y-sus-acciones-tras-consejo-de-politica-social\/#primaryimage"},"thumbnailUrl":"https:\/\/luchonoticias.com\/editor\/wp-content\/uploads\/2024\/04\/consejo-politica-social.jpg","articleSection":["Huila"],"inLanguage":"es"},{"@type":"WebPage","@id":"https:\/\/luchonoticias.com\/editor\/gobernacion-y-sus-acciones-tras-consejo-de-politica-social\/","url":"https:\/\/luchonoticias.com\/editor\/gobernacion-y-sus-acciones-tras-consejo-de-politica-social\/","name":"Gobernaci\u00f3n y sus acciones tras Consejo de Pol\u00edtica Social -","isPartOf":{"@id":"https:\/\/luchonoticias.com\/editor\/#website"},"primaryImageOfPage":{"@id":"https:\/\/luchonoticias.com\/editor\/gobernacion-y-sus-acciones-tras-consejo-de-politica-social\/#primaryimage"},"image":{"@id":"https:\/\/luchonoticias.com\/editor\/gobernacion-y-sus-acciones-tras-consejo-de-politica-social\/#primaryimage"},"thumbnailUrl":"https:\/\/luchonoticias.com\/editor\/wp-content\/uploads\/2024\/04\/consejo-politica-social.jpg","datePublished":"2024-04-10T23:14:36+00:00","breadcrumb":{"@id":"https:\/\/luchonoticias.com\/editor\/gobernacion-y-sus-acciones-tras-consejo-de-politica-social\/#breadcrumb"},"inLanguage":"es","potentialAction":[{"@type":"ReadAction","target":["https:\/\/luchonoticias.com\/editor\/gobernacion-y-sus-acciones-tras-consejo-de-politica-social\/"]}]},{"@type":"ImageObject","inLanguage":"es","@id":"https:\/\/luchonoticias.com\/editor\/gobernacion-y-sus-acciones-tras-consejo-de-politica-social\/#primaryimage","url":"https:\/\/luchonoticias.com\/editor\/wp-content\/uploads\/2024\/04\/consejo-politica-social.jpg","contentUrl":"https:\/\/luchonoticias.com\/editor\/wp-content\/uploads\/2024\/04\/consejo-politica-social.jpg","width":700,"height":400},{"@type":"BreadcrumbList","@id":"https:\/\/luchonoticias.com\/editor\/gobernacion-y-sus-acciones-tras-consejo-de-politica-social\/#breadcrumb","itemListElement":[{"@type":"ListItem","position":1,"name":"Portada","item":"https:\/\/luchonoticias.com\/editor\/"},{"@type":"ListItem","position":2,"name":"Gobernaci\u00f3n y sus acciones tras Consejo de Pol\u00edtica Social"}]},{"@type":"WebSite","@id":"https:\/\/luchonoticias.com\/editor\/#website","url":"https:\/\/luchonoticias.com\/editor\/","name":"","description":"","publisher":{"@id":"https:\/\/luchonoticias.com\/editor\/#\/schema\/person\/7a7fd911f58561fd056dbac7b55af9cd"},"potentialAction":[{"@type":"SearchAction","target":{"@type":"EntryPoint","urlTemplate":"https:\/\/luchonoticias.com\/editor\/?s={search_term_string}"},"query-input":{"@type":"PropertyValueSpecification","valueRequired":true,"valueName":"search_term_string"}}],"inLanguage":"es"},{"@type":["Person","Organization"],"@id":"https:\/\/luchonoticias.com\/editor\/#\/schema\/person\/7a7fd911f58561fd056dbac7b55af9cd","name":"admin","image":{"@type":"ImageObject","inLanguage":"es","@id":"https:\/\/luchonoticias.com\/editor\/#\/schema\/person\/image\/","url":"https:\/\/luchonoticias.com\/editor\/wp-content\/uploads\/2024\/02\/cropped-cropped-logolu.webp","contentUrl":"https:\/\/luchonoticias.com\/editor\/wp-content\/uploads\/2024\/02\/cropped-cropped-logolu.webp","width":382,"height":170,"caption":"admin"},"logo":{"@id":"https:\/\/luchonoticias.com\/editor\/#\/schema\/person\/image\/"},"sameAs":["https:\/\/www.facebook.com\/luchonoticiasneiva"]},{"@type":"Person","@id":"https:\/\/luchonoticias.com\/editor\/#\/schema\/person\/29217990ddf6f14e35912b2866d591fb","name":"Editor General","image":{"@type":"ImageObject","inLanguage":"es","@id":"https:\/\/luchonoticias.com\/editor\/#\/schema\/person\/image\/","url":"https:\/\/luchonoticias.com\/editor\/wp-content\/uploads\/2024\/02\/cropped-cropped-logolu-150x150.webp","contentUrl":"https:\/\/luchonoticias.com\/editor\/wp-content\/uploads\/2024\/02\/cropped-cropped-logolu-150x150.webp","caption":"Editor General"},"sameAs":["https:\/\/luchonoticias.com\/"],"url":"https:\/\/luchonoticias.com\/editor\/author\/editor-general\/"}]}},"_links":{"self":[{"href":"https:\/\/luchonoticias.com\/editor\/wp-json\/wp\/v2\/posts\/71979","targetHints":{"allow":["GET"]}}],"collection":[{"href":"https:\/\/luchonoticias.com\/editor\/wp-json\/wp\/v2\/posts"}],"about":[{"href":"https:\/\/luchonoticias.com\/editor\/wp-json\/wp\/v2\/types\/post"}],"author":[{"embeddable":true,"href":"https:\/\/luchonoticias.com\/editor\/wp-json\/wp\/v2\/users\/2"}],"replies":[{"embeddable":true,"href":"https:\/\/luchonoticias.com\/editor\/wp-json\/wp\/v2\/comments?post=71979"}],"version-history":[{"count":0,"href":"https:\/\/luchonoticias.com\/editor\/wp-json\/wp\/v2\/posts\/71979\/revisions"}],"wp:featuredmedia":[{"embeddable":true,"href":"https:\/\/luchonoticias.com\/editor\/wp-json\/wp\/v2\/media\/71980"}],"wp:attachment":[{"href":"https:\/\/luchonoticias.com\/editor\/wp-json\/wp\/v2\/media?parent=71979"}],"wp:term":[{"taxonomy":"category","embeddable":true,"href":"https:\/\/luchonoticias.com\/editor\/wp-json\/wp\/v2\/categories?post=71979"},{"taxonomy":"post_tag","embeddable":true,"href":"https:\/\/luchonoticias.com\/editor\/wp-json\/wp\/v2\/tags?post=71979"}],"curies":[{"name":"wp","href":"https:\/\/api.w.org\/{rel}","templated":true}]}}