{"id":71986,"date":"2024-04-11T05:14:37","date_gmt":"2024-04-11T10:14:37","guid":{"rendered":"https:\/\/luchonoticias.com\/?p=71986"},"modified":"2024-04-11T05:14:37","modified_gmt":"2024-04-11T10:14:37","slug":"se-actualiza-la-senalizacion-en-las-calles-de-neiva","status":"publish","type":"post","link":"https:\/\/luchonoticias.com\/editor\/se-actualiza-la-senalizacion-en-las-calles-de-neiva\/","title":{"rendered":"Se actualiza la se\u00f1alizaci\u00f3n en las calles de Neiva"},"content":{"rendered":"<p>Despu\u00e9s de un estudio sobre afectaci\u00f3n en calles principales de la ciudad en las que se ve afectada la movilidad por el parqueo indebido, la Secretar\u00eda de Movilidad a trav\u00e9s del equipo de se\u00f1alizaci\u00f3n vial, dispuso un cronograma de actividades para demarcar las se\u00f1ales de \u2018prohibido parquear\u2019.<\/p>\n<p>La actividad pretende mitigar los embotellamientos en v\u00edas c\u00e9ntricas de la ciudad, en las que tanto carros como motos, parquean generando trancones y congesti\u00f3n vehicular.<\/p>\n<p>\u201cVamos a demarcar las esquinas, con \u2018prohibidos parquear\u2019 para facilitar la movilidad de las personas, para evitar los parqueos en las esquinas, porque est\u00e1 prohibido parquear en una esquina, todo el mundo sabe que no se puede parquear en una esquina; sin embargo, est\u00e1n afectando la movilidad de toda la carrera S\u00e9ptima y toda la carrera Segunda\u201d, sostuvo Wilson Trujillo, profesional especializado de la Secretar\u00eda de Movilidad.<\/p>\n<p>Por el momento, la cartera de Movilidad ha intervenido con la se\u00f1alizaci\u00f3n los siguientes espacios:<\/p>\n<p>\u2705 Carrera S\u00e9ptima con calle 12, esquina, sentido norte &#8211; sur.<br \/>\n\u2705 Carrera S\u00e9ptima con calle 11, esquina, sentido norte &#8211; sur.<br \/>\n\u2705 Carrera S\u00e9ptima con calle D\u00e9cima, ambas esquinas, sentido norte &#8211; sur.<br \/>\n\u2705 Carrera S\u00e9ptima con calle Novena esquina, sentido norte &#8211; sur.<br \/>\n\u2705 Carrera S\u00e9ptima con calle Octava esquina, sentido norte &#8211; sur.<br \/>\n\u2705 Carrera S\u00e9ptima con calle S\u00e9ptima esquina, sentido norte &#8211; sur.<br \/>\n\u2705 Carrera S\u00e9ptima con calle Sexta esquina, sentido norte &#8211; sur.<\/p>\n<p>Se espera que las condiciones del clima en la noche, sigan siendo favorables para que el equipo de se\u00f1alizaci\u00f3n vial pueda continuar con la demarcaci\u00f3n de esta se\u00f1al de tr\u00e1nsito, sobre otros sectores de la carrera Segunda.<\/p>\n<p>Asimismo, la iniciativa pretende pintar los reductores de velocidad y pompeyanas, es decir los reductores de gran dimensi\u00f3n, que ya han perdido su color amarillo, lo que brindar\u00e1 mayor seguridad en la v\u00eda, pues ser\u00e1n mucho m\u00e1s visibles en las noches.<\/p>\n<p>Desde la Alcald\u00eda de Neiva hacemos un llamado a la conciencia vial para todos los ciudadanos, a que usen los parqueaderos y eviten generan traumatismos en la movilidad de la ciudad al dejar sus veh\u00edculos estacionados en lugares prohibidos, ya que la multa C2, contempla el pago de la infracci\u00f3n por un monto de $572.519 pesos, no es causal de inmovilizaci\u00f3n a menos de que el veh\u00edculo est\u00e9 abandonado en v\u00eda p\u00fablica.<\/p>\n","protected":false},"excerpt":{"rendered":"<p>Despu\u00e9s de un estudio sobre afectaci\u00f3n en calles principales de la ciudad en las que se ve afectada la movilidad por el parqueo indebido, la Secretar\u00eda de Movilidad a trav\u00e9s del equipo de se\u00f1alizaci\u00f3n vial, dispuso un cronograma de actividades para demarcar las se\u00f1ales de \u2018prohibido parquear\u2019. La actividad pretende mitigar los embotellamientos en v\u00edas [&hellip;]<\/p>\n","protected":false},"author":2,"featured_media":71987,"comment_status":"closed","ping_status":"open","sticky":false,"template":"","format":"standard","meta":{"footnotes":""},"categories":[31],"tags":[],"class_list":["post-71986","post","type-post","status-publish","format-standard","has-post-thumbnail","hentry","category-local"],"yoast_head":"<!-- This site is optimized with the Yoast SEO plugin v26.6 - https:\/\/yoast.com\/wordpress\/plugins\/seo\/ -->\n<title>Se actualiza la se\u00f1alizaci\u00f3n en las calles de Neiva -<\/title>\n<meta name=\"robots\" content=\"index, follow, max-snippet:-1, max-image-preview:large, max-video-preview:-1\" \/>\n<link rel=\"canonical\" href=\"https:\/\/luchonoticias.com\/editor\/se-actualiza-la-senalizacion-en-las-calles-de-neiva\/\" \/>\n<meta property=\"og:locale\" content=\"es_ES\" \/>\n<meta property=\"og:type\" content=\"article\" \/>\n<meta property=\"og:title\" content=\"Se actualiza la se\u00f1alizaci\u00f3n en las calles de Neiva -\" \/>\n<meta property=\"og:url\" content=\"https:\/\/luchonoticias.com\/editor\/se-actualiza-la-senalizacion-en-las-calles-de-neiva\/\" \/>\n<meta property=\"article:publisher\" content=\"https:\/\/www.facebook.com\/luchonoticiasneiva\" \/>\n<meta property=\"article:published_time\" content=\"2024-04-11T10:14:37+00:00\" \/>\n<meta property=\"og:image\" content=\"https:\/\/luchonoticias.com\/editor\/wp-content\/uploads\/2024\/04\/senalizacion.jpg\" \/>\n\t<meta property=\"og:image:width\" content=\"700\" \/>\n\t<meta property=\"og:image:height\" content=\"400\" \/>\n\t<meta property=\"og:image:type\" content=\"image\/jpeg\" \/>\n<meta name=\"author\" content=\"Editor General\" \/>\n<meta name=\"twitter:card\" content=\"summary_large_image\" \/>\n<meta name=\"twitter:label1\" content=\"Escrito por\" \/>\n\t<meta name=\"twitter:data1\" content=\"Editor General\" \/>\n\t<meta name=\"twitter:label2\" content=\"Tiempo de lectura\" \/>\n\t<meta name=\"twitter:data2\" content=\"2 minutos\" \/>\n<script type=\"application\/ld+json\" class=\"yoast-schema-graph\">{\"@context\":\"https:\/\/schema.org\",\"@graph\":[{\"@type\":\"Article\",\"@id\":\"https:\/\/luchonoticias.com\/editor\/se-actualiza-la-senalizacion-en-las-calles-de-neiva\/#article\",\"isPartOf\":{\"@id\":\"https:\/\/luchonoticias.com\/editor\/se-actualiza-la-senalizacion-en-las-calles-de-neiva\/\"},\"author\":{\"name\":\"Editor General\",\"@id\":\"https:\/\/luchonoticias.com\/editor\/#\/schema\/person\/29217990ddf6f14e35912b2866d591fb\"},\"headline\":\"Se actualiza la se\u00f1alizaci\u00f3n en las calles de Neiva\",\"datePublished\":\"2024-04-11T10:14:37+00:00\",\"mainEntityOfPage\":{\"@id\":\"https:\/\/luchonoticias.com\/editor\/se-actualiza-la-senalizacion-en-las-calles-de-neiva\/\"},\"wordCount\":423,\"publisher\":{\"@id\":\"https:\/\/luchonoticias.com\/editor\/#\/schema\/person\/7a7fd911f58561fd056dbac7b55af9cd\"},\"image\":{\"@id\":\"https:\/\/luchonoticias.com\/editor\/se-actualiza-la-senalizacion-en-las-calles-de-neiva\/#primaryimage\"},\"thumbnailUrl\":\"https:\/\/luchonoticias.com\/editor\/wp-content\/uploads\/2024\/04\/senalizacion.jpg\",\"articleSection\":[\"Local\"],\"inLanguage\":\"es\"},{\"@type\":\"WebPage\",\"@id\":\"https:\/\/luchonoticias.com\/editor\/se-actualiza-la-senalizacion-en-las-calles-de-neiva\/\",\"url\":\"https:\/\/luchonoticias.com\/editor\/se-actualiza-la-senalizacion-en-las-calles-de-neiva\/\",\"name\":\"Se actualiza la se\u00f1alizaci\u00f3n en las calles de Neiva -\",\"isPartOf\":{\"@id\":\"https:\/\/luchonoticias.com\/editor\/#website\"},\"primaryImageOfPage\":{\"@id\":\"https:\/\/luchonoticias.com\/editor\/se-actualiza-la-senalizacion-en-las-calles-de-neiva\/#primaryimage\"},\"image\":{\"@id\":\"https:\/\/luchonoticias.com\/editor\/se-actualiza-la-senalizacion-en-las-calles-de-neiva\/#primaryimage\"},\"thumbnailUrl\":\"https:\/\/luchonoticias.com\/editor\/wp-content\/uploads\/2024\/04\/senalizacion.jpg\",\"datePublished\":\"2024-04-11T10:14:37+00:00\",\"breadcrumb\":{\"@id\":\"https:\/\/luchonoticias.com\/editor\/se-actualiza-la-senalizacion-en-las-calles-de-neiva\/#breadcrumb\"},\"inLanguage\":\"es\",\"potentialAction\":[{\"@type\":\"ReadAction\",\"target\":[\"https:\/\/luchonoticias.com\/editor\/se-actualiza-la-senalizacion-en-las-calles-de-neiva\/\"]}]},{\"@type\":\"ImageObject\",\"inLanguage\":\"es\",\"@id\":\"https:\/\/luchonoticias.com\/editor\/se-actualiza-la-senalizacion-en-las-calles-de-neiva\/#primaryimage\",\"url\":\"https:\/\/luchonoticias.com\/editor\/wp-content\/uploads\/2024\/04\/senalizacion.jpg\",\"contentUrl\":\"https:\/\/luchonoticias.com\/editor\/wp-content\/uploads\/2024\/04\/senalizacion.jpg\",\"width\":700,\"height\":400},{\"@type\":\"BreadcrumbList\",\"@id\":\"https:\/\/luchonoticias.com\/editor\/se-actualiza-la-senalizacion-en-las-calles-de-neiva\/#breadcrumb\",\"itemListElement\":[{\"@type\":\"ListItem\",\"position\":1,\"name\":\"Portada\",\"item\":\"https:\/\/luchonoticias.com\/editor\/\"},{\"@type\":\"ListItem\",\"position\":2,\"name\":\"Se actualiza la se\u00f1alizaci\u00f3n en las calles de Neiva\"}]},{\"@type\":\"WebSite\",\"@id\":\"https:\/\/luchonoticias.com\/editor\/#website\",\"url\":\"https:\/\/luchonoticias.com\/editor\/\",\"name\":\"\",\"description\":\"\",\"publisher\":{\"@id\":\"https:\/\/luchonoticias.com\/editor\/#\/schema\/person\/7a7fd911f58561fd056dbac7b55af9cd\"},\"potentialAction\":[{\"@type\":\"SearchAction\",\"target\":{\"@type\":\"EntryPoint\",\"urlTemplate\":\"https:\/\/luchonoticias.com\/editor\/?s={search_term_string}\"},\"query-input\":{\"@type\":\"PropertyValueSpecification\",\"valueRequired\":true,\"valueName\":\"search_term_string\"}}],\"inLanguage\":\"es\"},{\"@type\":[\"Person\",\"Organization\"],\"@id\":\"https:\/\/luchonoticias.com\/editor\/#\/schema\/person\/7a7fd911f58561fd056dbac7b55af9cd\",\"name\":\"admin\",\"image\":{\"@type\":\"ImageObject\",\"inLanguage\":\"es\",\"@id\":\"https:\/\/luchonoticias.com\/editor\/#\/schema\/person\/image\/\",\"url\":\"https:\/\/luchonoticias.com\/editor\/wp-content\/uploads\/2024\/02\/cropped-cropped-logolu.webp\",\"contentUrl\":\"https:\/\/luchonoticias.com\/editor\/wp-content\/uploads\/2024\/02\/cropped-cropped-logolu.webp\",\"width\":382,\"height\":170,\"caption\":\"admin\"},\"logo\":{\"@id\":\"https:\/\/luchonoticias.com\/editor\/#\/schema\/person\/image\/\"},\"sameAs\":[\"https:\/\/www.facebook.com\/luchonoticiasneiva\"]},{\"@type\":\"Person\",\"@id\":\"https:\/\/luchonoticias.com\/editor\/#\/schema\/person\/29217990ddf6f14e35912b2866d591fb\",\"name\":\"Editor General\",\"image\":{\"@type\":\"ImageObject\",\"inLanguage\":\"es\",\"@id\":\"https:\/\/luchonoticias.com\/editor\/#\/schema\/person\/image\/\",\"url\":\"https:\/\/luchonoticias.com\/editor\/wp-content\/uploads\/2024\/02\/cropped-cropped-logolu-150x150.webp\",\"contentUrl\":\"https:\/\/luchonoticias.com\/editor\/wp-content\/uploads\/2024\/02\/cropped-cropped-logolu-150x150.webp\",\"caption\":\"Editor General\"},\"sameAs\":[\"https:\/\/luchonoticias.com\/\"],\"url\":\"https:\/\/luchonoticias.com\/editor\/author\/editor-general\/\"}]}<\/script>\n<!-- \/ Yoast SEO plugin. -->","yoast_head_json":{"title":"Se actualiza la se\u00f1alizaci\u00f3n en las calles de Neiva -","robots":{"index":"index","follow":"follow","max-snippet":"max-snippet:-1","max-image-preview":"max-image-preview:large","max-video-preview":"max-video-preview:-1"},"canonical":"https:\/\/luchonoticias.com\/editor\/se-actualiza-la-senalizacion-en-las-calles-de-neiva\/","og_locale":"es_ES","og_type":"article","og_title":"Se actualiza la se\u00f1alizaci\u00f3n en las calles de Neiva -","og_url":"https:\/\/luchonoticias.com\/editor\/se-actualiza-la-senalizacion-en-las-calles-de-neiva\/","article_publisher":"https:\/\/www.facebook.com\/luchonoticiasneiva","article_published_time":"2024-04-11T10:14:37+00:00","og_image":[{"width":700,"height":400,"url":"https:\/\/luchonoticias.com\/editor\/wp-content\/uploads\/2024\/04\/senalizacion.jpg","type":"image\/jpeg"}],"author":"Editor General","twitter_card":"summary_large_image","twitter_misc":{"Escrito por":"Editor General","Tiempo de lectura":"2 minutos"},"schema":{"@context":"https:\/\/schema.org","@graph":[{"@type":"Article","@id":"https:\/\/luchonoticias.com\/editor\/se-actualiza-la-senalizacion-en-las-calles-de-neiva\/#article","isPartOf":{"@id":"https:\/\/luchonoticias.com\/editor\/se-actualiza-la-senalizacion-en-las-calles-de-neiva\/"},"author":{"name":"Editor General","@id":"https:\/\/luchonoticias.com\/editor\/#\/schema\/person\/29217990ddf6f14e35912b2866d591fb"},"headline":"Se actualiza la se\u00f1alizaci\u00f3n en las calles de Neiva","datePublished":"2024-04-11T10:14:37+00:00","mainEntityOfPage":{"@id":"https:\/\/luchonoticias.com\/editor\/se-actualiza-la-senalizacion-en-las-calles-de-neiva\/"},"wordCount":423,"publisher":{"@id":"https:\/\/luchonoticias.com\/editor\/#\/schema\/person\/7a7fd911f58561fd056dbac7b55af9cd"},"image":{"@id":"https:\/\/luchonoticias.com\/editor\/se-actualiza-la-senalizacion-en-las-calles-de-neiva\/#primaryimage"},"thumbnailUrl":"https:\/\/luchonoticias.com\/editor\/wp-content\/uploads\/2024\/04\/senalizacion.jpg","articleSection":["Local"],"inLanguage":"es"},{"@type":"WebPage","@id":"https:\/\/luchonoticias.com\/editor\/se-actualiza-la-senalizacion-en-las-calles-de-neiva\/","url":"https:\/\/luchonoticias.com\/editor\/se-actualiza-la-senalizacion-en-las-calles-de-neiva\/","name":"Se actualiza la se\u00f1alizaci\u00f3n en las calles de Neiva -","isPartOf":{"@id":"https:\/\/luchonoticias.com\/editor\/#website"},"primaryImageOfPage":{"@id":"https:\/\/luchonoticias.com\/editor\/se-actualiza-la-senalizacion-en-las-calles-de-neiva\/#primaryimage"},"image":{"@id":"https:\/\/luchonoticias.com\/editor\/se-actualiza-la-senalizacion-en-las-calles-de-neiva\/#primaryimage"},"thumbnailUrl":"https:\/\/luchonoticias.com\/editor\/wp-content\/uploads\/2024\/04\/senalizacion.jpg","datePublished":"2024-04-11T10:14:37+00:00","breadcrumb":{"@id":"https:\/\/luchonoticias.com\/editor\/se-actualiza-la-senalizacion-en-las-calles-de-neiva\/#breadcrumb"},"inLanguage":"es","potentialAction":[{"@type":"ReadAction","target":["https:\/\/luchonoticias.com\/editor\/se-actualiza-la-senalizacion-en-las-calles-de-neiva\/"]}]},{"@type":"ImageObject","inLanguage":"es","@id":"https:\/\/luchonoticias.com\/editor\/se-actualiza-la-senalizacion-en-las-calles-de-neiva\/#primaryimage","url":"https:\/\/luchonoticias.com\/editor\/wp-content\/uploads\/2024\/04\/senalizacion.jpg","contentUrl":"https:\/\/luchonoticias.com\/editor\/wp-content\/uploads\/2024\/04\/senalizacion.jpg","width":700,"height":400},{"@type":"BreadcrumbList","@id":"https:\/\/luchonoticias.com\/editor\/se-actualiza-la-senalizacion-en-las-calles-de-neiva\/#breadcrumb","itemListElement":[{"@type":"ListItem","position":1,"name":"Portada","item":"https:\/\/luchonoticias.com\/editor\/"},{"@type":"ListItem","position":2,"name":"Se actualiza la se\u00f1alizaci\u00f3n en las calles de Neiva"}]},{"@type":"WebSite","@id":"https:\/\/luchonoticias.com\/editor\/#website","url":"https:\/\/luchonoticias.com\/editor\/","name":"","description":"","publisher":{"@id":"https:\/\/luchonoticias.com\/editor\/#\/schema\/person\/7a7fd911f58561fd056dbac7b55af9cd"},"potentialAction":[{"@type":"SearchAction","target":{"@type":"EntryPoint","urlTemplate":"https:\/\/luchonoticias.com\/editor\/?s={search_term_string}"},"query-input":{"@type":"PropertyValueSpecification","valueRequired":true,"valueName":"search_term_string"}}],"inLanguage":"es"},{"@type":["Person","Organization"],"@id":"https:\/\/luchonoticias.com\/editor\/#\/schema\/person\/7a7fd911f58561fd056dbac7b55af9cd","name":"admin","image":{"@type":"ImageObject","inLanguage":"es","@id":"https:\/\/luchonoticias.com\/editor\/#\/schema\/person\/image\/","url":"https:\/\/luchonoticias.com\/editor\/wp-content\/uploads\/2024\/02\/cropped-cropped-logolu.webp","contentUrl":"https:\/\/luchonoticias.com\/editor\/wp-content\/uploads\/2024\/02\/cropped-cropped-logolu.webp","width":382,"height":170,"caption":"admin"},"logo":{"@id":"https:\/\/luchonoticias.com\/editor\/#\/schema\/person\/image\/"},"sameAs":["https:\/\/www.facebook.com\/luchonoticiasneiva"]},{"@type":"Person","@id":"https:\/\/luchonoticias.com\/editor\/#\/schema\/person\/29217990ddf6f14e35912b2866d591fb","name":"Editor General","image":{"@type":"ImageObject","inLanguage":"es","@id":"https:\/\/luchonoticias.com\/editor\/#\/schema\/person\/image\/","url":"https:\/\/luchonoticias.com\/editor\/wp-content\/uploads\/2024\/02\/cropped-cropped-logolu-150x150.webp","contentUrl":"https:\/\/luchonoticias.com\/editor\/wp-content\/uploads\/2024\/02\/cropped-cropped-logolu-150x150.webp","caption":"Editor General"},"sameAs":["https:\/\/luchonoticias.com\/"],"url":"https:\/\/luchonoticias.com\/editor\/author\/editor-general\/"}]}},"_links":{"self":[{"href":"https:\/\/luchonoticias.com\/editor\/wp-json\/wp\/v2\/posts\/71986","targetHints":{"allow":["GET"]}}],"collection":[{"href":"https:\/\/luchonoticias.com\/editor\/wp-json\/wp\/v2\/posts"}],"about":[{"href":"https:\/\/luchonoticias.com\/editor\/wp-json\/wp\/v2\/types\/post"}],"author":[{"embeddable":true,"href":"https:\/\/luchonoticias.com\/editor\/wp-json\/wp\/v2\/users\/2"}],"replies":[{"embeddable":true,"href":"https:\/\/luchonoticias.com\/editor\/wp-json\/wp\/v2\/comments?post=71986"}],"version-history":[{"count":0,"href":"https:\/\/luchonoticias.com\/editor\/wp-json\/wp\/v2\/posts\/71986\/revisions"}],"wp:featuredmedia":[{"embeddable":true,"href":"https:\/\/luchonoticias.com\/editor\/wp-json\/wp\/v2\/media\/71987"}],"wp:attachment":[{"href":"https:\/\/luchonoticias.com\/editor\/wp-json\/wp\/v2\/media?parent=71986"}],"wp:term":[{"taxonomy":"category","embeddable":true,"href":"https:\/\/luchonoticias.com\/editor\/wp-json\/wp\/v2\/categories?post=71986"},{"taxonomy":"post_tag","embeddable":true,"href":"https:\/\/luchonoticias.com\/editor\/wp-json\/wp\/v2\/tags?post=71986"}],"curies":[{"name":"wp","href":"https:\/\/api.w.org\/{rel}","templated":true}]}}