{"id":71989,"date":"2024-04-11T05:19:22","date_gmt":"2024-04-11T10:19:22","guid":{"rendered":"https:\/\/luchonoticias.com\/?p=71989"},"modified":"2024-04-11T05:19:22","modified_gmt":"2024-04-11T10:19:22","slug":"primera-mesa-publica-penitenciaria-y-carcelaria-municipal","status":"publish","type":"post","link":"https:\/\/luchonoticias.com\/editor\/primera-mesa-publica-penitenciaria-y-carcelaria-municipal\/","title":{"rendered":"Primera Mesa P\u00fablica Penitenciaria y Carcelaria Municipal"},"content":{"rendered":"<p>La Personer\u00eda Municipal de Neiva lider\u00f3 la primera Mesa P\u00fablica Penitenciaria y Carcelaria Municipal. Esta sesi\u00f3n, realizada hoy, 10 de abril de 2024, se centr\u00f3 en el actual panorama que enfrenta el sistema penitenciario y carcelario en el municipio.<\/p>\n<p>Con un enfoque espec\u00edfico en temas como el hacinamiento, la seguridad, la infraestructura, la alimentaci\u00f3n y la salud de las personas privadas de la libertad, la Mesa Penitenciaria y Carcelaria Municipal fue un espacio importante para la discusi\u00f3n y fijar acciones.<\/p>\n<p>Durante la reuni\u00f3n, se definieron estrategias para enfrentar las problem\u00e1ticas de manera efectiva. La Secretar\u00eda de Salud del Municipio de Neiva se comprometi\u00f3 a brindar un seguimiento continuo a las personas privadas de la libertad, especialmente a aquellas en los centros de detenci\u00f3n transitoria, para garantizar su bienestar y prevenir la propagaci\u00f3n de enfermedades, incluida la tuberculosis.<\/p>\n<p>Adem\u00e1s, se acord\u00f3 establecer reuniones con representantes de la rama judicial, el operador carcelario a nivel nacional y las autoridades municipales para agilizar la implementaci\u00f3n de medidas urgentes que mejoren las condiciones de los detenidos en lugares como las antiguas bodegas de Alpina y otros tres centros transitorios en la ciudad.<\/p>\n<p>\u201cDesde los organismos de control nos hemos comprometido con establecer una serie de espacios, una serie de reuniones con representantes de la rama judicial, con representantes de la USPEC que es el operador carcelario a nivel nacional, as\u00ed como con autoridades del \u00edndole municipal, en aras de poder agilizar, de poder establecer medidas urgentes, prontas en torno a las condiciones lamentables en las que se encuentran m\u00e1s de 300 personas recluidas en el lugar denominado antiguas bodegas de Alpina\u201d: Jerson Andr\u00e9s Bastidas, personero municipal de Neiva.<\/p>\n<p>La Personer\u00eda Municipal de Neiva agradece la participaci\u00f3n activa de todos los involucrados en esta importante iniciativa y reitera su compromiso de seguir trabajando para proteger los derechos fundamentales de las personas privadas de la libertad.<\/p>\n","protected":false},"excerpt":{"rendered":"<p>La Personer\u00eda Municipal de Neiva lider\u00f3 la primera Mesa P\u00fablica Penitenciaria y Carcelaria Municipal. Esta sesi\u00f3n, realizada hoy, 10 de abril de 2024, se centr\u00f3 en el actual panorama que enfrenta el sistema penitenciario y carcelario en el municipio. Con un enfoque espec\u00edfico en temas como el hacinamiento, la seguridad, la infraestructura, la alimentaci\u00f3n y [&hellip;]<\/p>\n","protected":false},"author":2,"featured_media":71990,"comment_status":"closed","ping_status":"open","sticky":false,"template":"","format":"standard","meta":{"footnotes":""},"categories":[31],"tags":[],"class_list":["post-71989","post","type-post","status-publish","format-standard","has-post-thumbnail","hentry","category-local"],"yoast_head":"<!-- This site is optimized with the Yoast SEO plugin v26.6 - https:\/\/yoast.com\/wordpress\/plugins\/seo\/ -->\n<title>Primera Mesa P\u00fablica Penitenciaria y Carcelaria Municipal -<\/title>\n<meta name=\"robots\" content=\"index, follow, max-snippet:-1, max-image-preview:large, max-video-preview:-1\" \/>\n<link rel=\"canonical\" href=\"https:\/\/luchonoticias.com\/editor\/primera-mesa-publica-penitenciaria-y-carcelaria-municipal\/\" \/>\n<meta property=\"og:locale\" content=\"es_ES\" \/>\n<meta property=\"og:type\" content=\"article\" \/>\n<meta property=\"og:title\" content=\"Primera Mesa P\u00fablica Penitenciaria y Carcelaria Municipal -\" \/>\n<meta property=\"og:url\" content=\"https:\/\/luchonoticias.com\/editor\/primera-mesa-publica-penitenciaria-y-carcelaria-municipal\/\" \/>\n<meta property=\"article:publisher\" content=\"https:\/\/www.facebook.com\/luchonoticiasneiva\" \/>\n<meta property=\"article:published_time\" content=\"2024-04-11T10:19:22+00:00\" \/>\n<meta property=\"og:image\" content=\"https:\/\/luchonoticias.com\/editor\/wp-content\/uploads\/2024\/04\/personeria.jpg\" \/>\n\t<meta property=\"og:image:width\" content=\"700\" \/>\n\t<meta property=\"og:image:height\" content=\"400\" \/>\n\t<meta property=\"og:image:type\" content=\"image\/jpeg\" \/>\n<meta name=\"author\" content=\"Editor General\" \/>\n<meta name=\"twitter:card\" content=\"summary_large_image\" \/>\n<meta name=\"twitter:label1\" content=\"Escrito por\" \/>\n\t<meta name=\"twitter:data1\" content=\"Editor General\" \/>\n\t<meta name=\"twitter:label2\" content=\"Tiempo de lectura\" \/>\n\t<meta name=\"twitter:data2\" content=\"2 minutos\" \/>\n<script type=\"application\/ld+json\" class=\"yoast-schema-graph\">{\"@context\":\"https:\/\/schema.org\",\"@graph\":[{\"@type\":\"Article\",\"@id\":\"https:\/\/luchonoticias.com\/editor\/primera-mesa-publica-penitenciaria-y-carcelaria-municipal\/#article\",\"isPartOf\":{\"@id\":\"https:\/\/luchonoticias.com\/editor\/primera-mesa-publica-penitenciaria-y-carcelaria-municipal\/\"},\"author\":{\"name\":\"Editor General\",\"@id\":\"https:\/\/luchonoticias.com\/editor\/#\/schema\/person\/29217990ddf6f14e35912b2866d591fb\"},\"headline\":\"Primera Mesa P\u00fablica Penitenciaria y Carcelaria Municipal\",\"datePublished\":\"2024-04-11T10:19:22+00:00\",\"mainEntityOfPage\":{\"@id\":\"https:\/\/luchonoticias.com\/editor\/primera-mesa-publica-penitenciaria-y-carcelaria-municipal\/\"},\"wordCount\":332,\"publisher\":{\"@id\":\"https:\/\/luchonoticias.com\/editor\/#\/schema\/person\/7a7fd911f58561fd056dbac7b55af9cd\"},\"image\":{\"@id\":\"https:\/\/luchonoticias.com\/editor\/primera-mesa-publica-penitenciaria-y-carcelaria-municipal\/#primaryimage\"},\"thumbnailUrl\":\"https:\/\/luchonoticias.com\/editor\/wp-content\/uploads\/2024\/04\/personeria.jpg\",\"articleSection\":[\"Local\"],\"inLanguage\":\"es\"},{\"@type\":\"WebPage\",\"@id\":\"https:\/\/luchonoticias.com\/editor\/primera-mesa-publica-penitenciaria-y-carcelaria-municipal\/\",\"url\":\"https:\/\/luchonoticias.com\/editor\/primera-mesa-publica-penitenciaria-y-carcelaria-municipal\/\",\"name\":\"Primera Mesa P\u00fablica Penitenciaria y Carcelaria Municipal -\",\"isPartOf\":{\"@id\":\"https:\/\/luchonoticias.com\/editor\/#website\"},\"primaryImageOfPage\":{\"@id\":\"https:\/\/luchonoticias.com\/editor\/primera-mesa-publica-penitenciaria-y-carcelaria-municipal\/#primaryimage\"},\"image\":{\"@id\":\"https:\/\/luchonoticias.com\/editor\/primera-mesa-publica-penitenciaria-y-carcelaria-municipal\/#primaryimage\"},\"thumbnailUrl\":\"https:\/\/luchonoticias.com\/editor\/wp-content\/uploads\/2024\/04\/personeria.jpg\",\"datePublished\":\"2024-04-11T10:19:22+00:00\",\"breadcrumb\":{\"@id\":\"https:\/\/luchonoticias.com\/editor\/primera-mesa-publica-penitenciaria-y-carcelaria-municipal\/#breadcrumb\"},\"inLanguage\":\"es\",\"potentialAction\":[{\"@type\":\"ReadAction\",\"target\":[\"https:\/\/luchonoticias.com\/editor\/primera-mesa-publica-penitenciaria-y-carcelaria-municipal\/\"]}]},{\"@type\":\"ImageObject\",\"inLanguage\":\"es\",\"@id\":\"https:\/\/luchonoticias.com\/editor\/primera-mesa-publica-penitenciaria-y-carcelaria-municipal\/#primaryimage\",\"url\":\"https:\/\/luchonoticias.com\/editor\/wp-content\/uploads\/2024\/04\/personeria.jpg\",\"contentUrl\":\"https:\/\/luchonoticias.com\/editor\/wp-content\/uploads\/2024\/04\/personeria.jpg\",\"width\":700,\"height\":400},{\"@type\":\"BreadcrumbList\",\"@id\":\"https:\/\/luchonoticias.com\/editor\/primera-mesa-publica-penitenciaria-y-carcelaria-municipal\/#breadcrumb\",\"itemListElement\":[{\"@type\":\"ListItem\",\"position\":1,\"name\":\"Portada\",\"item\":\"https:\/\/luchonoticias.com\/editor\/\"},{\"@type\":\"ListItem\",\"position\":2,\"name\":\"Primera Mesa P\u00fablica Penitenciaria y Carcelaria Municipal\"}]},{\"@type\":\"WebSite\",\"@id\":\"https:\/\/luchonoticias.com\/editor\/#website\",\"url\":\"https:\/\/luchonoticias.com\/editor\/\",\"name\":\"\",\"description\":\"\",\"publisher\":{\"@id\":\"https:\/\/luchonoticias.com\/editor\/#\/schema\/person\/7a7fd911f58561fd056dbac7b55af9cd\"},\"potentialAction\":[{\"@type\":\"SearchAction\",\"target\":{\"@type\":\"EntryPoint\",\"urlTemplate\":\"https:\/\/luchonoticias.com\/editor\/?s={search_term_string}\"},\"query-input\":{\"@type\":\"PropertyValueSpecification\",\"valueRequired\":true,\"valueName\":\"search_term_string\"}}],\"inLanguage\":\"es\"},{\"@type\":[\"Person\",\"Organization\"],\"@id\":\"https:\/\/luchonoticias.com\/editor\/#\/schema\/person\/7a7fd911f58561fd056dbac7b55af9cd\",\"name\":\"admin\",\"image\":{\"@type\":\"ImageObject\",\"inLanguage\":\"es\",\"@id\":\"https:\/\/luchonoticias.com\/editor\/#\/schema\/person\/image\/\",\"url\":\"https:\/\/luchonoticias.com\/editor\/wp-content\/uploads\/2024\/02\/cropped-cropped-logolu.webp\",\"contentUrl\":\"https:\/\/luchonoticias.com\/editor\/wp-content\/uploads\/2024\/02\/cropped-cropped-logolu.webp\",\"width\":382,\"height\":170,\"caption\":\"admin\"},\"logo\":{\"@id\":\"https:\/\/luchonoticias.com\/editor\/#\/schema\/person\/image\/\"},\"sameAs\":[\"https:\/\/www.facebook.com\/luchonoticiasneiva\"]},{\"@type\":\"Person\",\"@id\":\"https:\/\/luchonoticias.com\/editor\/#\/schema\/person\/29217990ddf6f14e35912b2866d591fb\",\"name\":\"Editor General\",\"image\":{\"@type\":\"ImageObject\",\"inLanguage\":\"es\",\"@id\":\"https:\/\/luchonoticias.com\/editor\/#\/schema\/person\/image\/\",\"url\":\"https:\/\/luchonoticias.com\/editor\/wp-content\/uploads\/2024\/02\/cropped-cropped-logolu-150x150.webp\",\"contentUrl\":\"https:\/\/luchonoticias.com\/editor\/wp-content\/uploads\/2024\/02\/cropped-cropped-logolu-150x150.webp\",\"caption\":\"Editor General\"},\"sameAs\":[\"https:\/\/luchonoticias.com\/\"],\"url\":\"https:\/\/luchonoticias.com\/editor\/author\/editor-general\/\"}]}<\/script>\n<!-- \/ Yoast SEO plugin. -->","yoast_head_json":{"title":"Primera Mesa P\u00fablica Penitenciaria y Carcelaria Municipal -","robots":{"index":"index","follow":"follow","max-snippet":"max-snippet:-1","max-image-preview":"max-image-preview:large","max-video-preview":"max-video-preview:-1"},"canonical":"https:\/\/luchonoticias.com\/editor\/primera-mesa-publica-penitenciaria-y-carcelaria-municipal\/","og_locale":"es_ES","og_type":"article","og_title":"Primera Mesa P\u00fablica Penitenciaria y Carcelaria Municipal -","og_url":"https:\/\/luchonoticias.com\/editor\/primera-mesa-publica-penitenciaria-y-carcelaria-municipal\/","article_publisher":"https:\/\/www.facebook.com\/luchonoticiasneiva","article_published_time":"2024-04-11T10:19:22+00:00","og_image":[{"width":700,"height":400,"url":"https:\/\/luchonoticias.com\/editor\/wp-content\/uploads\/2024\/04\/personeria.jpg","type":"image\/jpeg"}],"author":"Editor General","twitter_card":"summary_large_image","twitter_misc":{"Escrito por":"Editor General","Tiempo de lectura":"2 minutos"},"schema":{"@context":"https:\/\/schema.org","@graph":[{"@type":"Article","@id":"https:\/\/luchonoticias.com\/editor\/primera-mesa-publica-penitenciaria-y-carcelaria-municipal\/#article","isPartOf":{"@id":"https:\/\/luchonoticias.com\/editor\/primera-mesa-publica-penitenciaria-y-carcelaria-municipal\/"},"author":{"name":"Editor General","@id":"https:\/\/luchonoticias.com\/editor\/#\/schema\/person\/29217990ddf6f14e35912b2866d591fb"},"headline":"Primera Mesa P\u00fablica Penitenciaria y Carcelaria Municipal","datePublished":"2024-04-11T10:19:22+00:00","mainEntityOfPage":{"@id":"https:\/\/luchonoticias.com\/editor\/primera-mesa-publica-penitenciaria-y-carcelaria-municipal\/"},"wordCount":332,"publisher":{"@id":"https:\/\/luchonoticias.com\/editor\/#\/schema\/person\/7a7fd911f58561fd056dbac7b55af9cd"},"image":{"@id":"https:\/\/luchonoticias.com\/editor\/primera-mesa-publica-penitenciaria-y-carcelaria-municipal\/#primaryimage"},"thumbnailUrl":"https:\/\/luchonoticias.com\/editor\/wp-content\/uploads\/2024\/04\/personeria.jpg","articleSection":["Local"],"inLanguage":"es"},{"@type":"WebPage","@id":"https:\/\/luchonoticias.com\/editor\/primera-mesa-publica-penitenciaria-y-carcelaria-municipal\/","url":"https:\/\/luchonoticias.com\/editor\/primera-mesa-publica-penitenciaria-y-carcelaria-municipal\/","name":"Primera Mesa P\u00fablica Penitenciaria y Carcelaria Municipal -","isPartOf":{"@id":"https:\/\/luchonoticias.com\/editor\/#website"},"primaryImageOfPage":{"@id":"https:\/\/luchonoticias.com\/editor\/primera-mesa-publica-penitenciaria-y-carcelaria-municipal\/#primaryimage"},"image":{"@id":"https:\/\/luchonoticias.com\/editor\/primera-mesa-publica-penitenciaria-y-carcelaria-municipal\/#primaryimage"},"thumbnailUrl":"https:\/\/luchonoticias.com\/editor\/wp-content\/uploads\/2024\/04\/personeria.jpg","datePublished":"2024-04-11T10:19:22+00:00","breadcrumb":{"@id":"https:\/\/luchonoticias.com\/editor\/primera-mesa-publica-penitenciaria-y-carcelaria-municipal\/#breadcrumb"},"inLanguage":"es","potentialAction":[{"@type":"ReadAction","target":["https:\/\/luchonoticias.com\/editor\/primera-mesa-publica-penitenciaria-y-carcelaria-municipal\/"]}]},{"@type":"ImageObject","inLanguage":"es","@id":"https:\/\/luchonoticias.com\/editor\/primera-mesa-publica-penitenciaria-y-carcelaria-municipal\/#primaryimage","url":"https:\/\/luchonoticias.com\/editor\/wp-content\/uploads\/2024\/04\/personeria.jpg","contentUrl":"https:\/\/luchonoticias.com\/editor\/wp-content\/uploads\/2024\/04\/personeria.jpg","width":700,"height":400},{"@type":"BreadcrumbList","@id":"https:\/\/luchonoticias.com\/editor\/primera-mesa-publica-penitenciaria-y-carcelaria-municipal\/#breadcrumb","itemListElement":[{"@type":"ListItem","position":1,"name":"Portada","item":"https:\/\/luchonoticias.com\/editor\/"},{"@type":"ListItem","position":2,"name":"Primera Mesa P\u00fablica Penitenciaria y Carcelaria Municipal"}]},{"@type":"WebSite","@id":"https:\/\/luchonoticias.com\/editor\/#website","url":"https:\/\/luchonoticias.com\/editor\/","name":"","description":"","publisher":{"@id":"https:\/\/luchonoticias.com\/editor\/#\/schema\/person\/7a7fd911f58561fd056dbac7b55af9cd"},"potentialAction":[{"@type":"SearchAction","target":{"@type":"EntryPoint","urlTemplate":"https:\/\/luchonoticias.com\/editor\/?s={search_term_string}"},"query-input":{"@type":"PropertyValueSpecification","valueRequired":true,"valueName":"search_term_string"}}],"inLanguage":"es"},{"@type":["Person","Organization"],"@id":"https:\/\/luchonoticias.com\/editor\/#\/schema\/person\/7a7fd911f58561fd056dbac7b55af9cd","name":"admin","image":{"@type":"ImageObject","inLanguage":"es","@id":"https:\/\/luchonoticias.com\/editor\/#\/schema\/person\/image\/","url":"https:\/\/luchonoticias.com\/editor\/wp-content\/uploads\/2024\/02\/cropped-cropped-logolu.webp","contentUrl":"https:\/\/luchonoticias.com\/editor\/wp-content\/uploads\/2024\/02\/cropped-cropped-logolu.webp","width":382,"height":170,"caption":"admin"},"logo":{"@id":"https:\/\/luchonoticias.com\/editor\/#\/schema\/person\/image\/"},"sameAs":["https:\/\/www.facebook.com\/luchonoticiasneiva"]},{"@type":"Person","@id":"https:\/\/luchonoticias.com\/editor\/#\/schema\/person\/29217990ddf6f14e35912b2866d591fb","name":"Editor General","image":{"@type":"ImageObject","inLanguage":"es","@id":"https:\/\/luchonoticias.com\/editor\/#\/schema\/person\/image\/","url":"https:\/\/luchonoticias.com\/editor\/wp-content\/uploads\/2024\/02\/cropped-cropped-logolu-150x150.webp","contentUrl":"https:\/\/luchonoticias.com\/editor\/wp-content\/uploads\/2024\/02\/cropped-cropped-logolu-150x150.webp","caption":"Editor General"},"sameAs":["https:\/\/luchonoticias.com\/"],"url":"https:\/\/luchonoticias.com\/editor\/author\/editor-general\/"}]}},"_links":{"self":[{"href":"https:\/\/luchonoticias.com\/editor\/wp-json\/wp\/v2\/posts\/71989","targetHints":{"allow":["GET"]}}],"collection":[{"href":"https:\/\/luchonoticias.com\/editor\/wp-json\/wp\/v2\/posts"}],"about":[{"href":"https:\/\/luchonoticias.com\/editor\/wp-json\/wp\/v2\/types\/post"}],"author":[{"embeddable":true,"href":"https:\/\/luchonoticias.com\/editor\/wp-json\/wp\/v2\/users\/2"}],"replies":[{"embeddable":true,"href":"https:\/\/luchonoticias.com\/editor\/wp-json\/wp\/v2\/comments?post=71989"}],"version-history":[{"count":0,"href":"https:\/\/luchonoticias.com\/editor\/wp-json\/wp\/v2\/posts\/71989\/revisions"}],"wp:featuredmedia":[{"embeddable":true,"href":"https:\/\/luchonoticias.com\/editor\/wp-json\/wp\/v2\/media\/71990"}],"wp:attachment":[{"href":"https:\/\/luchonoticias.com\/editor\/wp-json\/wp\/v2\/media?parent=71989"}],"wp:term":[{"taxonomy":"category","embeddable":true,"href":"https:\/\/luchonoticias.com\/editor\/wp-json\/wp\/v2\/categories?post=71989"},{"taxonomy":"post_tag","embeddable":true,"href":"https:\/\/luchonoticias.com\/editor\/wp-json\/wp\/v2\/tags?post=71989"}],"curies":[{"name":"wp","href":"https:\/\/api.w.org\/{rel}","templated":true}]}}