{"id":71992,"date":"2024-04-11T05:21:38","date_gmt":"2024-04-11T10:21:38","guid":{"rendered":"https:\/\/luchonoticias.com\/?p=71992"},"modified":"2024-04-11T05:21:38","modified_gmt":"2024-04-11T10:21:38","slug":"recursos-definidos-para-el-mejoramiento-de-las-vias-rurales","status":"publish","type":"post","link":"https:\/\/luchonoticias.com\/editor\/recursos-definidos-para-el-mejoramiento-de-las-vias-rurales\/","title":{"rendered":"Recursos definidos para el mejoramiento de las v\u00edas rurales"},"content":{"rendered":"<div>\n<p>Cumpliendo los compromisos adquiridos por el presidente Gustavo Petro con las comunidades rurales, el Instituto Nacional de V\u00edas, Inv\u00edas, avanza en el desarrollo del programa Caminos Comunitarios de la Paz Total con resultados que se reflejan en los beneficios para las comunidades del campo colombiano.<\/p>\n<p>Luego de la estructuraci\u00f3n y evaluaci\u00f3n de los proyectos piloto que se adelantaron en 12 departamentos, en la vigencia 2023, se dio paso a la suscripci\u00f3n de los primeros 1.035 convenios solidarios de los cuales, actualmente, 800 se encuentran en ejecuci\u00f3n, en departamentos como Boyac\u00e1, Caldas, Antioquia, Valle del Cauca y Quind\u00edo, donde las comunidades ya disfrutan de los beneficios de la mejora en las condiciones de transitabilidad de sus corredores.<\/p>\n<p>El director General (e) del Instituto Nacional de V\u00edas, Inv\u00edas, Juan Carlos Montenegro Arjona, resalt\u00f3 que \u201cCaminos Comunitarios de la Paz Total se desarrolla de manera significativa, registrando un avance del 91% correspondiente a los recursos comprometidos por el presupuesto nacional para la vigencia 2023, que alcanzan los $233.000 millones de inversi\u00f3n. Asimismo, el programa presenta un promedio ponderado del 12% en su avance f\u00edsico, a corte del primer trimestre de este a\u00f1o, considerando todas las etapas requeridas para su ejecuci\u00f3n. Continuamos trabajando, llegando a los territorios m\u00e1s apartados con soluciones de transitabilidad y conectividad para las y los colombianos de las regiones\u201d.<\/p>\n<\/div>\n<p>Para la vigencia 2024, se suscribir\u00e1n cerca de 700 convenios con Organismos de Acci\u00f3n Comunal, a los cuales se sumar\u00e1n m\u00e1s de 100 convenios exclusivos con comunidades \u00e9tnicas, labor que tiene como prop\u00f3sito mejorar las condiciones de movilidad segura en 2.000 kil\u00f3metros de v\u00edas regionales.<\/p>\n","protected":false},"excerpt":{"rendered":"<p>Cumpliendo los compromisos adquiridos por el presidente Gustavo Petro con las comunidades rurales, el Instituto Nacional de V\u00edas, Inv\u00edas, avanza en el desarrollo del programa Caminos Comunitarios de la Paz Total con resultados que se reflejan en los beneficios para las comunidades del campo colombiano. Luego de la estructuraci\u00f3n y evaluaci\u00f3n de los proyectos piloto [&hellip;]<\/p>\n","protected":false},"author":2,"featured_media":71993,"comment_status":"closed","ping_status":"open","sticky":false,"template":"","format":"standard","meta":{"footnotes":""},"categories":[28],"tags":[],"class_list":["post-71992","post","type-post","status-publish","format-standard","has-post-thumbnail","hentry","category-actualidad"],"yoast_head":"<!-- This site is optimized with the Yoast SEO plugin v26.6 - https:\/\/yoast.com\/wordpress\/plugins\/seo\/ -->\n<title>Recursos definidos para el mejoramiento de las v\u00edas rurales -<\/title>\n<meta name=\"robots\" content=\"index, follow, max-snippet:-1, max-image-preview:large, max-video-preview:-1\" \/>\n<link rel=\"canonical\" href=\"https:\/\/luchonoticias.com\/editor\/recursos-definidos-para-el-mejoramiento-de-las-vias-rurales\/\" \/>\n<meta property=\"og:locale\" content=\"es_ES\" \/>\n<meta property=\"og:type\" content=\"article\" \/>\n<meta property=\"og:title\" content=\"Recursos definidos para el mejoramiento de las v\u00edas rurales -\" \/>\n<meta property=\"og:url\" content=\"https:\/\/luchonoticias.com\/editor\/recursos-definidos-para-el-mejoramiento-de-las-vias-rurales\/\" \/>\n<meta property=\"article:publisher\" content=\"https:\/\/www.facebook.com\/luchonoticiasneiva\" \/>\n<meta property=\"article:published_time\" content=\"2024-04-11T10:21:38+00:00\" \/>\n<meta property=\"og:image\" content=\"https:\/\/luchonoticias.com\/editor\/wp-content\/uploads\/2024\/04\/vias-rurales.jpg\" \/>\n\t<meta property=\"og:image:width\" content=\"700\" \/>\n\t<meta property=\"og:image:height\" content=\"400\" \/>\n\t<meta property=\"og:image:type\" content=\"image\/jpeg\" \/>\n<meta name=\"author\" content=\"Editor General\" \/>\n<meta name=\"twitter:card\" content=\"summary_large_image\" \/>\n<meta name=\"twitter:label1\" content=\"Escrito por\" \/>\n\t<meta name=\"twitter:data1\" content=\"Editor General\" \/>\n\t<meta name=\"twitter:label2\" content=\"Tiempo de lectura\" \/>\n\t<meta name=\"twitter:data2\" content=\"1 minuto\" \/>\n<script type=\"application\/ld+json\" class=\"yoast-schema-graph\">{\"@context\":\"https:\/\/schema.org\",\"@graph\":[{\"@type\":\"Article\",\"@id\":\"https:\/\/luchonoticias.com\/editor\/recursos-definidos-para-el-mejoramiento-de-las-vias-rurales\/#article\",\"isPartOf\":{\"@id\":\"https:\/\/luchonoticias.com\/editor\/recursos-definidos-para-el-mejoramiento-de-las-vias-rurales\/\"},\"author\":{\"name\":\"Editor General\",\"@id\":\"https:\/\/luchonoticias.com\/editor\/#\/schema\/person\/29217990ddf6f14e35912b2866d591fb\"},\"headline\":\"Recursos definidos para el mejoramiento de las v\u00edas rurales\",\"datePublished\":\"2024-04-11T10:21:38+00:00\",\"mainEntityOfPage\":{\"@id\":\"https:\/\/luchonoticias.com\/editor\/recursos-definidos-para-el-mejoramiento-de-las-vias-rurales\/\"},\"wordCount\":283,\"publisher\":{\"@id\":\"https:\/\/luchonoticias.com\/editor\/#\/schema\/person\/7a7fd911f58561fd056dbac7b55af9cd\"},\"image\":{\"@id\":\"https:\/\/luchonoticias.com\/editor\/recursos-definidos-para-el-mejoramiento-de-las-vias-rurales\/#primaryimage\"},\"thumbnailUrl\":\"https:\/\/luchonoticias.com\/editor\/wp-content\/uploads\/2024\/04\/vias-rurales.jpg\",\"articleSection\":[\"Actualidad\"],\"inLanguage\":\"es\"},{\"@type\":\"WebPage\",\"@id\":\"https:\/\/luchonoticias.com\/editor\/recursos-definidos-para-el-mejoramiento-de-las-vias-rurales\/\",\"url\":\"https:\/\/luchonoticias.com\/editor\/recursos-definidos-para-el-mejoramiento-de-las-vias-rurales\/\",\"name\":\"Recursos definidos para el mejoramiento de las v\u00edas rurales -\",\"isPartOf\":{\"@id\":\"https:\/\/luchonoticias.com\/editor\/#website\"},\"primaryImageOfPage\":{\"@id\":\"https:\/\/luchonoticias.com\/editor\/recursos-definidos-para-el-mejoramiento-de-las-vias-rurales\/#primaryimage\"},\"image\":{\"@id\":\"https:\/\/luchonoticias.com\/editor\/recursos-definidos-para-el-mejoramiento-de-las-vias-rurales\/#primaryimage\"},\"thumbnailUrl\":\"https:\/\/luchonoticias.com\/editor\/wp-content\/uploads\/2024\/04\/vias-rurales.jpg\",\"datePublished\":\"2024-04-11T10:21:38+00:00\",\"breadcrumb\":{\"@id\":\"https:\/\/luchonoticias.com\/editor\/recursos-definidos-para-el-mejoramiento-de-las-vias-rurales\/#breadcrumb\"},\"inLanguage\":\"es\",\"potentialAction\":[{\"@type\":\"ReadAction\",\"target\":[\"https:\/\/luchonoticias.com\/editor\/recursos-definidos-para-el-mejoramiento-de-las-vias-rurales\/\"]}]},{\"@type\":\"ImageObject\",\"inLanguage\":\"es\",\"@id\":\"https:\/\/luchonoticias.com\/editor\/recursos-definidos-para-el-mejoramiento-de-las-vias-rurales\/#primaryimage\",\"url\":\"https:\/\/luchonoticias.com\/editor\/wp-content\/uploads\/2024\/04\/vias-rurales.jpg\",\"contentUrl\":\"https:\/\/luchonoticias.com\/editor\/wp-content\/uploads\/2024\/04\/vias-rurales.jpg\",\"width\":700,\"height\":400},{\"@type\":\"BreadcrumbList\",\"@id\":\"https:\/\/luchonoticias.com\/editor\/recursos-definidos-para-el-mejoramiento-de-las-vias-rurales\/#breadcrumb\",\"itemListElement\":[{\"@type\":\"ListItem\",\"position\":1,\"name\":\"Portada\",\"item\":\"https:\/\/luchonoticias.com\/editor\/\"},{\"@type\":\"ListItem\",\"position\":2,\"name\":\"Recursos definidos para el mejoramiento de las v\u00edas rurales\"}]},{\"@type\":\"WebSite\",\"@id\":\"https:\/\/luchonoticias.com\/editor\/#website\",\"url\":\"https:\/\/luchonoticias.com\/editor\/\",\"name\":\"\",\"description\":\"\",\"publisher\":{\"@id\":\"https:\/\/luchonoticias.com\/editor\/#\/schema\/person\/7a7fd911f58561fd056dbac7b55af9cd\"},\"potentialAction\":[{\"@type\":\"SearchAction\",\"target\":{\"@type\":\"EntryPoint\",\"urlTemplate\":\"https:\/\/luchonoticias.com\/editor\/?s={search_term_string}\"},\"query-input\":{\"@type\":\"PropertyValueSpecification\",\"valueRequired\":true,\"valueName\":\"search_term_string\"}}],\"inLanguage\":\"es\"},{\"@type\":[\"Person\",\"Organization\"],\"@id\":\"https:\/\/luchonoticias.com\/editor\/#\/schema\/person\/7a7fd911f58561fd056dbac7b55af9cd\",\"name\":\"admin\",\"image\":{\"@type\":\"ImageObject\",\"inLanguage\":\"es\",\"@id\":\"https:\/\/luchonoticias.com\/editor\/#\/schema\/person\/image\/\",\"url\":\"https:\/\/luchonoticias.com\/editor\/wp-content\/uploads\/2024\/02\/cropped-cropped-logolu.webp\",\"contentUrl\":\"https:\/\/luchonoticias.com\/editor\/wp-content\/uploads\/2024\/02\/cropped-cropped-logolu.webp\",\"width\":382,\"height\":170,\"caption\":\"admin\"},\"logo\":{\"@id\":\"https:\/\/luchonoticias.com\/editor\/#\/schema\/person\/image\/\"},\"sameAs\":[\"https:\/\/www.facebook.com\/luchonoticiasneiva\"]},{\"@type\":\"Person\",\"@id\":\"https:\/\/luchonoticias.com\/editor\/#\/schema\/person\/29217990ddf6f14e35912b2866d591fb\",\"name\":\"Editor General\",\"image\":{\"@type\":\"ImageObject\",\"inLanguage\":\"es\",\"@id\":\"https:\/\/luchonoticias.com\/editor\/#\/schema\/person\/image\/\",\"url\":\"https:\/\/luchonoticias.com\/editor\/wp-content\/uploads\/2024\/02\/cropped-cropped-logolu-150x150.webp\",\"contentUrl\":\"https:\/\/luchonoticias.com\/editor\/wp-content\/uploads\/2024\/02\/cropped-cropped-logolu-150x150.webp\",\"caption\":\"Editor General\"},\"sameAs\":[\"https:\/\/luchonoticias.com\/\"],\"url\":\"https:\/\/luchonoticias.com\/editor\/author\/editor-general\/\"}]}<\/script>\n<!-- \/ Yoast SEO plugin. -->","yoast_head_json":{"title":"Recursos definidos para el mejoramiento de las v\u00edas rurales -","robots":{"index":"index","follow":"follow","max-snippet":"max-snippet:-1","max-image-preview":"max-image-preview:large","max-video-preview":"max-video-preview:-1"},"canonical":"https:\/\/luchonoticias.com\/editor\/recursos-definidos-para-el-mejoramiento-de-las-vias-rurales\/","og_locale":"es_ES","og_type":"article","og_title":"Recursos definidos para el mejoramiento de las v\u00edas rurales -","og_url":"https:\/\/luchonoticias.com\/editor\/recursos-definidos-para-el-mejoramiento-de-las-vias-rurales\/","article_publisher":"https:\/\/www.facebook.com\/luchonoticiasneiva","article_published_time":"2024-04-11T10:21:38+00:00","og_image":[{"width":700,"height":400,"url":"https:\/\/luchonoticias.com\/editor\/wp-content\/uploads\/2024\/04\/vias-rurales.jpg","type":"image\/jpeg"}],"author":"Editor General","twitter_card":"summary_large_image","twitter_misc":{"Escrito por":"Editor General","Tiempo de lectura":"1 minuto"},"schema":{"@context":"https:\/\/schema.org","@graph":[{"@type":"Article","@id":"https:\/\/luchonoticias.com\/editor\/recursos-definidos-para-el-mejoramiento-de-las-vias-rurales\/#article","isPartOf":{"@id":"https:\/\/luchonoticias.com\/editor\/recursos-definidos-para-el-mejoramiento-de-las-vias-rurales\/"},"author":{"name":"Editor General","@id":"https:\/\/luchonoticias.com\/editor\/#\/schema\/person\/29217990ddf6f14e35912b2866d591fb"},"headline":"Recursos definidos para el mejoramiento de las v\u00edas rurales","datePublished":"2024-04-11T10:21:38+00:00","mainEntityOfPage":{"@id":"https:\/\/luchonoticias.com\/editor\/recursos-definidos-para-el-mejoramiento-de-las-vias-rurales\/"},"wordCount":283,"publisher":{"@id":"https:\/\/luchonoticias.com\/editor\/#\/schema\/person\/7a7fd911f58561fd056dbac7b55af9cd"},"image":{"@id":"https:\/\/luchonoticias.com\/editor\/recursos-definidos-para-el-mejoramiento-de-las-vias-rurales\/#primaryimage"},"thumbnailUrl":"https:\/\/luchonoticias.com\/editor\/wp-content\/uploads\/2024\/04\/vias-rurales.jpg","articleSection":["Actualidad"],"inLanguage":"es"},{"@type":"WebPage","@id":"https:\/\/luchonoticias.com\/editor\/recursos-definidos-para-el-mejoramiento-de-las-vias-rurales\/","url":"https:\/\/luchonoticias.com\/editor\/recursos-definidos-para-el-mejoramiento-de-las-vias-rurales\/","name":"Recursos definidos para el mejoramiento de las v\u00edas rurales -","isPartOf":{"@id":"https:\/\/luchonoticias.com\/editor\/#website"},"primaryImageOfPage":{"@id":"https:\/\/luchonoticias.com\/editor\/recursos-definidos-para-el-mejoramiento-de-las-vias-rurales\/#primaryimage"},"image":{"@id":"https:\/\/luchonoticias.com\/editor\/recursos-definidos-para-el-mejoramiento-de-las-vias-rurales\/#primaryimage"},"thumbnailUrl":"https:\/\/luchonoticias.com\/editor\/wp-content\/uploads\/2024\/04\/vias-rurales.jpg","datePublished":"2024-04-11T10:21:38+00:00","breadcrumb":{"@id":"https:\/\/luchonoticias.com\/editor\/recursos-definidos-para-el-mejoramiento-de-las-vias-rurales\/#breadcrumb"},"inLanguage":"es","potentialAction":[{"@type":"ReadAction","target":["https:\/\/luchonoticias.com\/editor\/recursos-definidos-para-el-mejoramiento-de-las-vias-rurales\/"]}]},{"@type":"ImageObject","inLanguage":"es","@id":"https:\/\/luchonoticias.com\/editor\/recursos-definidos-para-el-mejoramiento-de-las-vias-rurales\/#primaryimage","url":"https:\/\/luchonoticias.com\/editor\/wp-content\/uploads\/2024\/04\/vias-rurales.jpg","contentUrl":"https:\/\/luchonoticias.com\/editor\/wp-content\/uploads\/2024\/04\/vias-rurales.jpg","width":700,"height":400},{"@type":"BreadcrumbList","@id":"https:\/\/luchonoticias.com\/editor\/recursos-definidos-para-el-mejoramiento-de-las-vias-rurales\/#breadcrumb","itemListElement":[{"@type":"ListItem","position":1,"name":"Portada","item":"https:\/\/luchonoticias.com\/editor\/"},{"@type":"ListItem","position":2,"name":"Recursos definidos para el mejoramiento de las v\u00edas rurales"}]},{"@type":"WebSite","@id":"https:\/\/luchonoticias.com\/editor\/#website","url":"https:\/\/luchonoticias.com\/editor\/","name":"","description":"","publisher":{"@id":"https:\/\/luchonoticias.com\/editor\/#\/schema\/person\/7a7fd911f58561fd056dbac7b55af9cd"},"potentialAction":[{"@type":"SearchAction","target":{"@type":"EntryPoint","urlTemplate":"https:\/\/luchonoticias.com\/editor\/?s={search_term_string}"},"query-input":{"@type":"PropertyValueSpecification","valueRequired":true,"valueName":"search_term_string"}}],"inLanguage":"es"},{"@type":["Person","Organization"],"@id":"https:\/\/luchonoticias.com\/editor\/#\/schema\/person\/7a7fd911f58561fd056dbac7b55af9cd","name":"admin","image":{"@type":"ImageObject","inLanguage":"es","@id":"https:\/\/luchonoticias.com\/editor\/#\/schema\/person\/image\/","url":"https:\/\/luchonoticias.com\/editor\/wp-content\/uploads\/2024\/02\/cropped-cropped-logolu.webp","contentUrl":"https:\/\/luchonoticias.com\/editor\/wp-content\/uploads\/2024\/02\/cropped-cropped-logolu.webp","width":382,"height":170,"caption":"admin"},"logo":{"@id":"https:\/\/luchonoticias.com\/editor\/#\/schema\/person\/image\/"},"sameAs":["https:\/\/www.facebook.com\/luchonoticiasneiva"]},{"@type":"Person","@id":"https:\/\/luchonoticias.com\/editor\/#\/schema\/person\/29217990ddf6f14e35912b2866d591fb","name":"Editor General","image":{"@type":"ImageObject","inLanguage":"es","@id":"https:\/\/luchonoticias.com\/editor\/#\/schema\/person\/image\/","url":"https:\/\/luchonoticias.com\/editor\/wp-content\/uploads\/2024\/02\/cropped-cropped-logolu-150x150.webp","contentUrl":"https:\/\/luchonoticias.com\/editor\/wp-content\/uploads\/2024\/02\/cropped-cropped-logolu-150x150.webp","caption":"Editor General"},"sameAs":["https:\/\/luchonoticias.com\/"],"url":"https:\/\/luchonoticias.com\/editor\/author\/editor-general\/"}]}},"_links":{"self":[{"href":"https:\/\/luchonoticias.com\/editor\/wp-json\/wp\/v2\/posts\/71992","targetHints":{"allow":["GET"]}}],"collection":[{"href":"https:\/\/luchonoticias.com\/editor\/wp-json\/wp\/v2\/posts"}],"about":[{"href":"https:\/\/luchonoticias.com\/editor\/wp-json\/wp\/v2\/types\/post"}],"author":[{"embeddable":true,"href":"https:\/\/luchonoticias.com\/editor\/wp-json\/wp\/v2\/users\/2"}],"replies":[{"embeddable":true,"href":"https:\/\/luchonoticias.com\/editor\/wp-json\/wp\/v2\/comments?post=71992"}],"version-history":[{"count":0,"href":"https:\/\/luchonoticias.com\/editor\/wp-json\/wp\/v2\/posts\/71992\/revisions"}],"wp:featuredmedia":[{"embeddable":true,"href":"https:\/\/luchonoticias.com\/editor\/wp-json\/wp\/v2\/media\/71993"}],"wp:attachment":[{"href":"https:\/\/luchonoticias.com\/editor\/wp-json\/wp\/v2\/media?parent=71992"}],"wp:term":[{"taxonomy":"category","embeddable":true,"href":"https:\/\/luchonoticias.com\/editor\/wp-json\/wp\/v2\/categories?post=71992"},{"taxonomy":"post_tag","embeddable":true,"href":"https:\/\/luchonoticias.com\/editor\/wp-json\/wp\/v2\/tags?post=71992"}],"curies":[{"name":"wp","href":"https:\/\/api.w.org\/{rel}","templated":true}]}}