{"id":71995,"date":"2024-04-11T05:27:17","date_gmt":"2024-04-11T10:27:17","guid":{"rendered":"https:\/\/luchonoticias.com\/?p=71995"},"modified":"2024-04-11T05:33:12","modified_gmt":"2024-04-11T10:33:12","slug":"parte-de-tranquilidad-de-la-alcaldia-al-barrio-las-americas","status":"publish","type":"post","link":"https:\/\/luchonoticias.com\/editor\/parte-de-tranquilidad-de-la-alcaldia-al-barrio-las-americas\/","title":{"rendered":"Parte de tranquilidad de la Alcald\u00eda al barrio Las Am\u00e9ricas"},"content":{"rendered":"<p>Con el prop\u00f3sito de escuchar y dialogar con la comunidad del barrio Las Am\u00e9ricas, la Administraci\u00f3n Municipal llev\u00f3 a cabo un encuentro con los habitantes del sector para atender la problem\u00e1tica vial que los aqueja.<\/p>\n<p>\u201cQueremos darles un parte de tranquilidad ya que, desde la administraci\u00f3n y nuestra secretar\u00eda, vamos a reiniciar los procesos contractuales de suministro de materiales, alquiler de maquinaria e interventor\u00eda y trabajar articuladamente con Empresas P\u00fablicas de Neiva, EPN, para sacar adelante este proyecto y poder atender las necesidades de la comunidad\u201d, sostuvo el secretario de V\u00edas e Infraestructura, Germ\u00e1n Dar\u00edo S\u00e1nchez Restrepo.<\/p>\n<p>Asimismo, Andr\u00e9s Charry Gerente de Empresas P\u00fablicas de Neiva coment\u00f3, \u201clos compromisos que realizamos desde Las Ceibas EPN con la comunidad, es a realizar una visita t\u00e9cnica para determinar el estado de las acometidas que se encuentran instaladas, ya que algunos contratos que se adquirieron para el restablecimiento del acueducto presuntamente no quedaron ejecutados de la mejor manera\u201d afirm\u00f3 el gerente.<\/p>\n<p>El encuentro cont\u00f3 con la participaci\u00f3n de Brayanth Stiven Buend\u00eda presidente de la Junta de Acci\u00f3n Comunal del barrio Las Am\u00e9ricas, \u201cla administraci\u00f3n municipal mostr\u00f3 voluntad con la comunidad, siempre ha estado dispuesta y atenta a escuchar a la comunidad. Logramos unos acuerdo y compromisos que dan parte de tranquilidad\u201d afirm\u00f3 el presidente.<\/p>\n<p>&nbsp;<\/p>\n","protected":false},"excerpt":{"rendered":"<p>Con el prop\u00f3sito de escuchar y dialogar con la comunidad del barrio Las Am\u00e9ricas, la Administraci\u00f3n Municipal llev\u00f3 a cabo un encuentro con los habitantes del sector para atender la problem\u00e1tica vial que los aqueja. \u201cQueremos darles un parte de tranquilidad ya que, desde la administraci\u00f3n y nuestra secretar\u00eda, vamos a reiniciar los procesos contractuales [&hellip;]<\/p>\n","protected":false},"author":2,"featured_media":71996,"comment_status":"closed","ping_status":"open","sticky":false,"template":"","format":"standard","meta":{"footnotes":""},"categories":[31],"tags":[],"class_list":["post-71995","post","type-post","status-publish","format-standard","has-post-thumbnail","hentry","category-local"],"yoast_head":"<!-- This site is optimized with the Yoast SEO plugin v26.6 - https:\/\/yoast.com\/wordpress\/plugins\/seo\/ -->\n<title>Parte de tranquilidad de la Alcald\u00eda al barrio Las Am\u00e9ricas -<\/title>\n<meta name=\"robots\" content=\"index, follow, max-snippet:-1, max-image-preview:large, max-video-preview:-1\" \/>\n<link rel=\"canonical\" href=\"https:\/\/luchonoticias.com\/editor\/parte-de-tranquilidad-de-la-alcaldia-al-barrio-las-americas\/\" \/>\n<meta property=\"og:locale\" content=\"es_ES\" \/>\n<meta property=\"og:type\" content=\"article\" \/>\n<meta property=\"og:title\" content=\"Parte de tranquilidad de la Alcald\u00eda al barrio Las Am\u00e9ricas -\" \/>\n<meta property=\"og:url\" content=\"https:\/\/luchonoticias.com\/editor\/parte-de-tranquilidad-de-la-alcaldia-al-barrio-las-americas\/\" \/>\n<meta property=\"article:publisher\" content=\"https:\/\/www.facebook.com\/luchonoticiasneiva\" \/>\n<meta property=\"article:published_time\" content=\"2024-04-11T10:27:17+00:00\" \/>\n<meta property=\"article:modified_time\" content=\"2024-04-11T10:33:12+00:00\" \/>\n<meta property=\"og:image\" content=\"https:\/\/luchonoticias.com\/editor\/wp-content\/uploads\/2024\/04\/vias-neiva.jpg\" \/>\n\t<meta property=\"og:image:width\" content=\"700\" \/>\n\t<meta property=\"og:image:height\" content=\"400\" \/>\n\t<meta property=\"og:image:type\" content=\"image\/jpeg\" \/>\n<meta name=\"author\" content=\"Editor General\" \/>\n<meta name=\"twitter:card\" content=\"summary_large_image\" \/>\n<meta name=\"twitter:label1\" content=\"Escrito por\" \/>\n\t<meta name=\"twitter:data1\" content=\"Editor General\" \/>\n\t<meta name=\"twitter:label2\" content=\"Tiempo de lectura\" \/>\n\t<meta name=\"twitter:data2\" content=\"1 minuto\" \/>\n<script type=\"application\/ld+json\" class=\"yoast-schema-graph\">{\"@context\":\"https:\/\/schema.org\",\"@graph\":[{\"@type\":\"Article\",\"@id\":\"https:\/\/luchonoticias.com\/editor\/parte-de-tranquilidad-de-la-alcaldia-al-barrio-las-americas\/#article\",\"isPartOf\":{\"@id\":\"https:\/\/luchonoticias.com\/editor\/parte-de-tranquilidad-de-la-alcaldia-al-barrio-las-americas\/\"},\"author\":{\"name\":\"Editor General\",\"@id\":\"https:\/\/luchonoticias.com\/editor\/#\/schema\/person\/29217990ddf6f14e35912b2866d591fb\"},\"headline\":\"Parte de tranquilidad de la Alcald\u00eda al barrio Las Am\u00e9ricas\",\"datePublished\":\"2024-04-11T10:27:17+00:00\",\"dateModified\":\"2024-04-11T10:33:12+00:00\",\"mainEntityOfPage\":{\"@id\":\"https:\/\/luchonoticias.com\/editor\/parte-de-tranquilidad-de-la-alcaldia-al-barrio-las-americas\/\"},\"wordCount\":244,\"publisher\":{\"@id\":\"https:\/\/luchonoticias.com\/editor\/#\/schema\/person\/7a7fd911f58561fd056dbac7b55af9cd\"},\"image\":{\"@id\":\"https:\/\/luchonoticias.com\/editor\/parte-de-tranquilidad-de-la-alcaldia-al-barrio-las-americas\/#primaryimage\"},\"thumbnailUrl\":\"https:\/\/luchonoticias.com\/editor\/wp-content\/uploads\/2024\/04\/vias-neiva.jpg\",\"articleSection\":[\"Local\"],\"inLanguage\":\"es\"},{\"@type\":\"WebPage\",\"@id\":\"https:\/\/luchonoticias.com\/editor\/parte-de-tranquilidad-de-la-alcaldia-al-barrio-las-americas\/\",\"url\":\"https:\/\/luchonoticias.com\/editor\/parte-de-tranquilidad-de-la-alcaldia-al-barrio-las-americas\/\",\"name\":\"Parte de tranquilidad de la Alcald\u00eda al barrio Las Am\u00e9ricas -\",\"isPartOf\":{\"@id\":\"https:\/\/luchonoticias.com\/editor\/#website\"},\"primaryImageOfPage\":{\"@id\":\"https:\/\/luchonoticias.com\/editor\/parte-de-tranquilidad-de-la-alcaldia-al-barrio-las-americas\/#primaryimage\"},\"image\":{\"@id\":\"https:\/\/luchonoticias.com\/editor\/parte-de-tranquilidad-de-la-alcaldia-al-barrio-las-americas\/#primaryimage\"},\"thumbnailUrl\":\"https:\/\/luchonoticias.com\/editor\/wp-content\/uploads\/2024\/04\/vias-neiva.jpg\",\"datePublished\":\"2024-04-11T10:27:17+00:00\",\"dateModified\":\"2024-04-11T10:33:12+00:00\",\"breadcrumb\":{\"@id\":\"https:\/\/luchonoticias.com\/editor\/parte-de-tranquilidad-de-la-alcaldia-al-barrio-las-americas\/#breadcrumb\"},\"inLanguage\":\"es\",\"potentialAction\":[{\"@type\":\"ReadAction\",\"target\":[\"https:\/\/luchonoticias.com\/editor\/parte-de-tranquilidad-de-la-alcaldia-al-barrio-las-americas\/\"]}]},{\"@type\":\"ImageObject\",\"inLanguage\":\"es\",\"@id\":\"https:\/\/luchonoticias.com\/editor\/parte-de-tranquilidad-de-la-alcaldia-al-barrio-las-americas\/#primaryimage\",\"url\":\"https:\/\/luchonoticias.com\/editor\/wp-content\/uploads\/2024\/04\/vias-neiva.jpg\",\"contentUrl\":\"https:\/\/luchonoticias.com\/editor\/wp-content\/uploads\/2024\/04\/vias-neiva.jpg\",\"width\":700,\"height\":400},{\"@type\":\"BreadcrumbList\",\"@id\":\"https:\/\/luchonoticias.com\/editor\/parte-de-tranquilidad-de-la-alcaldia-al-barrio-las-americas\/#breadcrumb\",\"itemListElement\":[{\"@type\":\"ListItem\",\"position\":1,\"name\":\"Portada\",\"item\":\"https:\/\/luchonoticias.com\/editor\/\"},{\"@type\":\"ListItem\",\"position\":2,\"name\":\"Parte de tranquilidad de la Alcald\u00eda al barrio Las Am\u00e9ricas\"}]},{\"@type\":\"WebSite\",\"@id\":\"https:\/\/luchonoticias.com\/editor\/#website\",\"url\":\"https:\/\/luchonoticias.com\/editor\/\",\"name\":\"\",\"description\":\"\",\"publisher\":{\"@id\":\"https:\/\/luchonoticias.com\/editor\/#\/schema\/person\/7a7fd911f58561fd056dbac7b55af9cd\"},\"potentialAction\":[{\"@type\":\"SearchAction\",\"target\":{\"@type\":\"EntryPoint\",\"urlTemplate\":\"https:\/\/luchonoticias.com\/editor\/?s={search_term_string}\"},\"query-input\":{\"@type\":\"PropertyValueSpecification\",\"valueRequired\":true,\"valueName\":\"search_term_string\"}}],\"inLanguage\":\"es\"},{\"@type\":[\"Person\",\"Organization\"],\"@id\":\"https:\/\/luchonoticias.com\/editor\/#\/schema\/person\/7a7fd911f58561fd056dbac7b55af9cd\",\"name\":\"admin\",\"image\":{\"@type\":\"ImageObject\",\"inLanguage\":\"es\",\"@id\":\"https:\/\/luchonoticias.com\/editor\/#\/schema\/person\/image\/\",\"url\":\"https:\/\/luchonoticias.com\/editor\/wp-content\/uploads\/2024\/02\/cropped-cropped-logolu.webp\",\"contentUrl\":\"https:\/\/luchonoticias.com\/editor\/wp-content\/uploads\/2024\/02\/cropped-cropped-logolu.webp\",\"width\":382,\"height\":170,\"caption\":\"admin\"},\"logo\":{\"@id\":\"https:\/\/luchonoticias.com\/editor\/#\/schema\/person\/image\/\"},\"sameAs\":[\"https:\/\/www.facebook.com\/luchonoticiasneiva\"]},{\"@type\":\"Person\",\"@id\":\"https:\/\/luchonoticias.com\/editor\/#\/schema\/person\/29217990ddf6f14e35912b2866d591fb\",\"name\":\"Editor General\",\"image\":{\"@type\":\"ImageObject\",\"inLanguage\":\"es\",\"@id\":\"https:\/\/luchonoticias.com\/editor\/#\/schema\/person\/image\/\",\"url\":\"https:\/\/luchonoticias.com\/editor\/wp-content\/uploads\/2024\/02\/cropped-cropped-logolu-150x150.webp\",\"contentUrl\":\"https:\/\/luchonoticias.com\/editor\/wp-content\/uploads\/2024\/02\/cropped-cropped-logolu-150x150.webp\",\"caption\":\"Editor General\"},\"sameAs\":[\"https:\/\/luchonoticias.com\/\"],\"url\":\"https:\/\/luchonoticias.com\/editor\/author\/editor-general\/\"}]}<\/script>\n<!-- \/ Yoast SEO plugin. -->","yoast_head_json":{"title":"Parte de tranquilidad de la Alcald\u00eda al barrio Las Am\u00e9ricas -","robots":{"index":"index","follow":"follow","max-snippet":"max-snippet:-1","max-image-preview":"max-image-preview:large","max-video-preview":"max-video-preview:-1"},"canonical":"https:\/\/luchonoticias.com\/editor\/parte-de-tranquilidad-de-la-alcaldia-al-barrio-las-americas\/","og_locale":"es_ES","og_type":"article","og_title":"Parte de tranquilidad de la Alcald\u00eda al barrio Las Am\u00e9ricas -","og_url":"https:\/\/luchonoticias.com\/editor\/parte-de-tranquilidad-de-la-alcaldia-al-barrio-las-americas\/","article_publisher":"https:\/\/www.facebook.com\/luchonoticiasneiva","article_published_time":"2024-04-11T10:27:17+00:00","article_modified_time":"2024-04-11T10:33:12+00:00","og_image":[{"width":700,"height":400,"url":"https:\/\/luchonoticias.com\/editor\/wp-content\/uploads\/2024\/04\/vias-neiva.jpg","type":"image\/jpeg"}],"author":"Editor General","twitter_card":"summary_large_image","twitter_misc":{"Escrito por":"Editor General","Tiempo de lectura":"1 minuto"},"schema":{"@context":"https:\/\/schema.org","@graph":[{"@type":"Article","@id":"https:\/\/luchonoticias.com\/editor\/parte-de-tranquilidad-de-la-alcaldia-al-barrio-las-americas\/#article","isPartOf":{"@id":"https:\/\/luchonoticias.com\/editor\/parte-de-tranquilidad-de-la-alcaldia-al-barrio-las-americas\/"},"author":{"name":"Editor General","@id":"https:\/\/luchonoticias.com\/editor\/#\/schema\/person\/29217990ddf6f14e35912b2866d591fb"},"headline":"Parte de tranquilidad de la Alcald\u00eda al barrio Las Am\u00e9ricas","datePublished":"2024-04-11T10:27:17+00:00","dateModified":"2024-04-11T10:33:12+00:00","mainEntityOfPage":{"@id":"https:\/\/luchonoticias.com\/editor\/parte-de-tranquilidad-de-la-alcaldia-al-barrio-las-americas\/"},"wordCount":244,"publisher":{"@id":"https:\/\/luchonoticias.com\/editor\/#\/schema\/person\/7a7fd911f58561fd056dbac7b55af9cd"},"image":{"@id":"https:\/\/luchonoticias.com\/editor\/parte-de-tranquilidad-de-la-alcaldia-al-barrio-las-americas\/#primaryimage"},"thumbnailUrl":"https:\/\/luchonoticias.com\/editor\/wp-content\/uploads\/2024\/04\/vias-neiva.jpg","articleSection":["Local"],"inLanguage":"es"},{"@type":"WebPage","@id":"https:\/\/luchonoticias.com\/editor\/parte-de-tranquilidad-de-la-alcaldia-al-barrio-las-americas\/","url":"https:\/\/luchonoticias.com\/editor\/parte-de-tranquilidad-de-la-alcaldia-al-barrio-las-americas\/","name":"Parte de tranquilidad de la Alcald\u00eda al barrio Las Am\u00e9ricas -","isPartOf":{"@id":"https:\/\/luchonoticias.com\/editor\/#website"},"primaryImageOfPage":{"@id":"https:\/\/luchonoticias.com\/editor\/parte-de-tranquilidad-de-la-alcaldia-al-barrio-las-americas\/#primaryimage"},"image":{"@id":"https:\/\/luchonoticias.com\/editor\/parte-de-tranquilidad-de-la-alcaldia-al-barrio-las-americas\/#primaryimage"},"thumbnailUrl":"https:\/\/luchonoticias.com\/editor\/wp-content\/uploads\/2024\/04\/vias-neiva.jpg","datePublished":"2024-04-11T10:27:17+00:00","dateModified":"2024-04-11T10:33:12+00:00","breadcrumb":{"@id":"https:\/\/luchonoticias.com\/editor\/parte-de-tranquilidad-de-la-alcaldia-al-barrio-las-americas\/#breadcrumb"},"inLanguage":"es","potentialAction":[{"@type":"ReadAction","target":["https:\/\/luchonoticias.com\/editor\/parte-de-tranquilidad-de-la-alcaldia-al-barrio-las-americas\/"]}]},{"@type":"ImageObject","inLanguage":"es","@id":"https:\/\/luchonoticias.com\/editor\/parte-de-tranquilidad-de-la-alcaldia-al-barrio-las-americas\/#primaryimage","url":"https:\/\/luchonoticias.com\/editor\/wp-content\/uploads\/2024\/04\/vias-neiva.jpg","contentUrl":"https:\/\/luchonoticias.com\/editor\/wp-content\/uploads\/2024\/04\/vias-neiva.jpg","width":700,"height":400},{"@type":"BreadcrumbList","@id":"https:\/\/luchonoticias.com\/editor\/parte-de-tranquilidad-de-la-alcaldia-al-barrio-las-americas\/#breadcrumb","itemListElement":[{"@type":"ListItem","position":1,"name":"Portada","item":"https:\/\/luchonoticias.com\/editor\/"},{"@type":"ListItem","position":2,"name":"Parte de tranquilidad de la Alcald\u00eda al barrio Las Am\u00e9ricas"}]},{"@type":"WebSite","@id":"https:\/\/luchonoticias.com\/editor\/#website","url":"https:\/\/luchonoticias.com\/editor\/","name":"","description":"","publisher":{"@id":"https:\/\/luchonoticias.com\/editor\/#\/schema\/person\/7a7fd911f58561fd056dbac7b55af9cd"},"potentialAction":[{"@type":"SearchAction","target":{"@type":"EntryPoint","urlTemplate":"https:\/\/luchonoticias.com\/editor\/?s={search_term_string}"},"query-input":{"@type":"PropertyValueSpecification","valueRequired":true,"valueName":"search_term_string"}}],"inLanguage":"es"},{"@type":["Person","Organization"],"@id":"https:\/\/luchonoticias.com\/editor\/#\/schema\/person\/7a7fd911f58561fd056dbac7b55af9cd","name":"admin","image":{"@type":"ImageObject","inLanguage":"es","@id":"https:\/\/luchonoticias.com\/editor\/#\/schema\/person\/image\/","url":"https:\/\/luchonoticias.com\/editor\/wp-content\/uploads\/2024\/02\/cropped-cropped-logolu.webp","contentUrl":"https:\/\/luchonoticias.com\/editor\/wp-content\/uploads\/2024\/02\/cropped-cropped-logolu.webp","width":382,"height":170,"caption":"admin"},"logo":{"@id":"https:\/\/luchonoticias.com\/editor\/#\/schema\/person\/image\/"},"sameAs":["https:\/\/www.facebook.com\/luchonoticiasneiva"]},{"@type":"Person","@id":"https:\/\/luchonoticias.com\/editor\/#\/schema\/person\/29217990ddf6f14e35912b2866d591fb","name":"Editor General","image":{"@type":"ImageObject","inLanguage":"es","@id":"https:\/\/luchonoticias.com\/editor\/#\/schema\/person\/image\/","url":"https:\/\/luchonoticias.com\/editor\/wp-content\/uploads\/2024\/02\/cropped-cropped-logolu-150x150.webp","contentUrl":"https:\/\/luchonoticias.com\/editor\/wp-content\/uploads\/2024\/02\/cropped-cropped-logolu-150x150.webp","caption":"Editor General"},"sameAs":["https:\/\/luchonoticias.com\/"],"url":"https:\/\/luchonoticias.com\/editor\/author\/editor-general\/"}]}},"_links":{"self":[{"href":"https:\/\/luchonoticias.com\/editor\/wp-json\/wp\/v2\/posts\/71995","targetHints":{"allow":["GET"]}}],"collection":[{"href":"https:\/\/luchonoticias.com\/editor\/wp-json\/wp\/v2\/posts"}],"about":[{"href":"https:\/\/luchonoticias.com\/editor\/wp-json\/wp\/v2\/types\/post"}],"author":[{"embeddable":true,"href":"https:\/\/luchonoticias.com\/editor\/wp-json\/wp\/v2\/users\/2"}],"replies":[{"embeddable":true,"href":"https:\/\/luchonoticias.com\/editor\/wp-json\/wp\/v2\/comments?post=71995"}],"version-history":[{"count":0,"href":"https:\/\/luchonoticias.com\/editor\/wp-json\/wp\/v2\/posts\/71995\/revisions"}],"wp:featuredmedia":[{"embeddable":true,"href":"https:\/\/luchonoticias.com\/editor\/wp-json\/wp\/v2\/media\/71996"}],"wp:attachment":[{"href":"https:\/\/luchonoticias.com\/editor\/wp-json\/wp\/v2\/media?parent=71995"}],"wp:term":[{"taxonomy":"category","embeddable":true,"href":"https:\/\/luchonoticias.com\/editor\/wp-json\/wp\/v2\/categories?post=71995"},{"taxonomy":"post_tag","embeddable":true,"href":"https:\/\/luchonoticias.com\/editor\/wp-json\/wp\/v2\/tags?post=71995"}],"curies":[{"name":"wp","href":"https:\/\/api.w.org\/{rel}","templated":true}]}}