{"id":72002,"date":"2024-04-11T09:22:32","date_gmt":"2024-04-11T14:22:32","guid":{"rendered":"https:\/\/luchonoticias.com\/?p=72002"},"modified":"2024-04-11T09:22:32","modified_gmt":"2024-04-11T14:22:32","slug":"senor-contribuyente-a-pagar-el-impuesto-de-vehiculo","status":"publish","type":"post","link":"https:\/\/luchonoticias.com\/editor\/senor-contribuyente-a-pagar-el-impuesto-de-vehiculo\/","title":{"rendered":"Se\u00f1or contribuyente, a pagar el impuesto de veh\u00edculo"},"content":{"rendered":"<p>A trav\u00e9s de la estrategia \u201cPAGA RODAR POR EL HUILA\u201d, la Secretar\u00eda de Hacienda Departamental del Huila, hizo extensiva la invitaci\u00f3n a los contribuyentes para ponerse al d\u00eda con sus obligaciones, aprovechando descuentos hasta del 15%, seg\u00fan lo contemplado en el calendario tributario de 2024.<\/p>\n<p>Para el caso del pago de impuesto de veh\u00edculos, se estableci\u00f3 un 10% de descuento sobre el valor del tributo para quienes paguen sus obligaciones hasta el 31 de mayo del presente a\u00f1o, y un 5% adicional para los contribuyentes que hayan pagado oportunamente los impuestos correspondientes a la vigencia 2023.<\/p>\n<p>Por otro lado, quienes decidan ponerse al d\u00eda entre el 31 de mayo y el 31 de julio, pagar\u00e1n la tarifa plena sin ning\u00fan tipo de descuento; mientras que quienes paguen a partir del 01 de agosto del a\u00f1o en curso, ser\u00e1n objeto de sanciones e intereses, conforme lo establece la circular 01 de 2024, amparada en la Ordenanza 08 de 2023, Decreto 1338 de 2008, Ordenanza 014 de 1997, y en especial el art\u00edculo 39 del Decreto-Ley 2106 de 2019.<\/p>\n<p><strong>Puntos de pago<\/strong><\/p>\n<p>En ese sentido, la Secretaria de Hacienda Departamental del Huila, Sonia Mora Orrego, extendi\u00f3 la invitaci\u00f3n a todos los ciudadanos interesados en ponerse al d\u00eda con sus obligaciones tributarias, para que se acerquen y liquiden sus impuestos en la oficina del contribuyente, ubicada en el primer piso del edificio departamental, o realicen sus tr\u00e1mites en l\u00ednea, ingresando al Link https:\/\/vehiculos.huila.gov.co\/HUIVehiculos\/IUVA_001.jsp<\/p>\n<p>Tambi\u00e9n podr\u00e1n pagar el impuesto vehicular a trav\u00e9s de los puntos de atenci\u00f3n de los municipios de Garz\u00f3n, Pitalito y La Plata, lo mismo que a trav\u00e9s del servicio PSE del Banco de Occidente, oficinas de Bancolombia y puntos Efecty donde se presta el servicio de corresponsal bancario.<\/p>\n<p>Mediante estos canales (presencial y virtual), los contribuyentes adem\u00e1s del impuesto de veh\u00edculo, tambi\u00e9n podr\u00e1n ponerse al d\u00eda con otros tributos del departamento, aportando al mejoramiento de las rentas para la gesti\u00f3n de proyectos de alto impacto social.<\/p>\n","protected":false},"excerpt":{"rendered":"<p>A trav\u00e9s de la estrategia \u201cPAGA RODAR POR EL HUILA\u201d, la Secretar\u00eda de Hacienda Departamental del Huila, hizo extensiva la invitaci\u00f3n a los contribuyentes para ponerse al d\u00eda con sus obligaciones, aprovechando descuentos hasta del 15%, seg\u00fan lo contemplado en el calendario tributario de 2024. Para el caso del pago de impuesto de veh\u00edculos, se [&hellip;]<\/p>\n","protected":false},"author":2,"featured_media":72003,"comment_status":"closed","ping_status":"open","sticky":false,"template":"","format":"standard","meta":{"footnotes":""},"categories":[33],"tags":[],"class_list":["post-72002","post","type-post","status-publish","format-standard","has-post-thumbnail","hentry","category-huila"],"yoast_head":"<!-- This site is optimized with the Yoast SEO plugin v26.6 - https:\/\/yoast.com\/wordpress\/plugins\/seo\/ -->\n<title>Se\u00f1or contribuyente, a pagar el impuesto de veh\u00edculo -<\/title>\n<meta name=\"robots\" content=\"index, follow, max-snippet:-1, max-image-preview:large, max-video-preview:-1\" \/>\n<link rel=\"canonical\" href=\"https:\/\/luchonoticias.com\/editor\/senor-contribuyente-a-pagar-el-impuesto-de-vehiculo\/\" \/>\n<meta property=\"og:locale\" content=\"es_ES\" \/>\n<meta property=\"og:type\" content=\"article\" \/>\n<meta property=\"og:title\" content=\"Se\u00f1or contribuyente, a pagar el impuesto de veh\u00edculo -\" \/>\n<meta property=\"og:url\" content=\"https:\/\/luchonoticias.com\/editor\/senor-contribuyente-a-pagar-el-impuesto-de-vehiculo\/\" \/>\n<meta property=\"article:publisher\" content=\"https:\/\/www.facebook.com\/luchonoticiasneiva\" \/>\n<meta property=\"article:published_time\" content=\"2024-04-11T14:22:32+00:00\" \/>\n<meta property=\"og:image\" content=\"https:\/\/luchonoticias.com\/editor\/wp-content\/uploads\/2024\/04\/pago-imouesto.jpg\" \/>\n\t<meta property=\"og:image:width\" content=\"700\" \/>\n\t<meta property=\"og:image:height\" content=\"400\" \/>\n\t<meta property=\"og:image:type\" content=\"image\/jpeg\" \/>\n<meta name=\"author\" content=\"Editor General\" \/>\n<meta name=\"twitter:card\" content=\"summary_large_image\" \/>\n<meta name=\"twitter:label1\" content=\"Escrito por\" \/>\n\t<meta name=\"twitter:data1\" content=\"Editor General\" \/>\n\t<meta name=\"twitter:label2\" content=\"Tiempo de lectura\" \/>\n\t<meta name=\"twitter:data2\" content=\"2 minutos\" \/>\n<script type=\"application\/ld+json\" class=\"yoast-schema-graph\">{\"@context\":\"https:\/\/schema.org\",\"@graph\":[{\"@type\":\"Article\",\"@id\":\"https:\/\/luchonoticias.com\/editor\/senor-contribuyente-a-pagar-el-impuesto-de-vehiculo\/#article\",\"isPartOf\":{\"@id\":\"https:\/\/luchonoticias.com\/editor\/senor-contribuyente-a-pagar-el-impuesto-de-vehiculo\/\"},\"author\":{\"name\":\"Editor General\",\"@id\":\"https:\/\/luchonoticias.com\/editor\/#\/schema\/person\/29217990ddf6f14e35912b2866d591fb\"},\"headline\":\"Se\u00f1or contribuyente, a pagar el impuesto de veh\u00edculo\",\"datePublished\":\"2024-04-11T14:22:32+00:00\",\"mainEntityOfPage\":{\"@id\":\"https:\/\/luchonoticias.com\/editor\/senor-contribuyente-a-pagar-el-impuesto-de-vehiculo\/\"},\"wordCount\":352,\"publisher\":{\"@id\":\"https:\/\/luchonoticias.com\/editor\/#\/schema\/person\/7a7fd911f58561fd056dbac7b55af9cd\"},\"image\":{\"@id\":\"https:\/\/luchonoticias.com\/editor\/senor-contribuyente-a-pagar-el-impuesto-de-vehiculo\/#primaryimage\"},\"thumbnailUrl\":\"https:\/\/luchonoticias.com\/editor\/wp-content\/uploads\/2024\/04\/pago-imouesto.jpg\",\"articleSection\":[\"Huila\"],\"inLanguage\":\"es\"},{\"@type\":\"WebPage\",\"@id\":\"https:\/\/luchonoticias.com\/editor\/senor-contribuyente-a-pagar-el-impuesto-de-vehiculo\/\",\"url\":\"https:\/\/luchonoticias.com\/editor\/senor-contribuyente-a-pagar-el-impuesto-de-vehiculo\/\",\"name\":\"Se\u00f1or contribuyente, a pagar el impuesto de veh\u00edculo -\",\"isPartOf\":{\"@id\":\"https:\/\/luchonoticias.com\/editor\/#website\"},\"primaryImageOfPage\":{\"@id\":\"https:\/\/luchonoticias.com\/editor\/senor-contribuyente-a-pagar-el-impuesto-de-vehiculo\/#primaryimage\"},\"image\":{\"@id\":\"https:\/\/luchonoticias.com\/editor\/senor-contribuyente-a-pagar-el-impuesto-de-vehiculo\/#primaryimage\"},\"thumbnailUrl\":\"https:\/\/luchonoticias.com\/editor\/wp-content\/uploads\/2024\/04\/pago-imouesto.jpg\",\"datePublished\":\"2024-04-11T14:22:32+00:00\",\"breadcrumb\":{\"@id\":\"https:\/\/luchonoticias.com\/editor\/senor-contribuyente-a-pagar-el-impuesto-de-vehiculo\/#breadcrumb\"},\"inLanguage\":\"es\",\"potentialAction\":[{\"@type\":\"ReadAction\",\"target\":[\"https:\/\/luchonoticias.com\/editor\/senor-contribuyente-a-pagar-el-impuesto-de-vehiculo\/\"]}]},{\"@type\":\"ImageObject\",\"inLanguage\":\"es\",\"@id\":\"https:\/\/luchonoticias.com\/editor\/senor-contribuyente-a-pagar-el-impuesto-de-vehiculo\/#primaryimage\",\"url\":\"https:\/\/luchonoticias.com\/editor\/wp-content\/uploads\/2024\/04\/pago-imouesto.jpg\",\"contentUrl\":\"https:\/\/luchonoticias.com\/editor\/wp-content\/uploads\/2024\/04\/pago-imouesto.jpg\",\"width\":700,\"height\":400},{\"@type\":\"BreadcrumbList\",\"@id\":\"https:\/\/luchonoticias.com\/editor\/senor-contribuyente-a-pagar-el-impuesto-de-vehiculo\/#breadcrumb\",\"itemListElement\":[{\"@type\":\"ListItem\",\"position\":1,\"name\":\"Portada\",\"item\":\"https:\/\/luchonoticias.com\/editor\/\"},{\"@type\":\"ListItem\",\"position\":2,\"name\":\"Se\u00f1or contribuyente, a pagar el impuesto de veh\u00edculo\"}]},{\"@type\":\"WebSite\",\"@id\":\"https:\/\/luchonoticias.com\/editor\/#website\",\"url\":\"https:\/\/luchonoticias.com\/editor\/\",\"name\":\"\",\"description\":\"\",\"publisher\":{\"@id\":\"https:\/\/luchonoticias.com\/editor\/#\/schema\/person\/7a7fd911f58561fd056dbac7b55af9cd\"},\"potentialAction\":[{\"@type\":\"SearchAction\",\"target\":{\"@type\":\"EntryPoint\",\"urlTemplate\":\"https:\/\/luchonoticias.com\/editor\/?s={search_term_string}\"},\"query-input\":{\"@type\":\"PropertyValueSpecification\",\"valueRequired\":true,\"valueName\":\"search_term_string\"}}],\"inLanguage\":\"es\"},{\"@type\":[\"Person\",\"Organization\"],\"@id\":\"https:\/\/luchonoticias.com\/editor\/#\/schema\/person\/7a7fd911f58561fd056dbac7b55af9cd\",\"name\":\"admin\",\"image\":{\"@type\":\"ImageObject\",\"inLanguage\":\"es\",\"@id\":\"https:\/\/luchonoticias.com\/editor\/#\/schema\/person\/image\/\",\"url\":\"https:\/\/luchonoticias.com\/editor\/wp-content\/uploads\/2024\/02\/cropped-cropped-logolu.webp\",\"contentUrl\":\"https:\/\/luchonoticias.com\/editor\/wp-content\/uploads\/2024\/02\/cropped-cropped-logolu.webp\",\"width\":382,\"height\":170,\"caption\":\"admin\"},\"logo\":{\"@id\":\"https:\/\/luchonoticias.com\/editor\/#\/schema\/person\/image\/\"},\"sameAs\":[\"https:\/\/www.facebook.com\/luchonoticiasneiva\"]},{\"@type\":\"Person\",\"@id\":\"https:\/\/luchonoticias.com\/editor\/#\/schema\/person\/29217990ddf6f14e35912b2866d591fb\",\"name\":\"Editor General\",\"image\":{\"@type\":\"ImageObject\",\"inLanguage\":\"es\",\"@id\":\"https:\/\/luchonoticias.com\/editor\/#\/schema\/person\/image\/\",\"url\":\"https:\/\/luchonoticias.com\/editor\/wp-content\/uploads\/2024\/02\/cropped-cropped-logolu-150x150.webp\",\"contentUrl\":\"https:\/\/luchonoticias.com\/editor\/wp-content\/uploads\/2024\/02\/cropped-cropped-logolu-150x150.webp\",\"caption\":\"Editor General\"},\"sameAs\":[\"https:\/\/luchonoticias.com\/\"],\"url\":\"https:\/\/luchonoticias.com\/editor\/author\/editor-general\/\"}]}<\/script>\n<!-- \/ Yoast SEO plugin. -->","yoast_head_json":{"title":"Se\u00f1or contribuyente, a pagar el impuesto de veh\u00edculo -","robots":{"index":"index","follow":"follow","max-snippet":"max-snippet:-1","max-image-preview":"max-image-preview:large","max-video-preview":"max-video-preview:-1"},"canonical":"https:\/\/luchonoticias.com\/editor\/senor-contribuyente-a-pagar-el-impuesto-de-vehiculo\/","og_locale":"es_ES","og_type":"article","og_title":"Se\u00f1or contribuyente, a pagar el impuesto de veh\u00edculo -","og_url":"https:\/\/luchonoticias.com\/editor\/senor-contribuyente-a-pagar-el-impuesto-de-vehiculo\/","article_publisher":"https:\/\/www.facebook.com\/luchonoticiasneiva","article_published_time":"2024-04-11T14:22:32+00:00","og_image":[{"width":700,"height":400,"url":"https:\/\/luchonoticias.com\/editor\/wp-content\/uploads\/2024\/04\/pago-imouesto.jpg","type":"image\/jpeg"}],"author":"Editor General","twitter_card":"summary_large_image","twitter_misc":{"Escrito por":"Editor General","Tiempo de lectura":"2 minutos"},"schema":{"@context":"https:\/\/schema.org","@graph":[{"@type":"Article","@id":"https:\/\/luchonoticias.com\/editor\/senor-contribuyente-a-pagar-el-impuesto-de-vehiculo\/#article","isPartOf":{"@id":"https:\/\/luchonoticias.com\/editor\/senor-contribuyente-a-pagar-el-impuesto-de-vehiculo\/"},"author":{"name":"Editor General","@id":"https:\/\/luchonoticias.com\/editor\/#\/schema\/person\/29217990ddf6f14e35912b2866d591fb"},"headline":"Se\u00f1or contribuyente, a pagar el impuesto de veh\u00edculo","datePublished":"2024-04-11T14:22:32+00:00","mainEntityOfPage":{"@id":"https:\/\/luchonoticias.com\/editor\/senor-contribuyente-a-pagar-el-impuesto-de-vehiculo\/"},"wordCount":352,"publisher":{"@id":"https:\/\/luchonoticias.com\/editor\/#\/schema\/person\/7a7fd911f58561fd056dbac7b55af9cd"},"image":{"@id":"https:\/\/luchonoticias.com\/editor\/senor-contribuyente-a-pagar-el-impuesto-de-vehiculo\/#primaryimage"},"thumbnailUrl":"https:\/\/luchonoticias.com\/editor\/wp-content\/uploads\/2024\/04\/pago-imouesto.jpg","articleSection":["Huila"],"inLanguage":"es"},{"@type":"WebPage","@id":"https:\/\/luchonoticias.com\/editor\/senor-contribuyente-a-pagar-el-impuesto-de-vehiculo\/","url":"https:\/\/luchonoticias.com\/editor\/senor-contribuyente-a-pagar-el-impuesto-de-vehiculo\/","name":"Se\u00f1or contribuyente, a pagar el impuesto de veh\u00edculo -","isPartOf":{"@id":"https:\/\/luchonoticias.com\/editor\/#website"},"primaryImageOfPage":{"@id":"https:\/\/luchonoticias.com\/editor\/senor-contribuyente-a-pagar-el-impuesto-de-vehiculo\/#primaryimage"},"image":{"@id":"https:\/\/luchonoticias.com\/editor\/senor-contribuyente-a-pagar-el-impuesto-de-vehiculo\/#primaryimage"},"thumbnailUrl":"https:\/\/luchonoticias.com\/editor\/wp-content\/uploads\/2024\/04\/pago-imouesto.jpg","datePublished":"2024-04-11T14:22:32+00:00","breadcrumb":{"@id":"https:\/\/luchonoticias.com\/editor\/senor-contribuyente-a-pagar-el-impuesto-de-vehiculo\/#breadcrumb"},"inLanguage":"es","potentialAction":[{"@type":"ReadAction","target":["https:\/\/luchonoticias.com\/editor\/senor-contribuyente-a-pagar-el-impuesto-de-vehiculo\/"]}]},{"@type":"ImageObject","inLanguage":"es","@id":"https:\/\/luchonoticias.com\/editor\/senor-contribuyente-a-pagar-el-impuesto-de-vehiculo\/#primaryimage","url":"https:\/\/luchonoticias.com\/editor\/wp-content\/uploads\/2024\/04\/pago-imouesto.jpg","contentUrl":"https:\/\/luchonoticias.com\/editor\/wp-content\/uploads\/2024\/04\/pago-imouesto.jpg","width":700,"height":400},{"@type":"BreadcrumbList","@id":"https:\/\/luchonoticias.com\/editor\/senor-contribuyente-a-pagar-el-impuesto-de-vehiculo\/#breadcrumb","itemListElement":[{"@type":"ListItem","position":1,"name":"Portada","item":"https:\/\/luchonoticias.com\/editor\/"},{"@type":"ListItem","position":2,"name":"Se\u00f1or contribuyente, a pagar el impuesto de veh\u00edculo"}]},{"@type":"WebSite","@id":"https:\/\/luchonoticias.com\/editor\/#website","url":"https:\/\/luchonoticias.com\/editor\/","name":"","description":"","publisher":{"@id":"https:\/\/luchonoticias.com\/editor\/#\/schema\/person\/7a7fd911f58561fd056dbac7b55af9cd"},"potentialAction":[{"@type":"SearchAction","target":{"@type":"EntryPoint","urlTemplate":"https:\/\/luchonoticias.com\/editor\/?s={search_term_string}"},"query-input":{"@type":"PropertyValueSpecification","valueRequired":true,"valueName":"search_term_string"}}],"inLanguage":"es"},{"@type":["Person","Organization"],"@id":"https:\/\/luchonoticias.com\/editor\/#\/schema\/person\/7a7fd911f58561fd056dbac7b55af9cd","name":"admin","image":{"@type":"ImageObject","inLanguage":"es","@id":"https:\/\/luchonoticias.com\/editor\/#\/schema\/person\/image\/","url":"https:\/\/luchonoticias.com\/editor\/wp-content\/uploads\/2024\/02\/cropped-cropped-logolu.webp","contentUrl":"https:\/\/luchonoticias.com\/editor\/wp-content\/uploads\/2024\/02\/cropped-cropped-logolu.webp","width":382,"height":170,"caption":"admin"},"logo":{"@id":"https:\/\/luchonoticias.com\/editor\/#\/schema\/person\/image\/"},"sameAs":["https:\/\/www.facebook.com\/luchonoticiasneiva"]},{"@type":"Person","@id":"https:\/\/luchonoticias.com\/editor\/#\/schema\/person\/29217990ddf6f14e35912b2866d591fb","name":"Editor General","image":{"@type":"ImageObject","inLanguage":"es","@id":"https:\/\/luchonoticias.com\/editor\/#\/schema\/person\/image\/","url":"https:\/\/luchonoticias.com\/editor\/wp-content\/uploads\/2024\/02\/cropped-cropped-logolu-150x150.webp","contentUrl":"https:\/\/luchonoticias.com\/editor\/wp-content\/uploads\/2024\/02\/cropped-cropped-logolu-150x150.webp","caption":"Editor General"},"sameAs":["https:\/\/luchonoticias.com\/"],"url":"https:\/\/luchonoticias.com\/editor\/author\/editor-general\/"}]}},"_links":{"self":[{"href":"https:\/\/luchonoticias.com\/editor\/wp-json\/wp\/v2\/posts\/72002","targetHints":{"allow":["GET"]}}],"collection":[{"href":"https:\/\/luchonoticias.com\/editor\/wp-json\/wp\/v2\/posts"}],"about":[{"href":"https:\/\/luchonoticias.com\/editor\/wp-json\/wp\/v2\/types\/post"}],"author":[{"embeddable":true,"href":"https:\/\/luchonoticias.com\/editor\/wp-json\/wp\/v2\/users\/2"}],"replies":[{"embeddable":true,"href":"https:\/\/luchonoticias.com\/editor\/wp-json\/wp\/v2\/comments?post=72002"}],"version-history":[{"count":0,"href":"https:\/\/luchonoticias.com\/editor\/wp-json\/wp\/v2\/posts\/72002\/revisions"}],"wp:featuredmedia":[{"embeddable":true,"href":"https:\/\/luchonoticias.com\/editor\/wp-json\/wp\/v2\/media\/72003"}],"wp:attachment":[{"href":"https:\/\/luchonoticias.com\/editor\/wp-json\/wp\/v2\/media?parent=72002"}],"wp:term":[{"taxonomy":"category","embeddable":true,"href":"https:\/\/luchonoticias.com\/editor\/wp-json\/wp\/v2\/categories?post=72002"},{"taxonomy":"post_tag","embeddable":true,"href":"https:\/\/luchonoticias.com\/editor\/wp-json\/wp\/v2\/tags?post=72002"}],"curies":[{"name":"wp","href":"https:\/\/api.w.org\/{rel}","templated":true}]}}