{"id":72008,"date":"2024-04-11T16:38:44","date_gmt":"2024-04-11T21:38:44","guid":{"rendered":"https:\/\/luchonoticias.com\/?p=72008"},"modified":"2024-04-11T16:38:44","modified_gmt":"2024-04-11T21:38:44","slug":"arboles-del-departamento-aspiran-a-ser-monumentos-nacionales","status":"publish","type":"post","link":"https:\/\/luchonoticias.com\/editor\/arboles-del-departamento-aspiran-a-ser-monumentos-nacionales\/","title":{"rendered":"Arboles del departamento aspiran a ser monumentos nacionales"},"content":{"rendered":"<p>Ceibas, samanes, higuerones, robles son algunas de las especies que hacen parte del grupo de los 95 individuos forestales postulados en la convocatoria \u2018Monumento Natural 2024&#8242; liderado por Corporaci\u00f3n Aut\u00f3noma Regional del Alto Magdalena &#8211; CAM.<\/p>\n<p>\u201cEn esta tercera convocatoria al reconocimiento monumento Natural se presentaron especies con un alto valor ecol\u00f3gico, social y natural que ser\u00e1n reconocidas, as\u00ed como las comunidades quienes reconocen la importancia que tienen estos \u00e1rboles para el fortalecimiento de los procesos ambientales en el departamento\u201d, dio a conocer Adriana Arias, profesional de Educaci\u00f3n Ambiental de la CAM.<\/p>\n<p>En la iniciativa que busca reconocer las especies forestales que por su importancia ecol\u00f3gica, social e hist\u00f3rica, por ser los m\u00e1s grandes, ser end\u00e9micos o una especie amenazada, se postularon \u00e1rboles de 21 municipios del Huila, siendo Pitalito con 17 inscritos, la poblaci\u00f3n con mayor postulaciones, seguido por Timan\u00e1 con 16 \u00e1rboles en competencia.<\/p>\n<p>En cuanto a direcciones territoriales de la CAM desde la Sur se inscribieron 63 \u00e1rboles; 16 en la Centro; Norte con 14 y la Occidente con dos \u00e1rboles.<\/p>\n<p><strong>Los postulados<\/strong><\/p>\n<p>De los 95 \u00e1rboles postulados, 21 fueron de la categor\u00eda Alto Valor Ecol\u00f3gico, 31 de Alto Valor Social, Cultural e Hist\u00f3rico, 20 Conservaci\u00f3n de Especie Amenazada, tres Especie End\u00e9mica y 20 los m\u00e1s Altos y\/o de Mayor Circunferencia.<\/p>\n<p>La selecci\u00f3n de los finalistas estar\u00e1 a cargo de un comit\u00e9 evaluador, quien realizar\u00e1 la visita para valorar los individuos forestales postulados. El comit\u00e9 evaluador, est\u00e1 integrado por profesionales en ingenier\u00eda forestal y\/o agroforestal, biolog\u00eda y agroecolog\u00eda.<\/p>\n<p>En la visita de verificaci\u00f3n se seleccionar\u00e1n los \u00e1rboles ganadores y el material forestal elegido recibir\u00e1 el pr\u00f3ximo 29 de abril, D\u00eda Nacional del \u00c1rbol, una resoluci\u00f3n emanada por la CAM, una declaraci\u00f3n en nota de estilo que les acredite como \u2018Monumento Natural\u2019 y el desarrollo de una estrategia comunicacional que permita la visualizaci\u00f3n y el reconocimiento de la importancia de dichos \u00e1rboles para la comunidad huilense.<\/p>\n","protected":false},"excerpt":{"rendered":"<p>Ceibas, samanes, higuerones, robles son algunas de las especies que hacen parte del grupo de los 95 individuos forestales postulados en la convocatoria \u2018Monumento Natural 2024&#8242; liderado por Corporaci\u00f3n Aut\u00f3noma Regional del Alto Magdalena &#8211; CAM. \u201cEn esta tercera convocatoria al reconocimiento monumento Natural se presentaron especies con un alto valor ecol\u00f3gico, social y natural [&hellip;]<\/p>\n","protected":false},"author":2,"featured_media":72009,"comment_status":"closed","ping_status":"open","sticky":false,"template":"","format":"standard","meta":{"footnotes":""},"categories":[33],"tags":[],"class_list":["post-72008","post","type-post","status-publish","format-standard","has-post-thumbnail","hentry","category-huila"],"yoast_head":"<!-- This site is optimized with the Yoast SEO plugin v26.6 - https:\/\/yoast.com\/wordpress\/plugins\/seo\/ -->\n<title>Arboles del departamento aspiran a ser monumentos nacionales -<\/title>\n<meta name=\"robots\" content=\"index, follow, max-snippet:-1, max-image-preview:large, max-video-preview:-1\" \/>\n<link rel=\"canonical\" href=\"https:\/\/luchonoticias.com\/editor\/arboles-del-departamento-aspiran-a-ser-monumentos-nacionales\/\" \/>\n<meta property=\"og:locale\" content=\"es_ES\" \/>\n<meta property=\"og:type\" content=\"article\" \/>\n<meta property=\"og:title\" content=\"Arboles del departamento aspiran a ser monumentos nacionales -\" \/>\n<meta property=\"og:url\" content=\"https:\/\/luchonoticias.com\/editor\/arboles-del-departamento-aspiran-a-ser-monumentos-nacionales\/\" \/>\n<meta property=\"article:publisher\" content=\"https:\/\/www.facebook.com\/luchonoticiasneiva\" \/>\n<meta property=\"article:published_time\" content=\"2024-04-11T21:38:44+00:00\" \/>\n<meta property=\"og:image\" content=\"https:\/\/luchonoticias.com\/editor\/wp-content\/uploads\/2024\/04\/arboles.jpg\" \/>\n\t<meta property=\"og:image:width\" content=\"700\" \/>\n\t<meta property=\"og:image:height\" content=\"400\" \/>\n\t<meta property=\"og:image:type\" content=\"image\/jpeg\" \/>\n<meta name=\"author\" content=\"Editor General\" \/>\n<meta name=\"twitter:card\" content=\"summary_large_image\" \/>\n<meta name=\"twitter:label1\" content=\"Escrito por\" \/>\n\t<meta name=\"twitter:data1\" content=\"Editor General\" \/>\n\t<meta name=\"twitter:label2\" content=\"Tiempo de lectura\" \/>\n\t<meta name=\"twitter:data2\" content=\"2 minutos\" \/>\n<script type=\"application\/ld+json\" class=\"yoast-schema-graph\">{\"@context\":\"https:\/\/schema.org\",\"@graph\":[{\"@type\":\"Article\",\"@id\":\"https:\/\/luchonoticias.com\/editor\/arboles-del-departamento-aspiran-a-ser-monumentos-nacionales\/#article\",\"isPartOf\":{\"@id\":\"https:\/\/luchonoticias.com\/editor\/arboles-del-departamento-aspiran-a-ser-monumentos-nacionales\/\"},\"author\":{\"name\":\"Editor General\",\"@id\":\"https:\/\/luchonoticias.com\/editor\/#\/schema\/person\/29217990ddf6f14e35912b2866d591fb\"},\"headline\":\"Arboles del departamento aspiran a ser monumentos nacionales\",\"datePublished\":\"2024-04-11T21:38:44+00:00\",\"mainEntityOfPage\":{\"@id\":\"https:\/\/luchonoticias.com\/editor\/arboles-del-departamento-aspiran-a-ser-monumentos-nacionales\/\"},\"wordCount\":341,\"publisher\":{\"@id\":\"https:\/\/luchonoticias.com\/editor\/#\/schema\/person\/7a7fd911f58561fd056dbac7b55af9cd\"},\"image\":{\"@id\":\"https:\/\/luchonoticias.com\/editor\/arboles-del-departamento-aspiran-a-ser-monumentos-nacionales\/#primaryimage\"},\"thumbnailUrl\":\"https:\/\/luchonoticias.com\/editor\/wp-content\/uploads\/2024\/04\/arboles.jpg\",\"articleSection\":[\"Huila\"],\"inLanguage\":\"es\"},{\"@type\":\"WebPage\",\"@id\":\"https:\/\/luchonoticias.com\/editor\/arboles-del-departamento-aspiran-a-ser-monumentos-nacionales\/\",\"url\":\"https:\/\/luchonoticias.com\/editor\/arboles-del-departamento-aspiran-a-ser-monumentos-nacionales\/\",\"name\":\"Arboles del departamento aspiran a ser monumentos nacionales -\",\"isPartOf\":{\"@id\":\"https:\/\/luchonoticias.com\/editor\/#website\"},\"primaryImageOfPage\":{\"@id\":\"https:\/\/luchonoticias.com\/editor\/arboles-del-departamento-aspiran-a-ser-monumentos-nacionales\/#primaryimage\"},\"image\":{\"@id\":\"https:\/\/luchonoticias.com\/editor\/arboles-del-departamento-aspiran-a-ser-monumentos-nacionales\/#primaryimage\"},\"thumbnailUrl\":\"https:\/\/luchonoticias.com\/editor\/wp-content\/uploads\/2024\/04\/arboles.jpg\",\"datePublished\":\"2024-04-11T21:38:44+00:00\",\"breadcrumb\":{\"@id\":\"https:\/\/luchonoticias.com\/editor\/arboles-del-departamento-aspiran-a-ser-monumentos-nacionales\/#breadcrumb\"},\"inLanguage\":\"es\",\"potentialAction\":[{\"@type\":\"ReadAction\",\"target\":[\"https:\/\/luchonoticias.com\/editor\/arboles-del-departamento-aspiran-a-ser-monumentos-nacionales\/\"]}]},{\"@type\":\"ImageObject\",\"inLanguage\":\"es\",\"@id\":\"https:\/\/luchonoticias.com\/editor\/arboles-del-departamento-aspiran-a-ser-monumentos-nacionales\/#primaryimage\",\"url\":\"https:\/\/luchonoticias.com\/editor\/wp-content\/uploads\/2024\/04\/arboles.jpg\",\"contentUrl\":\"https:\/\/luchonoticias.com\/editor\/wp-content\/uploads\/2024\/04\/arboles.jpg\",\"width\":700,\"height\":400},{\"@type\":\"BreadcrumbList\",\"@id\":\"https:\/\/luchonoticias.com\/editor\/arboles-del-departamento-aspiran-a-ser-monumentos-nacionales\/#breadcrumb\",\"itemListElement\":[{\"@type\":\"ListItem\",\"position\":1,\"name\":\"Portada\",\"item\":\"https:\/\/luchonoticias.com\/editor\/\"},{\"@type\":\"ListItem\",\"position\":2,\"name\":\"Arboles del departamento aspiran a ser monumentos nacionales\"}]},{\"@type\":\"WebSite\",\"@id\":\"https:\/\/luchonoticias.com\/editor\/#website\",\"url\":\"https:\/\/luchonoticias.com\/editor\/\",\"name\":\"\",\"description\":\"\",\"publisher\":{\"@id\":\"https:\/\/luchonoticias.com\/editor\/#\/schema\/person\/7a7fd911f58561fd056dbac7b55af9cd\"},\"potentialAction\":[{\"@type\":\"SearchAction\",\"target\":{\"@type\":\"EntryPoint\",\"urlTemplate\":\"https:\/\/luchonoticias.com\/editor\/?s={search_term_string}\"},\"query-input\":{\"@type\":\"PropertyValueSpecification\",\"valueRequired\":true,\"valueName\":\"search_term_string\"}}],\"inLanguage\":\"es\"},{\"@type\":[\"Person\",\"Organization\"],\"@id\":\"https:\/\/luchonoticias.com\/editor\/#\/schema\/person\/7a7fd911f58561fd056dbac7b55af9cd\",\"name\":\"admin\",\"image\":{\"@type\":\"ImageObject\",\"inLanguage\":\"es\",\"@id\":\"https:\/\/luchonoticias.com\/editor\/#\/schema\/person\/image\/\",\"url\":\"https:\/\/luchonoticias.com\/editor\/wp-content\/uploads\/2024\/02\/cropped-cropped-logolu.webp\",\"contentUrl\":\"https:\/\/luchonoticias.com\/editor\/wp-content\/uploads\/2024\/02\/cropped-cropped-logolu.webp\",\"width\":382,\"height\":170,\"caption\":\"admin\"},\"logo\":{\"@id\":\"https:\/\/luchonoticias.com\/editor\/#\/schema\/person\/image\/\"},\"sameAs\":[\"https:\/\/www.facebook.com\/luchonoticiasneiva\"]},{\"@type\":\"Person\",\"@id\":\"https:\/\/luchonoticias.com\/editor\/#\/schema\/person\/29217990ddf6f14e35912b2866d591fb\",\"name\":\"Editor General\",\"image\":{\"@type\":\"ImageObject\",\"inLanguage\":\"es\",\"@id\":\"https:\/\/luchonoticias.com\/editor\/#\/schema\/person\/image\/\",\"url\":\"https:\/\/luchonoticias.com\/editor\/wp-content\/uploads\/2024\/02\/cropped-cropped-logolu-150x150.webp\",\"contentUrl\":\"https:\/\/luchonoticias.com\/editor\/wp-content\/uploads\/2024\/02\/cropped-cropped-logolu-150x150.webp\",\"caption\":\"Editor General\"},\"sameAs\":[\"https:\/\/luchonoticias.com\/\"],\"url\":\"https:\/\/luchonoticias.com\/editor\/author\/editor-general\/\"}]}<\/script>\n<!-- \/ Yoast SEO plugin. -->","yoast_head_json":{"title":"Arboles del departamento aspiran a ser monumentos nacionales -","robots":{"index":"index","follow":"follow","max-snippet":"max-snippet:-1","max-image-preview":"max-image-preview:large","max-video-preview":"max-video-preview:-1"},"canonical":"https:\/\/luchonoticias.com\/editor\/arboles-del-departamento-aspiran-a-ser-monumentos-nacionales\/","og_locale":"es_ES","og_type":"article","og_title":"Arboles del departamento aspiran a ser monumentos nacionales -","og_url":"https:\/\/luchonoticias.com\/editor\/arboles-del-departamento-aspiran-a-ser-monumentos-nacionales\/","article_publisher":"https:\/\/www.facebook.com\/luchonoticiasneiva","article_published_time":"2024-04-11T21:38:44+00:00","og_image":[{"width":700,"height":400,"url":"https:\/\/luchonoticias.com\/editor\/wp-content\/uploads\/2024\/04\/arboles.jpg","type":"image\/jpeg"}],"author":"Editor General","twitter_card":"summary_large_image","twitter_misc":{"Escrito por":"Editor General","Tiempo de lectura":"2 minutos"},"schema":{"@context":"https:\/\/schema.org","@graph":[{"@type":"Article","@id":"https:\/\/luchonoticias.com\/editor\/arboles-del-departamento-aspiran-a-ser-monumentos-nacionales\/#article","isPartOf":{"@id":"https:\/\/luchonoticias.com\/editor\/arboles-del-departamento-aspiran-a-ser-monumentos-nacionales\/"},"author":{"name":"Editor General","@id":"https:\/\/luchonoticias.com\/editor\/#\/schema\/person\/29217990ddf6f14e35912b2866d591fb"},"headline":"Arboles del departamento aspiran a ser monumentos nacionales","datePublished":"2024-04-11T21:38:44+00:00","mainEntityOfPage":{"@id":"https:\/\/luchonoticias.com\/editor\/arboles-del-departamento-aspiran-a-ser-monumentos-nacionales\/"},"wordCount":341,"publisher":{"@id":"https:\/\/luchonoticias.com\/editor\/#\/schema\/person\/7a7fd911f58561fd056dbac7b55af9cd"},"image":{"@id":"https:\/\/luchonoticias.com\/editor\/arboles-del-departamento-aspiran-a-ser-monumentos-nacionales\/#primaryimage"},"thumbnailUrl":"https:\/\/luchonoticias.com\/editor\/wp-content\/uploads\/2024\/04\/arboles.jpg","articleSection":["Huila"],"inLanguage":"es"},{"@type":"WebPage","@id":"https:\/\/luchonoticias.com\/editor\/arboles-del-departamento-aspiran-a-ser-monumentos-nacionales\/","url":"https:\/\/luchonoticias.com\/editor\/arboles-del-departamento-aspiran-a-ser-monumentos-nacionales\/","name":"Arboles del departamento aspiran a ser monumentos nacionales -","isPartOf":{"@id":"https:\/\/luchonoticias.com\/editor\/#website"},"primaryImageOfPage":{"@id":"https:\/\/luchonoticias.com\/editor\/arboles-del-departamento-aspiran-a-ser-monumentos-nacionales\/#primaryimage"},"image":{"@id":"https:\/\/luchonoticias.com\/editor\/arboles-del-departamento-aspiran-a-ser-monumentos-nacionales\/#primaryimage"},"thumbnailUrl":"https:\/\/luchonoticias.com\/editor\/wp-content\/uploads\/2024\/04\/arboles.jpg","datePublished":"2024-04-11T21:38:44+00:00","breadcrumb":{"@id":"https:\/\/luchonoticias.com\/editor\/arboles-del-departamento-aspiran-a-ser-monumentos-nacionales\/#breadcrumb"},"inLanguage":"es","potentialAction":[{"@type":"ReadAction","target":["https:\/\/luchonoticias.com\/editor\/arboles-del-departamento-aspiran-a-ser-monumentos-nacionales\/"]}]},{"@type":"ImageObject","inLanguage":"es","@id":"https:\/\/luchonoticias.com\/editor\/arboles-del-departamento-aspiran-a-ser-monumentos-nacionales\/#primaryimage","url":"https:\/\/luchonoticias.com\/editor\/wp-content\/uploads\/2024\/04\/arboles.jpg","contentUrl":"https:\/\/luchonoticias.com\/editor\/wp-content\/uploads\/2024\/04\/arboles.jpg","width":700,"height":400},{"@type":"BreadcrumbList","@id":"https:\/\/luchonoticias.com\/editor\/arboles-del-departamento-aspiran-a-ser-monumentos-nacionales\/#breadcrumb","itemListElement":[{"@type":"ListItem","position":1,"name":"Portada","item":"https:\/\/luchonoticias.com\/editor\/"},{"@type":"ListItem","position":2,"name":"Arboles del departamento aspiran a ser monumentos nacionales"}]},{"@type":"WebSite","@id":"https:\/\/luchonoticias.com\/editor\/#website","url":"https:\/\/luchonoticias.com\/editor\/","name":"","description":"","publisher":{"@id":"https:\/\/luchonoticias.com\/editor\/#\/schema\/person\/7a7fd911f58561fd056dbac7b55af9cd"},"potentialAction":[{"@type":"SearchAction","target":{"@type":"EntryPoint","urlTemplate":"https:\/\/luchonoticias.com\/editor\/?s={search_term_string}"},"query-input":{"@type":"PropertyValueSpecification","valueRequired":true,"valueName":"search_term_string"}}],"inLanguage":"es"},{"@type":["Person","Organization"],"@id":"https:\/\/luchonoticias.com\/editor\/#\/schema\/person\/7a7fd911f58561fd056dbac7b55af9cd","name":"admin","image":{"@type":"ImageObject","inLanguage":"es","@id":"https:\/\/luchonoticias.com\/editor\/#\/schema\/person\/image\/","url":"https:\/\/luchonoticias.com\/editor\/wp-content\/uploads\/2024\/02\/cropped-cropped-logolu.webp","contentUrl":"https:\/\/luchonoticias.com\/editor\/wp-content\/uploads\/2024\/02\/cropped-cropped-logolu.webp","width":382,"height":170,"caption":"admin"},"logo":{"@id":"https:\/\/luchonoticias.com\/editor\/#\/schema\/person\/image\/"},"sameAs":["https:\/\/www.facebook.com\/luchonoticiasneiva"]},{"@type":"Person","@id":"https:\/\/luchonoticias.com\/editor\/#\/schema\/person\/29217990ddf6f14e35912b2866d591fb","name":"Editor General","image":{"@type":"ImageObject","inLanguage":"es","@id":"https:\/\/luchonoticias.com\/editor\/#\/schema\/person\/image\/","url":"https:\/\/luchonoticias.com\/editor\/wp-content\/uploads\/2024\/02\/cropped-cropped-logolu-150x150.webp","contentUrl":"https:\/\/luchonoticias.com\/editor\/wp-content\/uploads\/2024\/02\/cropped-cropped-logolu-150x150.webp","caption":"Editor General"},"sameAs":["https:\/\/luchonoticias.com\/"],"url":"https:\/\/luchonoticias.com\/editor\/author\/editor-general\/"}]}},"_links":{"self":[{"href":"https:\/\/luchonoticias.com\/editor\/wp-json\/wp\/v2\/posts\/72008","targetHints":{"allow":["GET"]}}],"collection":[{"href":"https:\/\/luchonoticias.com\/editor\/wp-json\/wp\/v2\/posts"}],"about":[{"href":"https:\/\/luchonoticias.com\/editor\/wp-json\/wp\/v2\/types\/post"}],"author":[{"embeddable":true,"href":"https:\/\/luchonoticias.com\/editor\/wp-json\/wp\/v2\/users\/2"}],"replies":[{"embeddable":true,"href":"https:\/\/luchonoticias.com\/editor\/wp-json\/wp\/v2\/comments?post=72008"}],"version-history":[{"count":0,"href":"https:\/\/luchonoticias.com\/editor\/wp-json\/wp\/v2\/posts\/72008\/revisions"}],"wp:featuredmedia":[{"embeddable":true,"href":"https:\/\/luchonoticias.com\/editor\/wp-json\/wp\/v2\/media\/72009"}],"wp:attachment":[{"href":"https:\/\/luchonoticias.com\/editor\/wp-json\/wp\/v2\/media?parent=72008"}],"wp:term":[{"taxonomy":"category","embeddable":true,"href":"https:\/\/luchonoticias.com\/editor\/wp-json\/wp\/v2\/categories?post=72008"},{"taxonomy":"post_tag","embeddable":true,"href":"https:\/\/luchonoticias.com\/editor\/wp-json\/wp\/v2\/tags?post=72008"}],"curies":[{"name":"wp","href":"https:\/\/api.w.org\/{rel}","templated":true}]}}