{"id":72011,"date":"2024-04-11T16:48:22","date_gmt":"2024-04-11T21:48:22","guid":{"rendered":"https:\/\/luchonoticias.com\/?p=72011"},"modified":"2024-04-11T16:48:22","modified_gmt":"2024-04-11T21:48:22","slug":"huila-mas-que-confirmado-para-la-feria-del-libro","status":"publish","type":"post","link":"https:\/\/luchonoticias.com\/editor\/huila-mas-que-confirmado-para-la-feria-del-libro\/","title":{"rendered":"Huila, m\u00e1s que confirmado para la Feria del Libro"},"content":{"rendered":"<p>En un evento protocolario llevado a cabo en la Biblioteca Departamental Olegario Rivera a cargo de la secretaria de Cultura del Huila en cabeza de Betsab\u00e9 Polania Quiza, el Gobierno Departamental present\u00f3 la programaci\u00f3n oficial de la Feria Internacional del Libro en su edici\u00f3n 36\u00b0.<\/p>\n<p>Este a\u00f1o, el evento cultural y literario m\u00e1s importante del pa\u00eds y uno de los m\u00e1s destacados de Latinoam\u00e9rica que tendr\u00e1 lugar en Corferias del 17 de abril al 2 de mayo, rinde homenaje al autor huilense Jos\u00e9 Eustasio Rivera y su obra cumbre La Vor\u00e1gine, en la oficializaci\u00f3n del Huila como departamento invitado por primera vez en su historia.<\/p>\n<p>\u201cEl Huila es un territorio biocultural por excelencia y ser el departamento invitado a la FILBo 2024 es un gran honor, pero adem\u00e1s, la oportunidad de llevar a un escenario nacional y al mundo entero el legado de Jos\u00e9 Eustasio Rivera, que hoy en d\u00eda, est\u00e1 representado en una amplia oferta cultural, donde la Red departamental de Bibliotecas p\u00fablicas cumplen un papel fundamental, de la mano de los procesos literarios y la evoluci\u00f3n del ecosistema editorial y cerca de treinta empresas del sector tipogr\u00e1fico que se encuentran registradas en la regi\u00f3n\u201d, afirm\u00f3 la secretaria de cultura, Betsab\u00e9 Polania.<\/p>\n<p>Dentro de las m\u00faltiples actividades profesionales y culturales que adelantar\u00e1 el departamento durante toda la feria, se resaltan el denominado D\u00eda del Huila que se llevar\u00e1 a cabo el 28 de abril en el Gran Sal\u00f3n C de Corferias y la Premiaci\u00f3n XIX Bienal de Novela Jos\u00e9 Eustasio Rivera el 23 de este mes, evento a realizarse en este mismo escenario.<\/p>\n<p><strong>Explorando a Rivera<\/strong><\/p>\n<p>Por otra parte, Margarita Serje y Erna Von-Derwalde, investigadoras internacionales y editoras de La Vor\u00e1gine Cosmogr\u00e1fica de la Universidad de Los Andes, realizaron un conversatorio sobre la vida y obra de Jos\u00e9 Eustasio Rivera, resaltando su gran influencia en la literatura huilense, nacional y mundial.<\/p>\n<p>\u201cRivera como hemos visto es parte de la vida cotidiana de la ciudad de Neiva y del departamento, por todos lados vemos a Jos\u00e9 Eustasio. Nos encontramos escenas de La Vor\u00e1gine y realmente es muy estimulante ver esto. Gracias a la<\/p>\n<p>Secretar\u00eda de Cultura del Departamento y a la Biblioteca por hacernos esta linda invitaci\u00f3n\u201d, declar\u00f3 Margarita Serje.<\/p>\n<p>De la misma manera, Erna Von-Derwalde, se mostr\u00f3 emocionada por estar en tierras huilenses: \u201cEs apasionante estar en el lugar donde naci\u00f3 Rivera, cambia totalmente la percepci\u00f3n de las cosas cuando uno siente el calor, el clima, ver los \u00e1rboles, es distinto; no es lo mismo que leerse todas las biograf\u00edas, hay una sensaci\u00f3n t\u00e9rmica de lo que fue la vida del autor que a\u00f1ade una comprensi\u00f3n viva de las cosas\u201d.<\/p>\n<p>\u201cLa biograf\u00eda de Rivera cumple un espectro de cosas muy complejas y muy amplias. Nosotras lo que hacemos m\u00e1s que todo es una lectura en donde La Vor\u00e1gine se convierte en el eje donde recogemos los elementos m\u00e1s importantes tanto de la vida pol\u00edtica como de la vida literaria del autor, es decir, el conocimiento que el reobra del pa\u00eds\u201d, complement\u00f3 Erna.<\/p>\n<p><strong>Lanzamiento simult\u00e1neo<\/strong><\/p>\n<p>Cabe resaltar que, en simult\u00e1neo a este acto protocolario, la Gestora Social del departamento, Angela Parra, asisti\u00f3 a la rueda de prensa inaugural ante los medios nacionales e internacionales en la ciudad de Bogot\u00e1, oficializando la participaci\u00f3n del Huila en este importante certamen cultural en representaci\u00f3n del gobierno departamental.<\/p>\n<p>\u201cLos invitamos a disfrutar la participaci\u00f3n del Huila en un stand ubicado en el pabell\u00f3n Colombia, donde Neiva, destino literario, tendr\u00e1 tambi\u00e9n un especial lugar para promocionar las obras de autores locales. Mas de 1.000 libros estar\u00e1n a la venta, la promoci\u00f3n de 12 autores neivanos y 40 escritores regionales que gracias a convocatoria p\u00fablica estar\u00e1n haciendo parte de la agenda acad\u00e9mica y literaria. Disfruten y enam\u00f3rense del Huila, un para\u00edso por descubrir\u201d, concluy\u00f3 la gestora.<\/p>\n<p>Durante estos 15 d\u00edas, se dispondr\u00e1 la participaci\u00f3n de la Red de Museos del Huila, adem\u00e1s de las puestas en escena teatrales y las tradiciones folcl\u00f3ricas en el marco del 63 festival del bambuco, con la presencia de la reina nacional, la banda sinf\u00f3nica entre otros elementos de identidad que representan al departamento.<\/p>\n","protected":false},"excerpt":{"rendered":"<p>En un evento protocolario llevado a cabo en la Biblioteca Departamental Olegario Rivera a cargo de la secretaria de Cultura del Huila en cabeza de Betsab\u00e9 Polania Quiza, el Gobierno Departamental present\u00f3 la programaci\u00f3n oficial de la Feria Internacional del Libro en su edici\u00f3n 36\u00b0. Este a\u00f1o, el evento cultural y literario m\u00e1s importante del [&hellip;]<\/p>\n","protected":false},"author":2,"featured_media":72012,"comment_status":"closed","ping_status":"open","sticky":false,"template":"","format":"standard","meta":{"footnotes":""},"categories":[33],"tags":[],"class_list":["post-72011","post","type-post","status-publish","format-standard","has-post-thumbnail","hentry","category-huila"],"yoast_head":"<!-- This site is optimized with the Yoast SEO plugin v26.6 - https:\/\/yoast.com\/wordpress\/plugins\/seo\/ -->\n<title>Huila, m\u00e1s que confirmado para la Feria del Libro -<\/title>\n<meta name=\"robots\" content=\"index, follow, max-snippet:-1, max-image-preview:large, max-video-preview:-1\" \/>\n<link rel=\"canonical\" href=\"https:\/\/luchonoticias.com\/editor\/huila-mas-que-confirmado-para-la-feria-del-libro\/\" \/>\n<meta property=\"og:locale\" content=\"es_ES\" \/>\n<meta property=\"og:type\" content=\"article\" \/>\n<meta property=\"og:title\" content=\"Huila, m\u00e1s que confirmado para la Feria del Libro -\" \/>\n<meta property=\"og:url\" content=\"https:\/\/luchonoticias.com\/editor\/huila-mas-que-confirmado-para-la-feria-del-libro\/\" \/>\n<meta property=\"article:publisher\" content=\"https:\/\/www.facebook.com\/luchonoticiasneiva\" \/>\n<meta property=\"article:published_time\" content=\"2024-04-11T21:48:22+00:00\" \/>\n<meta property=\"og:image\" content=\"https:\/\/luchonoticias.com\/editor\/wp-content\/uploads\/2024\/04\/libros.jpg\" \/>\n\t<meta property=\"og:image:width\" content=\"700\" \/>\n\t<meta property=\"og:image:height\" content=\"400\" \/>\n\t<meta property=\"og:image:type\" content=\"image\/jpeg\" \/>\n<meta name=\"author\" content=\"Editor General\" \/>\n<meta name=\"twitter:card\" content=\"summary_large_image\" \/>\n<meta name=\"twitter:label1\" content=\"Escrito por\" \/>\n\t<meta name=\"twitter:data1\" content=\"Editor General\" \/>\n\t<meta name=\"twitter:label2\" content=\"Tiempo de lectura\" \/>\n\t<meta name=\"twitter:data2\" content=\"4 minutos\" \/>\n<script type=\"application\/ld+json\" class=\"yoast-schema-graph\">{\"@context\":\"https:\/\/schema.org\",\"@graph\":[{\"@type\":\"Article\",\"@id\":\"https:\/\/luchonoticias.com\/editor\/huila-mas-que-confirmado-para-la-feria-del-libro\/#article\",\"isPartOf\":{\"@id\":\"https:\/\/luchonoticias.com\/editor\/huila-mas-que-confirmado-para-la-feria-del-libro\/\"},\"author\":{\"name\":\"Editor General\",\"@id\":\"https:\/\/luchonoticias.com\/editor\/#\/schema\/person\/29217990ddf6f14e35912b2866d591fb\"},\"headline\":\"Huila, m\u00e1s que confirmado para la Feria del Libro\",\"datePublished\":\"2024-04-11T21:48:22+00:00\",\"mainEntityOfPage\":{\"@id\":\"https:\/\/luchonoticias.com\/editor\/huila-mas-que-confirmado-para-la-feria-del-libro\/\"},\"wordCount\":737,\"publisher\":{\"@id\":\"https:\/\/luchonoticias.com\/editor\/#\/schema\/person\/7a7fd911f58561fd056dbac7b55af9cd\"},\"image\":{\"@id\":\"https:\/\/luchonoticias.com\/editor\/huila-mas-que-confirmado-para-la-feria-del-libro\/#primaryimage\"},\"thumbnailUrl\":\"https:\/\/luchonoticias.com\/editor\/wp-content\/uploads\/2024\/04\/libros.jpg\",\"articleSection\":[\"Huila\"],\"inLanguage\":\"es\"},{\"@type\":\"WebPage\",\"@id\":\"https:\/\/luchonoticias.com\/editor\/huila-mas-que-confirmado-para-la-feria-del-libro\/\",\"url\":\"https:\/\/luchonoticias.com\/editor\/huila-mas-que-confirmado-para-la-feria-del-libro\/\",\"name\":\"Huila, m\u00e1s que confirmado para la Feria del Libro -\",\"isPartOf\":{\"@id\":\"https:\/\/luchonoticias.com\/editor\/#website\"},\"primaryImageOfPage\":{\"@id\":\"https:\/\/luchonoticias.com\/editor\/huila-mas-que-confirmado-para-la-feria-del-libro\/#primaryimage\"},\"image\":{\"@id\":\"https:\/\/luchonoticias.com\/editor\/huila-mas-que-confirmado-para-la-feria-del-libro\/#primaryimage\"},\"thumbnailUrl\":\"https:\/\/luchonoticias.com\/editor\/wp-content\/uploads\/2024\/04\/libros.jpg\",\"datePublished\":\"2024-04-11T21:48:22+00:00\",\"breadcrumb\":{\"@id\":\"https:\/\/luchonoticias.com\/editor\/huila-mas-que-confirmado-para-la-feria-del-libro\/#breadcrumb\"},\"inLanguage\":\"es\",\"potentialAction\":[{\"@type\":\"ReadAction\",\"target\":[\"https:\/\/luchonoticias.com\/editor\/huila-mas-que-confirmado-para-la-feria-del-libro\/\"]}]},{\"@type\":\"ImageObject\",\"inLanguage\":\"es\",\"@id\":\"https:\/\/luchonoticias.com\/editor\/huila-mas-que-confirmado-para-la-feria-del-libro\/#primaryimage\",\"url\":\"https:\/\/luchonoticias.com\/editor\/wp-content\/uploads\/2024\/04\/libros.jpg\",\"contentUrl\":\"https:\/\/luchonoticias.com\/editor\/wp-content\/uploads\/2024\/04\/libros.jpg\",\"width\":700,\"height\":400},{\"@type\":\"BreadcrumbList\",\"@id\":\"https:\/\/luchonoticias.com\/editor\/huila-mas-que-confirmado-para-la-feria-del-libro\/#breadcrumb\",\"itemListElement\":[{\"@type\":\"ListItem\",\"position\":1,\"name\":\"Portada\",\"item\":\"https:\/\/luchonoticias.com\/editor\/\"},{\"@type\":\"ListItem\",\"position\":2,\"name\":\"Huila, m\u00e1s que confirmado para la Feria del Libro\"}]},{\"@type\":\"WebSite\",\"@id\":\"https:\/\/luchonoticias.com\/editor\/#website\",\"url\":\"https:\/\/luchonoticias.com\/editor\/\",\"name\":\"\",\"description\":\"\",\"publisher\":{\"@id\":\"https:\/\/luchonoticias.com\/editor\/#\/schema\/person\/7a7fd911f58561fd056dbac7b55af9cd\"},\"potentialAction\":[{\"@type\":\"SearchAction\",\"target\":{\"@type\":\"EntryPoint\",\"urlTemplate\":\"https:\/\/luchonoticias.com\/editor\/?s={search_term_string}\"},\"query-input\":{\"@type\":\"PropertyValueSpecification\",\"valueRequired\":true,\"valueName\":\"search_term_string\"}}],\"inLanguage\":\"es\"},{\"@type\":[\"Person\",\"Organization\"],\"@id\":\"https:\/\/luchonoticias.com\/editor\/#\/schema\/person\/7a7fd911f58561fd056dbac7b55af9cd\",\"name\":\"admin\",\"image\":{\"@type\":\"ImageObject\",\"inLanguage\":\"es\",\"@id\":\"https:\/\/luchonoticias.com\/editor\/#\/schema\/person\/image\/\",\"url\":\"https:\/\/luchonoticias.com\/editor\/wp-content\/uploads\/2024\/02\/cropped-cropped-logolu.webp\",\"contentUrl\":\"https:\/\/luchonoticias.com\/editor\/wp-content\/uploads\/2024\/02\/cropped-cropped-logolu.webp\",\"width\":382,\"height\":170,\"caption\":\"admin\"},\"logo\":{\"@id\":\"https:\/\/luchonoticias.com\/editor\/#\/schema\/person\/image\/\"},\"sameAs\":[\"https:\/\/www.facebook.com\/luchonoticiasneiva\"]},{\"@type\":\"Person\",\"@id\":\"https:\/\/luchonoticias.com\/editor\/#\/schema\/person\/29217990ddf6f14e35912b2866d591fb\",\"name\":\"Editor General\",\"image\":{\"@type\":\"ImageObject\",\"inLanguage\":\"es\",\"@id\":\"https:\/\/luchonoticias.com\/editor\/#\/schema\/person\/image\/\",\"url\":\"https:\/\/luchonoticias.com\/editor\/wp-content\/uploads\/2024\/02\/cropped-cropped-logolu-150x150.webp\",\"contentUrl\":\"https:\/\/luchonoticias.com\/editor\/wp-content\/uploads\/2024\/02\/cropped-cropped-logolu-150x150.webp\",\"caption\":\"Editor General\"},\"sameAs\":[\"https:\/\/luchonoticias.com\/\"],\"url\":\"https:\/\/luchonoticias.com\/editor\/author\/editor-general\/\"}]}<\/script>\n<!-- \/ Yoast SEO plugin. -->","yoast_head_json":{"title":"Huila, m\u00e1s que confirmado para la Feria del Libro -","robots":{"index":"index","follow":"follow","max-snippet":"max-snippet:-1","max-image-preview":"max-image-preview:large","max-video-preview":"max-video-preview:-1"},"canonical":"https:\/\/luchonoticias.com\/editor\/huila-mas-que-confirmado-para-la-feria-del-libro\/","og_locale":"es_ES","og_type":"article","og_title":"Huila, m\u00e1s que confirmado para la Feria del Libro -","og_url":"https:\/\/luchonoticias.com\/editor\/huila-mas-que-confirmado-para-la-feria-del-libro\/","article_publisher":"https:\/\/www.facebook.com\/luchonoticiasneiva","article_published_time":"2024-04-11T21:48:22+00:00","og_image":[{"width":700,"height":400,"url":"https:\/\/luchonoticias.com\/editor\/wp-content\/uploads\/2024\/04\/libros.jpg","type":"image\/jpeg"}],"author":"Editor General","twitter_card":"summary_large_image","twitter_misc":{"Escrito por":"Editor General","Tiempo de lectura":"4 minutos"},"schema":{"@context":"https:\/\/schema.org","@graph":[{"@type":"Article","@id":"https:\/\/luchonoticias.com\/editor\/huila-mas-que-confirmado-para-la-feria-del-libro\/#article","isPartOf":{"@id":"https:\/\/luchonoticias.com\/editor\/huila-mas-que-confirmado-para-la-feria-del-libro\/"},"author":{"name":"Editor General","@id":"https:\/\/luchonoticias.com\/editor\/#\/schema\/person\/29217990ddf6f14e35912b2866d591fb"},"headline":"Huila, m\u00e1s que confirmado para la Feria del Libro","datePublished":"2024-04-11T21:48:22+00:00","mainEntityOfPage":{"@id":"https:\/\/luchonoticias.com\/editor\/huila-mas-que-confirmado-para-la-feria-del-libro\/"},"wordCount":737,"publisher":{"@id":"https:\/\/luchonoticias.com\/editor\/#\/schema\/person\/7a7fd911f58561fd056dbac7b55af9cd"},"image":{"@id":"https:\/\/luchonoticias.com\/editor\/huila-mas-que-confirmado-para-la-feria-del-libro\/#primaryimage"},"thumbnailUrl":"https:\/\/luchonoticias.com\/editor\/wp-content\/uploads\/2024\/04\/libros.jpg","articleSection":["Huila"],"inLanguage":"es"},{"@type":"WebPage","@id":"https:\/\/luchonoticias.com\/editor\/huila-mas-que-confirmado-para-la-feria-del-libro\/","url":"https:\/\/luchonoticias.com\/editor\/huila-mas-que-confirmado-para-la-feria-del-libro\/","name":"Huila, m\u00e1s que confirmado para la Feria del Libro -","isPartOf":{"@id":"https:\/\/luchonoticias.com\/editor\/#website"},"primaryImageOfPage":{"@id":"https:\/\/luchonoticias.com\/editor\/huila-mas-que-confirmado-para-la-feria-del-libro\/#primaryimage"},"image":{"@id":"https:\/\/luchonoticias.com\/editor\/huila-mas-que-confirmado-para-la-feria-del-libro\/#primaryimage"},"thumbnailUrl":"https:\/\/luchonoticias.com\/editor\/wp-content\/uploads\/2024\/04\/libros.jpg","datePublished":"2024-04-11T21:48:22+00:00","breadcrumb":{"@id":"https:\/\/luchonoticias.com\/editor\/huila-mas-que-confirmado-para-la-feria-del-libro\/#breadcrumb"},"inLanguage":"es","potentialAction":[{"@type":"ReadAction","target":["https:\/\/luchonoticias.com\/editor\/huila-mas-que-confirmado-para-la-feria-del-libro\/"]}]},{"@type":"ImageObject","inLanguage":"es","@id":"https:\/\/luchonoticias.com\/editor\/huila-mas-que-confirmado-para-la-feria-del-libro\/#primaryimage","url":"https:\/\/luchonoticias.com\/editor\/wp-content\/uploads\/2024\/04\/libros.jpg","contentUrl":"https:\/\/luchonoticias.com\/editor\/wp-content\/uploads\/2024\/04\/libros.jpg","width":700,"height":400},{"@type":"BreadcrumbList","@id":"https:\/\/luchonoticias.com\/editor\/huila-mas-que-confirmado-para-la-feria-del-libro\/#breadcrumb","itemListElement":[{"@type":"ListItem","position":1,"name":"Portada","item":"https:\/\/luchonoticias.com\/editor\/"},{"@type":"ListItem","position":2,"name":"Huila, m\u00e1s que confirmado para la Feria del Libro"}]},{"@type":"WebSite","@id":"https:\/\/luchonoticias.com\/editor\/#website","url":"https:\/\/luchonoticias.com\/editor\/","name":"","description":"","publisher":{"@id":"https:\/\/luchonoticias.com\/editor\/#\/schema\/person\/7a7fd911f58561fd056dbac7b55af9cd"},"potentialAction":[{"@type":"SearchAction","target":{"@type":"EntryPoint","urlTemplate":"https:\/\/luchonoticias.com\/editor\/?s={search_term_string}"},"query-input":{"@type":"PropertyValueSpecification","valueRequired":true,"valueName":"search_term_string"}}],"inLanguage":"es"},{"@type":["Person","Organization"],"@id":"https:\/\/luchonoticias.com\/editor\/#\/schema\/person\/7a7fd911f58561fd056dbac7b55af9cd","name":"admin","image":{"@type":"ImageObject","inLanguage":"es","@id":"https:\/\/luchonoticias.com\/editor\/#\/schema\/person\/image\/","url":"https:\/\/luchonoticias.com\/editor\/wp-content\/uploads\/2024\/02\/cropped-cropped-logolu.webp","contentUrl":"https:\/\/luchonoticias.com\/editor\/wp-content\/uploads\/2024\/02\/cropped-cropped-logolu.webp","width":382,"height":170,"caption":"admin"},"logo":{"@id":"https:\/\/luchonoticias.com\/editor\/#\/schema\/person\/image\/"},"sameAs":["https:\/\/www.facebook.com\/luchonoticiasneiva"]},{"@type":"Person","@id":"https:\/\/luchonoticias.com\/editor\/#\/schema\/person\/29217990ddf6f14e35912b2866d591fb","name":"Editor General","image":{"@type":"ImageObject","inLanguage":"es","@id":"https:\/\/luchonoticias.com\/editor\/#\/schema\/person\/image\/","url":"https:\/\/luchonoticias.com\/editor\/wp-content\/uploads\/2024\/02\/cropped-cropped-logolu-150x150.webp","contentUrl":"https:\/\/luchonoticias.com\/editor\/wp-content\/uploads\/2024\/02\/cropped-cropped-logolu-150x150.webp","caption":"Editor General"},"sameAs":["https:\/\/luchonoticias.com\/"],"url":"https:\/\/luchonoticias.com\/editor\/author\/editor-general\/"}]}},"_links":{"self":[{"href":"https:\/\/luchonoticias.com\/editor\/wp-json\/wp\/v2\/posts\/72011","targetHints":{"allow":["GET"]}}],"collection":[{"href":"https:\/\/luchonoticias.com\/editor\/wp-json\/wp\/v2\/posts"}],"about":[{"href":"https:\/\/luchonoticias.com\/editor\/wp-json\/wp\/v2\/types\/post"}],"author":[{"embeddable":true,"href":"https:\/\/luchonoticias.com\/editor\/wp-json\/wp\/v2\/users\/2"}],"replies":[{"embeddable":true,"href":"https:\/\/luchonoticias.com\/editor\/wp-json\/wp\/v2\/comments?post=72011"}],"version-history":[{"count":0,"href":"https:\/\/luchonoticias.com\/editor\/wp-json\/wp\/v2\/posts\/72011\/revisions"}],"wp:featuredmedia":[{"embeddable":true,"href":"https:\/\/luchonoticias.com\/editor\/wp-json\/wp\/v2\/media\/72012"}],"wp:attachment":[{"href":"https:\/\/luchonoticias.com\/editor\/wp-json\/wp\/v2\/media?parent=72011"}],"wp:term":[{"taxonomy":"category","embeddable":true,"href":"https:\/\/luchonoticias.com\/editor\/wp-json\/wp\/v2\/categories?post=72011"},{"taxonomy":"post_tag","embeddable":true,"href":"https:\/\/luchonoticias.com\/editor\/wp-json\/wp\/v2\/tags?post=72011"}],"curies":[{"name":"wp","href":"https:\/\/api.w.org\/{rel}","templated":true}]}}