{"id":72014,"date":"2024-04-12T05:36:34","date_gmt":"2024-04-12T10:36:34","guid":{"rendered":"https:\/\/luchonoticias.com\/?p=72014"},"modified":"2024-04-12T05:36:34","modified_gmt":"2024-04-12T10:36:34","slug":"definido-plan-de-contingencia-pensando-en-la-temporada-de-lluvias","status":"publish","type":"post","link":"https:\/\/luchonoticias.com\/editor\/definido-plan-de-contingencia-pensando-en-la-temporada-de-lluvias\/","title":{"rendered":"Definido plan de contingencia pensando en la temporada de lluvias"},"content":{"rendered":"<p>En respuesta a la circular emitida por la Unidad Nacional de Gesti\u00f3n del Riesgo de Desastres, el Gobierno Departamental \u201cHuila Grande\u201d formul\u00f3 un plan de contingencia para mitigar los riesgos y coordinar acciones de prevenci\u00f3n y respuesta. El plan incluye la identificaci\u00f3n de sitios cr\u00edticos por riesgos hidrometeorol\u00f3gicos y geomorfol\u00f3gicos para priorizar intervenciones.<\/p>\n<p>Durante la primera etapa de lluvias de este a\u00f1o, se registraron afectaciones en 17 municipios del departamento, con un total de 41 eventos como deslizamientos, vendavales y crecientes s\u00fabitas. Estos incidentes causaron da\u00f1os en 185 viviendas, afectando a varias familias de la regi\u00f3n.<\/p>\n<p>El departamento ha desarrollado acciones concretas para la mitigaci\u00f3n de riesgos, desplazando el banco de maquinaria a siete municipios: Acevedo, Aipe, Baraya, Garz\u00f3n, Pitalito, Palermo y San Agust\u00edn, realizando retiro de material por deslizamientos, dragado y rectificaci\u00f3n de causes seg\u00fan la emergencia presentada.<\/p>\n<p>\u201cEste panorama socializado nos permitir\u00e1 tomar acciones y respuesta de coordinaci\u00f3n, tambi\u00e9n hacer seguimiento a las obras que est\u00e1n en curso, hemos hecho frente a situaciones extremas del cambio clim\u00e1tico, primero con el Fen\u00f3meno del Ni\u00f1o y ahora con la temporada de lluvias, instamos a actuar con eficiencia y articulados con Gesti\u00f3n del Riesgo\u201d afirm\u00f3 Rodrigo Villalba Mosquera, Gobernador del Huila.<\/p>\n<p><strong>Comportamiento clim\u00e1tico<\/strong><\/p>\n<p>De acuerdo con el informe de seguimiento clim\u00e1tico presentado ante el Consejo Departamental de Gesti\u00f3n del Riesgo por parte el IDEAM, durante el mes de marzo se registraron niveles de lluvia por debajo de los promedios hist\u00f3ricos, a partir de la tercera semana de marzo y hasta la segunda semana de junio se pronostica la primera temporada de lluvias del a\u00f1o para el Huila.<\/p>\n<p><strong>Capacidad de respuesta<\/strong><\/p>\n<p>En el departamento se han identificado en 35 municipios los diferentes escenarios de riesgo como deslizamientos, crecientes s\u00fabitas, avenidas torrenciales, inundaciones, movimientos en masa y vendavales.<\/p>\n<p>Para la respuesta el Huila cuenta con 1.752 socorristas distribuidos en los cuerpos de bomberos voluntarios con 947 integrantes, la Cruz Roja con 150 integrantes y la Defensa Civil con 655. As\u00ed mismo se tiene la disponibilidad de 6 kits de maquinaria en permanente operaci\u00f3n.<\/p>\n<p><strong>Informe de afectaci\u00f3n por el Fen\u00f3meno del Ni\u00f1o<\/strong><\/p>\n<p>El departamento del Huila retorna a la normalidad luego de 6 meses de declaratoria de calamidad por la temporada seca, el balance de afectaciones entre el 3 de noviembre de 2023 y 10 de abril de 2024 report\u00f3 la ocurrencia de 215 eventos y afectaci\u00f3n en 36 municipios, identificando 205 incendios forestales extinguidos, as\u00ed mismo, 10 municipios con racionamiento de agua.<\/p>\n<p><strong>Avance de ejecuci\u00f3n de obras del PAE por Fen\u00f3meno de la Ni\u00f1a de 2022<\/strong><\/p>\n<p>El Plan de Acci\u00f3n Espec\u00edfico para la recuperaci\u00f3n &#8211; PAE por la temporada de lluvias at\u00edpica del a\u00f1o 2022 adelant\u00f3 la contrataci\u00f3n de 105 obras de las cuales el 92% fueron ejecutadas y el 8% se encuentran en ejecuci\u00f3n.<\/p>\n<p>Entre ellas se encuentran:<br \/>\n\u2022 El proyecto de rehabilitaci\u00f3n vial &#8211; construcci\u00f3n del puente La Palma sobre el r\u00edo Timan\u00e1 en el municipio de El\u00edas con un porcentaje de ejecuci\u00f3n del 54% con una inversi\u00f3n de $8.119.903.787.<br \/>\n\u2022 Proyecto de rehabilitaci\u00f3n vial \u2013 construcci\u00f3n de Puente Amarillo en el municipio de Hobo, con un porcentaje de ejecuci\u00f3n del 20% y una inversi\u00f3n de $4.480.388.389.<br \/>\n\u2022 Rehabilitaci\u00f3n del servicio p\u00fablico educativo \u2013 construcci\u00f3n de la Instituci\u00f3n Educativa Las Juntas en el municipio de Santa Mar\u00eda, con un porcentaje de ejecuci\u00f3n del 32% y una inversi\u00f3n de $4.502.285.290.<br \/>\n\u2022 Proyecto de obras de mitigaci\u00f3n \u2013 construcci\u00f3n de muros de contenci\u00f3n en el municipio de Gigante, con un porcentaje de ejecuci\u00f3n del 60% y una inversi\u00f3n de $3.200.000.000.<br \/>\n\u2022 Proyecto de rehabilitaci\u00f3n vial &#8211; construcci\u00f3n de muro de contenci\u00f3n en concreto reforzado sobre la quebrada Ahuyamales en el municipio de Neiva, con un 40% de ejecuci\u00f3n y una inversi\u00f3n de $513.711.810.<br \/>\n\u2022 Proyecto de rehabilitaci\u00f3n del servicio p\u00fablico educativo \u2013 construcci\u00f3n de la Instituci\u00f3n Educativa El Tejar en el municipio de Timan\u00e1, 100% ejecutada con una inversi\u00f3n de $1.325.385.109.<\/p>\n","protected":false},"excerpt":{"rendered":"<p>En respuesta a la circular emitida por la Unidad Nacional de Gesti\u00f3n del Riesgo de Desastres, el Gobierno Departamental \u201cHuila Grande\u201d formul\u00f3 un plan de contingencia para mitigar los riesgos y coordinar acciones de prevenci\u00f3n y respuesta. El plan incluye la identificaci\u00f3n de sitios cr\u00edticos por riesgos hidrometeorol\u00f3gicos y geomorfol\u00f3gicos para priorizar intervenciones. Durante la [&hellip;]<\/p>\n","protected":false},"author":2,"featured_media":72015,"comment_status":"closed","ping_status":"open","sticky":false,"template":"","format":"standard","meta":{"footnotes":""},"categories":[33],"tags":[],"class_list":["post-72014","post","type-post","status-publish","format-standard","has-post-thumbnail","hentry","category-huila"],"yoast_head":"<!-- This site is optimized with the Yoast SEO plugin v26.6 - https:\/\/yoast.com\/wordpress\/plugins\/seo\/ -->\n<title>Definido plan de contingencia pensando en la temporada de lluvias -<\/title>\n<meta name=\"robots\" content=\"index, follow, max-snippet:-1, max-image-preview:large, max-video-preview:-1\" \/>\n<link rel=\"canonical\" href=\"https:\/\/luchonoticias.com\/editor\/definido-plan-de-contingencia-pensando-en-la-temporada-de-lluvias\/\" \/>\n<meta property=\"og:locale\" content=\"es_ES\" \/>\n<meta property=\"og:type\" content=\"article\" \/>\n<meta property=\"og:title\" content=\"Definido plan de contingencia pensando en la temporada de lluvias -\" \/>\n<meta property=\"og:url\" content=\"https:\/\/luchonoticias.com\/editor\/definido-plan-de-contingencia-pensando-en-la-temporada-de-lluvias\/\" \/>\n<meta property=\"article:publisher\" content=\"https:\/\/www.facebook.com\/luchonoticiasneiva\" \/>\n<meta property=\"article:published_time\" content=\"2024-04-12T10:36:34+00:00\" \/>\n<meta property=\"og:image\" content=\"https:\/\/luchonoticias.com\/editor\/wp-content\/uploads\/2024\/04\/clima.jpg\" \/>\n\t<meta property=\"og:image:width\" content=\"700\" \/>\n\t<meta property=\"og:image:height\" content=\"400\" \/>\n\t<meta property=\"og:image:type\" content=\"image\/jpeg\" \/>\n<meta name=\"author\" content=\"Editor General\" \/>\n<meta name=\"twitter:card\" content=\"summary_large_image\" \/>\n<meta name=\"twitter:label1\" content=\"Escrito por\" \/>\n\t<meta name=\"twitter:data1\" content=\"Editor General\" \/>\n\t<meta name=\"twitter:label2\" content=\"Tiempo de lectura\" \/>\n\t<meta name=\"twitter:data2\" content=\"3 minutos\" \/>\n<script type=\"application\/ld+json\" class=\"yoast-schema-graph\">{\"@context\":\"https:\/\/schema.org\",\"@graph\":[{\"@type\":\"Article\",\"@id\":\"https:\/\/luchonoticias.com\/editor\/definido-plan-de-contingencia-pensando-en-la-temporada-de-lluvias\/#article\",\"isPartOf\":{\"@id\":\"https:\/\/luchonoticias.com\/editor\/definido-plan-de-contingencia-pensando-en-la-temporada-de-lluvias\/\"},\"author\":{\"name\":\"Editor General\",\"@id\":\"https:\/\/luchonoticias.com\/editor\/#\/schema\/person\/29217990ddf6f14e35912b2866d591fb\"},\"headline\":\"Definido plan de contingencia pensando en la temporada de lluvias\",\"datePublished\":\"2024-04-12T10:36:34+00:00\",\"mainEntityOfPage\":{\"@id\":\"https:\/\/luchonoticias.com\/editor\/definido-plan-de-contingencia-pensando-en-la-temporada-de-lluvias\/\"},\"wordCount\":688,\"publisher\":{\"@id\":\"https:\/\/luchonoticias.com\/editor\/#\/schema\/person\/7a7fd911f58561fd056dbac7b55af9cd\"},\"image\":{\"@id\":\"https:\/\/luchonoticias.com\/editor\/definido-plan-de-contingencia-pensando-en-la-temporada-de-lluvias\/#primaryimage\"},\"thumbnailUrl\":\"https:\/\/luchonoticias.com\/editor\/wp-content\/uploads\/2024\/04\/clima.jpg\",\"articleSection\":[\"Huila\"],\"inLanguage\":\"es\"},{\"@type\":\"WebPage\",\"@id\":\"https:\/\/luchonoticias.com\/editor\/definido-plan-de-contingencia-pensando-en-la-temporada-de-lluvias\/\",\"url\":\"https:\/\/luchonoticias.com\/editor\/definido-plan-de-contingencia-pensando-en-la-temporada-de-lluvias\/\",\"name\":\"Definido plan de contingencia pensando en la temporada de lluvias -\",\"isPartOf\":{\"@id\":\"https:\/\/luchonoticias.com\/editor\/#website\"},\"primaryImageOfPage\":{\"@id\":\"https:\/\/luchonoticias.com\/editor\/definido-plan-de-contingencia-pensando-en-la-temporada-de-lluvias\/#primaryimage\"},\"image\":{\"@id\":\"https:\/\/luchonoticias.com\/editor\/definido-plan-de-contingencia-pensando-en-la-temporada-de-lluvias\/#primaryimage\"},\"thumbnailUrl\":\"https:\/\/luchonoticias.com\/editor\/wp-content\/uploads\/2024\/04\/clima.jpg\",\"datePublished\":\"2024-04-12T10:36:34+00:00\",\"breadcrumb\":{\"@id\":\"https:\/\/luchonoticias.com\/editor\/definido-plan-de-contingencia-pensando-en-la-temporada-de-lluvias\/#breadcrumb\"},\"inLanguage\":\"es\",\"potentialAction\":[{\"@type\":\"ReadAction\",\"target\":[\"https:\/\/luchonoticias.com\/editor\/definido-plan-de-contingencia-pensando-en-la-temporada-de-lluvias\/\"]}]},{\"@type\":\"ImageObject\",\"inLanguage\":\"es\",\"@id\":\"https:\/\/luchonoticias.com\/editor\/definido-plan-de-contingencia-pensando-en-la-temporada-de-lluvias\/#primaryimage\",\"url\":\"https:\/\/luchonoticias.com\/editor\/wp-content\/uploads\/2024\/04\/clima.jpg\",\"contentUrl\":\"https:\/\/luchonoticias.com\/editor\/wp-content\/uploads\/2024\/04\/clima.jpg\",\"width\":700,\"height\":400},{\"@type\":\"BreadcrumbList\",\"@id\":\"https:\/\/luchonoticias.com\/editor\/definido-plan-de-contingencia-pensando-en-la-temporada-de-lluvias\/#breadcrumb\",\"itemListElement\":[{\"@type\":\"ListItem\",\"position\":1,\"name\":\"Portada\",\"item\":\"https:\/\/luchonoticias.com\/editor\/\"},{\"@type\":\"ListItem\",\"position\":2,\"name\":\"Definido plan de contingencia pensando en la temporada de lluvias\"}]},{\"@type\":\"WebSite\",\"@id\":\"https:\/\/luchonoticias.com\/editor\/#website\",\"url\":\"https:\/\/luchonoticias.com\/editor\/\",\"name\":\"\",\"description\":\"\",\"publisher\":{\"@id\":\"https:\/\/luchonoticias.com\/editor\/#\/schema\/person\/7a7fd911f58561fd056dbac7b55af9cd\"},\"potentialAction\":[{\"@type\":\"SearchAction\",\"target\":{\"@type\":\"EntryPoint\",\"urlTemplate\":\"https:\/\/luchonoticias.com\/editor\/?s={search_term_string}\"},\"query-input\":{\"@type\":\"PropertyValueSpecification\",\"valueRequired\":true,\"valueName\":\"search_term_string\"}}],\"inLanguage\":\"es\"},{\"@type\":[\"Person\",\"Organization\"],\"@id\":\"https:\/\/luchonoticias.com\/editor\/#\/schema\/person\/7a7fd911f58561fd056dbac7b55af9cd\",\"name\":\"admin\",\"image\":{\"@type\":\"ImageObject\",\"inLanguage\":\"es\",\"@id\":\"https:\/\/luchonoticias.com\/editor\/#\/schema\/person\/image\/\",\"url\":\"https:\/\/luchonoticias.com\/editor\/wp-content\/uploads\/2024\/02\/cropped-cropped-logolu.webp\",\"contentUrl\":\"https:\/\/luchonoticias.com\/editor\/wp-content\/uploads\/2024\/02\/cropped-cropped-logolu.webp\",\"width\":382,\"height\":170,\"caption\":\"admin\"},\"logo\":{\"@id\":\"https:\/\/luchonoticias.com\/editor\/#\/schema\/person\/image\/\"},\"sameAs\":[\"https:\/\/www.facebook.com\/luchonoticiasneiva\"]},{\"@type\":\"Person\",\"@id\":\"https:\/\/luchonoticias.com\/editor\/#\/schema\/person\/29217990ddf6f14e35912b2866d591fb\",\"name\":\"Editor General\",\"image\":{\"@type\":\"ImageObject\",\"inLanguage\":\"es\",\"@id\":\"https:\/\/luchonoticias.com\/editor\/#\/schema\/person\/image\/\",\"url\":\"https:\/\/luchonoticias.com\/editor\/wp-content\/uploads\/2024\/02\/cropped-cropped-logolu-150x150.webp\",\"contentUrl\":\"https:\/\/luchonoticias.com\/editor\/wp-content\/uploads\/2024\/02\/cropped-cropped-logolu-150x150.webp\",\"caption\":\"Editor General\"},\"sameAs\":[\"https:\/\/luchonoticias.com\/\"],\"url\":\"https:\/\/luchonoticias.com\/editor\/author\/editor-general\/\"}]}<\/script>\n<!-- \/ Yoast SEO plugin. -->","yoast_head_json":{"title":"Definido plan de contingencia pensando en la temporada de lluvias -","robots":{"index":"index","follow":"follow","max-snippet":"max-snippet:-1","max-image-preview":"max-image-preview:large","max-video-preview":"max-video-preview:-1"},"canonical":"https:\/\/luchonoticias.com\/editor\/definido-plan-de-contingencia-pensando-en-la-temporada-de-lluvias\/","og_locale":"es_ES","og_type":"article","og_title":"Definido plan de contingencia pensando en la temporada de lluvias -","og_url":"https:\/\/luchonoticias.com\/editor\/definido-plan-de-contingencia-pensando-en-la-temporada-de-lluvias\/","article_publisher":"https:\/\/www.facebook.com\/luchonoticiasneiva","article_published_time":"2024-04-12T10:36:34+00:00","og_image":[{"width":700,"height":400,"url":"https:\/\/luchonoticias.com\/editor\/wp-content\/uploads\/2024\/04\/clima.jpg","type":"image\/jpeg"}],"author":"Editor General","twitter_card":"summary_large_image","twitter_misc":{"Escrito por":"Editor General","Tiempo de lectura":"3 minutos"},"schema":{"@context":"https:\/\/schema.org","@graph":[{"@type":"Article","@id":"https:\/\/luchonoticias.com\/editor\/definido-plan-de-contingencia-pensando-en-la-temporada-de-lluvias\/#article","isPartOf":{"@id":"https:\/\/luchonoticias.com\/editor\/definido-plan-de-contingencia-pensando-en-la-temporada-de-lluvias\/"},"author":{"name":"Editor General","@id":"https:\/\/luchonoticias.com\/editor\/#\/schema\/person\/29217990ddf6f14e35912b2866d591fb"},"headline":"Definido plan de contingencia pensando en la temporada de lluvias","datePublished":"2024-04-12T10:36:34+00:00","mainEntityOfPage":{"@id":"https:\/\/luchonoticias.com\/editor\/definido-plan-de-contingencia-pensando-en-la-temporada-de-lluvias\/"},"wordCount":688,"publisher":{"@id":"https:\/\/luchonoticias.com\/editor\/#\/schema\/person\/7a7fd911f58561fd056dbac7b55af9cd"},"image":{"@id":"https:\/\/luchonoticias.com\/editor\/definido-plan-de-contingencia-pensando-en-la-temporada-de-lluvias\/#primaryimage"},"thumbnailUrl":"https:\/\/luchonoticias.com\/editor\/wp-content\/uploads\/2024\/04\/clima.jpg","articleSection":["Huila"],"inLanguage":"es"},{"@type":"WebPage","@id":"https:\/\/luchonoticias.com\/editor\/definido-plan-de-contingencia-pensando-en-la-temporada-de-lluvias\/","url":"https:\/\/luchonoticias.com\/editor\/definido-plan-de-contingencia-pensando-en-la-temporada-de-lluvias\/","name":"Definido plan de contingencia pensando en la temporada de lluvias -","isPartOf":{"@id":"https:\/\/luchonoticias.com\/editor\/#website"},"primaryImageOfPage":{"@id":"https:\/\/luchonoticias.com\/editor\/definido-plan-de-contingencia-pensando-en-la-temporada-de-lluvias\/#primaryimage"},"image":{"@id":"https:\/\/luchonoticias.com\/editor\/definido-plan-de-contingencia-pensando-en-la-temporada-de-lluvias\/#primaryimage"},"thumbnailUrl":"https:\/\/luchonoticias.com\/editor\/wp-content\/uploads\/2024\/04\/clima.jpg","datePublished":"2024-04-12T10:36:34+00:00","breadcrumb":{"@id":"https:\/\/luchonoticias.com\/editor\/definido-plan-de-contingencia-pensando-en-la-temporada-de-lluvias\/#breadcrumb"},"inLanguage":"es","potentialAction":[{"@type":"ReadAction","target":["https:\/\/luchonoticias.com\/editor\/definido-plan-de-contingencia-pensando-en-la-temporada-de-lluvias\/"]}]},{"@type":"ImageObject","inLanguage":"es","@id":"https:\/\/luchonoticias.com\/editor\/definido-plan-de-contingencia-pensando-en-la-temporada-de-lluvias\/#primaryimage","url":"https:\/\/luchonoticias.com\/editor\/wp-content\/uploads\/2024\/04\/clima.jpg","contentUrl":"https:\/\/luchonoticias.com\/editor\/wp-content\/uploads\/2024\/04\/clima.jpg","width":700,"height":400},{"@type":"BreadcrumbList","@id":"https:\/\/luchonoticias.com\/editor\/definido-plan-de-contingencia-pensando-en-la-temporada-de-lluvias\/#breadcrumb","itemListElement":[{"@type":"ListItem","position":1,"name":"Portada","item":"https:\/\/luchonoticias.com\/editor\/"},{"@type":"ListItem","position":2,"name":"Definido plan de contingencia pensando en la temporada de lluvias"}]},{"@type":"WebSite","@id":"https:\/\/luchonoticias.com\/editor\/#website","url":"https:\/\/luchonoticias.com\/editor\/","name":"","description":"","publisher":{"@id":"https:\/\/luchonoticias.com\/editor\/#\/schema\/person\/7a7fd911f58561fd056dbac7b55af9cd"},"potentialAction":[{"@type":"SearchAction","target":{"@type":"EntryPoint","urlTemplate":"https:\/\/luchonoticias.com\/editor\/?s={search_term_string}"},"query-input":{"@type":"PropertyValueSpecification","valueRequired":true,"valueName":"search_term_string"}}],"inLanguage":"es"},{"@type":["Person","Organization"],"@id":"https:\/\/luchonoticias.com\/editor\/#\/schema\/person\/7a7fd911f58561fd056dbac7b55af9cd","name":"admin","image":{"@type":"ImageObject","inLanguage":"es","@id":"https:\/\/luchonoticias.com\/editor\/#\/schema\/person\/image\/","url":"https:\/\/luchonoticias.com\/editor\/wp-content\/uploads\/2024\/02\/cropped-cropped-logolu.webp","contentUrl":"https:\/\/luchonoticias.com\/editor\/wp-content\/uploads\/2024\/02\/cropped-cropped-logolu.webp","width":382,"height":170,"caption":"admin"},"logo":{"@id":"https:\/\/luchonoticias.com\/editor\/#\/schema\/person\/image\/"},"sameAs":["https:\/\/www.facebook.com\/luchonoticiasneiva"]},{"@type":"Person","@id":"https:\/\/luchonoticias.com\/editor\/#\/schema\/person\/29217990ddf6f14e35912b2866d591fb","name":"Editor General","image":{"@type":"ImageObject","inLanguage":"es","@id":"https:\/\/luchonoticias.com\/editor\/#\/schema\/person\/image\/","url":"https:\/\/luchonoticias.com\/editor\/wp-content\/uploads\/2024\/02\/cropped-cropped-logolu-150x150.webp","contentUrl":"https:\/\/luchonoticias.com\/editor\/wp-content\/uploads\/2024\/02\/cropped-cropped-logolu-150x150.webp","caption":"Editor General"},"sameAs":["https:\/\/luchonoticias.com\/"],"url":"https:\/\/luchonoticias.com\/editor\/author\/editor-general\/"}]}},"_links":{"self":[{"href":"https:\/\/luchonoticias.com\/editor\/wp-json\/wp\/v2\/posts\/72014","targetHints":{"allow":["GET"]}}],"collection":[{"href":"https:\/\/luchonoticias.com\/editor\/wp-json\/wp\/v2\/posts"}],"about":[{"href":"https:\/\/luchonoticias.com\/editor\/wp-json\/wp\/v2\/types\/post"}],"author":[{"embeddable":true,"href":"https:\/\/luchonoticias.com\/editor\/wp-json\/wp\/v2\/users\/2"}],"replies":[{"embeddable":true,"href":"https:\/\/luchonoticias.com\/editor\/wp-json\/wp\/v2\/comments?post=72014"}],"version-history":[{"count":0,"href":"https:\/\/luchonoticias.com\/editor\/wp-json\/wp\/v2\/posts\/72014\/revisions"}],"wp:featuredmedia":[{"embeddable":true,"href":"https:\/\/luchonoticias.com\/editor\/wp-json\/wp\/v2\/media\/72015"}],"wp:attachment":[{"href":"https:\/\/luchonoticias.com\/editor\/wp-json\/wp\/v2\/media?parent=72014"}],"wp:term":[{"taxonomy":"category","embeddable":true,"href":"https:\/\/luchonoticias.com\/editor\/wp-json\/wp\/v2\/categories?post=72014"},{"taxonomy":"post_tag","embeddable":true,"href":"https:\/\/luchonoticias.com\/editor\/wp-json\/wp\/v2\/tags?post=72014"}],"curies":[{"name":"wp","href":"https:\/\/api.w.org\/{rel}","templated":true}]}}