{"id":72023,"date":"2024-04-12T05:45:07","date_gmt":"2024-04-12T10:45:07","guid":{"rendered":"https:\/\/luchonoticias.com\/?p=72023"},"modified":"2024-04-12T05:45:20","modified_gmt":"2024-04-12T10:45:20","slug":"gobierno-hara-una-propuesta-al-fmi","status":"publish","type":"post","link":"https:\/\/luchonoticias.com\/editor\/gobierno-hara-una-propuesta-al-fmi\/","title":{"rendered":"Gobierno har\u00e1 una propuesta al FMI"},"content":{"rendered":"<div>El presidente Gustavo Petro Urrego anunci\u00f3 que el ministro de Hacienda de Colombia, Ricardo Bonilla, propondr\u00e1 a la directora gerente \u200bdel Fondo Monetario Internacional (FMI), Kristalina Georgieva, ampliar el plazo para el pago de la deuda con este organismo, incluido el pr\u00e9stamo a tres a\u00f1os que el pa\u00eds contrajo para atender en su momento la emergencia\u200b por el covid-19.<\/div>\n<div><\/div>\n<div>Desde Caucasia, Antioquia, donde lider\u00f3 una jornada de formalizaci\u00f3n de peque\u00f1os y medianos mineros, el mandatario precis\u00f3 que el objetivo es \u201ccambiar esa deuda de corto plazo por la misma deuda, porque hay que pagar, y nosotros pagamos, pero en el largo plazo\u201d.<\/div>\n<div><\/div>\n<div>Se\u00f1al\u00f3 que se trata de \u201cabrir un espacio de financiaci\u00f3n mayor que el que tenemos para el gasto social del pueblo colombiano\u201d.<\/div>\n<div><\/div>\n<div>\u201cEl ministro de Hacienda va a viajar ahora, que hay una reuni\u00f3n de todos los ministros de Hacienda, en Estados Unidos, en Washington, y debe llevar este mensaje del presidente de Colombia\u201d, dijo.<\/div>\n<div><\/div>\n<div>Recalc\u00f3 que el mensaje a la directora del FMI es c\u00f3mo las dos partes vuelven mejor el perfil de la deuda de Colombia, \u201cporque nos est\u00e1n ahogando y ahorcando\u201d entre las EPS y la pol\u00edtica del Congreso.<\/div>\n<div><\/div>\n<div>Afirm\u00f3 que la pol\u00edtica del Congreso cree que el presupuesto se puede estirar para \u201centregarles el dinero p\u00fablico a los ricos, y no puede ser\u201d.<\/div>\n<div><\/div>\n<div>Al referirse a la situaci\u00f3n de racionamiento que enfrenta Bogot\u00e1, revel\u00f3 que garantizar agua potable con acueductos para las comunidades vulnerables del pa\u00eds y construir las plantas de tratamiento de aguas residuales, conocidas como PTAR, incluida la de la capital del pa\u00eds, cuesta 100 billones de pesos.<\/div>\n<div><\/div>\n<div>Al respecto reiter\u00f3 la estrategia del Gobierno del Cambio para abrir espacio en los recursos de vigencias futuras a estos proyectos.<\/div>\n<div><\/div>\n<div>\u201cLos 100 billones que cuesta el agua, que la gente tenga agua y que esa agua se devuelva limpia a la naturaleza y que estas sequ\u00edas, entonces, no nos traten de esta manera, tienen que ponerse en un mecanismo que se llama vigencia futura\u201d, explic\u00f3.<\/div>\n<div><\/div>\n<div>Recalc\u00f3 que \u201ces el mensaje que he dado a mi gobierno: dar la manera para que las inversiones p\u00fablicas de aqu\u00ed a 30 a\u00f1os que est\u00e1n comprometidas con carreteras concesionadas, que son negocios de la banca, que se pagan a partir del peaje y a partir de lo que entrega el Estado, cedan espacio para que la prioridad de la inversi\u00f3n en Colombia, en los pr\u00f3ximos 30 a\u00f1os, dada la crisis clim\u00e1tica, que va a ser peor, ceda esa prioridad a las inversiones en agua y la limpieza del agua en Colombia\u201d.<\/div>\n<div><\/div>\n<div>\u201cEsa es una decisi\u00f3n a nivel nacional que quiero que, ojal\u00e1, podamos entenderla. Nosotros no vamos a vivir en una carretera de doble calzada si no hay agua. As\u00ed de simple. Es necesaria, sin duda, como muchas otras cosas. Pero si no hay agua, no vamos a vivir\u201d, concluy\u00f3 el Presidente de la Rep\u00fablica.<\/div>\n","protected":false},"excerpt":{"rendered":"<p>El presidente Gustavo Petro Urrego anunci\u00f3 que el ministro de Hacienda de Colombia, Ricardo Bonilla, propondr\u00e1 a la directora gerente \u200bdel Fondo Monetario Internacional (FMI), Kristalina Georgieva, ampliar el plazo para el pago de la deuda con este organismo, incluido el pr\u00e9stamo a tres a\u00f1os que el pa\u00eds contrajo para atender en su momento la [&hellip;]<\/p>\n","protected":false},"author":2,"featured_media":72024,"comment_status":"closed","ping_status":"open","sticky":false,"template":"","format":"standard","meta":{"footnotes":""},"categories":[28],"tags":[],"class_list":["post-72023","post","type-post","status-publish","format-standard","has-post-thumbnail","hentry","category-actualidad"],"yoast_head":"<!-- This site is optimized with the Yoast SEO plugin v26.6 - https:\/\/yoast.com\/wordpress\/plugins\/seo\/ -->\n<title>Gobierno har\u00e1 una propuesta al FMI -<\/title>\n<meta name=\"robots\" content=\"index, follow, max-snippet:-1, max-image-preview:large, max-video-preview:-1\" \/>\n<link rel=\"canonical\" href=\"https:\/\/luchonoticias.com\/editor\/gobierno-hara-una-propuesta-al-fmi\/\" \/>\n<meta property=\"og:locale\" content=\"es_ES\" \/>\n<meta property=\"og:type\" content=\"article\" \/>\n<meta property=\"og:title\" content=\"Gobierno har\u00e1 una propuesta al FMI -\" \/>\n<meta property=\"og:url\" content=\"https:\/\/luchonoticias.com\/editor\/gobierno-hara-una-propuesta-al-fmi\/\" \/>\n<meta property=\"article:publisher\" content=\"https:\/\/www.facebook.com\/luchonoticiasneiva\" \/>\n<meta property=\"article:published_time\" content=\"2024-04-12T10:45:07+00:00\" \/>\n<meta property=\"article:modified_time\" content=\"2024-04-12T10:45:20+00:00\" \/>\n<meta property=\"og:image\" content=\"https:\/\/luchonoticias.com\/editor\/wp-content\/uploads\/2024\/04\/fmi.jpg\" \/>\n\t<meta property=\"og:image:width\" content=\"700\" \/>\n\t<meta property=\"og:image:height\" content=\"400\" \/>\n\t<meta property=\"og:image:type\" content=\"image\/jpeg\" \/>\n<meta name=\"author\" content=\"Editor General\" \/>\n<meta name=\"twitter:card\" content=\"summary_large_image\" \/>\n<meta name=\"twitter:label1\" content=\"Escrito por\" \/>\n\t<meta name=\"twitter:data1\" content=\"Editor General\" \/>\n\t<meta name=\"twitter:label2\" content=\"Tiempo de lectura\" \/>\n\t<meta name=\"twitter:data2\" content=\"3 minutos\" \/>\n<script type=\"application\/ld+json\" class=\"yoast-schema-graph\">{\"@context\":\"https:\/\/schema.org\",\"@graph\":[{\"@type\":\"Article\",\"@id\":\"https:\/\/luchonoticias.com\/editor\/gobierno-hara-una-propuesta-al-fmi\/#article\",\"isPartOf\":{\"@id\":\"https:\/\/luchonoticias.com\/editor\/gobierno-hara-una-propuesta-al-fmi\/\"},\"author\":{\"name\":\"Editor General\",\"@id\":\"https:\/\/luchonoticias.com\/editor\/#\/schema\/person\/29217990ddf6f14e35912b2866d591fb\"},\"headline\":\"Gobierno har\u00e1 una propuesta al FMI\",\"datePublished\":\"2024-04-12T10:45:07+00:00\",\"dateModified\":\"2024-04-12T10:45:20+00:00\",\"mainEntityOfPage\":{\"@id\":\"https:\/\/luchonoticias.com\/editor\/gobierno-hara-una-propuesta-al-fmi\/\"},\"wordCount\":506,\"publisher\":{\"@id\":\"https:\/\/luchonoticias.com\/editor\/#\/schema\/person\/7a7fd911f58561fd056dbac7b55af9cd\"},\"image\":{\"@id\":\"https:\/\/luchonoticias.com\/editor\/gobierno-hara-una-propuesta-al-fmi\/#primaryimage\"},\"thumbnailUrl\":\"https:\/\/luchonoticias.com\/editor\/wp-content\/uploads\/2024\/04\/fmi.jpg\",\"articleSection\":[\"Actualidad\"],\"inLanguage\":\"es\"},{\"@type\":\"WebPage\",\"@id\":\"https:\/\/luchonoticias.com\/editor\/gobierno-hara-una-propuesta-al-fmi\/\",\"url\":\"https:\/\/luchonoticias.com\/editor\/gobierno-hara-una-propuesta-al-fmi\/\",\"name\":\"Gobierno har\u00e1 una propuesta al FMI -\",\"isPartOf\":{\"@id\":\"https:\/\/luchonoticias.com\/editor\/#website\"},\"primaryImageOfPage\":{\"@id\":\"https:\/\/luchonoticias.com\/editor\/gobierno-hara-una-propuesta-al-fmi\/#primaryimage\"},\"image\":{\"@id\":\"https:\/\/luchonoticias.com\/editor\/gobierno-hara-una-propuesta-al-fmi\/#primaryimage\"},\"thumbnailUrl\":\"https:\/\/luchonoticias.com\/editor\/wp-content\/uploads\/2024\/04\/fmi.jpg\",\"datePublished\":\"2024-04-12T10:45:07+00:00\",\"dateModified\":\"2024-04-12T10:45:20+00:00\",\"breadcrumb\":{\"@id\":\"https:\/\/luchonoticias.com\/editor\/gobierno-hara-una-propuesta-al-fmi\/#breadcrumb\"},\"inLanguage\":\"es\",\"potentialAction\":[{\"@type\":\"ReadAction\",\"target\":[\"https:\/\/luchonoticias.com\/editor\/gobierno-hara-una-propuesta-al-fmi\/\"]}]},{\"@type\":\"ImageObject\",\"inLanguage\":\"es\",\"@id\":\"https:\/\/luchonoticias.com\/editor\/gobierno-hara-una-propuesta-al-fmi\/#primaryimage\",\"url\":\"https:\/\/luchonoticias.com\/editor\/wp-content\/uploads\/2024\/04\/fmi.jpg\",\"contentUrl\":\"https:\/\/luchonoticias.com\/editor\/wp-content\/uploads\/2024\/04\/fmi.jpg\",\"width\":700,\"height\":400},{\"@type\":\"BreadcrumbList\",\"@id\":\"https:\/\/luchonoticias.com\/editor\/gobierno-hara-una-propuesta-al-fmi\/#breadcrumb\",\"itemListElement\":[{\"@type\":\"ListItem\",\"position\":1,\"name\":\"Portada\",\"item\":\"https:\/\/luchonoticias.com\/editor\/\"},{\"@type\":\"ListItem\",\"position\":2,\"name\":\"Gobierno har\u00e1 una propuesta al FMI\"}]},{\"@type\":\"WebSite\",\"@id\":\"https:\/\/luchonoticias.com\/editor\/#website\",\"url\":\"https:\/\/luchonoticias.com\/editor\/\",\"name\":\"\",\"description\":\"\",\"publisher\":{\"@id\":\"https:\/\/luchonoticias.com\/editor\/#\/schema\/person\/7a7fd911f58561fd056dbac7b55af9cd\"},\"potentialAction\":[{\"@type\":\"SearchAction\",\"target\":{\"@type\":\"EntryPoint\",\"urlTemplate\":\"https:\/\/luchonoticias.com\/editor\/?s={search_term_string}\"},\"query-input\":{\"@type\":\"PropertyValueSpecification\",\"valueRequired\":true,\"valueName\":\"search_term_string\"}}],\"inLanguage\":\"es\"},{\"@type\":[\"Person\",\"Organization\"],\"@id\":\"https:\/\/luchonoticias.com\/editor\/#\/schema\/person\/7a7fd911f58561fd056dbac7b55af9cd\",\"name\":\"admin\",\"image\":{\"@type\":\"ImageObject\",\"inLanguage\":\"es\",\"@id\":\"https:\/\/luchonoticias.com\/editor\/#\/schema\/person\/image\/\",\"url\":\"https:\/\/luchonoticias.com\/editor\/wp-content\/uploads\/2024\/02\/cropped-cropped-logolu.webp\",\"contentUrl\":\"https:\/\/luchonoticias.com\/editor\/wp-content\/uploads\/2024\/02\/cropped-cropped-logolu.webp\",\"width\":382,\"height\":170,\"caption\":\"admin\"},\"logo\":{\"@id\":\"https:\/\/luchonoticias.com\/editor\/#\/schema\/person\/image\/\"},\"sameAs\":[\"https:\/\/www.facebook.com\/luchonoticiasneiva\"]},{\"@type\":\"Person\",\"@id\":\"https:\/\/luchonoticias.com\/editor\/#\/schema\/person\/29217990ddf6f14e35912b2866d591fb\",\"name\":\"Editor General\",\"image\":{\"@type\":\"ImageObject\",\"inLanguage\":\"es\",\"@id\":\"https:\/\/luchonoticias.com\/editor\/#\/schema\/person\/image\/\",\"url\":\"https:\/\/luchonoticias.com\/editor\/wp-content\/uploads\/2024\/02\/cropped-cropped-logolu-150x150.webp\",\"contentUrl\":\"https:\/\/luchonoticias.com\/editor\/wp-content\/uploads\/2024\/02\/cropped-cropped-logolu-150x150.webp\",\"caption\":\"Editor General\"},\"sameAs\":[\"https:\/\/luchonoticias.com\/\"],\"url\":\"https:\/\/luchonoticias.com\/editor\/author\/editor-general\/\"}]}<\/script>\n<!-- \/ Yoast SEO plugin. -->","yoast_head_json":{"title":"Gobierno har\u00e1 una propuesta al FMI -","robots":{"index":"index","follow":"follow","max-snippet":"max-snippet:-1","max-image-preview":"max-image-preview:large","max-video-preview":"max-video-preview:-1"},"canonical":"https:\/\/luchonoticias.com\/editor\/gobierno-hara-una-propuesta-al-fmi\/","og_locale":"es_ES","og_type":"article","og_title":"Gobierno har\u00e1 una propuesta al FMI -","og_url":"https:\/\/luchonoticias.com\/editor\/gobierno-hara-una-propuesta-al-fmi\/","article_publisher":"https:\/\/www.facebook.com\/luchonoticiasneiva","article_published_time":"2024-04-12T10:45:07+00:00","article_modified_time":"2024-04-12T10:45:20+00:00","og_image":[{"width":700,"height":400,"url":"https:\/\/luchonoticias.com\/editor\/wp-content\/uploads\/2024\/04\/fmi.jpg","type":"image\/jpeg"}],"author":"Editor General","twitter_card":"summary_large_image","twitter_misc":{"Escrito por":"Editor General","Tiempo de lectura":"3 minutos"},"schema":{"@context":"https:\/\/schema.org","@graph":[{"@type":"Article","@id":"https:\/\/luchonoticias.com\/editor\/gobierno-hara-una-propuesta-al-fmi\/#article","isPartOf":{"@id":"https:\/\/luchonoticias.com\/editor\/gobierno-hara-una-propuesta-al-fmi\/"},"author":{"name":"Editor General","@id":"https:\/\/luchonoticias.com\/editor\/#\/schema\/person\/29217990ddf6f14e35912b2866d591fb"},"headline":"Gobierno har\u00e1 una propuesta al FMI","datePublished":"2024-04-12T10:45:07+00:00","dateModified":"2024-04-12T10:45:20+00:00","mainEntityOfPage":{"@id":"https:\/\/luchonoticias.com\/editor\/gobierno-hara-una-propuesta-al-fmi\/"},"wordCount":506,"publisher":{"@id":"https:\/\/luchonoticias.com\/editor\/#\/schema\/person\/7a7fd911f58561fd056dbac7b55af9cd"},"image":{"@id":"https:\/\/luchonoticias.com\/editor\/gobierno-hara-una-propuesta-al-fmi\/#primaryimage"},"thumbnailUrl":"https:\/\/luchonoticias.com\/editor\/wp-content\/uploads\/2024\/04\/fmi.jpg","articleSection":["Actualidad"],"inLanguage":"es"},{"@type":"WebPage","@id":"https:\/\/luchonoticias.com\/editor\/gobierno-hara-una-propuesta-al-fmi\/","url":"https:\/\/luchonoticias.com\/editor\/gobierno-hara-una-propuesta-al-fmi\/","name":"Gobierno har\u00e1 una propuesta al FMI -","isPartOf":{"@id":"https:\/\/luchonoticias.com\/editor\/#website"},"primaryImageOfPage":{"@id":"https:\/\/luchonoticias.com\/editor\/gobierno-hara-una-propuesta-al-fmi\/#primaryimage"},"image":{"@id":"https:\/\/luchonoticias.com\/editor\/gobierno-hara-una-propuesta-al-fmi\/#primaryimage"},"thumbnailUrl":"https:\/\/luchonoticias.com\/editor\/wp-content\/uploads\/2024\/04\/fmi.jpg","datePublished":"2024-04-12T10:45:07+00:00","dateModified":"2024-04-12T10:45:20+00:00","breadcrumb":{"@id":"https:\/\/luchonoticias.com\/editor\/gobierno-hara-una-propuesta-al-fmi\/#breadcrumb"},"inLanguage":"es","potentialAction":[{"@type":"ReadAction","target":["https:\/\/luchonoticias.com\/editor\/gobierno-hara-una-propuesta-al-fmi\/"]}]},{"@type":"ImageObject","inLanguage":"es","@id":"https:\/\/luchonoticias.com\/editor\/gobierno-hara-una-propuesta-al-fmi\/#primaryimage","url":"https:\/\/luchonoticias.com\/editor\/wp-content\/uploads\/2024\/04\/fmi.jpg","contentUrl":"https:\/\/luchonoticias.com\/editor\/wp-content\/uploads\/2024\/04\/fmi.jpg","width":700,"height":400},{"@type":"BreadcrumbList","@id":"https:\/\/luchonoticias.com\/editor\/gobierno-hara-una-propuesta-al-fmi\/#breadcrumb","itemListElement":[{"@type":"ListItem","position":1,"name":"Portada","item":"https:\/\/luchonoticias.com\/editor\/"},{"@type":"ListItem","position":2,"name":"Gobierno har\u00e1 una propuesta al FMI"}]},{"@type":"WebSite","@id":"https:\/\/luchonoticias.com\/editor\/#website","url":"https:\/\/luchonoticias.com\/editor\/","name":"","description":"","publisher":{"@id":"https:\/\/luchonoticias.com\/editor\/#\/schema\/person\/7a7fd911f58561fd056dbac7b55af9cd"},"potentialAction":[{"@type":"SearchAction","target":{"@type":"EntryPoint","urlTemplate":"https:\/\/luchonoticias.com\/editor\/?s={search_term_string}"},"query-input":{"@type":"PropertyValueSpecification","valueRequired":true,"valueName":"search_term_string"}}],"inLanguage":"es"},{"@type":["Person","Organization"],"@id":"https:\/\/luchonoticias.com\/editor\/#\/schema\/person\/7a7fd911f58561fd056dbac7b55af9cd","name":"admin","image":{"@type":"ImageObject","inLanguage":"es","@id":"https:\/\/luchonoticias.com\/editor\/#\/schema\/person\/image\/","url":"https:\/\/luchonoticias.com\/editor\/wp-content\/uploads\/2024\/02\/cropped-cropped-logolu.webp","contentUrl":"https:\/\/luchonoticias.com\/editor\/wp-content\/uploads\/2024\/02\/cropped-cropped-logolu.webp","width":382,"height":170,"caption":"admin"},"logo":{"@id":"https:\/\/luchonoticias.com\/editor\/#\/schema\/person\/image\/"},"sameAs":["https:\/\/www.facebook.com\/luchonoticiasneiva"]},{"@type":"Person","@id":"https:\/\/luchonoticias.com\/editor\/#\/schema\/person\/29217990ddf6f14e35912b2866d591fb","name":"Editor General","image":{"@type":"ImageObject","inLanguage":"es","@id":"https:\/\/luchonoticias.com\/editor\/#\/schema\/person\/image\/","url":"https:\/\/luchonoticias.com\/editor\/wp-content\/uploads\/2024\/02\/cropped-cropped-logolu-150x150.webp","contentUrl":"https:\/\/luchonoticias.com\/editor\/wp-content\/uploads\/2024\/02\/cropped-cropped-logolu-150x150.webp","caption":"Editor General"},"sameAs":["https:\/\/luchonoticias.com\/"],"url":"https:\/\/luchonoticias.com\/editor\/author\/editor-general\/"}]}},"_links":{"self":[{"href":"https:\/\/luchonoticias.com\/editor\/wp-json\/wp\/v2\/posts\/72023","targetHints":{"allow":["GET"]}}],"collection":[{"href":"https:\/\/luchonoticias.com\/editor\/wp-json\/wp\/v2\/posts"}],"about":[{"href":"https:\/\/luchonoticias.com\/editor\/wp-json\/wp\/v2\/types\/post"}],"author":[{"embeddable":true,"href":"https:\/\/luchonoticias.com\/editor\/wp-json\/wp\/v2\/users\/2"}],"replies":[{"embeddable":true,"href":"https:\/\/luchonoticias.com\/editor\/wp-json\/wp\/v2\/comments?post=72023"}],"version-history":[{"count":0,"href":"https:\/\/luchonoticias.com\/editor\/wp-json\/wp\/v2\/posts\/72023\/revisions"}],"wp:featuredmedia":[{"embeddable":true,"href":"https:\/\/luchonoticias.com\/editor\/wp-json\/wp\/v2\/media\/72024"}],"wp:attachment":[{"href":"https:\/\/luchonoticias.com\/editor\/wp-json\/wp\/v2\/media?parent=72023"}],"wp:term":[{"taxonomy":"category","embeddable":true,"href":"https:\/\/luchonoticias.com\/editor\/wp-json\/wp\/v2\/categories?post=72023"},{"taxonomy":"post_tag","embeddable":true,"href":"https:\/\/luchonoticias.com\/editor\/wp-json\/wp\/v2\/tags?post=72023"}],"curies":[{"name":"wp","href":"https:\/\/api.w.org\/{rel}","templated":true}]}}