{"id":72027,"date":"2024-04-12T05:48:33","date_gmt":"2024-04-12T10:48:33","guid":{"rendered":"https:\/\/luchonoticias.com\/?p=72027"},"modified":"2024-04-12T05:48:33","modified_gmt":"2024-04-12T10:48:33","slug":"oportunidad-del-gremio-docente-para-ascender-en-el-escalafon","status":"publish","type":"post","link":"https:\/\/luchonoticias.com\/editor\/oportunidad-del-gremio-docente-para-ascender-en-el-escalafon\/","title":{"rendered":"Oportunidad del gremio docente para ascender en el escalaf\u00f3n"},"content":{"rendered":"<div>Con el fin de dar continuidad al proceso de evaluaci\u00f3n de ascenso y reubicaci\u00f3n de los educadores\u00a0regidos por el Decreto 1278 de 2002\u00a0y garantizar su implementaci\u00f3n en el segundo semestre del presente a\u00f1o, el Ministerio de Educaci\u00f3n Nacional avanz\u00f3 en la contrataci\u00f3n de la Universidad de Antioquia para la ejecuci\u00f3n de este procedimiento.<\/div>\n<div><\/div>\n<div>La celebraci\u00f3n de este convenio permite cumplir el compromiso asumido por el Ministerio de garantizar el derecho y la oportunidad a m\u00e1s de 100.000 maestras y maestros de todo el pa\u00eds de presentar las pruebas que les posibiliten ascender en el escalaf\u00f3n docente.<\/div>\n<div><\/div>\n<div>Asimismo, el Ministerio de Educaci\u00f3n Nacional adelanta los tr\u00e1mites para establecer y publicar el cronograma actualizado de ascenso y reubicaci\u00f3n. En adelante, tanto esta cartera como la Universidad de Antioquia ser\u00e1n las \u00fanicas entidades facultadas para brindar la informaci\u00f3n del proceso referido, a trav\u00e9s de sus canales oficiales, lo que incluye la venta de derechos de participaci\u00f3n e inscripci\u00f3n.<\/div>\n<div><\/div>\n<div>Como parte de la estrategia\u00a0&#8216;Poder Pedag\u00f3gico Popular&#8217;\u200b, que busca dignificar y reconocer la labor docente, se avanza en este proceso de evaluaci\u00f3n y ascenso para la identificaci\u00f3n y desarrollo de habilidades, saberes y competencias que promueven en los maestros y maestras de todo el territorio nacional mejores pr\u00e1cticas de ense\u00f1anza. De esta manera, el Gobierno del Cambio reafirma su compromiso con los docentes y con la calidad educativa en el pa\u00eds.<\/div>\n","protected":false},"excerpt":{"rendered":"<p>Con el fin de dar continuidad al proceso de evaluaci\u00f3n de ascenso y reubicaci\u00f3n de los educadores\u00a0regidos por el Decreto 1278 de 2002\u00a0y garantizar su implementaci\u00f3n en el segundo semestre del presente a\u00f1o, el Ministerio de Educaci\u00f3n Nacional avanz\u00f3 en la contrataci\u00f3n de la Universidad de Antioquia para la ejecuci\u00f3n de este procedimiento. La celebraci\u00f3n [&hellip;]<\/p>\n","protected":false},"author":2,"featured_media":72028,"comment_status":"closed","ping_status":"open","sticky":false,"template":"","format":"standard","meta":{"footnotes":""},"categories":[28],"tags":[],"class_list":["post-72027","post","type-post","status-publish","format-standard","has-post-thumbnail","hentry","category-actualidad"],"yoast_head":"<!-- This site is optimized with the Yoast SEO plugin v26.6 - https:\/\/yoast.com\/wordpress\/plugins\/seo\/ -->\n<title>Oportunidad del gremio docente para ascender en el escalaf\u00f3n -<\/title>\n<meta name=\"robots\" content=\"index, follow, max-snippet:-1, max-image-preview:large, max-video-preview:-1\" \/>\n<link rel=\"canonical\" href=\"https:\/\/luchonoticias.com\/editor\/oportunidad-del-gremio-docente-para-ascender-en-el-escalafon\/\" \/>\n<meta property=\"og:locale\" content=\"es_ES\" \/>\n<meta property=\"og:type\" content=\"article\" \/>\n<meta property=\"og:title\" content=\"Oportunidad del gremio docente para ascender en el escalaf\u00f3n -\" \/>\n<meta property=\"og:url\" content=\"https:\/\/luchonoticias.com\/editor\/oportunidad-del-gremio-docente-para-ascender-en-el-escalafon\/\" \/>\n<meta property=\"article:publisher\" content=\"https:\/\/www.facebook.com\/luchonoticiasneiva\" \/>\n<meta property=\"article:published_time\" content=\"2024-04-12T10:48:33+00:00\" \/>\n<meta property=\"og:image\" content=\"https:\/\/luchonoticias.com\/editor\/wp-content\/uploads\/2024\/04\/docentes.jpg\" \/>\n\t<meta property=\"og:image:width\" content=\"700\" \/>\n\t<meta property=\"og:image:height\" content=\"400\" \/>\n\t<meta property=\"og:image:type\" content=\"image\/jpeg\" \/>\n<meta name=\"author\" content=\"Editor General\" \/>\n<meta name=\"twitter:card\" content=\"summary_large_image\" \/>\n<meta name=\"twitter:label1\" content=\"Escrito por\" \/>\n\t<meta name=\"twitter:data1\" content=\"Editor General\" \/>\n\t<meta name=\"twitter:label2\" content=\"Tiempo de lectura\" \/>\n\t<meta name=\"twitter:data2\" content=\"1 minuto\" \/>\n<script type=\"application\/ld+json\" class=\"yoast-schema-graph\">{\"@context\":\"https:\/\/schema.org\",\"@graph\":[{\"@type\":\"Article\",\"@id\":\"https:\/\/luchonoticias.com\/editor\/oportunidad-del-gremio-docente-para-ascender-en-el-escalafon\/#article\",\"isPartOf\":{\"@id\":\"https:\/\/luchonoticias.com\/editor\/oportunidad-del-gremio-docente-para-ascender-en-el-escalafon\/\"},\"author\":{\"name\":\"Editor General\",\"@id\":\"https:\/\/luchonoticias.com\/editor\/#\/schema\/person\/29217990ddf6f14e35912b2866d591fb\"},\"headline\":\"Oportunidad del gremio docente para ascender en el escalaf\u00f3n\",\"datePublished\":\"2024-04-12T10:48:33+00:00\",\"mainEntityOfPage\":{\"@id\":\"https:\/\/luchonoticias.com\/editor\/oportunidad-del-gremio-docente-para-ascender-en-el-escalafon\/\"},\"wordCount\":261,\"publisher\":{\"@id\":\"https:\/\/luchonoticias.com\/editor\/#\/schema\/person\/7a7fd911f58561fd056dbac7b55af9cd\"},\"image\":{\"@id\":\"https:\/\/luchonoticias.com\/editor\/oportunidad-del-gremio-docente-para-ascender-en-el-escalafon\/#primaryimage\"},\"thumbnailUrl\":\"https:\/\/luchonoticias.com\/editor\/wp-content\/uploads\/2024\/04\/docentes.jpg\",\"articleSection\":[\"Actualidad\"],\"inLanguage\":\"es\"},{\"@type\":\"WebPage\",\"@id\":\"https:\/\/luchonoticias.com\/editor\/oportunidad-del-gremio-docente-para-ascender-en-el-escalafon\/\",\"url\":\"https:\/\/luchonoticias.com\/editor\/oportunidad-del-gremio-docente-para-ascender-en-el-escalafon\/\",\"name\":\"Oportunidad del gremio docente para ascender en el escalaf\u00f3n -\",\"isPartOf\":{\"@id\":\"https:\/\/luchonoticias.com\/editor\/#website\"},\"primaryImageOfPage\":{\"@id\":\"https:\/\/luchonoticias.com\/editor\/oportunidad-del-gremio-docente-para-ascender-en-el-escalafon\/#primaryimage\"},\"image\":{\"@id\":\"https:\/\/luchonoticias.com\/editor\/oportunidad-del-gremio-docente-para-ascender-en-el-escalafon\/#primaryimage\"},\"thumbnailUrl\":\"https:\/\/luchonoticias.com\/editor\/wp-content\/uploads\/2024\/04\/docentes.jpg\",\"datePublished\":\"2024-04-12T10:48:33+00:00\",\"breadcrumb\":{\"@id\":\"https:\/\/luchonoticias.com\/editor\/oportunidad-del-gremio-docente-para-ascender-en-el-escalafon\/#breadcrumb\"},\"inLanguage\":\"es\",\"potentialAction\":[{\"@type\":\"ReadAction\",\"target\":[\"https:\/\/luchonoticias.com\/editor\/oportunidad-del-gremio-docente-para-ascender-en-el-escalafon\/\"]}]},{\"@type\":\"ImageObject\",\"inLanguage\":\"es\",\"@id\":\"https:\/\/luchonoticias.com\/editor\/oportunidad-del-gremio-docente-para-ascender-en-el-escalafon\/#primaryimage\",\"url\":\"https:\/\/luchonoticias.com\/editor\/wp-content\/uploads\/2024\/04\/docentes.jpg\",\"contentUrl\":\"https:\/\/luchonoticias.com\/editor\/wp-content\/uploads\/2024\/04\/docentes.jpg\",\"width\":700,\"height\":400},{\"@type\":\"BreadcrumbList\",\"@id\":\"https:\/\/luchonoticias.com\/editor\/oportunidad-del-gremio-docente-para-ascender-en-el-escalafon\/#breadcrumb\",\"itemListElement\":[{\"@type\":\"ListItem\",\"position\":1,\"name\":\"Portada\",\"item\":\"https:\/\/luchonoticias.com\/editor\/\"},{\"@type\":\"ListItem\",\"position\":2,\"name\":\"Oportunidad del gremio docente para ascender en el escalaf\u00f3n\"}]},{\"@type\":\"WebSite\",\"@id\":\"https:\/\/luchonoticias.com\/editor\/#website\",\"url\":\"https:\/\/luchonoticias.com\/editor\/\",\"name\":\"\",\"description\":\"\",\"publisher\":{\"@id\":\"https:\/\/luchonoticias.com\/editor\/#\/schema\/person\/7a7fd911f58561fd056dbac7b55af9cd\"},\"potentialAction\":[{\"@type\":\"SearchAction\",\"target\":{\"@type\":\"EntryPoint\",\"urlTemplate\":\"https:\/\/luchonoticias.com\/editor\/?s={search_term_string}\"},\"query-input\":{\"@type\":\"PropertyValueSpecification\",\"valueRequired\":true,\"valueName\":\"search_term_string\"}}],\"inLanguage\":\"es\"},{\"@type\":[\"Person\",\"Organization\"],\"@id\":\"https:\/\/luchonoticias.com\/editor\/#\/schema\/person\/7a7fd911f58561fd056dbac7b55af9cd\",\"name\":\"admin\",\"image\":{\"@type\":\"ImageObject\",\"inLanguage\":\"es\",\"@id\":\"https:\/\/luchonoticias.com\/editor\/#\/schema\/person\/image\/\",\"url\":\"https:\/\/luchonoticias.com\/editor\/wp-content\/uploads\/2024\/02\/cropped-cropped-logolu.webp\",\"contentUrl\":\"https:\/\/luchonoticias.com\/editor\/wp-content\/uploads\/2024\/02\/cropped-cropped-logolu.webp\",\"width\":382,\"height\":170,\"caption\":\"admin\"},\"logo\":{\"@id\":\"https:\/\/luchonoticias.com\/editor\/#\/schema\/person\/image\/\"},\"sameAs\":[\"https:\/\/www.facebook.com\/luchonoticiasneiva\"]},{\"@type\":\"Person\",\"@id\":\"https:\/\/luchonoticias.com\/editor\/#\/schema\/person\/29217990ddf6f14e35912b2866d591fb\",\"name\":\"Editor General\",\"image\":{\"@type\":\"ImageObject\",\"inLanguage\":\"es\",\"@id\":\"https:\/\/luchonoticias.com\/editor\/#\/schema\/person\/image\/\",\"url\":\"https:\/\/luchonoticias.com\/editor\/wp-content\/uploads\/2024\/02\/cropped-cropped-logolu-150x150.webp\",\"contentUrl\":\"https:\/\/luchonoticias.com\/editor\/wp-content\/uploads\/2024\/02\/cropped-cropped-logolu-150x150.webp\",\"caption\":\"Editor General\"},\"sameAs\":[\"https:\/\/luchonoticias.com\/\"],\"url\":\"https:\/\/luchonoticias.com\/editor\/author\/editor-general\/\"}]}<\/script>\n<!-- \/ Yoast SEO plugin. -->","yoast_head_json":{"title":"Oportunidad del gremio docente para ascender en el escalaf\u00f3n -","robots":{"index":"index","follow":"follow","max-snippet":"max-snippet:-1","max-image-preview":"max-image-preview:large","max-video-preview":"max-video-preview:-1"},"canonical":"https:\/\/luchonoticias.com\/editor\/oportunidad-del-gremio-docente-para-ascender-en-el-escalafon\/","og_locale":"es_ES","og_type":"article","og_title":"Oportunidad del gremio docente para ascender en el escalaf\u00f3n -","og_url":"https:\/\/luchonoticias.com\/editor\/oportunidad-del-gremio-docente-para-ascender-en-el-escalafon\/","article_publisher":"https:\/\/www.facebook.com\/luchonoticiasneiva","article_published_time":"2024-04-12T10:48:33+00:00","og_image":[{"width":700,"height":400,"url":"https:\/\/luchonoticias.com\/editor\/wp-content\/uploads\/2024\/04\/docentes.jpg","type":"image\/jpeg"}],"author":"Editor General","twitter_card":"summary_large_image","twitter_misc":{"Escrito por":"Editor General","Tiempo de lectura":"1 minuto"},"schema":{"@context":"https:\/\/schema.org","@graph":[{"@type":"Article","@id":"https:\/\/luchonoticias.com\/editor\/oportunidad-del-gremio-docente-para-ascender-en-el-escalafon\/#article","isPartOf":{"@id":"https:\/\/luchonoticias.com\/editor\/oportunidad-del-gremio-docente-para-ascender-en-el-escalafon\/"},"author":{"name":"Editor General","@id":"https:\/\/luchonoticias.com\/editor\/#\/schema\/person\/29217990ddf6f14e35912b2866d591fb"},"headline":"Oportunidad del gremio docente para ascender en el escalaf\u00f3n","datePublished":"2024-04-12T10:48:33+00:00","mainEntityOfPage":{"@id":"https:\/\/luchonoticias.com\/editor\/oportunidad-del-gremio-docente-para-ascender-en-el-escalafon\/"},"wordCount":261,"publisher":{"@id":"https:\/\/luchonoticias.com\/editor\/#\/schema\/person\/7a7fd911f58561fd056dbac7b55af9cd"},"image":{"@id":"https:\/\/luchonoticias.com\/editor\/oportunidad-del-gremio-docente-para-ascender-en-el-escalafon\/#primaryimage"},"thumbnailUrl":"https:\/\/luchonoticias.com\/editor\/wp-content\/uploads\/2024\/04\/docentes.jpg","articleSection":["Actualidad"],"inLanguage":"es"},{"@type":"WebPage","@id":"https:\/\/luchonoticias.com\/editor\/oportunidad-del-gremio-docente-para-ascender-en-el-escalafon\/","url":"https:\/\/luchonoticias.com\/editor\/oportunidad-del-gremio-docente-para-ascender-en-el-escalafon\/","name":"Oportunidad del gremio docente para ascender en el escalaf\u00f3n -","isPartOf":{"@id":"https:\/\/luchonoticias.com\/editor\/#website"},"primaryImageOfPage":{"@id":"https:\/\/luchonoticias.com\/editor\/oportunidad-del-gremio-docente-para-ascender-en-el-escalafon\/#primaryimage"},"image":{"@id":"https:\/\/luchonoticias.com\/editor\/oportunidad-del-gremio-docente-para-ascender-en-el-escalafon\/#primaryimage"},"thumbnailUrl":"https:\/\/luchonoticias.com\/editor\/wp-content\/uploads\/2024\/04\/docentes.jpg","datePublished":"2024-04-12T10:48:33+00:00","breadcrumb":{"@id":"https:\/\/luchonoticias.com\/editor\/oportunidad-del-gremio-docente-para-ascender-en-el-escalafon\/#breadcrumb"},"inLanguage":"es","potentialAction":[{"@type":"ReadAction","target":["https:\/\/luchonoticias.com\/editor\/oportunidad-del-gremio-docente-para-ascender-en-el-escalafon\/"]}]},{"@type":"ImageObject","inLanguage":"es","@id":"https:\/\/luchonoticias.com\/editor\/oportunidad-del-gremio-docente-para-ascender-en-el-escalafon\/#primaryimage","url":"https:\/\/luchonoticias.com\/editor\/wp-content\/uploads\/2024\/04\/docentes.jpg","contentUrl":"https:\/\/luchonoticias.com\/editor\/wp-content\/uploads\/2024\/04\/docentes.jpg","width":700,"height":400},{"@type":"BreadcrumbList","@id":"https:\/\/luchonoticias.com\/editor\/oportunidad-del-gremio-docente-para-ascender-en-el-escalafon\/#breadcrumb","itemListElement":[{"@type":"ListItem","position":1,"name":"Portada","item":"https:\/\/luchonoticias.com\/editor\/"},{"@type":"ListItem","position":2,"name":"Oportunidad del gremio docente para ascender en el escalaf\u00f3n"}]},{"@type":"WebSite","@id":"https:\/\/luchonoticias.com\/editor\/#website","url":"https:\/\/luchonoticias.com\/editor\/","name":"","description":"","publisher":{"@id":"https:\/\/luchonoticias.com\/editor\/#\/schema\/person\/7a7fd911f58561fd056dbac7b55af9cd"},"potentialAction":[{"@type":"SearchAction","target":{"@type":"EntryPoint","urlTemplate":"https:\/\/luchonoticias.com\/editor\/?s={search_term_string}"},"query-input":{"@type":"PropertyValueSpecification","valueRequired":true,"valueName":"search_term_string"}}],"inLanguage":"es"},{"@type":["Person","Organization"],"@id":"https:\/\/luchonoticias.com\/editor\/#\/schema\/person\/7a7fd911f58561fd056dbac7b55af9cd","name":"admin","image":{"@type":"ImageObject","inLanguage":"es","@id":"https:\/\/luchonoticias.com\/editor\/#\/schema\/person\/image\/","url":"https:\/\/luchonoticias.com\/editor\/wp-content\/uploads\/2024\/02\/cropped-cropped-logolu.webp","contentUrl":"https:\/\/luchonoticias.com\/editor\/wp-content\/uploads\/2024\/02\/cropped-cropped-logolu.webp","width":382,"height":170,"caption":"admin"},"logo":{"@id":"https:\/\/luchonoticias.com\/editor\/#\/schema\/person\/image\/"},"sameAs":["https:\/\/www.facebook.com\/luchonoticiasneiva"]},{"@type":"Person","@id":"https:\/\/luchonoticias.com\/editor\/#\/schema\/person\/29217990ddf6f14e35912b2866d591fb","name":"Editor General","image":{"@type":"ImageObject","inLanguage":"es","@id":"https:\/\/luchonoticias.com\/editor\/#\/schema\/person\/image\/","url":"https:\/\/luchonoticias.com\/editor\/wp-content\/uploads\/2024\/02\/cropped-cropped-logolu-150x150.webp","contentUrl":"https:\/\/luchonoticias.com\/editor\/wp-content\/uploads\/2024\/02\/cropped-cropped-logolu-150x150.webp","caption":"Editor General"},"sameAs":["https:\/\/luchonoticias.com\/"],"url":"https:\/\/luchonoticias.com\/editor\/author\/editor-general\/"}]}},"_links":{"self":[{"href":"https:\/\/luchonoticias.com\/editor\/wp-json\/wp\/v2\/posts\/72027","targetHints":{"allow":["GET"]}}],"collection":[{"href":"https:\/\/luchonoticias.com\/editor\/wp-json\/wp\/v2\/posts"}],"about":[{"href":"https:\/\/luchonoticias.com\/editor\/wp-json\/wp\/v2\/types\/post"}],"author":[{"embeddable":true,"href":"https:\/\/luchonoticias.com\/editor\/wp-json\/wp\/v2\/users\/2"}],"replies":[{"embeddable":true,"href":"https:\/\/luchonoticias.com\/editor\/wp-json\/wp\/v2\/comments?post=72027"}],"version-history":[{"count":0,"href":"https:\/\/luchonoticias.com\/editor\/wp-json\/wp\/v2\/posts\/72027\/revisions"}],"wp:featuredmedia":[{"embeddable":true,"href":"https:\/\/luchonoticias.com\/editor\/wp-json\/wp\/v2\/media\/72028"}],"wp:attachment":[{"href":"https:\/\/luchonoticias.com\/editor\/wp-json\/wp\/v2\/media?parent=72027"}],"wp:term":[{"taxonomy":"category","embeddable":true,"href":"https:\/\/luchonoticias.com\/editor\/wp-json\/wp\/v2\/categories?post=72027"},{"taxonomy":"post_tag","embeddable":true,"href":"https:\/\/luchonoticias.com\/editor\/wp-json\/wp\/v2\/tags?post=72027"}],"curies":[{"name":"wp","href":"https:\/\/api.w.org\/{rel}","templated":true}]}}