{"id":72030,"date":"2024-04-12T11:53:12","date_gmt":"2024-04-12T16:53:12","guid":{"rendered":"https:\/\/luchonoticias.com\/?p=72030"},"modified":"2024-04-12T11:53:12","modified_gmt":"2024-04-12T16:53:12","slug":"comienzan-trabajos-para-la-recuperacion-de-la-malla-vial-en-neiva","status":"publish","type":"post","link":"https:\/\/luchonoticias.com\/editor\/comienzan-trabajos-para-la-recuperacion-de-la-malla-vial-en-neiva\/","title":{"rendered":"Comienzan trabajos para la recuperaci\u00f3n de la malla vial en Neiva"},"content":{"rendered":"<p>A solicitud de la comunidad, la Administraci\u00f3n Municipal emprendi\u00f3 la tarea de recuperar la malla vial de la ciudad, lo anterior obedeciendo a las cr\u00edticas condiciones en las que esta administraci\u00f3n recibi\u00f3 las v\u00edas de la capital del Huila.<\/p>\n<p>Desde la Secretar\u00eda de V\u00edas e Infraestructura se tiene listo un cronograma de intervenci\u00f3n vial para lograr reparar los da\u00f1os en la capa asf\u00e1ltica en tramos que son altamente concurridos por los actores viales; si bien para la Administraci\u00f3n Municipal todas las v\u00edas son importantes y requieren de intervenci\u00f3n, el objetivo es priorizar las que tienen m\u00e1s flujo vehicular, con el prop\u00f3sito de evitar siniestros viales y mejorar el tr\u00e1nsito.<\/p>\n<p>Con un balance positivo, el secretario de V\u00edas e Infraestructura Germ\u00e1n Dar\u00edo S\u00e1nchez Restrepo, indic\u00f3 que la jornada de reparcheo en la avenida Circunvalar concluy\u00f3 de manera exitosa. \u201cInstalamos 10 metros c\u00fabicos de mezcla asf\u00e1ltica. Observamos que la movilidad fluye de mejor manera y asimismo hemos quitado el peligro en algunos puntos cr\u00edticos\u201d, mencion\u00f3 el jefe de la cartera de V\u00edas e Infraestructura, Germ\u00e1n Dar\u00edo S\u00e1nchez.<\/p>\n<p>El cronograma tambi\u00e9n incluye recuperar zonas en donde hay huecos de gran magnitud, por lo que se har\u00e1 la intervenci\u00f3n de estos huecos de manera t\u00e9cnica y bien ejecutada, para que el asfalto que se disponga para subsanar el da\u00f1o perdure.<\/p>\n<p>\u201cEstamos trabajando con la mejor actitud, queremos ser permanentes en este ejercicio y que la comunidad pueda entender la labor que estamos llevando a cabo\u201d, expres\u00f3 S\u00e1nchez frente al compromiso que tiene la Administraci\u00f3n Municipal para recuperar las v\u00edas de la ciudad.<\/p>\n","protected":false},"excerpt":{"rendered":"<p>A solicitud de la comunidad, la Administraci\u00f3n Municipal emprendi\u00f3 la tarea de recuperar la malla vial de la ciudad, lo anterior obedeciendo a las cr\u00edticas condiciones en las que esta administraci\u00f3n recibi\u00f3 las v\u00edas de la capital del Huila. Desde la Secretar\u00eda de V\u00edas e Infraestructura se tiene listo un cronograma de intervenci\u00f3n vial para [&hellip;]<\/p>\n","protected":false},"author":2,"featured_media":72031,"comment_status":"closed","ping_status":"open","sticky":false,"template":"","format":"standard","meta":{"footnotes":""},"categories":[34],"tags":[],"class_list":["post-72030","post","type-post","status-publish","format-standard","has-post-thumbnail","hentry","category-deportes"],"yoast_head":"<!-- This site is optimized with the Yoast SEO plugin v26.6 - https:\/\/yoast.com\/wordpress\/plugins\/seo\/ -->\n<title>Comienzan trabajos para la recuperaci\u00f3n de la malla vial en Neiva -<\/title>\n<meta name=\"robots\" content=\"index, follow, max-snippet:-1, max-image-preview:large, max-video-preview:-1\" \/>\n<link rel=\"canonical\" href=\"https:\/\/luchonoticias.com\/editor\/comienzan-trabajos-para-la-recuperacion-de-la-malla-vial-en-neiva\/\" \/>\n<meta property=\"og:locale\" content=\"es_ES\" \/>\n<meta property=\"og:type\" content=\"article\" \/>\n<meta property=\"og:title\" content=\"Comienzan trabajos para la recuperaci\u00f3n de la malla vial en Neiva -\" \/>\n<meta property=\"og:url\" content=\"https:\/\/luchonoticias.com\/editor\/comienzan-trabajos-para-la-recuperacion-de-la-malla-vial-en-neiva\/\" \/>\n<meta property=\"article:publisher\" content=\"https:\/\/www.facebook.com\/luchonoticiasneiva\" \/>\n<meta property=\"article:published_time\" content=\"2024-04-12T16:53:12+00:00\" \/>\n<meta property=\"og:image\" content=\"https:\/\/luchonoticias.com\/editor\/wp-content\/uploads\/2024\/04\/vias-neiva-1.jpg\" \/>\n\t<meta property=\"og:image:width\" content=\"700\" \/>\n\t<meta property=\"og:image:height\" content=\"400\" \/>\n\t<meta property=\"og:image:type\" content=\"image\/jpeg\" \/>\n<meta name=\"author\" content=\"Editor General\" \/>\n<meta name=\"twitter:card\" content=\"summary_large_image\" \/>\n<meta name=\"twitter:label1\" content=\"Escrito por\" \/>\n\t<meta name=\"twitter:data1\" content=\"Editor General\" \/>\n\t<meta name=\"twitter:label2\" content=\"Tiempo de lectura\" \/>\n\t<meta name=\"twitter:data2\" content=\"1 minuto\" \/>\n<script type=\"application\/ld+json\" class=\"yoast-schema-graph\">{\"@context\":\"https:\/\/schema.org\",\"@graph\":[{\"@type\":\"Article\",\"@id\":\"https:\/\/luchonoticias.com\/editor\/comienzan-trabajos-para-la-recuperacion-de-la-malla-vial-en-neiva\/#article\",\"isPartOf\":{\"@id\":\"https:\/\/luchonoticias.com\/editor\/comienzan-trabajos-para-la-recuperacion-de-la-malla-vial-en-neiva\/\"},\"author\":{\"name\":\"Editor General\",\"@id\":\"https:\/\/luchonoticias.com\/editor\/#\/schema\/person\/29217990ddf6f14e35912b2866d591fb\"},\"headline\":\"Comienzan trabajos para la recuperaci\u00f3n de la malla vial en Neiva\",\"datePublished\":\"2024-04-12T16:53:12+00:00\",\"mainEntityOfPage\":{\"@id\":\"https:\/\/luchonoticias.com\/editor\/comienzan-trabajos-para-la-recuperacion-de-la-malla-vial-en-neiva\/\"},\"wordCount\":302,\"publisher\":{\"@id\":\"https:\/\/luchonoticias.com\/editor\/#\/schema\/person\/7a7fd911f58561fd056dbac7b55af9cd\"},\"image\":{\"@id\":\"https:\/\/luchonoticias.com\/editor\/comienzan-trabajos-para-la-recuperacion-de-la-malla-vial-en-neiva\/#primaryimage\"},\"thumbnailUrl\":\"https:\/\/luchonoticias.com\/editor\/wp-content\/uploads\/2024\/04\/vias-neiva-1.jpg\",\"articleSection\":[\"Deportes\"],\"inLanguage\":\"es\"},{\"@type\":\"WebPage\",\"@id\":\"https:\/\/luchonoticias.com\/editor\/comienzan-trabajos-para-la-recuperacion-de-la-malla-vial-en-neiva\/\",\"url\":\"https:\/\/luchonoticias.com\/editor\/comienzan-trabajos-para-la-recuperacion-de-la-malla-vial-en-neiva\/\",\"name\":\"Comienzan trabajos para la recuperaci\u00f3n de la malla vial en Neiva -\",\"isPartOf\":{\"@id\":\"https:\/\/luchonoticias.com\/editor\/#website\"},\"primaryImageOfPage\":{\"@id\":\"https:\/\/luchonoticias.com\/editor\/comienzan-trabajos-para-la-recuperacion-de-la-malla-vial-en-neiva\/#primaryimage\"},\"image\":{\"@id\":\"https:\/\/luchonoticias.com\/editor\/comienzan-trabajos-para-la-recuperacion-de-la-malla-vial-en-neiva\/#primaryimage\"},\"thumbnailUrl\":\"https:\/\/luchonoticias.com\/editor\/wp-content\/uploads\/2024\/04\/vias-neiva-1.jpg\",\"datePublished\":\"2024-04-12T16:53:12+00:00\",\"breadcrumb\":{\"@id\":\"https:\/\/luchonoticias.com\/editor\/comienzan-trabajos-para-la-recuperacion-de-la-malla-vial-en-neiva\/#breadcrumb\"},\"inLanguage\":\"es\",\"potentialAction\":[{\"@type\":\"ReadAction\",\"target\":[\"https:\/\/luchonoticias.com\/editor\/comienzan-trabajos-para-la-recuperacion-de-la-malla-vial-en-neiva\/\"]}]},{\"@type\":\"ImageObject\",\"inLanguage\":\"es\",\"@id\":\"https:\/\/luchonoticias.com\/editor\/comienzan-trabajos-para-la-recuperacion-de-la-malla-vial-en-neiva\/#primaryimage\",\"url\":\"https:\/\/luchonoticias.com\/editor\/wp-content\/uploads\/2024\/04\/vias-neiva-1.jpg\",\"contentUrl\":\"https:\/\/luchonoticias.com\/editor\/wp-content\/uploads\/2024\/04\/vias-neiva-1.jpg\",\"width\":700,\"height\":400},{\"@type\":\"BreadcrumbList\",\"@id\":\"https:\/\/luchonoticias.com\/editor\/comienzan-trabajos-para-la-recuperacion-de-la-malla-vial-en-neiva\/#breadcrumb\",\"itemListElement\":[{\"@type\":\"ListItem\",\"position\":1,\"name\":\"Portada\",\"item\":\"https:\/\/luchonoticias.com\/editor\/\"},{\"@type\":\"ListItem\",\"position\":2,\"name\":\"Comienzan trabajos para la recuperaci\u00f3n de la malla vial en Neiva\"}]},{\"@type\":\"WebSite\",\"@id\":\"https:\/\/luchonoticias.com\/editor\/#website\",\"url\":\"https:\/\/luchonoticias.com\/editor\/\",\"name\":\"\",\"description\":\"\",\"publisher\":{\"@id\":\"https:\/\/luchonoticias.com\/editor\/#\/schema\/person\/7a7fd911f58561fd056dbac7b55af9cd\"},\"potentialAction\":[{\"@type\":\"SearchAction\",\"target\":{\"@type\":\"EntryPoint\",\"urlTemplate\":\"https:\/\/luchonoticias.com\/editor\/?s={search_term_string}\"},\"query-input\":{\"@type\":\"PropertyValueSpecification\",\"valueRequired\":true,\"valueName\":\"search_term_string\"}}],\"inLanguage\":\"es\"},{\"@type\":[\"Person\",\"Organization\"],\"@id\":\"https:\/\/luchonoticias.com\/editor\/#\/schema\/person\/7a7fd911f58561fd056dbac7b55af9cd\",\"name\":\"admin\",\"image\":{\"@type\":\"ImageObject\",\"inLanguage\":\"es\",\"@id\":\"https:\/\/luchonoticias.com\/editor\/#\/schema\/person\/image\/\",\"url\":\"https:\/\/luchonoticias.com\/editor\/wp-content\/uploads\/2024\/02\/cropped-cropped-logolu.webp\",\"contentUrl\":\"https:\/\/luchonoticias.com\/editor\/wp-content\/uploads\/2024\/02\/cropped-cropped-logolu.webp\",\"width\":382,\"height\":170,\"caption\":\"admin\"},\"logo\":{\"@id\":\"https:\/\/luchonoticias.com\/editor\/#\/schema\/person\/image\/\"},\"sameAs\":[\"https:\/\/www.facebook.com\/luchonoticiasneiva\"]},{\"@type\":\"Person\",\"@id\":\"https:\/\/luchonoticias.com\/editor\/#\/schema\/person\/29217990ddf6f14e35912b2866d591fb\",\"name\":\"Editor General\",\"image\":{\"@type\":\"ImageObject\",\"inLanguage\":\"es\",\"@id\":\"https:\/\/luchonoticias.com\/editor\/#\/schema\/person\/image\/\",\"url\":\"https:\/\/luchonoticias.com\/editor\/wp-content\/uploads\/2024\/02\/cropped-cropped-logolu-150x150.webp\",\"contentUrl\":\"https:\/\/luchonoticias.com\/editor\/wp-content\/uploads\/2024\/02\/cropped-cropped-logolu-150x150.webp\",\"caption\":\"Editor General\"},\"sameAs\":[\"https:\/\/luchonoticias.com\/\"],\"url\":\"https:\/\/luchonoticias.com\/editor\/author\/editor-general\/\"}]}<\/script>\n<!-- \/ Yoast SEO plugin. -->","yoast_head_json":{"title":"Comienzan trabajos para la recuperaci\u00f3n de la malla vial en Neiva -","robots":{"index":"index","follow":"follow","max-snippet":"max-snippet:-1","max-image-preview":"max-image-preview:large","max-video-preview":"max-video-preview:-1"},"canonical":"https:\/\/luchonoticias.com\/editor\/comienzan-trabajos-para-la-recuperacion-de-la-malla-vial-en-neiva\/","og_locale":"es_ES","og_type":"article","og_title":"Comienzan trabajos para la recuperaci\u00f3n de la malla vial en Neiva -","og_url":"https:\/\/luchonoticias.com\/editor\/comienzan-trabajos-para-la-recuperacion-de-la-malla-vial-en-neiva\/","article_publisher":"https:\/\/www.facebook.com\/luchonoticiasneiva","article_published_time":"2024-04-12T16:53:12+00:00","og_image":[{"width":700,"height":400,"url":"https:\/\/luchonoticias.com\/editor\/wp-content\/uploads\/2024\/04\/vias-neiva-1.jpg","type":"image\/jpeg"}],"author":"Editor General","twitter_card":"summary_large_image","twitter_misc":{"Escrito por":"Editor General","Tiempo de lectura":"1 minuto"},"schema":{"@context":"https:\/\/schema.org","@graph":[{"@type":"Article","@id":"https:\/\/luchonoticias.com\/editor\/comienzan-trabajos-para-la-recuperacion-de-la-malla-vial-en-neiva\/#article","isPartOf":{"@id":"https:\/\/luchonoticias.com\/editor\/comienzan-trabajos-para-la-recuperacion-de-la-malla-vial-en-neiva\/"},"author":{"name":"Editor General","@id":"https:\/\/luchonoticias.com\/editor\/#\/schema\/person\/29217990ddf6f14e35912b2866d591fb"},"headline":"Comienzan trabajos para la recuperaci\u00f3n de la malla vial en Neiva","datePublished":"2024-04-12T16:53:12+00:00","mainEntityOfPage":{"@id":"https:\/\/luchonoticias.com\/editor\/comienzan-trabajos-para-la-recuperacion-de-la-malla-vial-en-neiva\/"},"wordCount":302,"publisher":{"@id":"https:\/\/luchonoticias.com\/editor\/#\/schema\/person\/7a7fd911f58561fd056dbac7b55af9cd"},"image":{"@id":"https:\/\/luchonoticias.com\/editor\/comienzan-trabajos-para-la-recuperacion-de-la-malla-vial-en-neiva\/#primaryimage"},"thumbnailUrl":"https:\/\/luchonoticias.com\/editor\/wp-content\/uploads\/2024\/04\/vias-neiva-1.jpg","articleSection":["Deportes"],"inLanguage":"es"},{"@type":"WebPage","@id":"https:\/\/luchonoticias.com\/editor\/comienzan-trabajos-para-la-recuperacion-de-la-malla-vial-en-neiva\/","url":"https:\/\/luchonoticias.com\/editor\/comienzan-trabajos-para-la-recuperacion-de-la-malla-vial-en-neiva\/","name":"Comienzan trabajos para la recuperaci\u00f3n de la malla vial en Neiva -","isPartOf":{"@id":"https:\/\/luchonoticias.com\/editor\/#website"},"primaryImageOfPage":{"@id":"https:\/\/luchonoticias.com\/editor\/comienzan-trabajos-para-la-recuperacion-de-la-malla-vial-en-neiva\/#primaryimage"},"image":{"@id":"https:\/\/luchonoticias.com\/editor\/comienzan-trabajos-para-la-recuperacion-de-la-malla-vial-en-neiva\/#primaryimage"},"thumbnailUrl":"https:\/\/luchonoticias.com\/editor\/wp-content\/uploads\/2024\/04\/vias-neiva-1.jpg","datePublished":"2024-04-12T16:53:12+00:00","breadcrumb":{"@id":"https:\/\/luchonoticias.com\/editor\/comienzan-trabajos-para-la-recuperacion-de-la-malla-vial-en-neiva\/#breadcrumb"},"inLanguage":"es","potentialAction":[{"@type":"ReadAction","target":["https:\/\/luchonoticias.com\/editor\/comienzan-trabajos-para-la-recuperacion-de-la-malla-vial-en-neiva\/"]}]},{"@type":"ImageObject","inLanguage":"es","@id":"https:\/\/luchonoticias.com\/editor\/comienzan-trabajos-para-la-recuperacion-de-la-malla-vial-en-neiva\/#primaryimage","url":"https:\/\/luchonoticias.com\/editor\/wp-content\/uploads\/2024\/04\/vias-neiva-1.jpg","contentUrl":"https:\/\/luchonoticias.com\/editor\/wp-content\/uploads\/2024\/04\/vias-neiva-1.jpg","width":700,"height":400},{"@type":"BreadcrumbList","@id":"https:\/\/luchonoticias.com\/editor\/comienzan-trabajos-para-la-recuperacion-de-la-malla-vial-en-neiva\/#breadcrumb","itemListElement":[{"@type":"ListItem","position":1,"name":"Portada","item":"https:\/\/luchonoticias.com\/editor\/"},{"@type":"ListItem","position":2,"name":"Comienzan trabajos para la recuperaci\u00f3n de la malla vial en Neiva"}]},{"@type":"WebSite","@id":"https:\/\/luchonoticias.com\/editor\/#website","url":"https:\/\/luchonoticias.com\/editor\/","name":"","description":"","publisher":{"@id":"https:\/\/luchonoticias.com\/editor\/#\/schema\/person\/7a7fd911f58561fd056dbac7b55af9cd"},"potentialAction":[{"@type":"SearchAction","target":{"@type":"EntryPoint","urlTemplate":"https:\/\/luchonoticias.com\/editor\/?s={search_term_string}"},"query-input":{"@type":"PropertyValueSpecification","valueRequired":true,"valueName":"search_term_string"}}],"inLanguage":"es"},{"@type":["Person","Organization"],"@id":"https:\/\/luchonoticias.com\/editor\/#\/schema\/person\/7a7fd911f58561fd056dbac7b55af9cd","name":"admin","image":{"@type":"ImageObject","inLanguage":"es","@id":"https:\/\/luchonoticias.com\/editor\/#\/schema\/person\/image\/","url":"https:\/\/luchonoticias.com\/editor\/wp-content\/uploads\/2024\/02\/cropped-cropped-logolu.webp","contentUrl":"https:\/\/luchonoticias.com\/editor\/wp-content\/uploads\/2024\/02\/cropped-cropped-logolu.webp","width":382,"height":170,"caption":"admin"},"logo":{"@id":"https:\/\/luchonoticias.com\/editor\/#\/schema\/person\/image\/"},"sameAs":["https:\/\/www.facebook.com\/luchonoticiasneiva"]},{"@type":"Person","@id":"https:\/\/luchonoticias.com\/editor\/#\/schema\/person\/29217990ddf6f14e35912b2866d591fb","name":"Editor General","image":{"@type":"ImageObject","inLanguage":"es","@id":"https:\/\/luchonoticias.com\/editor\/#\/schema\/person\/image\/","url":"https:\/\/luchonoticias.com\/editor\/wp-content\/uploads\/2024\/02\/cropped-cropped-logolu-150x150.webp","contentUrl":"https:\/\/luchonoticias.com\/editor\/wp-content\/uploads\/2024\/02\/cropped-cropped-logolu-150x150.webp","caption":"Editor General"},"sameAs":["https:\/\/luchonoticias.com\/"],"url":"https:\/\/luchonoticias.com\/editor\/author\/editor-general\/"}]}},"_links":{"self":[{"href":"https:\/\/luchonoticias.com\/editor\/wp-json\/wp\/v2\/posts\/72030","targetHints":{"allow":["GET"]}}],"collection":[{"href":"https:\/\/luchonoticias.com\/editor\/wp-json\/wp\/v2\/posts"}],"about":[{"href":"https:\/\/luchonoticias.com\/editor\/wp-json\/wp\/v2\/types\/post"}],"author":[{"embeddable":true,"href":"https:\/\/luchonoticias.com\/editor\/wp-json\/wp\/v2\/users\/2"}],"replies":[{"embeddable":true,"href":"https:\/\/luchonoticias.com\/editor\/wp-json\/wp\/v2\/comments?post=72030"}],"version-history":[{"count":0,"href":"https:\/\/luchonoticias.com\/editor\/wp-json\/wp\/v2\/posts\/72030\/revisions"}],"wp:featuredmedia":[{"embeddable":true,"href":"https:\/\/luchonoticias.com\/editor\/wp-json\/wp\/v2\/media\/72031"}],"wp:attachment":[{"href":"https:\/\/luchonoticias.com\/editor\/wp-json\/wp\/v2\/media?parent=72030"}],"wp:term":[{"taxonomy":"category","embeddable":true,"href":"https:\/\/luchonoticias.com\/editor\/wp-json\/wp\/v2\/categories?post=72030"},{"taxonomy":"post_tag","embeddable":true,"href":"https:\/\/luchonoticias.com\/editor\/wp-json\/wp\/v2\/tags?post=72030"}],"curies":[{"name":"wp","href":"https:\/\/api.w.org\/{rel}","templated":true}]}}