{"id":72033,"date":"2024-04-12T14:20:41","date_gmt":"2024-04-12T19:20:41","guid":{"rendered":"https:\/\/luchonoticias.com\/?p=72033"},"modified":"2024-04-12T14:20:41","modified_gmt":"2024-04-12T19:20:41","slug":"hoy-comienzan-las-rondas-sampedrinas","status":"publish","type":"post","link":"https:\/\/luchonoticias.com\/editor\/hoy-comienzan-las-rondas-sampedrinas\/","title":{"rendered":"Hoy comienzan las rondas sampedrinas"},"content":{"rendered":"<p>A partir de las 6:00 de la tarde, hoy viernes 12 de abril, las rondas sampedrinas llegan cargadas de m\u00fasica, fiesta, reinas y folclor. Las comunas Uno y Nueve escoger\u00e1n a sus candidatas para que los representen en el Reinado Popular de este a\u00f1o, al igual que las ni\u00f1as candidatas al certamen Herederos de la Tradici\u00f3n.<\/p>\n<p>La programaci\u00f3n de esta noche promete ser un gran espect\u00e1culo en el que se cuenta con la participaci\u00f3n de la agrupaci\u00f3n musical Alfandoque, quienes tienen preparado un gran show de m\u00fasica, luces y pirot\u00e9cnia; el ballet internacional de Sonia G\u00f3mez llegar\u00e1 con una puesta en escena denominada \u2018Neiva de mis amores\u2019, donde a ritmo de bambucos, sanjuaneros y rumba mostrar\u00e1 la riqueza danc\u00edstica de la regi\u00f3n opita.<\/p>\n<p>Candidatas comuna Uno<\/p>\n<p>Reinado Popular<\/p>\n<p><img loading=\"lazy\" decoding=\"async\" class=\"alignnone wp-image-72035 size-full\" src=\"https:\/\/luchonoticias.com\/wp-content\/uploads\/2024\/04\/candidatas-comuna-1.jpg\" alt=\"\" width=\"700\" height=\"400\" srcset=\"https:\/\/luchonoticias.com\/editor\/wp-content\/uploads\/2024\/04\/candidatas-comuna-1.jpg 700w, https:\/\/luchonoticias.com\/editor\/wp-content\/uploads\/2024\/04\/candidatas-comuna-1-300x171.jpg 300w\" sizes=\"auto, (max-width: 700px) 100vw, 700px\" \/><\/p>\n<p>&nbsp;<\/p>\n<p>\u2705 Barrio Rodrigo Lara \u2013 Laura Camila Rivas.<\/p>\n<p>\u2705 Barrio Falla Bernal \u2013 Karol Andrea Castillo Llanos.<\/p>\n<p>\u2705 Barrio Las Mercedes 2 etapa \u2013 Mar\u00eda Catalina Cerquera Ch\u00e1varro.<\/p>\n<p>Herederos de la Tradici\u00f3n<\/p>\n<p><img loading=\"lazy\" decoding=\"async\" class=\"alignnone wp-image-72036 size-full\" src=\"https:\/\/luchonoticias.com\/wp-content\/uploads\/2024\/04\/herederos-comuna-1.jpg\" alt=\"\" width=\"700\" height=\"400\" srcset=\"https:\/\/luchonoticias.com\/editor\/wp-content\/uploads\/2024\/04\/herederos-comuna-1.jpg 700w, https:\/\/luchonoticias.com\/editor\/wp-content\/uploads\/2024\/04\/herederos-comuna-1-300x171.jpg 300w\" sizes=\"auto, (max-width: 700px) 100vw, 700px\" \/><\/p>\n<p>\u2705 Barrio El Tri\u00e1ngulo \u2013 Iren Dariana Garc\u00eda Casallas.<\/p>\n<p>\u2705 Barrio Rodrigo Lara \u2013 Rosa Mar\u00eda Moyano Cuenca<\/p>\n<p>Candidatas comuna Nueve<\/p>\n<p><img loading=\"lazy\" decoding=\"async\" class=\"alignnone wp-image-72037 size-full\" src=\"https:\/\/luchonoticias.com\/wp-content\/uploads\/2024\/04\/reinas-comuna-nueve.jpg\" alt=\"\" width=\"700\" height=\"400\" srcset=\"https:\/\/luchonoticias.com\/editor\/wp-content\/uploads\/2024\/04\/reinas-comuna-nueve.jpg 700w, https:\/\/luchonoticias.com\/editor\/wp-content\/uploads\/2024\/04\/reinas-comuna-nueve-300x171.jpg 300w\" sizes=\"auto, (max-width: 700px) 100vw, 700px\" \/><\/p>\n<p>Reinado Popular<\/p>\n<p>\u2705 Barrio Dolcey Andrade \u2013 Luz Natalia Calvache Ochoa.<\/p>\n<p>\u2705 Barrio Luis Carlos Gal\u00e1n \u2013 Laura Daniela Caicedo Ram\u00edrez.<\/p>\n<p>Herederos de la Tradici\u00f3n<\/p>\n<p>\u2705 Barrio Luis Eduardo Vanegas \u2013 Antonella Diaz Cu\u00e9llar.<\/p>\n<p>Como pre\u00e1mbulo de la ronda sampedrina se llevar\u00e1 a cabo la \u2018Vitrina Artesanal Microempresarial en San Juan y San Pedro\u2019, la cual reunir\u00e1 a los maestros artesanos, emprendedores y microempresarios de cada comuna para ofrecer sus productos gastron\u00f3micos y artesanales, bienes y servicios que tengan relaci\u00f3n con el festival.<\/p>\n<p>Las rondas sampedrinas son una celebraci\u00f3n de la cultura y la tradici\u00f3n huilense, donde se resalta el majestuoso Sanjuanero Huilense y se promueve el orgullo por las ra\u00edces huilenses, la invitaci\u00f3n es a todos los neivanos a participar de estos encuentros culturales y folcl\u00f3ricos que engalanan el inicio de la versi\u00f3n 63 del Festival del Bambuco en San Juan y San Pedro.<\/p>\n","protected":false},"excerpt":{"rendered":"<p>A partir de las 6:00 de la tarde, hoy viernes 12 de abril, las rondas sampedrinas llegan cargadas de m\u00fasica, fiesta, reinas y folclor. Las comunas Uno y Nueve escoger\u00e1n a sus candidatas para que los representen en el Reinado Popular de este a\u00f1o, al igual que las ni\u00f1as candidatas al certamen Herederos de la [&hellip;]<\/p>\n","protected":false},"author":2,"featured_media":72034,"comment_status":"closed","ping_status":"open","sticky":false,"template":"","format":"standard","meta":{"footnotes":""},"categories":[31],"tags":[],"class_list":["post-72033","post","type-post","status-publish","format-standard","has-post-thumbnail","hentry","category-local"],"yoast_head":"<!-- This site is optimized with the Yoast SEO plugin v26.6 - https:\/\/yoast.com\/wordpress\/plugins\/seo\/ -->\n<title>Hoy comienzan las rondas sampedrinas -<\/title>\n<meta name=\"robots\" content=\"index, follow, max-snippet:-1, max-image-preview:large, max-video-preview:-1\" \/>\n<link rel=\"canonical\" href=\"https:\/\/luchonoticias.com\/editor\/hoy-comienzan-las-rondas-sampedrinas\/\" \/>\n<meta property=\"og:locale\" content=\"es_ES\" \/>\n<meta property=\"og:type\" content=\"article\" \/>\n<meta property=\"og:title\" content=\"Hoy comienzan las rondas sampedrinas -\" \/>\n<meta property=\"og:url\" content=\"https:\/\/luchonoticias.com\/editor\/hoy-comienzan-las-rondas-sampedrinas\/\" \/>\n<meta property=\"article:publisher\" content=\"https:\/\/www.facebook.com\/luchonoticiasneiva\" \/>\n<meta property=\"article:published_time\" content=\"2024-04-12T19:20:41+00:00\" \/>\n<meta property=\"og:image\" content=\"https:\/\/luchonoticias.com\/editor\/wp-content\/uploads\/2024\/04\/rondas-sampedrinas.jpg\" \/>\n\t<meta property=\"og:image:width\" content=\"700\" \/>\n\t<meta property=\"og:image:height\" content=\"400\" \/>\n\t<meta property=\"og:image:type\" content=\"image\/jpeg\" \/>\n<meta name=\"author\" content=\"Editor General\" \/>\n<meta name=\"twitter:card\" content=\"summary_large_image\" \/>\n<meta name=\"twitter:label1\" content=\"Escrito por\" \/>\n\t<meta name=\"twitter:data1\" content=\"Editor General\" \/>\n\t<meta name=\"twitter:label2\" content=\"Tiempo de lectura\" \/>\n\t<meta name=\"twitter:data2\" content=\"2 minutos\" \/>\n<script type=\"application\/ld+json\" class=\"yoast-schema-graph\">{\"@context\":\"https:\/\/schema.org\",\"@graph\":[{\"@type\":\"Article\",\"@id\":\"https:\/\/luchonoticias.com\/editor\/hoy-comienzan-las-rondas-sampedrinas\/#article\",\"isPartOf\":{\"@id\":\"https:\/\/luchonoticias.com\/editor\/hoy-comienzan-las-rondas-sampedrinas\/\"},\"author\":{\"name\":\"Editor General\",\"@id\":\"https:\/\/luchonoticias.com\/editor\/#\/schema\/person\/29217990ddf6f14e35912b2866d591fb\"},\"headline\":\"Hoy comienzan las rondas sampedrinas\",\"datePublished\":\"2024-04-12T19:20:41+00:00\",\"mainEntityOfPage\":{\"@id\":\"https:\/\/luchonoticias.com\/editor\/hoy-comienzan-las-rondas-sampedrinas\/\"},\"wordCount\":345,\"publisher\":{\"@id\":\"https:\/\/luchonoticias.com\/editor\/#\/schema\/person\/7a7fd911f58561fd056dbac7b55af9cd\"},\"image\":{\"@id\":\"https:\/\/luchonoticias.com\/editor\/hoy-comienzan-las-rondas-sampedrinas\/#primaryimage\"},\"thumbnailUrl\":\"https:\/\/luchonoticias.com\/editor\/wp-content\/uploads\/2024\/04\/rondas-sampedrinas.jpg\",\"articleSection\":[\"Local\"],\"inLanguage\":\"es\"},{\"@type\":\"WebPage\",\"@id\":\"https:\/\/luchonoticias.com\/editor\/hoy-comienzan-las-rondas-sampedrinas\/\",\"url\":\"https:\/\/luchonoticias.com\/editor\/hoy-comienzan-las-rondas-sampedrinas\/\",\"name\":\"Hoy comienzan las rondas sampedrinas -\",\"isPartOf\":{\"@id\":\"https:\/\/luchonoticias.com\/editor\/#website\"},\"primaryImageOfPage\":{\"@id\":\"https:\/\/luchonoticias.com\/editor\/hoy-comienzan-las-rondas-sampedrinas\/#primaryimage\"},\"image\":{\"@id\":\"https:\/\/luchonoticias.com\/editor\/hoy-comienzan-las-rondas-sampedrinas\/#primaryimage\"},\"thumbnailUrl\":\"https:\/\/luchonoticias.com\/editor\/wp-content\/uploads\/2024\/04\/rondas-sampedrinas.jpg\",\"datePublished\":\"2024-04-12T19:20:41+00:00\",\"breadcrumb\":{\"@id\":\"https:\/\/luchonoticias.com\/editor\/hoy-comienzan-las-rondas-sampedrinas\/#breadcrumb\"},\"inLanguage\":\"es\",\"potentialAction\":[{\"@type\":\"ReadAction\",\"target\":[\"https:\/\/luchonoticias.com\/editor\/hoy-comienzan-las-rondas-sampedrinas\/\"]}]},{\"@type\":\"ImageObject\",\"inLanguage\":\"es\",\"@id\":\"https:\/\/luchonoticias.com\/editor\/hoy-comienzan-las-rondas-sampedrinas\/#primaryimage\",\"url\":\"https:\/\/luchonoticias.com\/editor\/wp-content\/uploads\/2024\/04\/rondas-sampedrinas.jpg\",\"contentUrl\":\"https:\/\/luchonoticias.com\/editor\/wp-content\/uploads\/2024\/04\/rondas-sampedrinas.jpg\",\"width\":700,\"height\":400},{\"@type\":\"BreadcrumbList\",\"@id\":\"https:\/\/luchonoticias.com\/editor\/hoy-comienzan-las-rondas-sampedrinas\/#breadcrumb\",\"itemListElement\":[{\"@type\":\"ListItem\",\"position\":1,\"name\":\"Portada\",\"item\":\"https:\/\/luchonoticias.com\/editor\/\"},{\"@type\":\"ListItem\",\"position\":2,\"name\":\"Hoy comienzan las rondas sampedrinas\"}]},{\"@type\":\"WebSite\",\"@id\":\"https:\/\/luchonoticias.com\/editor\/#website\",\"url\":\"https:\/\/luchonoticias.com\/editor\/\",\"name\":\"\",\"description\":\"\",\"publisher\":{\"@id\":\"https:\/\/luchonoticias.com\/editor\/#\/schema\/person\/7a7fd911f58561fd056dbac7b55af9cd\"},\"potentialAction\":[{\"@type\":\"SearchAction\",\"target\":{\"@type\":\"EntryPoint\",\"urlTemplate\":\"https:\/\/luchonoticias.com\/editor\/?s={search_term_string}\"},\"query-input\":{\"@type\":\"PropertyValueSpecification\",\"valueRequired\":true,\"valueName\":\"search_term_string\"}}],\"inLanguage\":\"es\"},{\"@type\":[\"Person\",\"Organization\"],\"@id\":\"https:\/\/luchonoticias.com\/editor\/#\/schema\/person\/7a7fd911f58561fd056dbac7b55af9cd\",\"name\":\"admin\",\"image\":{\"@type\":\"ImageObject\",\"inLanguage\":\"es\",\"@id\":\"https:\/\/luchonoticias.com\/editor\/#\/schema\/person\/image\/\",\"url\":\"https:\/\/luchonoticias.com\/editor\/wp-content\/uploads\/2024\/02\/cropped-cropped-logolu.webp\",\"contentUrl\":\"https:\/\/luchonoticias.com\/editor\/wp-content\/uploads\/2024\/02\/cropped-cropped-logolu.webp\",\"width\":382,\"height\":170,\"caption\":\"admin\"},\"logo\":{\"@id\":\"https:\/\/luchonoticias.com\/editor\/#\/schema\/person\/image\/\"},\"sameAs\":[\"https:\/\/www.facebook.com\/luchonoticiasneiva\"]},{\"@type\":\"Person\",\"@id\":\"https:\/\/luchonoticias.com\/editor\/#\/schema\/person\/29217990ddf6f14e35912b2866d591fb\",\"name\":\"Editor General\",\"image\":{\"@type\":\"ImageObject\",\"inLanguage\":\"es\",\"@id\":\"https:\/\/luchonoticias.com\/editor\/#\/schema\/person\/image\/\",\"url\":\"https:\/\/luchonoticias.com\/editor\/wp-content\/uploads\/2024\/02\/cropped-cropped-logolu-150x150.webp\",\"contentUrl\":\"https:\/\/luchonoticias.com\/editor\/wp-content\/uploads\/2024\/02\/cropped-cropped-logolu-150x150.webp\",\"caption\":\"Editor General\"},\"sameAs\":[\"https:\/\/luchonoticias.com\/\"],\"url\":\"https:\/\/luchonoticias.com\/editor\/author\/editor-general\/\"}]}<\/script>\n<!-- \/ Yoast SEO plugin. -->","yoast_head_json":{"title":"Hoy comienzan las rondas sampedrinas -","robots":{"index":"index","follow":"follow","max-snippet":"max-snippet:-1","max-image-preview":"max-image-preview:large","max-video-preview":"max-video-preview:-1"},"canonical":"https:\/\/luchonoticias.com\/editor\/hoy-comienzan-las-rondas-sampedrinas\/","og_locale":"es_ES","og_type":"article","og_title":"Hoy comienzan las rondas sampedrinas -","og_url":"https:\/\/luchonoticias.com\/editor\/hoy-comienzan-las-rondas-sampedrinas\/","article_publisher":"https:\/\/www.facebook.com\/luchonoticiasneiva","article_published_time":"2024-04-12T19:20:41+00:00","og_image":[{"width":700,"height":400,"url":"https:\/\/luchonoticias.com\/editor\/wp-content\/uploads\/2024\/04\/rondas-sampedrinas.jpg","type":"image\/jpeg"}],"author":"Editor General","twitter_card":"summary_large_image","twitter_misc":{"Escrito por":"Editor General","Tiempo de lectura":"2 minutos"},"schema":{"@context":"https:\/\/schema.org","@graph":[{"@type":"Article","@id":"https:\/\/luchonoticias.com\/editor\/hoy-comienzan-las-rondas-sampedrinas\/#article","isPartOf":{"@id":"https:\/\/luchonoticias.com\/editor\/hoy-comienzan-las-rondas-sampedrinas\/"},"author":{"name":"Editor General","@id":"https:\/\/luchonoticias.com\/editor\/#\/schema\/person\/29217990ddf6f14e35912b2866d591fb"},"headline":"Hoy comienzan las rondas sampedrinas","datePublished":"2024-04-12T19:20:41+00:00","mainEntityOfPage":{"@id":"https:\/\/luchonoticias.com\/editor\/hoy-comienzan-las-rondas-sampedrinas\/"},"wordCount":345,"publisher":{"@id":"https:\/\/luchonoticias.com\/editor\/#\/schema\/person\/7a7fd911f58561fd056dbac7b55af9cd"},"image":{"@id":"https:\/\/luchonoticias.com\/editor\/hoy-comienzan-las-rondas-sampedrinas\/#primaryimage"},"thumbnailUrl":"https:\/\/luchonoticias.com\/editor\/wp-content\/uploads\/2024\/04\/rondas-sampedrinas.jpg","articleSection":["Local"],"inLanguage":"es"},{"@type":"WebPage","@id":"https:\/\/luchonoticias.com\/editor\/hoy-comienzan-las-rondas-sampedrinas\/","url":"https:\/\/luchonoticias.com\/editor\/hoy-comienzan-las-rondas-sampedrinas\/","name":"Hoy comienzan las rondas sampedrinas -","isPartOf":{"@id":"https:\/\/luchonoticias.com\/editor\/#website"},"primaryImageOfPage":{"@id":"https:\/\/luchonoticias.com\/editor\/hoy-comienzan-las-rondas-sampedrinas\/#primaryimage"},"image":{"@id":"https:\/\/luchonoticias.com\/editor\/hoy-comienzan-las-rondas-sampedrinas\/#primaryimage"},"thumbnailUrl":"https:\/\/luchonoticias.com\/editor\/wp-content\/uploads\/2024\/04\/rondas-sampedrinas.jpg","datePublished":"2024-04-12T19:20:41+00:00","breadcrumb":{"@id":"https:\/\/luchonoticias.com\/editor\/hoy-comienzan-las-rondas-sampedrinas\/#breadcrumb"},"inLanguage":"es","potentialAction":[{"@type":"ReadAction","target":["https:\/\/luchonoticias.com\/editor\/hoy-comienzan-las-rondas-sampedrinas\/"]}]},{"@type":"ImageObject","inLanguage":"es","@id":"https:\/\/luchonoticias.com\/editor\/hoy-comienzan-las-rondas-sampedrinas\/#primaryimage","url":"https:\/\/luchonoticias.com\/editor\/wp-content\/uploads\/2024\/04\/rondas-sampedrinas.jpg","contentUrl":"https:\/\/luchonoticias.com\/editor\/wp-content\/uploads\/2024\/04\/rondas-sampedrinas.jpg","width":700,"height":400},{"@type":"BreadcrumbList","@id":"https:\/\/luchonoticias.com\/editor\/hoy-comienzan-las-rondas-sampedrinas\/#breadcrumb","itemListElement":[{"@type":"ListItem","position":1,"name":"Portada","item":"https:\/\/luchonoticias.com\/editor\/"},{"@type":"ListItem","position":2,"name":"Hoy comienzan las rondas sampedrinas"}]},{"@type":"WebSite","@id":"https:\/\/luchonoticias.com\/editor\/#website","url":"https:\/\/luchonoticias.com\/editor\/","name":"","description":"","publisher":{"@id":"https:\/\/luchonoticias.com\/editor\/#\/schema\/person\/7a7fd911f58561fd056dbac7b55af9cd"},"potentialAction":[{"@type":"SearchAction","target":{"@type":"EntryPoint","urlTemplate":"https:\/\/luchonoticias.com\/editor\/?s={search_term_string}"},"query-input":{"@type":"PropertyValueSpecification","valueRequired":true,"valueName":"search_term_string"}}],"inLanguage":"es"},{"@type":["Person","Organization"],"@id":"https:\/\/luchonoticias.com\/editor\/#\/schema\/person\/7a7fd911f58561fd056dbac7b55af9cd","name":"admin","image":{"@type":"ImageObject","inLanguage":"es","@id":"https:\/\/luchonoticias.com\/editor\/#\/schema\/person\/image\/","url":"https:\/\/luchonoticias.com\/editor\/wp-content\/uploads\/2024\/02\/cropped-cropped-logolu.webp","contentUrl":"https:\/\/luchonoticias.com\/editor\/wp-content\/uploads\/2024\/02\/cropped-cropped-logolu.webp","width":382,"height":170,"caption":"admin"},"logo":{"@id":"https:\/\/luchonoticias.com\/editor\/#\/schema\/person\/image\/"},"sameAs":["https:\/\/www.facebook.com\/luchonoticiasneiva"]},{"@type":"Person","@id":"https:\/\/luchonoticias.com\/editor\/#\/schema\/person\/29217990ddf6f14e35912b2866d591fb","name":"Editor General","image":{"@type":"ImageObject","inLanguage":"es","@id":"https:\/\/luchonoticias.com\/editor\/#\/schema\/person\/image\/","url":"https:\/\/luchonoticias.com\/editor\/wp-content\/uploads\/2024\/02\/cropped-cropped-logolu-150x150.webp","contentUrl":"https:\/\/luchonoticias.com\/editor\/wp-content\/uploads\/2024\/02\/cropped-cropped-logolu-150x150.webp","caption":"Editor General"},"sameAs":["https:\/\/luchonoticias.com\/"],"url":"https:\/\/luchonoticias.com\/editor\/author\/editor-general\/"}]}},"_links":{"self":[{"href":"https:\/\/luchonoticias.com\/editor\/wp-json\/wp\/v2\/posts\/72033","targetHints":{"allow":["GET"]}}],"collection":[{"href":"https:\/\/luchonoticias.com\/editor\/wp-json\/wp\/v2\/posts"}],"about":[{"href":"https:\/\/luchonoticias.com\/editor\/wp-json\/wp\/v2\/types\/post"}],"author":[{"embeddable":true,"href":"https:\/\/luchonoticias.com\/editor\/wp-json\/wp\/v2\/users\/2"}],"replies":[{"embeddable":true,"href":"https:\/\/luchonoticias.com\/editor\/wp-json\/wp\/v2\/comments?post=72033"}],"version-history":[{"count":0,"href":"https:\/\/luchonoticias.com\/editor\/wp-json\/wp\/v2\/posts\/72033\/revisions"}],"wp:featuredmedia":[{"embeddable":true,"href":"https:\/\/luchonoticias.com\/editor\/wp-json\/wp\/v2\/media\/72034"}],"wp:attachment":[{"href":"https:\/\/luchonoticias.com\/editor\/wp-json\/wp\/v2\/media?parent=72033"}],"wp:term":[{"taxonomy":"category","embeddable":true,"href":"https:\/\/luchonoticias.com\/editor\/wp-json\/wp\/v2\/categories?post=72033"},{"taxonomy":"post_tag","embeddable":true,"href":"https:\/\/luchonoticias.com\/editor\/wp-json\/wp\/v2\/tags?post=72033"}],"curies":[{"name":"wp","href":"https:\/\/api.w.org\/{rel}","templated":true}]}}