{"id":72040,"date":"2024-04-12T16:43:57","date_gmt":"2024-04-12T21:43:57","guid":{"rendered":"https:\/\/luchonoticias.com\/?p=72040"},"modified":"2024-04-12T16:43:57","modified_gmt":"2024-04-12T21:43:57","slug":"cam-construye-su-plan-de-accion-con-la-comunidad","status":"publish","type":"post","link":"https:\/\/luchonoticias.com\/editor\/cam-construye-su-plan-de-accion-con-la-comunidad\/","title":{"rendered":"CAM construye su plan de acci\u00f3n con la comunidad"},"content":{"rendered":"<p>La ciudadan\u00eda huilense, representantes de los sectores p\u00fablicos y privados, ONG\u00b4s ambientales, entes de control, veedores ciudadanos, grupos \u00e9tnicos, la academia y j\u00f3venes, est\u00e1n convocados a participar de la Audiencia P\u00fablica de presentaci\u00f3n del Plan de Acci\u00f3n 2024 \u2013 2027 de la Corporaci\u00f3n Aut\u00f3noma Regional del Alto Magdalena-CAM<\/p>\n<p>El evento se llevar\u00e1 a cabo este martes 16 de abril, a partir de las 8:00 a.m. en el auditorio del Sena Industrial de Neiva, con el prop\u00f3sito de dar a conocer a los huilenses los \u00a0proyectos, programas e indicadores que la CAM ha definido para la conservar y administrar los recursos \u00a0naturales del departamento por los pr\u00f3ximos cuatro a\u00f1os.<\/p>\n<p>\u201cInvitamos a la comunidad huilense a participar de la Audiencia P\u00fablica de presentaci\u00f3n de nuestro proyecto de Plan de Acci\u00f3n Institucional 2024 \u2013 2027 para que de manera conjunta sigamos contribuyendo a la protecci\u00f3n de nuestros recursos naturales\u201d, indic\u00f3 Edisney Silva Argote, subdirectora de Planeaci\u00f3n y Ordenamiento Territorial de la CAM.<\/p>\n<p><strong>Construcci\u00f3n del Plan<\/strong><\/p>\n<p>Para la elaboraci\u00f3n del Plan de Acci\u00f3n\u00a0participaron comunidades locales, instituciones p\u00fablicas, la academia, sectores productivos, organizaciones sociales y ambientales, del sur, centro, occidente y norte del\u00a0 Huila, quienes decidieron unirse a la construcci\u00f3n de la carta de navegaci\u00f3n de la Corporaci\u00f3n para los pr\u00f3ximos cuatro a\u00f1os.<\/p>\n<p>\u201cEste Plan de Acci\u00f3n fue construido con las comunidades, la institucionalidad y los gremios luego de realizarse cinco encuentros regionales en donde escuchamos sus aportes, sugerencias e inquietudes sobre c\u00f3mo fortalecer la gesti\u00f3n ambiental en el departamento\u201d, explic\u00f3 la Subdirectora de Planeaci\u00f3n.<\/p>\n<p>Es as\u00ed como en los cuatro talleres regionales m\u00e1s un taller con comunidades ind\u00edgenas, participaron m\u00e1s de 490 personas quienes hicieron sus aportes en estos escenarios de di\u00e1logo. Adem\u00e1s, se adelantaron mesas de trabajo con el Consejo Directivo de la CAM, se recibieron 57 propuestas en su buz\u00f3n y 28 iniciativas fueron inscritas en su p\u00e1gina web de la Corporaci\u00f3n, insumos importantes que sirvieron para elaborar el proyecto Plan de Acci\u00f3n de cara a la ciudadan\u00eda.<\/p>\n<p>Finalmente la subdirectora de Planeaci\u00f3n y Ordenamiento Territorial reiter\u00f3 la invitaci\u00f3n\u00a0a la comunidad a ser parte de este espacio de participaci\u00f3n ciudadana, el cual contribuye con la gesti\u00f3n ambiental del territorio.<\/p>\n","protected":false},"excerpt":{"rendered":"<p>La ciudadan\u00eda huilense, representantes de los sectores p\u00fablicos y privados, ONG\u00b4s ambientales, entes de control, veedores ciudadanos, grupos \u00e9tnicos, la academia y j\u00f3venes, est\u00e1n convocados a participar de la Audiencia P\u00fablica de presentaci\u00f3n del Plan de Acci\u00f3n 2024 \u2013 2027 de la Corporaci\u00f3n Aut\u00f3noma Regional del Alto Magdalena-CAM El evento se llevar\u00e1 a cabo este [&hellip;]<\/p>\n","protected":false},"author":2,"featured_media":72041,"comment_status":"closed","ping_status":"open","sticky":false,"template":"","format":"standard","meta":{"footnotes":""},"categories":[33],"tags":[],"class_list":["post-72040","post","type-post","status-publish","format-standard","has-post-thumbnail","hentry","category-huila"],"yoast_head":"<!-- This site is optimized with the Yoast SEO plugin v26.6 - https:\/\/yoast.com\/wordpress\/plugins\/seo\/ -->\n<title>CAM construye su plan de acci\u00f3n con la comunidad -<\/title>\n<meta name=\"robots\" content=\"index, follow, max-snippet:-1, max-image-preview:large, max-video-preview:-1\" \/>\n<link rel=\"canonical\" href=\"https:\/\/luchonoticias.com\/editor\/cam-construye-su-plan-de-accion-con-la-comunidad\/\" \/>\n<meta property=\"og:locale\" content=\"es_ES\" \/>\n<meta property=\"og:type\" content=\"article\" \/>\n<meta property=\"og:title\" content=\"CAM construye su plan de acci\u00f3n con la comunidad -\" \/>\n<meta property=\"og:url\" content=\"https:\/\/luchonoticias.com\/editor\/cam-construye-su-plan-de-accion-con-la-comunidad\/\" \/>\n<meta property=\"article:publisher\" content=\"https:\/\/www.facebook.com\/luchonoticiasneiva\" \/>\n<meta property=\"article:published_time\" content=\"2024-04-12T21:43:57+00:00\" \/>\n<meta property=\"og:image\" content=\"https:\/\/luchonoticias.com\/editor\/wp-content\/uploads\/2024\/04\/cam-plan.jpg\" \/>\n\t<meta property=\"og:image:width\" content=\"700\" \/>\n\t<meta property=\"og:image:height\" content=\"400\" \/>\n\t<meta property=\"og:image:type\" content=\"image\/jpeg\" \/>\n<meta name=\"author\" content=\"Editor General\" \/>\n<meta name=\"twitter:card\" content=\"summary_large_image\" \/>\n<meta name=\"twitter:label1\" content=\"Escrito por\" \/>\n\t<meta name=\"twitter:data1\" content=\"Editor General\" \/>\n\t<meta name=\"twitter:label2\" content=\"Tiempo de lectura\" \/>\n\t<meta name=\"twitter:data2\" content=\"2 minutos\" \/>\n<script type=\"application\/ld+json\" class=\"yoast-schema-graph\">{\"@context\":\"https:\/\/schema.org\",\"@graph\":[{\"@type\":\"Article\",\"@id\":\"https:\/\/luchonoticias.com\/editor\/cam-construye-su-plan-de-accion-con-la-comunidad\/#article\",\"isPartOf\":{\"@id\":\"https:\/\/luchonoticias.com\/editor\/cam-construye-su-plan-de-accion-con-la-comunidad\/\"},\"author\":{\"name\":\"Editor General\",\"@id\":\"https:\/\/luchonoticias.com\/editor\/#\/schema\/person\/29217990ddf6f14e35912b2866d591fb\"},\"headline\":\"CAM construye su plan de acci\u00f3n con la comunidad\",\"datePublished\":\"2024-04-12T21:43:57+00:00\",\"mainEntityOfPage\":{\"@id\":\"https:\/\/luchonoticias.com\/editor\/cam-construye-su-plan-de-accion-con-la-comunidad\/\"},\"wordCount\":404,\"publisher\":{\"@id\":\"https:\/\/luchonoticias.com\/editor\/#\/schema\/person\/7a7fd911f58561fd056dbac7b55af9cd\"},\"image\":{\"@id\":\"https:\/\/luchonoticias.com\/editor\/cam-construye-su-plan-de-accion-con-la-comunidad\/#primaryimage\"},\"thumbnailUrl\":\"https:\/\/luchonoticias.com\/editor\/wp-content\/uploads\/2024\/04\/cam-plan.jpg\",\"articleSection\":[\"Huila\"],\"inLanguage\":\"es\"},{\"@type\":\"WebPage\",\"@id\":\"https:\/\/luchonoticias.com\/editor\/cam-construye-su-plan-de-accion-con-la-comunidad\/\",\"url\":\"https:\/\/luchonoticias.com\/editor\/cam-construye-su-plan-de-accion-con-la-comunidad\/\",\"name\":\"CAM construye su plan de acci\u00f3n con la comunidad -\",\"isPartOf\":{\"@id\":\"https:\/\/luchonoticias.com\/editor\/#website\"},\"primaryImageOfPage\":{\"@id\":\"https:\/\/luchonoticias.com\/editor\/cam-construye-su-plan-de-accion-con-la-comunidad\/#primaryimage\"},\"image\":{\"@id\":\"https:\/\/luchonoticias.com\/editor\/cam-construye-su-plan-de-accion-con-la-comunidad\/#primaryimage\"},\"thumbnailUrl\":\"https:\/\/luchonoticias.com\/editor\/wp-content\/uploads\/2024\/04\/cam-plan.jpg\",\"datePublished\":\"2024-04-12T21:43:57+00:00\",\"breadcrumb\":{\"@id\":\"https:\/\/luchonoticias.com\/editor\/cam-construye-su-plan-de-accion-con-la-comunidad\/#breadcrumb\"},\"inLanguage\":\"es\",\"potentialAction\":[{\"@type\":\"ReadAction\",\"target\":[\"https:\/\/luchonoticias.com\/editor\/cam-construye-su-plan-de-accion-con-la-comunidad\/\"]}]},{\"@type\":\"ImageObject\",\"inLanguage\":\"es\",\"@id\":\"https:\/\/luchonoticias.com\/editor\/cam-construye-su-plan-de-accion-con-la-comunidad\/#primaryimage\",\"url\":\"https:\/\/luchonoticias.com\/editor\/wp-content\/uploads\/2024\/04\/cam-plan.jpg\",\"contentUrl\":\"https:\/\/luchonoticias.com\/editor\/wp-content\/uploads\/2024\/04\/cam-plan.jpg\",\"width\":700,\"height\":400},{\"@type\":\"BreadcrumbList\",\"@id\":\"https:\/\/luchonoticias.com\/editor\/cam-construye-su-plan-de-accion-con-la-comunidad\/#breadcrumb\",\"itemListElement\":[{\"@type\":\"ListItem\",\"position\":1,\"name\":\"Portada\",\"item\":\"https:\/\/luchonoticias.com\/editor\/\"},{\"@type\":\"ListItem\",\"position\":2,\"name\":\"CAM construye su plan de acci\u00f3n con la comunidad\"}]},{\"@type\":\"WebSite\",\"@id\":\"https:\/\/luchonoticias.com\/editor\/#website\",\"url\":\"https:\/\/luchonoticias.com\/editor\/\",\"name\":\"\",\"description\":\"\",\"publisher\":{\"@id\":\"https:\/\/luchonoticias.com\/editor\/#\/schema\/person\/7a7fd911f58561fd056dbac7b55af9cd\"},\"potentialAction\":[{\"@type\":\"SearchAction\",\"target\":{\"@type\":\"EntryPoint\",\"urlTemplate\":\"https:\/\/luchonoticias.com\/editor\/?s={search_term_string}\"},\"query-input\":{\"@type\":\"PropertyValueSpecification\",\"valueRequired\":true,\"valueName\":\"search_term_string\"}}],\"inLanguage\":\"es\"},{\"@type\":[\"Person\",\"Organization\"],\"@id\":\"https:\/\/luchonoticias.com\/editor\/#\/schema\/person\/7a7fd911f58561fd056dbac7b55af9cd\",\"name\":\"admin\",\"image\":{\"@type\":\"ImageObject\",\"inLanguage\":\"es\",\"@id\":\"https:\/\/luchonoticias.com\/editor\/#\/schema\/person\/image\/\",\"url\":\"https:\/\/luchonoticias.com\/editor\/wp-content\/uploads\/2024\/02\/cropped-cropped-logolu.webp\",\"contentUrl\":\"https:\/\/luchonoticias.com\/editor\/wp-content\/uploads\/2024\/02\/cropped-cropped-logolu.webp\",\"width\":382,\"height\":170,\"caption\":\"admin\"},\"logo\":{\"@id\":\"https:\/\/luchonoticias.com\/editor\/#\/schema\/person\/image\/\"},\"sameAs\":[\"https:\/\/www.facebook.com\/luchonoticiasneiva\"]},{\"@type\":\"Person\",\"@id\":\"https:\/\/luchonoticias.com\/editor\/#\/schema\/person\/29217990ddf6f14e35912b2866d591fb\",\"name\":\"Editor General\",\"image\":{\"@type\":\"ImageObject\",\"inLanguage\":\"es\",\"@id\":\"https:\/\/luchonoticias.com\/editor\/#\/schema\/person\/image\/\",\"url\":\"https:\/\/luchonoticias.com\/editor\/wp-content\/uploads\/2024\/02\/cropped-cropped-logolu-150x150.webp\",\"contentUrl\":\"https:\/\/luchonoticias.com\/editor\/wp-content\/uploads\/2024\/02\/cropped-cropped-logolu-150x150.webp\",\"caption\":\"Editor General\"},\"sameAs\":[\"https:\/\/luchonoticias.com\/\"],\"url\":\"https:\/\/luchonoticias.com\/editor\/author\/editor-general\/\"}]}<\/script>\n<!-- \/ Yoast SEO plugin. -->","yoast_head_json":{"title":"CAM construye su plan de acci\u00f3n con la comunidad -","robots":{"index":"index","follow":"follow","max-snippet":"max-snippet:-1","max-image-preview":"max-image-preview:large","max-video-preview":"max-video-preview:-1"},"canonical":"https:\/\/luchonoticias.com\/editor\/cam-construye-su-plan-de-accion-con-la-comunidad\/","og_locale":"es_ES","og_type":"article","og_title":"CAM construye su plan de acci\u00f3n con la comunidad -","og_url":"https:\/\/luchonoticias.com\/editor\/cam-construye-su-plan-de-accion-con-la-comunidad\/","article_publisher":"https:\/\/www.facebook.com\/luchonoticiasneiva","article_published_time":"2024-04-12T21:43:57+00:00","og_image":[{"width":700,"height":400,"url":"https:\/\/luchonoticias.com\/editor\/wp-content\/uploads\/2024\/04\/cam-plan.jpg","type":"image\/jpeg"}],"author":"Editor General","twitter_card":"summary_large_image","twitter_misc":{"Escrito por":"Editor General","Tiempo de lectura":"2 minutos"},"schema":{"@context":"https:\/\/schema.org","@graph":[{"@type":"Article","@id":"https:\/\/luchonoticias.com\/editor\/cam-construye-su-plan-de-accion-con-la-comunidad\/#article","isPartOf":{"@id":"https:\/\/luchonoticias.com\/editor\/cam-construye-su-plan-de-accion-con-la-comunidad\/"},"author":{"name":"Editor General","@id":"https:\/\/luchonoticias.com\/editor\/#\/schema\/person\/29217990ddf6f14e35912b2866d591fb"},"headline":"CAM construye su plan de acci\u00f3n con la comunidad","datePublished":"2024-04-12T21:43:57+00:00","mainEntityOfPage":{"@id":"https:\/\/luchonoticias.com\/editor\/cam-construye-su-plan-de-accion-con-la-comunidad\/"},"wordCount":404,"publisher":{"@id":"https:\/\/luchonoticias.com\/editor\/#\/schema\/person\/7a7fd911f58561fd056dbac7b55af9cd"},"image":{"@id":"https:\/\/luchonoticias.com\/editor\/cam-construye-su-plan-de-accion-con-la-comunidad\/#primaryimage"},"thumbnailUrl":"https:\/\/luchonoticias.com\/editor\/wp-content\/uploads\/2024\/04\/cam-plan.jpg","articleSection":["Huila"],"inLanguage":"es"},{"@type":"WebPage","@id":"https:\/\/luchonoticias.com\/editor\/cam-construye-su-plan-de-accion-con-la-comunidad\/","url":"https:\/\/luchonoticias.com\/editor\/cam-construye-su-plan-de-accion-con-la-comunidad\/","name":"CAM construye su plan de acci\u00f3n con la comunidad -","isPartOf":{"@id":"https:\/\/luchonoticias.com\/editor\/#website"},"primaryImageOfPage":{"@id":"https:\/\/luchonoticias.com\/editor\/cam-construye-su-plan-de-accion-con-la-comunidad\/#primaryimage"},"image":{"@id":"https:\/\/luchonoticias.com\/editor\/cam-construye-su-plan-de-accion-con-la-comunidad\/#primaryimage"},"thumbnailUrl":"https:\/\/luchonoticias.com\/editor\/wp-content\/uploads\/2024\/04\/cam-plan.jpg","datePublished":"2024-04-12T21:43:57+00:00","breadcrumb":{"@id":"https:\/\/luchonoticias.com\/editor\/cam-construye-su-plan-de-accion-con-la-comunidad\/#breadcrumb"},"inLanguage":"es","potentialAction":[{"@type":"ReadAction","target":["https:\/\/luchonoticias.com\/editor\/cam-construye-su-plan-de-accion-con-la-comunidad\/"]}]},{"@type":"ImageObject","inLanguage":"es","@id":"https:\/\/luchonoticias.com\/editor\/cam-construye-su-plan-de-accion-con-la-comunidad\/#primaryimage","url":"https:\/\/luchonoticias.com\/editor\/wp-content\/uploads\/2024\/04\/cam-plan.jpg","contentUrl":"https:\/\/luchonoticias.com\/editor\/wp-content\/uploads\/2024\/04\/cam-plan.jpg","width":700,"height":400},{"@type":"BreadcrumbList","@id":"https:\/\/luchonoticias.com\/editor\/cam-construye-su-plan-de-accion-con-la-comunidad\/#breadcrumb","itemListElement":[{"@type":"ListItem","position":1,"name":"Portada","item":"https:\/\/luchonoticias.com\/editor\/"},{"@type":"ListItem","position":2,"name":"CAM construye su plan de acci\u00f3n con la comunidad"}]},{"@type":"WebSite","@id":"https:\/\/luchonoticias.com\/editor\/#website","url":"https:\/\/luchonoticias.com\/editor\/","name":"","description":"","publisher":{"@id":"https:\/\/luchonoticias.com\/editor\/#\/schema\/person\/7a7fd911f58561fd056dbac7b55af9cd"},"potentialAction":[{"@type":"SearchAction","target":{"@type":"EntryPoint","urlTemplate":"https:\/\/luchonoticias.com\/editor\/?s={search_term_string}"},"query-input":{"@type":"PropertyValueSpecification","valueRequired":true,"valueName":"search_term_string"}}],"inLanguage":"es"},{"@type":["Person","Organization"],"@id":"https:\/\/luchonoticias.com\/editor\/#\/schema\/person\/7a7fd911f58561fd056dbac7b55af9cd","name":"admin","image":{"@type":"ImageObject","inLanguage":"es","@id":"https:\/\/luchonoticias.com\/editor\/#\/schema\/person\/image\/","url":"https:\/\/luchonoticias.com\/editor\/wp-content\/uploads\/2024\/02\/cropped-cropped-logolu.webp","contentUrl":"https:\/\/luchonoticias.com\/editor\/wp-content\/uploads\/2024\/02\/cropped-cropped-logolu.webp","width":382,"height":170,"caption":"admin"},"logo":{"@id":"https:\/\/luchonoticias.com\/editor\/#\/schema\/person\/image\/"},"sameAs":["https:\/\/www.facebook.com\/luchonoticiasneiva"]},{"@type":"Person","@id":"https:\/\/luchonoticias.com\/editor\/#\/schema\/person\/29217990ddf6f14e35912b2866d591fb","name":"Editor General","image":{"@type":"ImageObject","inLanguage":"es","@id":"https:\/\/luchonoticias.com\/editor\/#\/schema\/person\/image\/","url":"https:\/\/luchonoticias.com\/editor\/wp-content\/uploads\/2024\/02\/cropped-cropped-logolu-150x150.webp","contentUrl":"https:\/\/luchonoticias.com\/editor\/wp-content\/uploads\/2024\/02\/cropped-cropped-logolu-150x150.webp","caption":"Editor General"},"sameAs":["https:\/\/luchonoticias.com\/"],"url":"https:\/\/luchonoticias.com\/editor\/author\/editor-general\/"}]}},"_links":{"self":[{"href":"https:\/\/luchonoticias.com\/editor\/wp-json\/wp\/v2\/posts\/72040","targetHints":{"allow":["GET"]}}],"collection":[{"href":"https:\/\/luchonoticias.com\/editor\/wp-json\/wp\/v2\/posts"}],"about":[{"href":"https:\/\/luchonoticias.com\/editor\/wp-json\/wp\/v2\/types\/post"}],"author":[{"embeddable":true,"href":"https:\/\/luchonoticias.com\/editor\/wp-json\/wp\/v2\/users\/2"}],"replies":[{"embeddable":true,"href":"https:\/\/luchonoticias.com\/editor\/wp-json\/wp\/v2\/comments?post=72040"}],"version-history":[{"count":0,"href":"https:\/\/luchonoticias.com\/editor\/wp-json\/wp\/v2\/posts\/72040\/revisions"}],"wp:featuredmedia":[{"embeddable":true,"href":"https:\/\/luchonoticias.com\/editor\/wp-json\/wp\/v2\/media\/72041"}],"wp:attachment":[{"href":"https:\/\/luchonoticias.com\/editor\/wp-json\/wp\/v2\/media?parent=72040"}],"wp:term":[{"taxonomy":"category","embeddable":true,"href":"https:\/\/luchonoticias.com\/editor\/wp-json\/wp\/v2\/categories?post=72040"},{"taxonomy":"post_tag","embeddable":true,"href":"https:\/\/luchonoticias.com\/editor\/wp-json\/wp\/v2\/tags?post=72040"}],"curies":[{"name":"wp","href":"https:\/\/api.w.org\/{rel}","templated":true}]}}