{"id":72049,"date":"2024-04-12T22:04:09","date_gmt":"2024-04-13T03:04:09","guid":{"rendered":"https:\/\/luchonoticias.com\/?p=72049"},"modified":"2024-04-12T22:04:09","modified_gmt":"2024-04-13T03:04:09","slug":"comuna-uno-dio-inicio-a-las-rondas-sampedrinas","status":"publish","type":"post","link":"https:\/\/luchonoticias.com\/editor\/comuna-uno-dio-inicio-a-las-rondas-sampedrinas\/","title":{"rendered":"Comuna Uno dio inicio a las Rondas Sampedrinas"},"content":{"rendered":"<p>La programaci\u00f3n dise\u00f1ada para llevar alegr\u00eda y folclor fue todo un \u00e9xito, los participantes de la primera ronda sampedrina disfrutaron de los ritmos del Sanjuanero, al igual que unas puestas en escena que marcaron la diferencia.<\/p>\n<p>Al ritmo de m\u00fasica aut\u00f3ctona, la agrupaci\u00f3n Alfandoque contagi\u00f3 a los asistentes de baile, alegr\u00eda y folclor; asimismo el ballet folcl\u00f3rico internacional de Sonia G\u00f3mez deleit\u00f3 a los espectadores con un espect\u00e1culo danc\u00edstico llamado \u2018Neiva de mis amores\u2019, con un repertorio de bambucos, sanjuaneros y rumba.<\/p>\n<p>Candidatas seleccionadas<\/p>\n<p>El jurado calificador que tuvo a cargo escoger los mejores sanjuaneros de la noche, estuvo conformado por Lina Rodr\u00edguez, el ingeniero Omar D\u00edaz Gonz\u00e1lez y la gestora cultural Marha Constanza Cu\u00e9llar.<\/p>\n<p>Despu\u00e9s de que las candidatas bailaran, el jurado calificador de la noche tuvo la dif\u00edcil tarea de escoger con precisi\u00f3n, las mejores interpretaciones del Sanjuanero Huilense.<\/p>\n<p>El porcentaje de evaluaci\u00f3n de las rondas est\u00e1 representado de la siguiente manera:<\/p>\n<p>\u2705 Interpretaci\u00f3n del Sanjuanero Huilense: 80%<br \/>\n\u2705 Popularidad: 10%<br \/>\n\u2705 Carisma: 10%<\/p>\n<p>Tras la meticulosa elecci\u00f3n, el jurado decidi\u00f3 que las candidatas que representar\u00e1n a sus comunas en el Reinado Popular y Herederos de la Tradici\u00f3n son:<\/p>\n<p>Comuna Uno<\/p>\n<p>Barrio Rodrigo Lara &#8211; Laura Camila Rivas.<\/p>\n<p>Barrio Las Mercedes II Etapa &#8211; Karol Andrea Castillo.<\/p>\n<p>Comuna Nueve<\/p>\n<p>Barrio Dolcey Andrade &#8211; Luz Natalia Calvache.<\/p>\n<p>Barrio Luis Carlos Galan &#8211; Laura Daniela Caicedo Ram\u00edrez.<\/p>\n<p>Herederos de la Tradici\u00f3n<\/p>\n<p>Barrio Lara Bonilla &#8211; Rosa Mar\u00eda Moyano Cuenca comuna Uno.<\/p>\n<p>Barrio Tri\u00e1ngulo &#8211; Irene Darianna Garc\u00eda Casallas comuna Uno.<\/p>\n<p>Barrio Luis Eduardo Vanegas &#8211; Antonella D\u00edaz Cu\u00e9llar comuna Nueve.<\/p>\n","protected":false},"excerpt":{"rendered":"<p>La programaci\u00f3n dise\u00f1ada para llevar alegr\u00eda y folclor fue todo un \u00e9xito, los participantes de la primera ronda sampedrina disfrutaron de los ritmos del Sanjuanero, al igual que unas puestas en escena que marcaron la diferencia. Al ritmo de m\u00fasica aut\u00f3ctona, la agrupaci\u00f3n Alfandoque contagi\u00f3 a los asistentes de baile, alegr\u00eda y folclor; asimismo el [&hellip;]<\/p>\n","protected":false},"author":2,"featured_media":72050,"comment_status":"closed","ping_status":"open","sticky":false,"template":"","format":"standard","meta":{"footnotes":""},"categories":[31],"tags":[],"class_list":["post-72049","post","type-post","status-publish","format-standard","has-post-thumbnail","hentry","category-local"],"yoast_head":"<!-- This site is optimized with the Yoast SEO plugin v26.6 - https:\/\/yoast.com\/wordpress\/plugins\/seo\/ -->\n<title>Comuna Uno dio inicio a las Rondas Sampedrinas -<\/title>\n<meta name=\"robots\" content=\"index, follow, max-snippet:-1, max-image-preview:large, max-video-preview:-1\" \/>\n<link rel=\"canonical\" href=\"https:\/\/luchonoticias.com\/editor\/comuna-uno-dio-inicio-a-las-rondas-sampedrinas\/\" \/>\n<meta property=\"og:locale\" content=\"es_ES\" \/>\n<meta property=\"og:type\" content=\"article\" \/>\n<meta property=\"og:title\" content=\"Comuna Uno dio inicio a las Rondas Sampedrinas -\" \/>\n<meta property=\"og:url\" content=\"https:\/\/luchonoticias.com\/editor\/comuna-uno-dio-inicio-a-las-rondas-sampedrinas\/\" \/>\n<meta property=\"article:publisher\" content=\"https:\/\/www.facebook.com\/luchonoticiasneiva\" \/>\n<meta property=\"article:published_time\" content=\"2024-04-13T03:04:09+00:00\" \/>\n<meta property=\"og:image\" content=\"https:\/\/luchonoticias.com\/editor\/wp-content\/uploads\/2024\/04\/rondas-sampedrinas-2.jpg\" \/>\n\t<meta property=\"og:image:width\" content=\"700\" \/>\n\t<meta property=\"og:image:height\" content=\"400\" \/>\n\t<meta property=\"og:image:type\" content=\"image\/jpeg\" \/>\n<meta name=\"author\" content=\"Editor General\" \/>\n<meta name=\"twitter:card\" content=\"summary_large_image\" \/>\n<meta name=\"twitter:label1\" content=\"Escrito por\" \/>\n\t<meta name=\"twitter:data1\" content=\"Editor General\" \/>\n\t<meta name=\"twitter:label2\" content=\"Tiempo de lectura\" \/>\n\t<meta name=\"twitter:data2\" content=\"1 minuto\" \/>\n<script type=\"application\/ld+json\" class=\"yoast-schema-graph\">{\"@context\":\"https:\/\/schema.org\",\"@graph\":[{\"@type\":\"Article\",\"@id\":\"https:\/\/luchonoticias.com\/editor\/comuna-uno-dio-inicio-a-las-rondas-sampedrinas\/#article\",\"isPartOf\":{\"@id\":\"https:\/\/luchonoticias.com\/editor\/comuna-uno-dio-inicio-a-las-rondas-sampedrinas\/\"},\"author\":{\"name\":\"Editor General\",\"@id\":\"https:\/\/luchonoticias.com\/editor\/#\/schema\/person\/29217990ddf6f14e35912b2866d591fb\"},\"headline\":\"Comuna Uno dio inicio a las Rondas Sampedrinas\",\"datePublished\":\"2024-04-13T03:04:09+00:00\",\"mainEntityOfPage\":{\"@id\":\"https:\/\/luchonoticias.com\/editor\/comuna-uno-dio-inicio-a-las-rondas-sampedrinas\/\"},\"wordCount\":292,\"publisher\":{\"@id\":\"https:\/\/luchonoticias.com\/editor\/#\/schema\/person\/7a7fd911f58561fd056dbac7b55af9cd\"},\"image\":{\"@id\":\"https:\/\/luchonoticias.com\/editor\/comuna-uno-dio-inicio-a-las-rondas-sampedrinas\/#primaryimage\"},\"thumbnailUrl\":\"https:\/\/luchonoticias.com\/editor\/wp-content\/uploads\/2024\/04\/rondas-sampedrinas-2.jpg\",\"articleSection\":[\"Local\"],\"inLanguage\":\"es\"},{\"@type\":\"WebPage\",\"@id\":\"https:\/\/luchonoticias.com\/editor\/comuna-uno-dio-inicio-a-las-rondas-sampedrinas\/\",\"url\":\"https:\/\/luchonoticias.com\/editor\/comuna-uno-dio-inicio-a-las-rondas-sampedrinas\/\",\"name\":\"Comuna Uno dio inicio a las Rondas Sampedrinas -\",\"isPartOf\":{\"@id\":\"https:\/\/luchonoticias.com\/editor\/#website\"},\"primaryImageOfPage\":{\"@id\":\"https:\/\/luchonoticias.com\/editor\/comuna-uno-dio-inicio-a-las-rondas-sampedrinas\/#primaryimage\"},\"image\":{\"@id\":\"https:\/\/luchonoticias.com\/editor\/comuna-uno-dio-inicio-a-las-rondas-sampedrinas\/#primaryimage\"},\"thumbnailUrl\":\"https:\/\/luchonoticias.com\/editor\/wp-content\/uploads\/2024\/04\/rondas-sampedrinas-2.jpg\",\"datePublished\":\"2024-04-13T03:04:09+00:00\",\"breadcrumb\":{\"@id\":\"https:\/\/luchonoticias.com\/editor\/comuna-uno-dio-inicio-a-las-rondas-sampedrinas\/#breadcrumb\"},\"inLanguage\":\"es\",\"potentialAction\":[{\"@type\":\"ReadAction\",\"target\":[\"https:\/\/luchonoticias.com\/editor\/comuna-uno-dio-inicio-a-las-rondas-sampedrinas\/\"]}]},{\"@type\":\"ImageObject\",\"inLanguage\":\"es\",\"@id\":\"https:\/\/luchonoticias.com\/editor\/comuna-uno-dio-inicio-a-las-rondas-sampedrinas\/#primaryimage\",\"url\":\"https:\/\/luchonoticias.com\/editor\/wp-content\/uploads\/2024\/04\/rondas-sampedrinas-2.jpg\",\"contentUrl\":\"https:\/\/luchonoticias.com\/editor\/wp-content\/uploads\/2024\/04\/rondas-sampedrinas-2.jpg\",\"width\":700,\"height\":400},{\"@type\":\"BreadcrumbList\",\"@id\":\"https:\/\/luchonoticias.com\/editor\/comuna-uno-dio-inicio-a-las-rondas-sampedrinas\/#breadcrumb\",\"itemListElement\":[{\"@type\":\"ListItem\",\"position\":1,\"name\":\"Portada\",\"item\":\"https:\/\/luchonoticias.com\/editor\/\"},{\"@type\":\"ListItem\",\"position\":2,\"name\":\"Comuna Uno dio inicio a las Rondas Sampedrinas\"}]},{\"@type\":\"WebSite\",\"@id\":\"https:\/\/luchonoticias.com\/editor\/#website\",\"url\":\"https:\/\/luchonoticias.com\/editor\/\",\"name\":\"\",\"description\":\"\",\"publisher\":{\"@id\":\"https:\/\/luchonoticias.com\/editor\/#\/schema\/person\/7a7fd911f58561fd056dbac7b55af9cd\"},\"potentialAction\":[{\"@type\":\"SearchAction\",\"target\":{\"@type\":\"EntryPoint\",\"urlTemplate\":\"https:\/\/luchonoticias.com\/editor\/?s={search_term_string}\"},\"query-input\":{\"@type\":\"PropertyValueSpecification\",\"valueRequired\":true,\"valueName\":\"search_term_string\"}}],\"inLanguage\":\"es\"},{\"@type\":[\"Person\",\"Organization\"],\"@id\":\"https:\/\/luchonoticias.com\/editor\/#\/schema\/person\/7a7fd911f58561fd056dbac7b55af9cd\",\"name\":\"admin\",\"image\":{\"@type\":\"ImageObject\",\"inLanguage\":\"es\",\"@id\":\"https:\/\/luchonoticias.com\/editor\/#\/schema\/person\/image\/\",\"url\":\"https:\/\/luchonoticias.com\/editor\/wp-content\/uploads\/2024\/02\/cropped-cropped-logolu.webp\",\"contentUrl\":\"https:\/\/luchonoticias.com\/editor\/wp-content\/uploads\/2024\/02\/cropped-cropped-logolu.webp\",\"width\":382,\"height\":170,\"caption\":\"admin\"},\"logo\":{\"@id\":\"https:\/\/luchonoticias.com\/editor\/#\/schema\/person\/image\/\"},\"sameAs\":[\"https:\/\/www.facebook.com\/luchonoticiasneiva\"]},{\"@type\":\"Person\",\"@id\":\"https:\/\/luchonoticias.com\/editor\/#\/schema\/person\/29217990ddf6f14e35912b2866d591fb\",\"name\":\"Editor General\",\"image\":{\"@type\":\"ImageObject\",\"inLanguage\":\"es\",\"@id\":\"https:\/\/luchonoticias.com\/editor\/#\/schema\/person\/image\/\",\"url\":\"https:\/\/luchonoticias.com\/editor\/wp-content\/uploads\/2024\/02\/cropped-cropped-logolu-150x150.webp\",\"contentUrl\":\"https:\/\/luchonoticias.com\/editor\/wp-content\/uploads\/2024\/02\/cropped-cropped-logolu-150x150.webp\",\"caption\":\"Editor General\"},\"sameAs\":[\"https:\/\/luchonoticias.com\/\"],\"url\":\"https:\/\/luchonoticias.com\/editor\/author\/editor-general\/\"}]}<\/script>\n<!-- \/ Yoast SEO plugin. -->","yoast_head_json":{"title":"Comuna Uno dio inicio a las Rondas Sampedrinas -","robots":{"index":"index","follow":"follow","max-snippet":"max-snippet:-1","max-image-preview":"max-image-preview:large","max-video-preview":"max-video-preview:-1"},"canonical":"https:\/\/luchonoticias.com\/editor\/comuna-uno-dio-inicio-a-las-rondas-sampedrinas\/","og_locale":"es_ES","og_type":"article","og_title":"Comuna Uno dio inicio a las Rondas Sampedrinas -","og_url":"https:\/\/luchonoticias.com\/editor\/comuna-uno-dio-inicio-a-las-rondas-sampedrinas\/","article_publisher":"https:\/\/www.facebook.com\/luchonoticiasneiva","article_published_time":"2024-04-13T03:04:09+00:00","og_image":[{"width":700,"height":400,"url":"https:\/\/luchonoticias.com\/editor\/wp-content\/uploads\/2024\/04\/rondas-sampedrinas-2.jpg","type":"image\/jpeg"}],"author":"Editor General","twitter_card":"summary_large_image","twitter_misc":{"Escrito por":"Editor General","Tiempo de lectura":"1 minuto"},"schema":{"@context":"https:\/\/schema.org","@graph":[{"@type":"Article","@id":"https:\/\/luchonoticias.com\/editor\/comuna-uno-dio-inicio-a-las-rondas-sampedrinas\/#article","isPartOf":{"@id":"https:\/\/luchonoticias.com\/editor\/comuna-uno-dio-inicio-a-las-rondas-sampedrinas\/"},"author":{"name":"Editor General","@id":"https:\/\/luchonoticias.com\/editor\/#\/schema\/person\/29217990ddf6f14e35912b2866d591fb"},"headline":"Comuna Uno dio inicio a las Rondas Sampedrinas","datePublished":"2024-04-13T03:04:09+00:00","mainEntityOfPage":{"@id":"https:\/\/luchonoticias.com\/editor\/comuna-uno-dio-inicio-a-las-rondas-sampedrinas\/"},"wordCount":292,"publisher":{"@id":"https:\/\/luchonoticias.com\/editor\/#\/schema\/person\/7a7fd911f58561fd056dbac7b55af9cd"},"image":{"@id":"https:\/\/luchonoticias.com\/editor\/comuna-uno-dio-inicio-a-las-rondas-sampedrinas\/#primaryimage"},"thumbnailUrl":"https:\/\/luchonoticias.com\/editor\/wp-content\/uploads\/2024\/04\/rondas-sampedrinas-2.jpg","articleSection":["Local"],"inLanguage":"es"},{"@type":"WebPage","@id":"https:\/\/luchonoticias.com\/editor\/comuna-uno-dio-inicio-a-las-rondas-sampedrinas\/","url":"https:\/\/luchonoticias.com\/editor\/comuna-uno-dio-inicio-a-las-rondas-sampedrinas\/","name":"Comuna Uno dio inicio a las Rondas Sampedrinas -","isPartOf":{"@id":"https:\/\/luchonoticias.com\/editor\/#website"},"primaryImageOfPage":{"@id":"https:\/\/luchonoticias.com\/editor\/comuna-uno-dio-inicio-a-las-rondas-sampedrinas\/#primaryimage"},"image":{"@id":"https:\/\/luchonoticias.com\/editor\/comuna-uno-dio-inicio-a-las-rondas-sampedrinas\/#primaryimage"},"thumbnailUrl":"https:\/\/luchonoticias.com\/editor\/wp-content\/uploads\/2024\/04\/rondas-sampedrinas-2.jpg","datePublished":"2024-04-13T03:04:09+00:00","breadcrumb":{"@id":"https:\/\/luchonoticias.com\/editor\/comuna-uno-dio-inicio-a-las-rondas-sampedrinas\/#breadcrumb"},"inLanguage":"es","potentialAction":[{"@type":"ReadAction","target":["https:\/\/luchonoticias.com\/editor\/comuna-uno-dio-inicio-a-las-rondas-sampedrinas\/"]}]},{"@type":"ImageObject","inLanguage":"es","@id":"https:\/\/luchonoticias.com\/editor\/comuna-uno-dio-inicio-a-las-rondas-sampedrinas\/#primaryimage","url":"https:\/\/luchonoticias.com\/editor\/wp-content\/uploads\/2024\/04\/rondas-sampedrinas-2.jpg","contentUrl":"https:\/\/luchonoticias.com\/editor\/wp-content\/uploads\/2024\/04\/rondas-sampedrinas-2.jpg","width":700,"height":400},{"@type":"BreadcrumbList","@id":"https:\/\/luchonoticias.com\/editor\/comuna-uno-dio-inicio-a-las-rondas-sampedrinas\/#breadcrumb","itemListElement":[{"@type":"ListItem","position":1,"name":"Portada","item":"https:\/\/luchonoticias.com\/editor\/"},{"@type":"ListItem","position":2,"name":"Comuna Uno dio inicio a las Rondas Sampedrinas"}]},{"@type":"WebSite","@id":"https:\/\/luchonoticias.com\/editor\/#website","url":"https:\/\/luchonoticias.com\/editor\/","name":"","description":"","publisher":{"@id":"https:\/\/luchonoticias.com\/editor\/#\/schema\/person\/7a7fd911f58561fd056dbac7b55af9cd"},"potentialAction":[{"@type":"SearchAction","target":{"@type":"EntryPoint","urlTemplate":"https:\/\/luchonoticias.com\/editor\/?s={search_term_string}"},"query-input":{"@type":"PropertyValueSpecification","valueRequired":true,"valueName":"search_term_string"}}],"inLanguage":"es"},{"@type":["Person","Organization"],"@id":"https:\/\/luchonoticias.com\/editor\/#\/schema\/person\/7a7fd911f58561fd056dbac7b55af9cd","name":"admin","image":{"@type":"ImageObject","inLanguage":"es","@id":"https:\/\/luchonoticias.com\/editor\/#\/schema\/person\/image\/","url":"https:\/\/luchonoticias.com\/editor\/wp-content\/uploads\/2024\/02\/cropped-cropped-logolu.webp","contentUrl":"https:\/\/luchonoticias.com\/editor\/wp-content\/uploads\/2024\/02\/cropped-cropped-logolu.webp","width":382,"height":170,"caption":"admin"},"logo":{"@id":"https:\/\/luchonoticias.com\/editor\/#\/schema\/person\/image\/"},"sameAs":["https:\/\/www.facebook.com\/luchonoticiasneiva"]},{"@type":"Person","@id":"https:\/\/luchonoticias.com\/editor\/#\/schema\/person\/29217990ddf6f14e35912b2866d591fb","name":"Editor General","image":{"@type":"ImageObject","inLanguage":"es","@id":"https:\/\/luchonoticias.com\/editor\/#\/schema\/person\/image\/","url":"https:\/\/luchonoticias.com\/editor\/wp-content\/uploads\/2024\/02\/cropped-cropped-logolu-150x150.webp","contentUrl":"https:\/\/luchonoticias.com\/editor\/wp-content\/uploads\/2024\/02\/cropped-cropped-logolu-150x150.webp","caption":"Editor General"},"sameAs":["https:\/\/luchonoticias.com\/"],"url":"https:\/\/luchonoticias.com\/editor\/author\/editor-general\/"}]}},"_links":{"self":[{"href":"https:\/\/luchonoticias.com\/editor\/wp-json\/wp\/v2\/posts\/72049","targetHints":{"allow":["GET"]}}],"collection":[{"href":"https:\/\/luchonoticias.com\/editor\/wp-json\/wp\/v2\/posts"}],"about":[{"href":"https:\/\/luchonoticias.com\/editor\/wp-json\/wp\/v2\/types\/post"}],"author":[{"embeddable":true,"href":"https:\/\/luchonoticias.com\/editor\/wp-json\/wp\/v2\/users\/2"}],"replies":[{"embeddable":true,"href":"https:\/\/luchonoticias.com\/editor\/wp-json\/wp\/v2\/comments?post=72049"}],"version-history":[{"count":0,"href":"https:\/\/luchonoticias.com\/editor\/wp-json\/wp\/v2\/posts\/72049\/revisions"}],"wp:featuredmedia":[{"embeddable":true,"href":"https:\/\/luchonoticias.com\/editor\/wp-json\/wp\/v2\/media\/72050"}],"wp:attachment":[{"href":"https:\/\/luchonoticias.com\/editor\/wp-json\/wp\/v2\/media?parent=72049"}],"wp:term":[{"taxonomy":"category","embeddable":true,"href":"https:\/\/luchonoticias.com\/editor\/wp-json\/wp\/v2\/categories?post=72049"},{"taxonomy":"post_tag","embeddable":true,"href":"https:\/\/luchonoticias.com\/editor\/wp-json\/wp\/v2\/tags?post=72049"}],"curies":[{"name":"wp","href":"https:\/\/api.w.org\/{rel}","templated":true}]}}