{"id":72055,"date":"2024-04-13T04:18:36","date_gmt":"2024-04-13T09:18:36","guid":{"rendered":"https:\/\/luchonoticias.com\/?p=72055"},"modified":"2024-04-13T04:18:36","modified_gmt":"2024-04-13T09:18:36","slug":"presidente-pide-al-congreso-salvar-la-reforma-a-la-salud","status":"publish","type":"post","link":"https:\/\/luchonoticias.com\/editor\/presidente-pide-al-congreso-salvar-la-reforma-a-la-salud\/","title":{"rendered":"Presidente pide al Congreso salvar la reforma a la salud"},"content":{"rendered":"<div>\u201cLes pido a los congresistas aqu\u00ed presentes que el lunes traten de salvar la reforma a la salud, porque es salvar a la gente\u201d, fue el llamado que hizo el presidente Gustavo Petro a los miembros del Legislativo, durante el lanzamiento de equipos b\u00e1sicos y cabildo abierto que se realiz\u00f3 en Cartagena.<\/div>\n<div><\/div>\n<div>En su intervenci\u00f3n, el mandatario asegur\u00f3 que \u201cel Congreso de la Rep\u00fablica se puede reconciliar con la poblaci\u00f3n\u201d y que \u201cla legitimidad de una instituci\u00f3n depende del apoyo diario, cotidiano de la poblaci\u00f3n\u201d.<\/div>\n<div><\/div>\n<div>Record\u00f3 que el Congreso \u201cs\u00ed que tiene d\u00e9cadas de no mirar las necesidades de la gente, 20 a\u00f1os estuve all\u00ed y nunca observ\u00e9 una ley aprobada que fuera para el pueblo, siempre eran leyes para los ricos, para los poderosos\u201d.<\/div>\n<div><\/div>\n<div>Coment\u00f3, adem\u00e1s, que una de las tesis que se manejaban en el Congreso para detener la reforma era \u201cque no hab\u00eda plata para financiar el sistema de salud que nosotros proponemos. Eso no es cierto, porque precisamente y es lo que no se dan cuenta que un sistema preventivo lo que hace es abaratar el sistema de salud, porque es m\u00e1s barato prevenir que curar, dec\u00eda mi abuela\u201d.<\/div>\n<div><\/div>\n<div>\u201cNuestras abuelas no estaban equivocadas, hab\u00edan recogido una sabidur\u00eda popular, una sabidur\u00eda y una sapiencia de la humanidad que nosotros est\u00fapidamente negamos en nombre del negocio y en nombre de la codicia\u201d, anot\u00f3.<\/div>\n<div><\/div>\n<div>Por esto, enfatiz\u00f3 que \u201cen toda Colombia y en todo el mundo prevenir es mejor que curar y, por tanto, tener un sistema preventivo es mejor que no tenerlo, porque el negocio est\u00e1 en la enfermedad y nuestro sistema de salud actual lo que quiere, lo que estimula es que la gente se enferme al no prevenir\u201d.<\/div>\n<div><\/div>\n<div>\u201cSi prevenir es mejor que curar lo que estamos proponiendo en el Congreso de la Rep\u00fablica es mucho mejor para la existencia del pueblo colombiano\u201d, insisti\u00f3.<\/div>\n<div><\/div>\n<div>Manifest\u00f3 que \u201cya veremos qu\u00e9 pasa el lunes, si el Congreso le da la cara al pueblo o le da la espalda, si el Congreso demuestra que est\u00e1 abierto al alma popular o simplemente espera los aplausos y otras cosas de los negociantes y bandidos\u201d.<\/div>\n<div><\/div>\n<div>\u201cOjal\u00e1 que el Congreso abra sus puertas al pobre; ojal\u00e1 que el Congreso abra sus puertas al viejo; ojal\u00e1 que el Congreso le abra sus puertas a Colombia para que podamos hacer la gran transformaci\u00f3n que necesita este pa\u00eds\u201d, asegur\u00f3.<\/div>\n","protected":false},"excerpt":{"rendered":"<p>\u201cLes pido a los congresistas aqu\u00ed presentes que el lunes traten de salvar la reforma a la salud, porque es salvar a la gente\u201d, fue el llamado que hizo el presidente Gustavo Petro a los miembros del Legislativo, durante el lanzamiento de equipos b\u00e1sicos y cabildo abierto que se realiz\u00f3 en Cartagena. En su intervenci\u00f3n, [&hellip;]<\/p>\n","protected":false},"author":2,"featured_media":72056,"comment_status":"closed","ping_status":"open","sticky":false,"template":"","format":"standard","meta":{"footnotes":""},"categories":[28],"tags":[],"class_list":["post-72055","post","type-post","status-publish","format-standard","has-post-thumbnail","hentry","category-actualidad"],"yoast_head":"<!-- This site is optimized with the Yoast SEO plugin v26.6 - https:\/\/yoast.com\/wordpress\/plugins\/seo\/ -->\n<title>Presidente pide al Congreso salvar la reforma a la salud -<\/title>\n<meta name=\"robots\" content=\"index, follow, max-snippet:-1, max-image-preview:large, max-video-preview:-1\" \/>\n<link rel=\"canonical\" href=\"https:\/\/luchonoticias.com\/editor\/presidente-pide-al-congreso-salvar-la-reforma-a-la-salud\/\" \/>\n<meta property=\"og:locale\" content=\"es_ES\" \/>\n<meta property=\"og:type\" content=\"article\" \/>\n<meta property=\"og:title\" content=\"Presidente pide al Congreso salvar la reforma a la salud -\" \/>\n<meta property=\"og:url\" content=\"https:\/\/luchonoticias.com\/editor\/presidente-pide-al-congreso-salvar-la-reforma-a-la-salud\/\" \/>\n<meta property=\"article:publisher\" content=\"https:\/\/www.facebook.com\/luchonoticiasneiva\" \/>\n<meta property=\"article:published_time\" content=\"2024-04-13T09:18:36+00:00\" \/>\n<meta property=\"og:image\" content=\"https:\/\/luchonoticias.com\/editor\/wp-content\/uploads\/2024\/04\/petro.jpg\" \/>\n\t<meta property=\"og:image:width\" content=\"700\" \/>\n\t<meta property=\"og:image:height\" content=\"400\" \/>\n\t<meta property=\"og:image:type\" content=\"image\/jpeg\" \/>\n<meta name=\"author\" content=\"Editor General\" \/>\n<meta name=\"twitter:card\" content=\"summary_large_image\" \/>\n<meta name=\"twitter:label1\" content=\"Escrito por\" \/>\n\t<meta name=\"twitter:data1\" content=\"Editor General\" \/>\n\t<meta name=\"twitter:label2\" content=\"Tiempo de lectura\" \/>\n\t<meta name=\"twitter:data2\" content=\"2 minutos\" \/>\n<script type=\"application\/ld+json\" class=\"yoast-schema-graph\">{\"@context\":\"https:\/\/schema.org\",\"@graph\":[{\"@type\":\"Article\",\"@id\":\"https:\/\/luchonoticias.com\/editor\/presidente-pide-al-congreso-salvar-la-reforma-a-la-salud\/#article\",\"isPartOf\":{\"@id\":\"https:\/\/luchonoticias.com\/editor\/presidente-pide-al-congreso-salvar-la-reforma-a-la-salud\/\"},\"author\":{\"name\":\"Editor General\",\"@id\":\"https:\/\/luchonoticias.com\/editor\/#\/schema\/person\/29217990ddf6f14e35912b2866d591fb\"},\"headline\":\"Presidente pide al Congreso salvar la reforma a la salud\",\"datePublished\":\"2024-04-13T09:18:36+00:00\",\"mainEntityOfPage\":{\"@id\":\"https:\/\/luchonoticias.com\/editor\/presidente-pide-al-congreso-salvar-la-reforma-a-la-salud\/\"},\"wordCount\":422,\"publisher\":{\"@id\":\"https:\/\/luchonoticias.com\/editor\/#\/schema\/person\/7a7fd911f58561fd056dbac7b55af9cd\"},\"image\":{\"@id\":\"https:\/\/luchonoticias.com\/editor\/presidente-pide-al-congreso-salvar-la-reforma-a-la-salud\/#primaryimage\"},\"thumbnailUrl\":\"https:\/\/luchonoticias.com\/editor\/wp-content\/uploads\/2024\/04\/petro.jpg\",\"articleSection\":[\"Actualidad\"],\"inLanguage\":\"es\"},{\"@type\":\"WebPage\",\"@id\":\"https:\/\/luchonoticias.com\/editor\/presidente-pide-al-congreso-salvar-la-reforma-a-la-salud\/\",\"url\":\"https:\/\/luchonoticias.com\/editor\/presidente-pide-al-congreso-salvar-la-reforma-a-la-salud\/\",\"name\":\"Presidente pide al Congreso salvar la reforma a la salud -\",\"isPartOf\":{\"@id\":\"https:\/\/luchonoticias.com\/editor\/#website\"},\"primaryImageOfPage\":{\"@id\":\"https:\/\/luchonoticias.com\/editor\/presidente-pide-al-congreso-salvar-la-reforma-a-la-salud\/#primaryimage\"},\"image\":{\"@id\":\"https:\/\/luchonoticias.com\/editor\/presidente-pide-al-congreso-salvar-la-reforma-a-la-salud\/#primaryimage\"},\"thumbnailUrl\":\"https:\/\/luchonoticias.com\/editor\/wp-content\/uploads\/2024\/04\/petro.jpg\",\"datePublished\":\"2024-04-13T09:18:36+00:00\",\"breadcrumb\":{\"@id\":\"https:\/\/luchonoticias.com\/editor\/presidente-pide-al-congreso-salvar-la-reforma-a-la-salud\/#breadcrumb\"},\"inLanguage\":\"es\",\"potentialAction\":[{\"@type\":\"ReadAction\",\"target\":[\"https:\/\/luchonoticias.com\/editor\/presidente-pide-al-congreso-salvar-la-reforma-a-la-salud\/\"]}]},{\"@type\":\"ImageObject\",\"inLanguage\":\"es\",\"@id\":\"https:\/\/luchonoticias.com\/editor\/presidente-pide-al-congreso-salvar-la-reforma-a-la-salud\/#primaryimage\",\"url\":\"https:\/\/luchonoticias.com\/editor\/wp-content\/uploads\/2024\/04\/petro.jpg\",\"contentUrl\":\"https:\/\/luchonoticias.com\/editor\/wp-content\/uploads\/2024\/04\/petro.jpg\",\"width\":700,\"height\":400},{\"@type\":\"BreadcrumbList\",\"@id\":\"https:\/\/luchonoticias.com\/editor\/presidente-pide-al-congreso-salvar-la-reforma-a-la-salud\/#breadcrumb\",\"itemListElement\":[{\"@type\":\"ListItem\",\"position\":1,\"name\":\"Portada\",\"item\":\"https:\/\/luchonoticias.com\/editor\/\"},{\"@type\":\"ListItem\",\"position\":2,\"name\":\"Presidente pide al Congreso salvar la reforma a la salud\"}]},{\"@type\":\"WebSite\",\"@id\":\"https:\/\/luchonoticias.com\/editor\/#website\",\"url\":\"https:\/\/luchonoticias.com\/editor\/\",\"name\":\"\",\"description\":\"\",\"publisher\":{\"@id\":\"https:\/\/luchonoticias.com\/editor\/#\/schema\/person\/7a7fd911f58561fd056dbac7b55af9cd\"},\"potentialAction\":[{\"@type\":\"SearchAction\",\"target\":{\"@type\":\"EntryPoint\",\"urlTemplate\":\"https:\/\/luchonoticias.com\/editor\/?s={search_term_string}\"},\"query-input\":{\"@type\":\"PropertyValueSpecification\",\"valueRequired\":true,\"valueName\":\"search_term_string\"}}],\"inLanguage\":\"es\"},{\"@type\":[\"Person\",\"Organization\"],\"@id\":\"https:\/\/luchonoticias.com\/editor\/#\/schema\/person\/7a7fd911f58561fd056dbac7b55af9cd\",\"name\":\"admin\",\"image\":{\"@type\":\"ImageObject\",\"inLanguage\":\"es\",\"@id\":\"https:\/\/luchonoticias.com\/editor\/#\/schema\/person\/image\/\",\"url\":\"https:\/\/luchonoticias.com\/editor\/wp-content\/uploads\/2024\/02\/cropped-cropped-logolu.webp\",\"contentUrl\":\"https:\/\/luchonoticias.com\/editor\/wp-content\/uploads\/2024\/02\/cropped-cropped-logolu.webp\",\"width\":382,\"height\":170,\"caption\":\"admin\"},\"logo\":{\"@id\":\"https:\/\/luchonoticias.com\/editor\/#\/schema\/person\/image\/\"},\"sameAs\":[\"https:\/\/www.facebook.com\/luchonoticiasneiva\"]},{\"@type\":\"Person\",\"@id\":\"https:\/\/luchonoticias.com\/editor\/#\/schema\/person\/29217990ddf6f14e35912b2866d591fb\",\"name\":\"Editor General\",\"image\":{\"@type\":\"ImageObject\",\"inLanguage\":\"es\",\"@id\":\"https:\/\/luchonoticias.com\/editor\/#\/schema\/person\/image\/\",\"url\":\"https:\/\/luchonoticias.com\/editor\/wp-content\/uploads\/2024\/02\/cropped-cropped-logolu-150x150.webp\",\"contentUrl\":\"https:\/\/luchonoticias.com\/editor\/wp-content\/uploads\/2024\/02\/cropped-cropped-logolu-150x150.webp\",\"caption\":\"Editor General\"},\"sameAs\":[\"https:\/\/luchonoticias.com\/\"],\"url\":\"https:\/\/luchonoticias.com\/editor\/author\/editor-general\/\"}]}<\/script>\n<!-- \/ Yoast SEO plugin. -->","yoast_head_json":{"title":"Presidente pide al Congreso salvar la reforma a la salud -","robots":{"index":"index","follow":"follow","max-snippet":"max-snippet:-1","max-image-preview":"max-image-preview:large","max-video-preview":"max-video-preview:-1"},"canonical":"https:\/\/luchonoticias.com\/editor\/presidente-pide-al-congreso-salvar-la-reforma-a-la-salud\/","og_locale":"es_ES","og_type":"article","og_title":"Presidente pide al Congreso salvar la reforma a la salud -","og_url":"https:\/\/luchonoticias.com\/editor\/presidente-pide-al-congreso-salvar-la-reforma-a-la-salud\/","article_publisher":"https:\/\/www.facebook.com\/luchonoticiasneiva","article_published_time":"2024-04-13T09:18:36+00:00","og_image":[{"width":700,"height":400,"url":"https:\/\/luchonoticias.com\/editor\/wp-content\/uploads\/2024\/04\/petro.jpg","type":"image\/jpeg"}],"author":"Editor General","twitter_card":"summary_large_image","twitter_misc":{"Escrito por":"Editor General","Tiempo de lectura":"2 minutos"},"schema":{"@context":"https:\/\/schema.org","@graph":[{"@type":"Article","@id":"https:\/\/luchonoticias.com\/editor\/presidente-pide-al-congreso-salvar-la-reforma-a-la-salud\/#article","isPartOf":{"@id":"https:\/\/luchonoticias.com\/editor\/presidente-pide-al-congreso-salvar-la-reforma-a-la-salud\/"},"author":{"name":"Editor General","@id":"https:\/\/luchonoticias.com\/editor\/#\/schema\/person\/29217990ddf6f14e35912b2866d591fb"},"headline":"Presidente pide al Congreso salvar la reforma a la salud","datePublished":"2024-04-13T09:18:36+00:00","mainEntityOfPage":{"@id":"https:\/\/luchonoticias.com\/editor\/presidente-pide-al-congreso-salvar-la-reforma-a-la-salud\/"},"wordCount":422,"publisher":{"@id":"https:\/\/luchonoticias.com\/editor\/#\/schema\/person\/7a7fd911f58561fd056dbac7b55af9cd"},"image":{"@id":"https:\/\/luchonoticias.com\/editor\/presidente-pide-al-congreso-salvar-la-reforma-a-la-salud\/#primaryimage"},"thumbnailUrl":"https:\/\/luchonoticias.com\/editor\/wp-content\/uploads\/2024\/04\/petro.jpg","articleSection":["Actualidad"],"inLanguage":"es"},{"@type":"WebPage","@id":"https:\/\/luchonoticias.com\/editor\/presidente-pide-al-congreso-salvar-la-reforma-a-la-salud\/","url":"https:\/\/luchonoticias.com\/editor\/presidente-pide-al-congreso-salvar-la-reforma-a-la-salud\/","name":"Presidente pide al Congreso salvar la reforma a la salud -","isPartOf":{"@id":"https:\/\/luchonoticias.com\/editor\/#website"},"primaryImageOfPage":{"@id":"https:\/\/luchonoticias.com\/editor\/presidente-pide-al-congreso-salvar-la-reforma-a-la-salud\/#primaryimage"},"image":{"@id":"https:\/\/luchonoticias.com\/editor\/presidente-pide-al-congreso-salvar-la-reforma-a-la-salud\/#primaryimage"},"thumbnailUrl":"https:\/\/luchonoticias.com\/editor\/wp-content\/uploads\/2024\/04\/petro.jpg","datePublished":"2024-04-13T09:18:36+00:00","breadcrumb":{"@id":"https:\/\/luchonoticias.com\/editor\/presidente-pide-al-congreso-salvar-la-reforma-a-la-salud\/#breadcrumb"},"inLanguage":"es","potentialAction":[{"@type":"ReadAction","target":["https:\/\/luchonoticias.com\/editor\/presidente-pide-al-congreso-salvar-la-reforma-a-la-salud\/"]}]},{"@type":"ImageObject","inLanguage":"es","@id":"https:\/\/luchonoticias.com\/editor\/presidente-pide-al-congreso-salvar-la-reforma-a-la-salud\/#primaryimage","url":"https:\/\/luchonoticias.com\/editor\/wp-content\/uploads\/2024\/04\/petro.jpg","contentUrl":"https:\/\/luchonoticias.com\/editor\/wp-content\/uploads\/2024\/04\/petro.jpg","width":700,"height":400},{"@type":"BreadcrumbList","@id":"https:\/\/luchonoticias.com\/editor\/presidente-pide-al-congreso-salvar-la-reforma-a-la-salud\/#breadcrumb","itemListElement":[{"@type":"ListItem","position":1,"name":"Portada","item":"https:\/\/luchonoticias.com\/editor\/"},{"@type":"ListItem","position":2,"name":"Presidente pide al Congreso salvar la reforma a la salud"}]},{"@type":"WebSite","@id":"https:\/\/luchonoticias.com\/editor\/#website","url":"https:\/\/luchonoticias.com\/editor\/","name":"","description":"","publisher":{"@id":"https:\/\/luchonoticias.com\/editor\/#\/schema\/person\/7a7fd911f58561fd056dbac7b55af9cd"},"potentialAction":[{"@type":"SearchAction","target":{"@type":"EntryPoint","urlTemplate":"https:\/\/luchonoticias.com\/editor\/?s={search_term_string}"},"query-input":{"@type":"PropertyValueSpecification","valueRequired":true,"valueName":"search_term_string"}}],"inLanguage":"es"},{"@type":["Person","Organization"],"@id":"https:\/\/luchonoticias.com\/editor\/#\/schema\/person\/7a7fd911f58561fd056dbac7b55af9cd","name":"admin","image":{"@type":"ImageObject","inLanguage":"es","@id":"https:\/\/luchonoticias.com\/editor\/#\/schema\/person\/image\/","url":"https:\/\/luchonoticias.com\/editor\/wp-content\/uploads\/2024\/02\/cropped-cropped-logolu.webp","contentUrl":"https:\/\/luchonoticias.com\/editor\/wp-content\/uploads\/2024\/02\/cropped-cropped-logolu.webp","width":382,"height":170,"caption":"admin"},"logo":{"@id":"https:\/\/luchonoticias.com\/editor\/#\/schema\/person\/image\/"},"sameAs":["https:\/\/www.facebook.com\/luchonoticiasneiva"]},{"@type":"Person","@id":"https:\/\/luchonoticias.com\/editor\/#\/schema\/person\/29217990ddf6f14e35912b2866d591fb","name":"Editor General","image":{"@type":"ImageObject","inLanguage":"es","@id":"https:\/\/luchonoticias.com\/editor\/#\/schema\/person\/image\/","url":"https:\/\/luchonoticias.com\/editor\/wp-content\/uploads\/2024\/02\/cropped-cropped-logolu-150x150.webp","contentUrl":"https:\/\/luchonoticias.com\/editor\/wp-content\/uploads\/2024\/02\/cropped-cropped-logolu-150x150.webp","caption":"Editor General"},"sameAs":["https:\/\/luchonoticias.com\/"],"url":"https:\/\/luchonoticias.com\/editor\/author\/editor-general\/"}]}},"_links":{"self":[{"href":"https:\/\/luchonoticias.com\/editor\/wp-json\/wp\/v2\/posts\/72055","targetHints":{"allow":["GET"]}}],"collection":[{"href":"https:\/\/luchonoticias.com\/editor\/wp-json\/wp\/v2\/posts"}],"about":[{"href":"https:\/\/luchonoticias.com\/editor\/wp-json\/wp\/v2\/types\/post"}],"author":[{"embeddable":true,"href":"https:\/\/luchonoticias.com\/editor\/wp-json\/wp\/v2\/users\/2"}],"replies":[{"embeddable":true,"href":"https:\/\/luchonoticias.com\/editor\/wp-json\/wp\/v2\/comments?post=72055"}],"version-history":[{"count":0,"href":"https:\/\/luchonoticias.com\/editor\/wp-json\/wp\/v2\/posts\/72055\/revisions"}],"wp:featuredmedia":[{"embeddable":true,"href":"https:\/\/luchonoticias.com\/editor\/wp-json\/wp\/v2\/media\/72056"}],"wp:attachment":[{"href":"https:\/\/luchonoticias.com\/editor\/wp-json\/wp\/v2\/media?parent=72055"}],"wp:term":[{"taxonomy":"category","embeddable":true,"href":"https:\/\/luchonoticias.com\/editor\/wp-json\/wp\/v2\/categories?post=72055"},{"taxonomy":"post_tag","embeddable":true,"href":"https:\/\/luchonoticias.com\/editor\/wp-json\/wp\/v2\/tags?post=72055"}],"curies":[{"name":"wp","href":"https:\/\/api.w.org\/{rel}","templated":true}]}}