{"id":72058,"date":"2024-04-13T04:22:11","date_gmt":"2024-04-13T09:22:11","guid":{"rendered":"https:\/\/luchonoticias.com\/?p=72058"},"modified":"2024-04-13T04:22:11","modified_gmt":"2024-04-13T09:22:11","slug":"minagricultura-impulsa-proyecto-biocarbono","status":"publish","type":"post","link":"https:\/\/luchonoticias.com\/editor\/minagricultura-impulsa-proyecto-biocarbono\/","title":{"rendered":"Minagricultura impulsa proyecto biocarbono"},"content":{"rendered":"<div>Durante la presentaci\u00f3n de los resultados del Proyecto Biocarbono, en Yopal (Casanare), la ministra de Agricultura y Desarrollo Rural, Jhenifer Mojica, anunci\u00f3 que la tercera fase de esta estrategia tendr\u00e1 una inversi\u00f3n de US$50 millones para su implementaci\u00f3n. Esos recursos se ejecutar\u00e1n en conjunto con el Banco Mundial y tendr\u00e1 una duraci\u00f3n de cinco a\u00f1os para producci\u00f3n agropecuaria sostenible baja en carbono.<\/div>\n<div><\/div>\n<div>La ministra indic\u00f3 que \u201cesta inversi\u00f3n seguir\u00e1 acompa\u00f1ando el desarrollo de las cadenas de arroz, ganader\u00eda sostenible, cacao, mara\u00f1\u00f3n, forestales y palma. Con esta apuesta materializamos el objetivo de nuestro Plan Nacional de Desarrollo de hacer de Colombia una Potencia de la Vida, y esto va relacionado con la apuesta de ordenamiento territorial alrededor del agua\u201d.<\/div>\n<div><\/div>\n<div>Esta estrategia, liderada por el Ministerio de Agricultura y Desarrollo Rural, busca identificar y desarrollar alternativas que permitan contribuir con la mejora de las condiciones para la planificaci\u00f3n y producci\u00f3n agropecuaria sostenible. Este proyecto se desarrolla en Arauca, Meta, Casanare y Vichada, en los que la apuesta es consolidar una agricultura que se adapte al cambio clim\u00e1tico.<\/div>\n<div><\/div>\n<div>\n<div>Por su parte, el gobernador casanare\u00f1o C\u00e9sar Ortiz Zorro recalc\u00f3 que el programa de gobierno departamental apunta a \u201cdar un paso a la agroindustrializaci\u00f3n para aprovechar las tierras aptas y la extensi\u00f3n para convertirse en potencia agroindustrial para Colombia y para el mundo. Por eso, la ministra Jhenifer Mojica nos abre ese mundo de oportunidades para que en el departamento se materialice la agroindustrializaci\u00f3n\u201d.<\/div>\n<div><\/div>\n<div>Planificaci\u00f3n del suelo y gobernanza para el control de la deforestaci\u00f3n, uso y manejo sostenible del suelo, y programa de reducci\u00f3n de emisiones de carbono son los tres componentes del Proyecto Biocarbono que se desarrolla en la Orinoqu\u00eda.<\/div>\n<div><\/div>\n<div>Para Kevin McCall, del Banco Mundial, el despliegue de los l\u00edderes territoriales ha sido fundamental para una producci\u00f3n sostenible baja en carbono. \u201cEste modelo del Proyecto Biocarbono va en la misma l\u00ednea del Plan Nacional de Desarrollo. El compromiso de todos los actores y su trayectoria en el desarrollo de la Orinoqu\u00eda ha permitido identificar acciones de producci\u00f3n agr\u00edcola con control de la deforestaci\u00f3n\u201d, reconoci\u00f3 McCall.<\/div>\n<div><\/div>\n<div>Al t\u00e9rmino del evento, la ministra Mojica explic\u00f3 lo que se busca es \u201cinvolucrar a los productores como socios en las industrias agroalimentarias, especialmente en lo que tiene que ver en el proyecto del frigor\u00edfico que tiene las m\u00e1s altas calidades para el departamento; tambi\u00e9n\u00a0 capacidades instaladas en tema de molino, secado y almacenamiento de cereales, as\u00ed como plantas de transformaci\u00f3n de cacao y caf\u00e9\u201d.<\/div>\n<\/div>\n","protected":false},"excerpt":{"rendered":"<p>Durante la presentaci\u00f3n de los resultados del Proyecto Biocarbono, en Yopal (Casanare), la ministra de Agricultura y Desarrollo Rural, Jhenifer Mojica, anunci\u00f3 que la tercera fase de esta estrategia tendr\u00e1 una inversi\u00f3n de US$50 millones para su implementaci\u00f3n. Esos recursos se ejecutar\u00e1n en conjunto con el Banco Mundial y tendr\u00e1 una duraci\u00f3n de cinco a\u00f1os [&hellip;]<\/p>\n","protected":false},"author":2,"featured_media":72059,"comment_status":"closed","ping_status":"open","sticky":false,"template":"","format":"standard","meta":{"footnotes":""},"categories":[28],"tags":[],"class_list":["post-72058","post","type-post","status-publish","format-standard","has-post-thumbnail","hentry","category-actualidad"],"yoast_head":"<!-- This site is optimized with the Yoast SEO plugin v26.6 - https:\/\/yoast.com\/wordpress\/plugins\/seo\/ -->\n<title>Minagricultura impulsa proyecto biocarbono -<\/title>\n<meta name=\"robots\" content=\"index, follow, max-snippet:-1, max-image-preview:large, max-video-preview:-1\" \/>\n<link rel=\"canonical\" href=\"https:\/\/luchonoticias.com\/editor\/minagricultura-impulsa-proyecto-biocarbono\/\" \/>\n<meta property=\"og:locale\" content=\"es_ES\" \/>\n<meta property=\"og:type\" content=\"article\" \/>\n<meta property=\"og:title\" content=\"Minagricultura impulsa proyecto biocarbono -\" \/>\n<meta property=\"og:url\" content=\"https:\/\/luchonoticias.com\/editor\/minagricultura-impulsa-proyecto-biocarbono\/\" \/>\n<meta property=\"article:publisher\" content=\"https:\/\/www.facebook.com\/luchonoticiasneiva\" \/>\n<meta property=\"article:published_time\" content=\"2024-04-13T09:22:11+00:00\" \/>\n<meta property=\"og:image\" content=\"https:\/\/luchonoticias.com\/editor\/wp-content\/uploads\/2024\/04\/minagricultura-biocarbono.jpg\" \/>\n\t<meta property=\"og:image:width\" content=\"700\" \/>\n\t<meta property=\"og:image:height\" content=\"400\" \/>\n\t<meta property=\"og:image:type\" content=\"image\/jpeg\" \/>\n<meta name=\"author\" content=\"Editor General\" \/>\n<meta name=\"twitter:card\" content=\"summary_large_image\" \/>\n<meta name=\"twitter:label1\" content=\"Escrito por\" \/>\n\t<meta name=\"twitter:data1\" content=\"Editor General\" \/>\n\t<meta name=\"twitter:label2\" content=\"Tiempo de lectura\" \/>\n\t<meta name=\"twitter:data2\" content=\"2 minutos\" \/>\n<script type=\"application\/ld+json\" class=\"yoast-schema-graph\">{\"@context\":\"https:\/\/schema.org\",\"@graph\":[{\"@type\":\"Article\",\"@id\":\"https:\/\/luchonoticias.com\/editor\/minagricultura-impulsa-proyecto-biocarbono\/#article\",\"isPartOf\":{\"@id\":\"https:\/\/luchonoticias.com\/editor\/minagricultura-impulsa-proyecto-biocarbono\/\"},\"author\":{\"name\":\"Editor General\",\"@id\":\"https:\/\/luchonoticias.com\/editor\/#\/schema\/person\/29217990ddf6f14e35912b2866d591fb\"},\"headline\":\"Minagricultura impulsa proyecto biocarbono\",\"datePublished\":\"2024-04-13T09:22:11+00:00\",\"mainEntityOfPage\":{\"@id\":\"https:\/\/luchonoticias.com\/editor\/minagricultura-impulsa-proyecto-biocarbono\/\"},\"wordCount\":447,\"publisher\":{\"@id\":\"https:\/\/luchonoticias.com\/editor\/#\/schema\/person\/7a7fd911f58561fd056dbac7b55af9cd\"},\"image\":{\"@id\":\"https:\/\/luchonoticias.com\/editor\/minagricultura-impulsa-proyecto-biocarbono\/#primaryimage\"},\"thumbnailUrl\":\"https:\/\/luchonoticias.com\/editor\/wp-content\/uploads\/2024\/04\/minagricultura-biocarbono.jpg\",\"articleSection\":[\"Actualidad\"],\"inLanguage\":\"es\"},{\"@type\":\"WebPage\",\"@id\":\"https:\/\/luchonoticias.com\/editor\/minagricultura-impulsa-proyecto-biocarbono\/\",\"url\":\"https:\/\/luchonoticias.com\/editor\/minagricultura-impulsa-proyecto-biocarbono\/\",\"name\":\"Minagricultura impulsa proyecto biocarbono -\",\"isPartOf\":{\"@id\":\"https:\/\/luchonoticias.com\/editor\/#website\"},\"primaryImageOfPage\":{\"@id\":\"https:\/\/luchonoticias.com\/editor\/minagricultura-impulsa-proyecto-biocarbono\/#primaryimage\"},\"image\":{\"@id\":\"https:\/\/luchonoticias.com\/editor\/minagricultura-impulsa-proyecto-biocarbono\/#primaryimage\"},\"thumbnailUrl\":\"https:\/\/luchonoticias.com\/editor\/wp-content\/uploads\/2024\/04\/minagricultura-biocarbono.jpg\",\"datePublished\":\"2024-04-13T09:22:11+00:00\",\"breadcrumb\":{\"@id\":\"https:\/\/luchonoticias.com\/editor\/minagricultura-impulsa-proyecto-biocarbono\/#breadcrumb\"},\"inLanguage\":\"es\",\"potentialAction\":[{\"@type\":\"ReadAction\",\"target\":[\"https:\/\/luchonoticias.com\/editor\/minagricultura-impulsa-proyecto-biocarbono\/\"]}]},{\"@type\":\"ImageObject\",\"inLanguage\":\"es\",\"@id\":\"https:\/\/luchonoticias.com\/editor\/minagricultura-impulsa-proyecto-biocarbono\/#primaryimage\",\"url\":\"https:\/\/luchonoticias.com\/editor\/wp-content\/uploads\/2024\/04\/minagricultura-biocarbono.jpg\",\"contentUrl\":\"https:\/\/luchonoticias.com\/editor\/wp-content\/uploads\/2024\/04\/minagricultura-biocarbono.jpg\",\"width\":700,\"height\":400},{\"@type\":\"BreadcrumbList\",\"@id\":\"https:\/\/luchonoticias.com\/editor\/minagricultura-impulsa-proyecto-biocarbono\/#breadcrumb\",\"itemListElement\":[{\"@type\":\"ListItem\",\"position\":1,\"name\":\"Portada\",\"item\":\"https:\/\/luchonoticias.com\/editor\/\"},{\"@type\":\"ListItem\",\"position\":2,\"name\":\"Minagricultura impulsa proyecto biocarbono\"}]},{\"@type\":\"WebSite\",\"@id\":\"https:\/\/luchonoticias.com\/editor\/#website\",\"url\":\"https:\/\/luchonoticias.com\/editor\/\",\"name\":\"\",\"description\":\"\",\"publisher\":{\"@id\":\"https:\/\/luchonoticias.com\/editor\/#\/schema\/person\/7a7fd911f58561fd056dbac7b55af9cd\"},\"potentialAction\":[{\"@type\":\"SearchAction\",\"target\":{\"@type\":\"EntryPoint\",\"urlTemplate\":\"https:\/\/luchonoticias.com\/editor\/?s={search_term_string}\"},\"query-input\":{\"@type\":\"PropertyValueSpecification\",\"valueRequired\":true,\"valueName\":\"search_term_string\"}}],\"inLanguage\":\"es\"},{\"@type\":[\"Person\",\"Organization\"],\"@id\":\"https:\/\/luchonoticias.com\/editor\/#\/schema\/person\/7a7fd911f58561fd056dbac7b55af9cd\",\"name\":\"admin\",\"image\":{\"@type\":\"ImageObject\",\"inLanguage\":\"es\",\"@id\":\"https:\/\/luchonoticias.com\/editor\/#\/schema\/person\/image\/\",\"url\":\"https:\/\/luchonoticias.com\/editor\/wp-content\/uploads\/2024\/02\/cropped-cropped-logolu.webp\",\"contentUrl\":\"https:\/\/luchonoticias.com\/editor\/wp-content\/uploads\/2024\/02\/cropped-cropped-logolu.webp\",\"width\":382,\"height\":170,\"caption\":\"admin\"},\"logo\":{\"@id\":\"https:\/\/luchonoticias.com\/editor\/#\/schema\/person\/image\/\"},\"sameAs\":[\"https:\/\/www.facebook.com\/luchonoticiasneiva\"]},{\"@type\":\"Person\",\"@id\":\"https:\/\/luchonoticias.com\/editor\/#\/schema\/person\/29217990ddf6f14e35912b2866d591fb\",\"name\":\"Editor General\",\"image\":{\"@type\":\"ImageObject\",\"inLanguage\":\"es\",\"@id\":\"https:\/\/luchonoticias.com\/editor\/#\/schema\/person\/image\/\",\"url\":\"https:\/\/luchonoticias.com\/editor\/wp-content\/uploads\/2024\/02\/cropped-cropped-logolu-150x150.webp\",\"contentUrl\":\"https:\/\/luchonoticias.com\/editor\/wp-content\/uploads\/2024\/02\/cropped-cropped-logolu-150x150.webp\",\"caption\":\"Editor General\"},\"sameAs\":[\"https:\/\/luchonoticias.com\/\"],\"url\":\"https:\/\/luchonoticias.com\/editor\/author\/editor-general\/\"}]}<\/script>\n<!-- \/ Yoast SEO plugin. -->","yoast_head_json":{"title":"Minagricultura impulsa proyecto biocarbono -","robots":{"index":"index","follow":"follow","max-snippet":"max-snippet:-1","max-image-preview":"max-image-preview:large","max-video-preview":"max-video-preview:-1"},"canonical":"https:\/\/luchonoticias.com\/editor\/minagricultura-impulsa-proyecto-biocarbono\/","og_locale":"es_ES","og_type":"article","og_title":"Minagricultura impulsa proyecto biocarbono -","og_url":"https:\/\/luchonoticias.com\/editor\/minagricultura-impulsa-proyecto-biocarbono\/","article_publisher":"https:\/\/www.facebook.com\/luchonoticiasneiva","article_published_time":"2024-04-13T09:22:11+00:00","og_image":[{"width":700,"height":400,"url":"https:\/\/luchonoticias.com\/editor\/wp-content\/uploads\/2024\/04\/minagricultura-biocarbono.jpg","type":"image\/jpeg"}],"author":"Editor General","twitter_card":"summary_large_image","twitter_misc":{"Escrito por":"Editor General","Tiempo de lectura":"2 minutos"},"schema":{"@context":"https:\/\/schema.org","@graph":[{"@type":"Article","@id":"https:\/\/luchonoticias.com\/editor\/minagricultura-impulsa-proyecto-biocarbono\/#article","isPartOf":{"@id":"https:\/\/luchonoticias.com\/editor\/minagricultura-impulsa-proyecto-biocarbono\/"},"author":{"name":"Editor General","@id":"https:\/\/luchonoticias.com\/editor\/#\/schema\/person\/29217990ddf6f14e35912b2866d591fb"},"headline":"Minagricultura impulsa proyecto biocarbono","datePublished":"2024-04-13T09:22:11+00:00","mainEntityOfPage":{"@id":"https:\/\/luchonoticias.com\/editor\/minagricultura-impulsa-proyecto-biocarbono\/"},"wordCount":447,"publisher":{"@id":"https:\/\/luchonoticias.com\/editor\/#\/schema\/person\/7a7fd911f58561fd056dbac7b55af9cd"},"image":{"@id":"https:\/\/luchonoticias.com\/editor\/minagricultura-impulsa-proyecto-biocarbono\/#primaryimage"},"thumbnailUrl":"https:\/\/luchonoticias.com\/editor\/wp-content\/uploads\/2024\/04\/minagricultura-biocarbono.jpg","articleSection":["Actualidad"],"inLanguage":"es"},{"@type":"WebPage","@id":"https:\/\/luchonoticias.com\/editor\/minagricultura-impulsa-proyecto-biocarbono\/","url":"https:\/\/luchonoticias.com\/editor\/minagricultura-impulsa-proyecto-biocarbono\/","name":"Minagricultura impulsa proyecto biocarbono -","isPartOf":{"@id":"https:\/\/luchonoticias.com\/editor\/#website"},"primaryImageOfPage":{"@id":"https:\/\/luchonoticias.com\/editor\/minagricultura-impulsa-proyecto-biocarbono\/#primaryimage"},"image":{"@id":"https:\/\/luchonoticias.com\/editor\/minagricultura-impulsa-proyecto-biocarbono\/#primaryimage"},"thumbnailUrl":"https:\/\/luchonoticias.com\/editor\/wp-content\/uploads\/2024\/04\/minagricultura-biocarbono.jpg","datePublished":"2024-04-13T09:22:11+00:00","breadcrumb":{"@id":"https:\/\/luchonoticias.com\/editor\/minagricultura-impulsa-proyecto-biocarbono\/#breadcrumb"},"inLanguage":"es","potentialAction":[{"@type":"ReadAction","target":["https:\/\/luchonoticias.com\/editor\/minagricultura-impulsa-proyecto-biocarbono\/"]}]},{"@type":"ImageObject","inLanguage":"es","@id":"https:\/\/luchonoticias.com\/editor\/minagricultura-impulsa-proyecto-biocarbono\/#primaryimage","url":"https:\/\/luchonoticias.com\/editor\/wp-content\/uploads\/2024\/04\/minagricultura-biocarbono.jpg","contentUrl":"https:\/\/luchonoticias.com\/editor\/wp-content\/uploads\/2024\/04\/minagricultura-biocarbono.jpg","width":700,"height":400},{"@type":"BreadcrumbList","@id":"https:\/\/luchonoticias.com\/editor\/minagricultura-impulsa-proyecto-biocarbono\/#breadcrumb","itemListElement":[{"@type":"ListItem","position":1,"name":"Portada","item":"https:\/\/luchonoticias.com\/editor\/"},{"@type":"ListItem","position":2,"name":"Minagricultura impulsa proyecto biocarbono"}]},{"@type":"WebSite","@id":"https:\/\/luchonoticias.com\/editor\/#website","url":"https:\/\/luchonoticias.com\/editor\/","name":"","description":"","publisher":{"@id":"https:\/\/luchonoticias.com\/editor\/#\/schema\/person\/7a7fd911f58561fd056dbac7b55af9cd"},"potentialAction":[{"@type":"SearchAction","target":{"@type":"EntryPoint","urlTemplate":"https:\/\/luchonoticias.com\/editor\/?s={search_term_string}"},"query-input":{"@type":"PropertyValueSpecification","valueRequired":true,"valueName":"search_term_string"}}],"inLanguage":"es"},{"@type":["Person","Organization"],"@id":"https:\/\/luchonoticias.com\/editor\/#\/schema\/person\/7a7fd911f58561fd056dbac7b55af9cd","name":"admin","image":{"@type":"ImageObject","inLanguage":"es","@id":"https:\/\/luchonoticias.com\/editor\/#\/schema\/person\/image\/","url":"https:\/\/luchonoticias.com\/editor\/wp-content\/uploads\/2024\/02\/cropped-cropped-logolu.webp","contentUrl":"https:\/\/luchonoticias.com\/editor\/wp-content\/uploads\/2024\/02\/cropped-cropped-logolu.webp","width":382,"height":170,"caption":"admin"},"logo":{"@id":"https:\/\/luchonoticias.com\/editor\/#\/schema\/person\/image\/"},"sameAs":["https:\/\/www.facebook.com\/luchonoticiasneiva"]},{"@type":"Person","@id":"https:\/\/luchonoticias.com\/editor\/#\/schema\/person\/29217990ddf6f14e35912b2866d591fb","name":"Editor General","image":{"@type":"ImageObject","inLanguage":"es","@id":"https:\/\/luchonoticias.com\/editor\/#\/schema\/person\/image\/","url":"https:\/\/luchonoticias.com\/editor\/wp-content\/uploads\/2024\/02\/cropped-cropped-logolu-150x150.webp","contentUrl":"https:\/\/luchonoticias.com\/editor\/wp-content\/uploads\/2024\/02\/cropped-cropped-logolu-150x150.webp","caption":"Editor General"},"sameAs":["https:\/\/luchonoticias.com\/"],"url":"https:\/\/luchonoticias.com\/editor\/author\/editor-general\/"}]}},"_links":{"self":[{"href":"https:\/\/luchonoticias.com\/editor\/wp-json\/wp\/v2\/posts\/72058","targetHints":{"allow":["GET"]}}],"collection":[{"href":"https:\/\/luchonoticias.com\/editor\/wp-json\/wp\/v2\/posts"}],"about":[{"href":"https:\/\/luchonoticias.com\/editor\/wp-json\/wp\/v2\/types\/post"}],"author":[{"embeddable":true,"href":"https:\/\/luchonoticias.com\/editor\/wp-json\/wp\/v2\/users\/2"}],"replies":[{"embeddable":true,"href":"https:\/\/luchonoticias.com\/editor\/wp-json\/wp\/v2\/comments?post=72058"}],"version-history":[{"count":0,"href":"https:\/\/luchonoticias.com\/editor\/wp-json\/wp\/v2\/posts\/72058\/revisions"}],"wp:featuredmedia":[{"embeddable":true,"href":"https:\/\/luchonoticias.com\/editor\/wp-json\/wp\/v2\/media\/72059"}],"wp:attachment":[{"href":"https:\/\/luchonoticias.com\/editor\/wp-json\/wp\/v2\/media?parent=72058"}],"wp:term":[{"taxonomy":"category","embeddable":true,"href":"https:\/\/luchonoticias.com\/editor\/wp-json\/wp\/v2\/categories?post=72058"},{"taxonomy":"post_tag","embeddable":true,"href":"https:\/\/luchonoticias.com\/editor\/wp-json\/wp\/v2\/tags?post=72058"}],"curies":[{"name":"wp","href":"https:\/\/api.w.org\/{rel}","templated":true}]}}