{"id":72074,"date":"2024-04-13T16:02:06","date_gmt":"2024-04-13T21:02:06","guid":{"rendered":"https:\/\/luchonoticias.com\/?p=72074"},"modified":"2024-04-13T16:02:06","modified_gmt":"2024-04-13T21:02:06","slug":"primera-mesa-publica-departamental-del-pae","status":"publish","type":"post","link":"https:\/\/luchonoticias.com\/editor\/primera-mesa-publica-departamental-del-pae\/","title":{"rendered":"Primera mesa p\u00fablica departamental del PAE"},"content":{"rendered":"<p>Con la participaci\u00f3n de alcaldes, autoridades de control, veedur\u00edas, docentes, padres de familia, estudiantes y el equipo de la Gobernaci\u00f3n del Huila, entre otros actores de la educaci\u00f3n, se cumpli\u00f3 la primera mesa p\u00fablica departamental del Programa de Alimentaci\u00f3n Escolar PAE 2024.<\/p>\n<p>El evento se llev\u00f3 a cabo en el auditorio de la Instituci\u00f3n Educativa Ismael Perdomo Borrero del Municipio de Gigante y fue coordinado por la Gobernaci\u00f3n del Huila, Secretar\u00eda de Educaci\u00f3n y Equipo de Coordinaci\u00f3n y Supervisi\u00f3n.<\/p>\n<p>Durante la exposici\u00f3n a cargo del gobierno departamental, se dej\u00f3 claro que el programa en estos momentos atiende a cerca de 98.000 estudiantes en los 35 municipios no certificados en educaci\u00f3n a cargo de la Gobernaci\u00f3n del Huila, alcanzando una cobertura del 80% e incluyendo en el beneficio a toda la poblaci\u00f3n ind\u00edgena, con cerca de 2.000 ni\u00f1os y ni\u00f1as, y para esta comunidad con una alimentaci\u00f3n escolar especial que se ajusta a sus entornos y realidades como lo exige la normatividad.<\/p>\n<p>\u201cEsta mesa p\u00fablica no solamente convoc\u00f3 a los actores directos del PAE, sino tambi\u00e9n a alcaldes, concejales y veedores que tienen una gran responsabilidad en estos procesos. Hemos llegado a una cobertura del 80% y estamos dentro de las 10 entidades territoriales del pa\u00eds con mejores indicadores\u201d, declar\u00f3 Orlando Parga, Secretario de Educaci\u00f3n Departamental.<\/p>\n<p>\u201cVamos a gestionar con el gobernador Rodrigo Villalba Mosquera, nuevos recursos para garantizar que este programa alcance a cubrir todos los d\u00edas calendario de la presente vigencia, ya que los recursos girados por el gobierno nacional, alcanzan hasta finales del mes de julio del 2024\u201d, complement\u00f3.<\/p>\n<p>El funcionario tambi\u00e9n dijo que, con la ESAP, Escuela Superior de Administraci\u00f3n P\u00fablica, se realizar\u00e1 un convenio para formar como veedores a todos los interesados de modo que se fortalezca el ojo ciudadano supervisando este programa.<\/p>\n<p>Entre tanto, Liliana V\u00e1squez Sandoval, Supervisora General del PAE departamental, record\u00f3 que son dos modalidades de entrega que se hace en las 176 instituciones educativas con sus distintas sedes urbanas y rurales: la raci\u00f3n tipo complemento que es un refrigerio facilitado a 77.000 estudiantes, y la raci\u00f3n tipo almuerzo entregado como lo exige la norma, s\u00f3lo a quienes cursan sus jornadas acad\u00e9micas en las instituciones educativas que prestan jornada \u00fanica, que en el Huila alcanzan los cerca de 20.000 estudiantes.<\/p>\n<p>\u201cA la poblaci\u00f3n ind\u00edgena tambi\u00e9n beneficiada en su totalidad, estaremos prestando para ellos el servicio hasta el \u00faltimo d\u00eda calendario escolar de la presente vigencia. Aclarar a todos, que el PAE es un programa de accesibilidad y permanencia estudiantil. No es un programa nutricional. Es una estrategia para evitar deserci\u00f3n escolar\u201d, dijo la funcionaria.<\/p>\n<p>\u201cInvitamos a todos los veedores y a todas las comunidades educativas a que hagan supervisi\u00f3n y vigilancia, que los alimentos sean entregados en los comedores estudiantiles de acuerdo a las minutas establecidas para ello. Tenemos supervisores en cada uno de estos municipios por parte de la Gobernaci\u00f3n, y con estas personas cualquier denuncia de la comunidad se puede hacer llegar\u201d, complement\u00f3.<\/p>\n<p>As\u00ed mismo, el coordinador general del PAE, el polit\u00f3logo Germ\u00e1n Dar\u00edo Delgado,<br \/>\nhizo \u00e9nfasis en lo que ha pedido el gobernador del Huila, que es en escuchar a todas las comunidades escolares. \u201cEl compromiso debe ser con la garant\u00eda de la buena prestaci\u00f3n del servicio, hecho con transparencia y con la misi\u00f3n de aportarle excelentes condiciones a los procesos de ense\u00f1anza \u2013 aprendizaje a nuestro ni\u00f1os, ni\u00f1as y adolescentes del territorio\u201d, expres\u00f3.<\/p>\n<p>\u201cEste a\u00f1o hemos estado en territorio visitando los municipios trabajando de la mano con los CAE, Comit\u00e9s de Alimentaci\u00f3n Escolar, recepcionando inquietudes de las comunidades educativas, y busc\u00e1ndoles soluci\u00f3n buscando la mejora continua del servicio\u201d, manifest\u00f3.<\/p>\n<p><strong>Espacios de di\u00e1logo importantes para mejorar<\/strong><\/p>\n<p>Uno de los asistentes a este evento fue el Contralor Departamental del Huila, Andr\u00e9s Felipe Vanegas Mosquera, quien resalt\u00f3 que estos espacios que brinda la Gobernaci\u00f3n del Huila sirven para que todos los actores que tienen que ver con la educaci\u00f3n, participen de manera activa.<\/p>\n<p>\u201cEs importante porque todos los actores y los organismos de control, conocemos de primera mano cu\u00e1les van a ser las acciones del Departamento en los municipios no certificados en educaci\u00f3n, a efectos de brindar una alimentaci\u00f3n escolar de calidad y en oportunidad a la comunidad educativa\u201d, expres\u00f3.<\/p>\n<p>\u201cIgualmente para nosotros los organismos de control es una oportunidad para mirar aquellas denuncias y quejas que son presentadas por los distintos actores de la educaci\u00f3n y conocer aquellos aspectos que deben ser mejorados en el desarrollo de este programa\u201d, finiquit\u00f3.<\/p>\n<p>El Contralor tambi\u00e9n asegur\u00f3 que la alimentaci\u00f3n escolar del departamento ha iniciado desde el comienzo del calendario educativo y que esto es favorable porque los j\u00f3venes requieren de este alimento desde el inicio. Tambi\u00e9n subray\u00f3 que el equipo de supervisi\u00f3n del Departamento se esmera en atender y tomar atenta nota a cada una de las denuncias con el prop\u00f3sito de contrastar y corregir lo que haya a lugar.<\/p>\n<p>Finalmente hizo un llamado a la comunidad educativa, a los personeros estudiantiles, padres de familia, docentes, rectores y dem\u00e1s, para que se conviertan en buenos vig\u00edas del PAE en el Huila frente a la calidad y la oportunidad en la prestaci\u00f3n de este servicio.<\/p>\n<p>&nbsp;<\/p>\n","protected":false},"excerpt":{"rendered":"<p>Con la participaci\u00f3n de alcaldes, autoridades de control, veedur\u00edas, docentes, padres de familia, estudiantes y el equipo de la Gobernaci\u00f3n del Huila, entre otros actores de la educaci\u00f3n, se cumpli\u00f3 la primera mesa p\u00fablica departamental del Programa de Alimentaci\u00f3n Escolar PAE 2024. El evento se llev\u00f3 a cabo en el auditorio de la Instituci\u00f3n Educativa [&hellip;]<\/p>\n","protected":false},"author":2,"featured_media":72075,"comment_status":"closed","ping_status":"open","sticky":false,"template":"","format":"standard","meta":{"footnotes":""},"categories":[33],"tags":[],"class_list":["post-72074","post","type-post","status-publish","format-standard","has-post-thumbnail","hentry","category-huila"],"yoast_head":"<!-- This site is optimized with the Yoast SEO plugin v26.6 - https:\/\/yoast.com\/wordpress\/plugins\/seo\/ -->\n<title>Primera mesa p\u00fablica departamental del PAE -<\/title>\n<meta name=\"robots\" content=\"index, follow, max-snippet:-1, max-image-preview:large, max-video-preview:-1\" \/>\n<link rel=\"canonical\" href=\"https:\/\/luchonoticias.com\/editor\/primera-mesa-publica-departamental-del-pae\/\" \/>\n<meta property=\"og:locale\" content=\"es_ES\" \/>\n<meta property=\"og:type\" content=\"article\" \/>\n<meta property=\"og:title\" content=\"Primera mesa p\u00fablica departamental del PAE -\" \/>\n<meta property=\"og:url\" content=\"https:\/\/luchonoticias.com\/editor\/primera-mesa-publica-departamental-del-pae\/\" \/>\n<meta property=\"article:publisher\" content=\"https:\/\/www.facebook.com\/luchonoticiasneiva\" \/>\n<meta property=\"article:published_time\" content=\"2024-04-13T21:02:06+00:00\" \/>\n<meta property=\"og:image\" content=\"https:\/\/luchonoticias.com\/editor\/wp-content\/uploads\/2024\/04\/HUIAL-pae.jpg\" \/>\n\t<meta property=\"og:image:width\" content=\"700\" \/>\n\t<meta property=\"og:image:height\" content=\"400\" \/>\n\t<meta property=\"og:image:type\" content=\"image\/jpeg\" \/>\n<meta name=\"author\" content=\"Editor General\" \/>\n<meta name=\"twitter:card\" content=\"summary_large_image\" \/>\n<meta name=\"twitter:label1\" content=\"Escrito por\" \/>\n\t<meta name=\"twitter:data1\" content=\"Editor General\" \/>\n\t<meta name=\"twitter:label2\" content=\"Tiempo de lectura\" \/>\n\t<meta name=\"twitter:data2\" content=\"5 minutos\" \/>\n<script type=\"application\/ld+json\" class=\"yoast-schema-graph\">{\"@context\":\"https:\/\/schema.org\",\"@graph\":[{\"@type\":\"Article\",\"@id\":\"https:\/\/luchonoticias.com\/editor\/primera-mesa-publica-departamental-del-pae\/#article\",\"isPartOf\":{\"@id\":\"https:\/\/luchonoticias.com\/editor\/primera-mesa-publica-departamental-del-pae\/\"},\"author\":{\"name\":\"Editor General\",\"@id\":\"https:\/\/luchonoticias.com\/editor\/#\/schema\/person\/29217990ddf6f14e35912b2866d591fb\"},\"headline\":\"Primera mesa p\u00fablica departamental del PAE\",\"datePublished\":\"2024-04-13T21:02:06+00:00\",\"mainEntityOfPage\":{\"@id\":\"https:\/\/luchonoticias.com\/editor\/primera-mesa-publica-departamental-del-pae\/\"},\"wordCount\":918,\"publisher\":{\"@id\":\"https:\/\/luchonoticias.com\/editor\/#\/schema\/person\/7a7fd911f58561fd056dbac7b55af9cd\"},\"image\":{\"@id\":\"https:\/\/luchonoticias.com\/editor\/primera-mesa-publica-departamental-del-pae\/#primaryimage\"},\"thumbnailUrl\":\"https:\/\/luchonoticias.com\/editor\/wp-content\/uploads\/2024\/04\/HUIAL-pae.jpg\",\"articleSection\":[\"Huila\"],\"inLanguage\":\"es\"},{\"@type\":\"WebPage\",\"@id\":\"https:\/\/luchonoticias.com\/editor\/primera-mesa-publica-departamental-del-pae\/\",\"url\":\"https:\/\/luchonoticias.com\/editor\/primera-mesa-publica-departamental-del-pae\/\",\"name\":\"Primera mesa p\u00fablica departamental del PAE -\",\"isPartOf\":{\"@id\":\"https:\/\/luchonoticias.com\/editor\/#website\"},\"primaryImageOfPage\":{\"@id\":\"https:\/\/luchonoticias.com\/editor\/primera-mesa-publica-departamental-del-pae\/#primaryimage\"},\"image\":{\"@id\":\"https:\/\/luchonoticias.com\/editor\/primera-mesa-publica-departamental-del-pae\/#primaryimage\"},\"thumbnailUrl\":\"https:\/\/luchonoticias.com\/editor\/wp-content\/uploads\/2024\/04\/HUIAL-pae.jpg\",\"datePublished\":\"2024-04-13T21:02:06+00:00\",\"breadcrumb\":{\"@id\":\"https:\/\/luchonoticias.com\/editor\/primera-mesa-publica-departamental-del-pae\/#breadcrumb\"},\"inLanguage\":\"es\",\"potentialAction\":[{\"@type\":\"ReadAction\",\"target\":[\"https:\/\/luchonoticias.com\/editor\/primera-mesa-publica-departamental-del-pae\/\"]}]},{\"@type\":\"ImageObject\",\"inLanguage\":\"es\",\"@id\":\"https:\/\/luchonoticias.com\/editor\/primera-mesa-publica-departamental-del-pae\/#primaryimage\",\"url\":\"https:\/\/luchonoticias.com\/editor\/wp-content\/uploads\/2024\/04\/HUIAL-pae.jpg\",\"contentUrl\":\"https:\/\/luchonoticias.com\/editor\/wp-content\/uploads\/2024\/04\/HUIAL-pae.jpg\",\"width\":700,\"height\":400},{\"@type\":\"BreadcrumbList\",\"@id\":\"https:\/\/luchonoticias.com\/editor\/primera-mesa-publica-departamental-del-pae\/#breadcrumb\",\"itemListElement\":[{\"@type\":\"ListItem\",\"position\":1,\"name\":\"Portada\",\"item\":\"https:\/\/luchonoticias.com\/editor\/\"},{\"@type\":\"ListItem\",\"position\":2,\"name\":\"Primera mesa p\u00fablica departamental del PAE\"}]},{\"@type\":\"WebSite\",\"@id\":\"https:\/\/luchonoticias.com\/editor\/#website\",\"url\":\"https:\/\/luchonoticias.com\/editor\/\",\"name\":\"\",\"description\":\"\",\"publisher\":{\"@id\":\"https:\/\/luchonoticias.com\/editor\/#\/schema\/person\/7a7fd911f58561fd056dbac7b55af9cd\"},\"potentialAction\":[{\"@type\":\"SearchAction\",\"target\":{\"@type\":\"EntryPoint\",\"urlTemplate\":\"https:\/\/luchonoticias.com\/editor\/?s={search_term_string}\"},\"query-input\":{\"@type\":\"PropertyValueSpecification\",\"valueRequired\":true,\"valueName\":\"search_term_string\"}}],\"inLanguage\":\"es\"},{\"@type\":[\"Person\",\"Organization\"],\"@id\":\"https:\/\/luchonoticias.com\/editor\/#\/schema\/person\/7a7fd911f58561fd056dbac7b55af9cd\",\"name\":\"admin\",\"image\":{\"@type\":\"ImageObject\",\"inLanguage\":\"es\",\"@id\":\"https:\/\/luchonoticias.com\/editor\/#\/schema\/person\/image\/\",\"url\":\"https:\/\/luchonoticias.com\/editor\/wp-content\/uploads\/2024\/02\/cropped-cropped-logolu.webp\",\"contentUrl\":\"https:\/\/luchonoticias.com\/editor\/wp-content\/uploads\/2024\/02\/cropped-cropped-logolu.webp\",\"width\":382,\"height\":170,\"caption\":\"admin\"},\"logo\":{\"@id\":\"https:\/\/luchonoticias.com\/editor\/#\/schema\/person\/image\/\"},\"sameAs\":[\"https:\/\/www.facebook.com\/luchonoticiasneiva\"]},{\"@type\":\"Person\",\"@id\":\"https:\/\/luchonoticias.com\/editor\/#\/schema\/person\/29217990ddf6f14e35912b2866d591fb\",\"name\":\"Editor General\",\"image\":{\"@type\":\"ImageObject\",\"inLanguage\":\"es\",\"@id\":\"https:\/\/luchonoticias.com\/editor\/#\/schema\/person\/image\/\",\"url\":\"https:\/\/luchonoticias.com\/editor\/wp-content\/uploads\/2024\/02\/cropped-cropped-logolu-150x150.webp\",\"contentUrl\":\"https:\/\/luchonoticias.com\/editor\/wp-content\/uploads\/2024\/02\/cropped-cropped-logolu-150x150.webp\",\"caption\":\"Editor General\"},\"sameAs\":[\"https:\/\/luchonoticias.com\/\"],\"url\":\"https:\/\/luchonoticias.com\/editor\/author\/editor-general\/\"}]}<\/script>\n<!-- \/ Yoast SEO plugin. -->","yoast_head_json":{"title":"Primera mesa p\u00fablica departamental del PAE -","robots":{"index":"index","follow":"follow","max-snippet":"max-snippet:-1","max-image-preview":"max-image-preview:large","max-video-preview":"max-video-preview:-1"},"canonical":"https:\/\/luchonoticias.com\/editor\/primera-mesa-publica-departamental-del-pae\/","og_locale":"es_ES","og_type":"article","og_title":"Primera mesa p\u00fablica departamental del PAE -","og_url":"https:\/\/luchonoticias.com\/editor\/primera-mesa-publica-departamental-del-pae\/","article_publisher":"https:\/\/www.facebook.com\/luchonoticiasneiva","article_published_time":"2024-04-13T21:02:06+00:00","og_image":[{"width":700,"height":400,"url":"https:\/\/luchonoticias.com\/editor\/wp-content\/uploads\/2024\/04\/HUIAL-pae.jpg","type":"image\/jpeg"}],"author":"Editor General","twitter_card":"summary_large_image","twitter_misc":{"Escrito por":"Editor General","Tiempo de lectura":"5 minutos"},"schema":{"@context":"https:\/\/schema.org","@graph":[{"@type":"Article","@id":"https:\/\/luchonoticias.com\/editor\/primera-mesa-publica-departamental-del-pae\/#article","isPartOf":{"@id":"https:\/\/luchonoticias.com\/editor\/primera-mesa-publica-departamental-del-pae\/"},"author":{"name":"Editor General","@id":"https:\/\/luchonoticias.com\/editor\/#\/schema\/person\/29217990ddf6f14e35912b2866d591fb"},"headline":"Primera mesa p\u00fablica departamental del PAE","datePublished":"2024-04-13T21:02:06+00:00","mainEntityOfPage":{"@id":"https:\/\/luchonoticias.com\/editor\/primera-mesa-publica-departamental-del-pae\/"},"wordCount":918,"publisher":{"@id":"https:\/\/luchonoticias.com\/editor\/#\/schema\/person\/7a7fd911f58561fd056dbac7b55af9cd"},"image":{"@id":"https:\/\/luchonoticias.com\/editor\/primera-mesa-publica-departamental-del-pae\/#primaryimage"},"thumbnailUrl":"https:\/\/luchonoticias.com\/editor\/wp-content\/uploads\/2024\/04\/HUIAL-pae.jpg","articleSection":["Huila"],"inLanguage":"es"},{"@type":"WebPage","@id":"https:\/\/luchonoticias.com\/editor\/primera-mesa-publica-departamental-del-pae\/","url":"https:\/\/luchonoticias.com\/editor\/primera-mesa-publica-departamental-del-pae\/","name":"Primera mesa p\u00fablica departamental del PAE -","isPartOf":{"@id":"https:\/\/luchonoticias.com\/editor\/#website"},"primaryImageOfPage":{"@id":"https:\/\/luchonoticias.com\/editor\/primera-mesa-publica-departamental-del-pae\/#primaryimage"},"image":{"@id":"https:\/\/luchonoticias.com\/editor\/primera-mesa-publica-departamental-del-pae\/#primaryimage"},"thumbnailUrl":"https:\/\/luchonoticias.com\/editor\/wp-content\/uploads\/2024\/04\/HUIAL-pae.jpg","datePublished":"2024-04-13T21:02:06+00:00","breadcrumb":{"@id":"https:\/\/luchonoticias.com\/editor\/primera-mesa-publica-departamental-del-pae\/#breadcrumb"},"inLanguage":"es","potentialAction":[{"@type":"ReadAction","target":["https:\/\/luchonoticias.com\/editor\/primera-mesa-publica-departamental-del-pae\/"]}]},{"@type":"ImageObject","inLanguage":"es","@id":"https:\/\/luchonoticias.com\/editor\/primera-mesa-publica-departamental-del-pae\/#primaryimage","url":"https:\/\/luchonoticias.com\/editor\/wp-content\/uploads\/2024\/04\/HUIAL-pae.jpg","contentUrl":"https:\/\/luchonoticias.com\/editor\/wp-content\/uploads\/2024\/04\/HUIAL-pae.jpg","width":700,"height":400},{"@type":"BreadcrumbList","@id":"https:\/\/luchonoticias.com\/editor\/primera-mesa-publica-departamental-del-pae\/#breadcrumb","itemListElement":[{"@type":"ListItem","position":1,"name":"Portada","item":"https:\/\/luchonoticias.com\/editor\/"},{"@type":"ListItem","position":2,"name":"Primera mesa p\u00fablica departamental del PAE"}]},{"@type":"WebSite","@id":"https:\/\/luchonoticias.com\/editor\/#website","url":"https:\/\/luchonoticias.com\/editor\/","name":"","description":"","publisher":{"@id":"https:\/\/luchonoticias.com\/editor\/#\/schema\/person\/7a7fd911f58561fd056dbac7b55af9cd"},"potentialAction":[{"@type":"SearchAction","target":{"@type":"EntryPoint","urlTemplate":"https:\/\/luchonoticias.com\/editor\/?s={search_term_string}"},"query-input":{"@type":"PropertyValueSpecification","valueRequired":true,"valueName":"search_term_string"}}],"inLanguage":"es"},{"@type":["Person","Organization"],"@id":"https:\/\/luchonoticias.com\/editor\/#\/schema\/person\/7a7fd911f58561fd056dbac7b55af9cd","name":"admin","image":{"@type":"ImageObject","inLanguage":"es","@id":"https:\/\/luchonoticias.com\/editor\/#\/schema\/person\/image\/","url":"https:\/\/luchonoticias.com\/editor\/wp-content\/uploads\/2024\/02\/cropped-cropped-logolu.webp","contentUrl":"https:\/\/luchonoticias.com\/editor\/wp-content\/uploads\/2024\/02\/cropped-cropped-logolu.webp","width":382,"height":170,"caption":"admin"},"logo":{"@id":"https:\/\/luchonoticias.com\/editor\/#\/schema\/person\/image\/"},"sameAs":["https:\/\/www.facebook.com\/luchonoticiasneiva"]},{"@type":"Person","@id":"https:\/\/luchonoticias.com\/editor\/#\/schema\/person\/29217990ddf6f14e35912b2866d591fb","name":"Editor General","image":{"@type":"ImageObject","inLanguage":"es","@id":"https:\/\/luchonoticias.com\/editor\/#\/schema\/person\/image\/","url":"https:\/\/luchonoticias.com\/editor\/wp-content\/uploads\/2024\/02\/cropped-cropped-logolu-150x150.webp","contentUrl":"https:\/\/luchonoticias.com\/editor\/wp-content\/uploads\/2024\/02\/cropped-cropped-logolu-150x150.webp","caption":"Editor General"},"sameAs":["https:\/\/luchonoticias.com\/"],"url":"https:\/\/luchonoticias.com\/editor\/author\/editor-general\/"}]}},"_links":{"self":[{"href":"https:\/\/luchonoticias.com\/editor\/wp-json\/wp\/v2\/posts\/72074","targetHints":{"allow":["GET"]}}],"collection":[{"href":"https:\/\/luchonoticias.com\/editor\/wp-json\/wp\/v2\/posts"}],"about":[{"href":"https:\/\/luchonoticias.com\/editor\/wp-json\/wp\/v2\/types\/post"}],"author":[{"embeddable":true,"href":"https:\/\/luchonoticias.com\/editor\/wp-json\/wp\/v2\/users\/2"}],"replies":[{"embeddable":true,"href":"https:\/\/luchonoticias.com\/editor\/wp-json\/wp\/v2\/comments?post=72074"}],"version-history":[{"count":0,"href":"https:\/\/luchonoticias.com\/editor\/wp-json\/wp\/v2\/posts\/72074\/revisions"}],"wp:featuredmedia":[{"embeddable":true,"href":"https:\/\/luchonoticias.com\/editor\/wp-json\/wp\/v2\/media\/72075"}],"wp:attachment":[{"href":"https:\/\/luchonoticias.com\/editor\/wp-json\/wp\/v2\/media?parent=72074"}],"wp:term":[{"taxonomy":"category","embeddable":true,"href":"https:\/\/luchonoticias.com\/editor\/wp-json\/wp\/v2\/categories?post=72074"},{"taxonomy":"post_tag","embeddable":true,"href":"https:\/\/luchonoticias.com\/editor\/wp-json\/wp\/v2\/tags?post=72074"}],"curies":[{"name":"wp","href":"https:\/\/api.w.org\/{rel}","templated":true}]}}