{"id":72080,"date":"2024-04-13T16:45:34","date_gmt":"2024-04-13T21:45:34","guid":{"rendered":"https:\/\/luchonoticias.com\/?p=72080"},"modified":"2024-04-13T16:45:34","modified_gmt":"2024-04-13T21:45:34","slug":"asesorias-juridicas-gratuitas-para-los-neivanos-en-el-centro-de-victimas","status":"publish","type":"post","link":"https:\/\/luchonoticias.com\/editor\/asesorias-juridicas-gratuitas-para-los-neivanos-en-el-centro-de-victimas\/","title":{"rendered":"Asesor\u00edas jur\u00eddicas gratuitas para los neivanos en el Centro de V\u00edctimas"},"content":{"rendered":"<p>El despojo y la restituci\u00f3n de tierras en el marco del conflicto armado interno, se ha convertido en una problem\u00e1tica que ha captado la atenci\u00f3n de las autoridades de orden municipal, departamental y nacional, al igual que de organizaciones que trabajan por los derechos de las v\u00edctimas.<\/p>\n<p>En ese contexto, el pr\u00f3ximo martes 16, mi\u00e9rcoles 17 y jueves 18 de abril, se llevar\u00e1 a cabo en el Centro Regional de Atenci\u00f3n y Reparaci\u00f3n Integral a las V\u00edctimas, Crav, una serie de jornadas gratuitas para la poblaci\u00f3n v\u00edctima del conflicto que est\u00e9 registrada en Colombia, en donde el principal prop\u00f3sito ser\u00e1 entregar asesor\u00edas jur\u00eddicas sin costo en el marco de temas como legalizaci\u00f3n y formalizaci\u00f3n de predios.<\/p>\n<p>\u201cLa Alcald\u00eda de Neiva en el marco de la atenci\u00f3n a las v\u00edctimas de la ciudad en el programa de atenci\u00f3n y asistencia a ellas, el 16, 17 y 18 de abril en coordinaci\u00f3n con la Superintendencia de Notariado y Registro, realizar\u00e1 tres jornadas de asesor\u00eda para formalizaci\u00f3n y legalizaci\u00f3n de predios a todas las v\u00edctimas que se encuentran registradas aqu\u00ed en Neiva\u201d, afirm\u00f3 Jorge Mancilla Chilito, coordinador del Crav.<\/p>\n<p>Finalmente, dijo: \u201cTambi\u00e9n destacar que las personas que por alguna raz\u00f3n no puedan hacer una pr\u00f3rroga, pueden acceder a este sitio para recibir atenci\u00f3n, en donde tendr\u00e1n la asesor\u00eda para que formalicen sus predios\u201d.<\/p>\n","protected":false},"excerpt":{"rendered":"<p>El despojo y la restituci\u00f3n de tierras en el marco del conflicto armado interno, se ha convertido en una problem\u00e1tica que ha captado la atenci\u00f3n de las autoridades de orden municipal, departamental y nacional, al igual que de organizaciones que trabajan por los derechos de las v\u00edctimas. En ese contexto, el pr\u00f3ximo martes 16, mi\u00e9rcoles [&hellip;]<\/p>\n","protected":false},"author":2,"featured_media":72081,"comment_status":"closed","ping_status":"open","sticky":false,"template":"","format":"standard","meta":{"footnotes":""},"categories":[31],"tags":[],"class_list":["post-72080","post","type-post","status-publish","format-standard","has-post-thumbnail","hentry","category-local"],"yoast_head":"<!-- This site is optimized with the Yoast SEO plugin v26.6 - https:\/\/yoast.com\/wordpress\/plugins\/seo\/ -->\n<title>Asesor\u00edas jur\u00eddicas gratuitas para los neivanos en el Centro de V\u00edctimas -<\/title>\n<meta name=\"robots\" content=\"index, follow, max-snippet:-1, max-image-preview:large, max-video-preview:-1\" \/>\n<link rel=\"canonical\" href=\"https:\/\/luchonoticias.com\/editor\/asesorias-juridicas-gratuitas-para-los-neivanos-en-el-centro-de-victimas\/\" \/>\n<meta property=\"og:locale\" content=\"es_ES\" \/>\n<meta property=\"og:type\" content=\"article\" \/>\n<meta property=\"og:title\" content=\"Asesor\u00edas jur\u00eddicas gratuitas para los neivanos en el Centro de V\u00edctimas -\" \/>\n<meta property=\"og:url\" content=\"https:\/\/luchonoticias.com\/editor\/asesorias-juridicas-gratuitas-para-los-neivanos-en-el-centro-de-victimas\/\" \/>\n<meta property=\"article:publisher\" content=\"https:\/\/www.facebook.com\/luchonoticiasneiva\" \/>\n<meta property=\"article:published_time\" content=\"2024-04-13T21:45:34+00:00\" \/>\n<meta property=\"og:image\" content=\"https:\/\/luchonoticias.com\/editor\/wp-content\/uploads\/2024\/04\/asesorias.jpg\" \/>\n\t<meta property=\"og:image:width\" content=\"700\" \/>\n\t<meta property=\"og:image:height\" content=\"400\" \/>\n\t<meta property=\"og:image:type\" content=\"image\/jpeg\" \/>\n<meta name=\"author\" content=\"Editor General\" \/>\n<meta name=\"twitter:card\" content=\"summary_large_image\" \/>\n<meta name=\"twitter:label1\" content=\"Escrito por\" \/>\n\t<meta name=\"twitter:data1\" content=\"Editor General\" \/>\n\t<meta name=\"twitter:label2\" content=\"Tiempo de lectura\" \/>\n\t<meta name=\"twitter:data2\" content=\"1 minuto\" \/>\n<script type=\"application\/ld+json\" class=\"yoast-schema-graph\">{\"@context\":\"https:\/\/schema.org\",\"@graph\":[{\"@type\":\"Article\",\"@id\":\"https:\/\/luchonoticias.com\/editor\/asesorias-juridicas-gratuitas-para-los-neivanos-en-el-centro-de-victimas\/#article\",\"isPartOf\":{\"@id\":\"https:\/\/luchonoticias.com\/editor\/asesorias-juridicas-gratuitas-para-los-neivanos-en-el-centro-de-victimas\/\"},\"author\":{\"name\":\"Editor General\",\"@id\":\"https:\/\/luchonoticias.com\/editor\/#\/schema\/person\/29217990ddf6f14e35912b2866d591fb\"},\"headline\":\"Asesor\u00edas jur\u00eddicas gratuitas para los neivanos en el Centro de V\u00edctimas\",\"datePublished\":\"2024-04-13T21:45:34+00:00\",\"mainEntityOfPage\":{\"@id\":\"https:\/\/luchonoticias.com\/editor\/asesorias-juridicas-gratuitas-para-los-neivanos-en-el-centro-de-victimas\/\"},\"wordCount\":259,\"publisher\":{\"@id\":\"https:\/\/luchonoticias.com\/editor\/#\/schema\/person\/7a7fd911f58561fd056dbac7b55af9cd\"},\"image\":{\"@id\":\"https:\/\/luchonoticias.com\/editor\/asesorias-juridicas-gratuitas-para-los-neivanos-en-el-centro-de-victimas\/#primaryimage\"},\"thumbnailUrl\":\"https:\/\/luchonoticias.com\/editor\/wp-content\/uploads\/2024\/04\/asesorias.jpg\",\"articleSection\":[\"Local\"],\"inLanguage\":\"es\"},{\"@type\":\"WebPage\",\"@id\":\"https:\/\/luchonoticias.com\/editor\/asesorias-juridicas-gratuitas-para-los-neivanos-en-el-centro-de-victimas\/\",\"url\":\"https:\/\/luchonoticias.com\/editor\/asesorias-juridicas-gratuitas-para-los-neivanos-en-el-centro-de-victimas\/\",\"name\":\"Asesor\u00edas jur\u00eddicas gratuitas para los neivanos en el Centro de V\u00edctimas -\",\"isPartOf\":{\"@id\":\"https:\/\/luchonoticias.com\/editor\/#website\"},\"primaryImageOfPage\":{\"@id\":\"https:\/\/luchonoticias.com\/editor\/asesorias-juridicas-gratuitas-para-los-neivanos-en-el-centro-de-victimas\/#primaryimage\"},\"image\":{\"@id\":\"https:\/\/luchonoticias.com\/editor\/asesorias-juridicas-gratuitas-para-los-neivanos-en-el-centro-de-victimas\/#primaryimage\"},\"thumbnailUrl\":\"https:\/\/luchonoticias.com\/editor\/wp-content\/uploads\/2024\/04\/asesorias.jpg\",\"datePublished\":\"2024-04-13T21:45:34+00:00\",\"breadcrumb\":{\"@id\":\"https:\/\/luchonoticias.com\/editor\/asesorias-juridicas-gratuitas-para-los-neivanos-en-el-centro-de-victimas\/#breadcrumb\"},\"inLanguage\":\"es\",\"potentialAction\":[{\"@type\":\"ReadAction\",\"target\":[\"https:\/\/luchonoticias.com\/editor\/asesorias-juridicas-gratuitas-para-los-neivanos-en-el-centro-de-victimas\/\"]}]},{\"@type\":\"ImageObject\",\"inLanguage\":\"es\",\"@id\":\"https:\/\/luchonoticias.com\/editor\/asesorias-juridicas-gratuitas-para-los-neivanos-en-el-centro-de-victimas\/#primaryimage\",\"url\":\"https:\/\/luchonoticias.com\/editor\/wp-content\/uploads\/2024\/04\/asesorias.jpg\",\"contentUrl\":\"https:\/\/luchonoticias.com\/editor\/wp-content\/uploads\/2024\/04\/asesorias.jpg\",\"width\":700,\"height\":400},{\"@type\":\"BreadcrumbList\",\"@id\":\"https:\/\/luchonoticias.com\/editor\/asesorias-juridicas-gratuitas-para-los-neivanos-en-el-centro-de-victimas\/#breadcrumb\",\"itemListElement\":[{\"@type\":\"ListItem\",\"position\":1,\"name\":\"Portada\",\"item\":\"https:\/\/luchonoticias.com\/editor\/\"},{\"@type\":\"ListItem\",\"position\":2,\"name\":\"Asesor\u00edas jur\u00eddicas gratuitas para los neivanos en el Centro de V\u00edctimas\"}]},{\"@type\":\"WebSite\",\"@id\":\"https:\/\/luchonoticias.com\/editor\/#website\",\"url\":\"https:\/\/luchonoticias.com\/editor\/\",\"name\":\"\",\"description\":\"\",\"publisher\":{\"@id\":\"https:\/\/luchonoticias.com\/editor\/#\/schema\/person\/7a7fd911f58561fd056dbac7b55af9cd\"},\"potentialAction\":[{\"@type\":\"SearchAction\",\"target\":{\"@type\":\"EntryPoint\",\"urlTemplate\":\"https:\/\/luchonoticias.com\/editor\/?s={search_term_string}\"},\"query-input\":{\"@type\":\"PropertyValueSpecification\",\"valueRequired\":true,\"valueName\":\"search_term_string\"}}],\"inLanguage\":\"es\"},{\"@type\":[\"Person\",\"Organization\"],\"@id\":\"https:\/\/luchonoticias.com\/editor\/#\/schema\/person\/7a7fd911f58561fd056dbac7b55af9cd\",\"name\":\"admin\",\"image\":{\"@type\":\"ImageObject\",\"inLanguage\":\"es\",\"@id\":\"https:\/\/luchonoticias.com\/editor\/#\/schema\/person\/image\/\",\"url\":\"https:\/\/luchonoticias.com\/editor\/wp-content\/uploads\/2024\/02\/cropped-cropped-logolu.webp\",\"contentUrl\":\"https:\/\/luchonoticias.com\/editor\/wp-content\/uploads\/2024\/02\/cropped-cropped-logolu.webp\",\"width\":382,\"height\":170,\"caption\":\"admin\"},\"logo\":{\"@id\":\"https:\/\/luchonoticias.com\/editor\/#\/schema\/person\/image\/\"},\"sameAs\":[\"https:\/\/www.facebook.com\/luchonoticiasneiva\"]},{\"@type\":\"Person\",\"@id\":\"https:\/\/luchonoticias.com\/editor\/#\/schema\/person\/29217990ddf6f14e35912b2866d591fb\",\"name\":\"Editor General\",\"image\":{\"@type\":\"ImageObject\",\"inLanguage\":\"es\",\"@id\":\"https:\/\/luchonoticias.com\/editor\/#\/schema\/person\/image\/\",\"url\":\"https:\/\/luchonoticias.com\/editor\/wp-content\/uploads\/2024\/02\/cropped-cropped-logolu-150x150.webp\",\"contentUrl\":\"https:\/\/luchonoticias.com\/editor\/wp-content\/uploads\/2024\/02\/cropped-cropped-logolu-150x150.webp\",\"caption\":\"Editor General\"},\"sameAs\":[\"https:\/\/luchonoticias.com\/\"],\"url\":\"https:\/\/luchonoticias.com\/editor\/author\/editor-general\/\"}]}<\/script>\n<!-- \/ Yoast SEO plugin. -->","yoast_head_json":{"title":"Asesor\u00edas jur\u00eddicas gratuitas para los neivanos en el Centro de V\u00edctimas -","robots":{"index":"index","follow":"follow","max-snippet":"max-snippet:-1","max-image-preview":"max-image-preview:large","max-video-preview":"max-video-preview:-1"},"canonical":"https:\/\/luchonoticias.com\/editor\/asesorias-juridicas-gratuitas-para-los-neivanos-en-el-centro-de-victimas\/","og_locale":"es_ES","og_type":"article","og_title":"Asesor\u00edas jur\u00eddicas gratuitas para los neivanos en el Centro de V\u00edctimas -","og_url":"https:\/\/luchonoticias.com\/editor\/asesorias-juridicas-gratuitas-para-los-neivanos-en-el-centro-de-victimas\/","article_publisher":"https:\/\/www.facebook.com\/luchonoticiasneiva","article_published_time":"2024-04-13T21:45:34+00:00","og_image":[{"width":700,"height":400,"url":"https:\/\/luchonoticias.com\/editor\/wp-content\/uploads\/2024\/04\/asesorias.jpg","type":"image\/jpeg"}],"author":"Editor General","twitter_card":"summary_large_image","twitter_misc":{"Escrito por":"Editor General","Tiempo de lectura":"1 minuto"},"schema":{"@context":"https:\/\/schema.org","@graph":[{"@type":"Article","@id":"https:\/\/luchonoticias.com\/editor\/asesorias-juridicas-gratuitas-para-los-neivanos-en-el-centro-de-victimas\/#article","isPartOf":{"@id":"https:\/\/luchonoticias.com\/editor\/asesorias-juridicas-gratuitas-para-los-neivanos-en-el-centro-de-victimas\/"},"author":{"name":"Editor General","@id":"https:\/\/luchonoticias.com\/editor\/#\/schema\/person\/29217990ddf6f14e35912b2866d591fb"},"headline":"Asesor\u00edas jur\u00eddicas gratuitas para los neivanos en el Centro de V\u00edctimas","datePublished":"2024-04-13T21:45:34+00:00","mainEntityOfPage":{"@id":"https:\/\/luchonoticias.com\/editor\/asesorias-juridicas-gratuitas-para-los-neivanos-en-el-centro-de-victimas\/"},"wordCount":259,"publisher":{"@id":"https:\/\/luchonoticias.com\/editor\/#\/schema\/person\/7a7fd911f58561fd056dbac7b55af9cd"},"image":{"@id":"https:\/\/luchonoticias.com\/editor\/asesorias-juridicas-gratuitas-para-los-neivanos-en-el-centro-de-victimas\/#primaryimage"},"thumbnailUrl":"https:\/\/luchonoticias.com\/editor\/wp-content\/uploads\/2024\/04\/asesorias.jpg","articleSection":["Local"],"inLanguage":"es"},{"@type":"WebPage","@id":"https:\/\/luchonoticias.com\/editor\/asesorias-juridicas-gratuitas-para-los-neivanos-en-el-centro-de-victimas\/","url":"https:\/\/luchonoticias.com\/editor\/asesorias-juridicas-gratuitas-para-los-neivanos-en-el-centro-de-victimas\/","name":"Asesor\u00edas jur\u00eddicas gratuitas para los neivanos en el Centro de V\u00edctimas -","isPartOf":{"@id":"https:\/\/luchonoticias.com\/editor\/#website"},"primaryImageOfPage":{"@id":"https:\/\/luchonoticias.com\/editor\/asesorias-juridicas-gratuitas-para-los-neivanos-en-el-centro-de-victimas\/#primaryimage"},"image":{"@id":"https:\/\/luchonoticias.com\/editor\/asesorias-juridicas-gratuitas-para-los-neivanos-en-el-centro-de-victimas\/#primaryimage"},"thumbnailUrl":"https:\/\/luchonoticias.com\/editor\/wp-content\/uploads\/2024\/04\/asesorias.jpg","datePublished":"2024-04-13T21:45:34+00:00","breadcrumb":{"@id":"https:\/\/luchonoticias.com\/editor\/asesorias-juridicas-gratuitas-para-los-neivanos-en-el-centro-de-victimas\/#breadcrumb"},"inLanguage":"es","potentialAction":[{"@type":"ReadAction","target":["https:\/\/luchonoticias.com\/editor\/asesorias-juridicas-gratuitas-para-los-neivanos-en-el-centro-de-victimas\/"]}]},{"@type":"ImageObject","inLanguage":"es","@id":"https:\/\/luchonoticias.com\/editor\/asesorias-juridicas-gratuitas-para-los-neivanos-en-el-centro-de-victimas\/#primaryimage","url":"https:\/\/luchonoticias.com\/editor\/wp-content\/uploads\/2024\/04\/asesorias.jpg","contentUrl":"https:\/\/luchonoticias.com\/editor\/wp-content\/uploads\/2024\/04\/asesorias.jpg","width":700,"height":400},{"@type":"BreadcrumbList","@id":"https:\/\/luchonoticias.com\/editor\/asesorias-juridicas-gratuitas-para-los-neivanos-en-el-centro-de-victimas\/#breadcrumb","itemListElement":[{"@type":"ListItem","position":1,"name":"Portada","item":"https:\/\/luchonoticias.com\/editor\/"},{"@type":"ListItem","position":2,"name":"Asesor\u00edas jur\u00eddicas gratuitas para los neivanos en el Centro de V\u00edctimas"}]},{"@type":"WebSite","@id":"https:\/\/luchonoticias.com\/editor\/#website","url":"https:\/\/luchonoticias.com\/editor\/","name":"","description":"","publisher":{"@id":"https:\/\/luchonoticias.com\/editor\/#\/schema\/person\/7a7fd911f58561fd056dbac7b55af9cd"},"potentialAction":[{"@type":"SearchAction","target":{"@type":"EntryPoint","urlTemplate":"https:\/\/luchonoticias.com\/editor\/?s={search_term_string}"},"query-input":{"@type":"PropertyValueSpecification","valueRequired":true,"valueName":"search_term_string"}}],"inLanguage":"es"},{"@type":["Person","Organization"],"@id":"https:\/\/luchonoticias.com\/editor\/#\/schema\/person\/7a7fd911f58561fd056dbac7b55af9cd","name":"admin","image":{"@type":"ImageObject","inLanguage":"es","@id":"https:\/\/luchonoticias.com\/editor\/#\/schema\/person\/image\/","url":"https:\/\/luchonoticias.com\/editor\/wp-content\/uploads\/2024\/02\/cropped-cropped-logolu.webp","contentUrl":"https:\/\/luchonoticias.com\/editor\/wp-content\/uploads\/2024\/02\/cropped-cropped-logolu.webp","width":382,"height":170,"caption":"admin"},"logo":{"@id":"https:\/\/luchonoticias.com\/editor\/#\/schema\/person\/image\/"},"sameAs":["https:\/\/www.facebook.com\/luchonoticiasneiva"]},{"@type":"Person","@id":"https:\/\/luchonoticias.com\/editor\/#\/schema\/person\/29217990ddf6f14e35912b2866d591fb","name":"Editor General","image":{"@type":"ImageObject","inLanguage":"es","@id":"https:\/\/luchonoticias.com\/editor\/#\/schema\/person\/image\/","url":"https:\/\/luchonoticias.com\/editor\/wp-content\/uploads\/2024\/02\/cropped-cropped-logolu-150x150.webp","contentUrl":"https:\/\/luchonoticias.com\/editor\/wp-content\/uploads\/2024\/02\/cropped-cropped-logolu-150x150.webp","caption":"Editor General"},"sameAs":["https:\/\/luchonoticias.com\/"],"url":"https:\/\/luchonoticias.com\/editor\/author\/editor-general\/"}]}},"_links":{"self":[{"href":"https:\/\/luchonoticias.com\/editor\/wp-json\/wp\/v2\/posts\/72080","targetHints":{"allow":["GET"]}}],"collection":[{"href":"https:\/\/luchonoticias.com\/editor\/wp-json\/wp\/v2\/posts"}],"about":[{"href":"https:\/\/luchonoticias.com\/editor\/wp-json\/wp\/v2\/types\/post"}],"author":[{"embeddable":true,"href":"https:\/\/luchonoticias.com\/editor\/wp-json\/wp\/v2\/users\/2"}],"replies":[{"embeddable":true,"href":"https:\/\/luchonoticias.com\/editor\/wp-json\/wp\/v2\/comments?post=72080"}],"version-history":[{"count":0,"href":"https:\/\/luchonoticias.com\/editor\/wp-json\/wp\/v2\/posts\/72080\/revisions"}],"wp:featuredmedia":[{"embeddable":true,"href":"https:\/\/luchonoticias.com\/editor\/wp-json\/wp\/v2\/media\/72081"}],"wp:attachment":[{"href":"https:\/\/luchonoticias.com\/editor\/wp-json\/wp\/v2\/media?parent=72080"}],"wp:term":[{"taxonomy":"category","embeddable":true,"href":"https:\/\/luchonoticias.com\/editor\/wp-json\/wp\/v2\/categories?post=72080"},{"taxonomy":"post_tag","embeddable":true,"href":"https:\/\/luchonoticias.com\/editor\/wp-json\/wp\/v2\/tags?post=72080"}],"curies":[{"name":"wp","href":"https:\/\/api.w.org\/{rel}","templated":true}]}}