{"id":72086,"date":"2024-04-14T05:06:02","date_gmt":"2024-04-14T10:06:02","guid":{"rendered":"https:\/\/luchonoticias.com\/?p=72086"},"modified":"2024-04-14T05:06:02","modified_gmt":"2024-04-14T10:06:02","slug":"efectuadas-rondas-sampedrinas-en-las-comunas-2-y-3","status":"publish","type":"post","link":"https:\/\/luchonoticias.com\/editor\/efectuadas-rondas-sampedrinas-en-las-comunas-2-y-3\/","title":{"rendered":"Efectuadas rondas sampedrinas en las comunas 2 y 3"},"content":{"rendered":"<p>Un total de 11 candidatas participaron para ser elegidas como las mejores int\u00e9rpretes del Sanjuanero Huilense para ir al Reinado Popular y 4 parejas de ni\u00f1os para conseguir participar en Herederos de la Tradici\u00f3n en las rondas sampedrinas efectuadas en las Comunas 2 y 3.<\/p>\n<p>La alegr\u00eda de la ronda lleg\u00f3 con la apertura de la \u2018Vitrina Microempresarial en San Juan y San Pedro\u2019 en la cual participaron los emprendedores de las comunas Dos y Tres con sus productos gastron\u00f3micos, bienes y servicios.<\/p>\n<p>A las 6:00 de la tarde, la banda de vientos \u2018La Sanjuanera\u2019 dio la bienvenida a todos los asistentes con un concierto de m\u00fasica huilense entre bambucos, sanjuaneros y rumba.<\/p>\n<p>Con gran asistencia el polideportivo techado del barrio Los Andes fue el escenario en donde se dieron cita el folclor, la belleza, el baile, la danza y la m\u00fasica. Las barras alentando a cada una de sus representantes fueron tambi\u00e9n protagonistas de la noche.<\/p>\n<p>El show musical estuvo a cargo de la inconfundible \u2018Dora y su parranda\u2019, que con m\u00fasica folcl\u00f3rica y campesina pusieron a bailar a los asistentes. La danza estuvo a cargo del grupo Atahualpa que, con trajes vistosos, dieron una muestra de baile aut\u00f3ctono opita; a continuaci\u00f3n, las elegidas por comuna:<\/p>\n<p>Candidatas comuna Dos:<\/p>\n<p>Reinado Popular<\/p>\n<p>Barrio \u00c1lamos Norte \u2013 Ana Lucia Casta\u00f1eda.<\/p>\n<p>Barrio Los Andes \u2013 Angie Vanessa Ibarra<\/p>\n<p>Herederos de la Tradici\u00f3n<\/p>\n<p>Barrio Las Granjas \u2013 Luzyana Su\u00e1rez.<\/p>\n<p>Barrio Los Andes \u2013 Eimy Valentina Rivera.<\/p>\n<p>Candidatas comuna Tres<\/p>\n<p>Reinado Popular<\/p>\n<p>Barrio Tenerife \u2013 Laura Valentina Rojas.<\/p>\n<p>Barrio Jos\u00e9 Eustasio Rivera \u2013 Ingrid Catalina Novoa.<\/p>\n<p>Herederos de la Tradici\u00f3n<\/p>\n<p>Barrio Jos\u00e9 Eustasio Rivera \u2013 Mariana Rodr\u00edguez.<\/p>\n<p>Barrio Villa Patricia \u2013 Danna Valentina Rivera.<\/p>\n","protected":false},"excerpt":{"rendered":"<p>Un total de 11 candidatas participaron para ser elegidas como las mejores int\u00e9rpretes del Sanjuanero Huilense para ir al Reinado Popular y 4 parejas de ni\u00f1os para conseguir participar en Herederos de la Tradici\u00f3n en las rondas sampedrinas efectuadas en las Comunas 2 y 3. La alegr\u00eda de la ronda lleg\u00f3 con la apertura de [&hellip;]<\/p>\n","protected":false},"author":2,"featured_media":72087,"comment_status":"closed","ping_status":"open","sticky":false,"template":"","format":"standard","meta":{"footnotes":""},"categories":[31],"tags":[],"class_list":["post-72086","post","type-post","status-publish","format-standard","has-post-thumbnail","hentry","category-local"],"yoast_head":"<!-- This site is optimized with the Yoast SEO plugin v26.6 - https:\/\/yoast.com\/wordpress\/plugins\/seo\/ -->\n<title>Efectuadas rondas sampedrinas en las comunas 2 y 3 -<\/title>\n<meta name=\"robots\" content=\"index, follow, max-snippet:-1, max-image-preview:large, max-video-preview:-1\" \/>\n<link rel=\"canonical\" href=\"https:\/\/luchonoticias.com\/editor\/efectuadas-rondas-sampedrinas-en-las-comunas-2-y-3\/\" \/>\n<meta property=\"og:locale\" content=\"es_ES\" \/>\n<meta property=\"og:type\" content=\"article\" \/>\n<meta property=\"og:title\" content=\"Efectuadas rondas sampedrinas en las comunas 2 y 3 -\" \/>\n<meta property=\"og:url\" content=\"https:\/\/luchonoticias.com\/editor\/efectuadas-rondas-sampedrinas-en-las-comunas-2-y-3\/\" \/>\n<meta property=\"article:publisher\" content=\"https:\/\/www.facebook.com\/luchonoticiasneiva\" \/>\n<meta property=\"article:published_time\" content=\"2024-04-14T10:06:02+00:00\" \/>\n<meta property=\"og:image\" content=\"https:\/\/luchonoticias.com\/editor\/wp-content\/uploads\/2024\/04\/ronda-sampedrina.jpg\" \/>\n\t<meta property=\"og:image:width\" content=\"700\" \/>\n\t<meta property=\"og:image:height\" content=\"400\" \/>\n\t<meta property=\"og:image:type\" content=\"image\/jpeg\" \/>\n<meta name=\"author\" content=\"Editor General\" \/>\n<meta name=\"twitter:card\" content=\"summary_large_image\" \/>\n<meta name=\"twitter:label1\" content=\"Escrito por\" \/>\n\t<meta name=\"twitter:data1\" content=\"Editor General\" \/>\n\t<meta name=\"twitter:label2\" content=\"Tiempo de lectura\" \/>\n\t<meta name=\"twitter:data2\" content=\"1 minuto\" \/>\n<script type=\"application\/ld+json\" class=\"yoast-schema-graph\">{\"@context\":\"https:\/\/schema.org\",\"@graph\":[{\"@type\":\"Article\",\"@id\":\"https:\/\/luchonoticias.com\/editor\/efectuadas-rondas-sampedrinas-en-las-comunas-2-y-3\/#article\",\"isPartOf\":{\"@id\":\"https:\/\/luchonoticias.com\/editor\/efectuadas-rondas-sampedrinas-en-las-comunas-2-y-3\/\"},\"author\":{\"name\":\"Editor General\",\"@id\":\"https:\/\/luchonoticias.com\/editor\/#\/schema\/person\/29217990ddf6f14e35912b2866d591fb\"},\"headline\":\"Efectuadas rondas sampedrinas en las comunas 2 y 3\",\"datePublished\":\"2024-04-14T10:06:02+00:00\",\"mainEntityOfPage\":{\"@id\":\"https:\/\/luchonoticias.com\/editor\/efectuadas-rondas-sampedrinas-en-las-comunas-2-y-3\/\"},\"wordCount\":291,\"publisher\":{\"@id\":\"https:\/\/luchonoticias.com\/editor\/#\/schema\/person\/7a7fd911f58561fd056dbac7b55af9cd\"},\"image\":{\"@id\":\"https:\/\/luchonoticias.com\/editor\/efectuadas-rondas-sampedrinas-en-las-comunas-2-y-3\/#primaryimage\"},\"thumbnailUrl\":\"https:\/\/luchonoticias.com\/editor\/wp-content\/uploads\/2024\/04\/ronda-sampedrina.jpg\",\"articleSection\":[\"Local\"],\"inLanguage\":\"es\"},{\"@type\":\"WebPage\",\"@id\":\"https:\/\/luchonoticias.com\/editor\/efectuadas-rondas-sampedrinas-en-las-comunas-2-y-3\/\",\"url\":\"https:\/\/luchonoticias.com\/editor\/efectuadas-rondas-sampedrinas-en-las-comunas-2-y-3\/\",\"name\":\"Efectuadas rondas sampedrinas en las comunas 2 y 3 -\",\"isPartOf\":{\"@id\":\"https:\/\/luchonoticias.com\/editor\/#website\"},\"primaryImageOfPage\":{\"@id\":\"https:\/\/luchonoticias.com\/editor\/efectuadas-rondas-sampedrinas-en-las-comunas-2-y-3\/#primaryimage\"},\"image\":{\"@id\":\"https:\/\/luchonoticias.com\/editor\/efectuadas-rondas-sampedrinas-en-las-comunas-2-y-3\/#primaryimage\"},\"thumbnailUrl\":\"https:\/\/luchonoticias.com\/editor\/wp-content\/uploads\/2024\/04\/ronda-sampedrina.jpg\",\"datePublished\":\"2024-04-14T10:06:02+00:00\",\"breadcrumb\":{\"@id\":\"https:\/\/luchonoticias.com\/editor\/efectuadas-rondas-sampedrinas-en-las-comunas-2-y-3\/#breadcrumb\"},\"inLanguage\":\"es\",\"potentialAction\":[{\"@type\":\"ReadAction\",\"target\":[\"https:\/\/luchonoticias.com\/editor\/efectuadas-rondas-sampedrinas-en-las-comunas-2-y-3\/\"]}]},{\"@type\":\"ImageObject\",\"inLanguage\":\"es\",\"@id\":\"https:\/\/luchonoticias.com\/editor\/efectuadas-rondas-sampedrinas-en-las-comunas-2-y-3\/#primaryimage\",\"url\":\"https:\/\/luchonoticias.com\/editor\/wp-content\/uploads\/2024\/04\/ronda-sampedrina.jpg\",\"contentUrl\":\"https:\/\/luchonoticias.com\/editor\/wp-content\/uploads\/2024\/04\/ronda-sampedrina.jpg\",\"width\":700,\"height\":400},{\"@type\":\"BreadcrumbList\",\"@id\":\"https:\/\/luchonoticias.com\/editor\/efectuadas-rondas-sampedrinas-en-las-comunas-2-y-3\/#breadcrumb\",\"itemListElement\":[{\"@type\":\"ListItem\",\"position\":1,\"name\":\"Portada\",\"item\":\"https:\/\/luchonoticias.com\/editor\/\"},{\"@type\":\"ListItem\",\"position\":2,\"name\":\"Efectuadas rondas sampedrinas en las comunas 2 y 3\"}]},{\"@type\":\"WebSite\",\"@id\":\"https:\/\/luchonoticias.com\/editor\/#website\",\"url\":\"https:\/\/luchonoticias.com\/editor\/\",\"name\":\"\",\"description\":\"\",\"publisher\":{\"@id\":\"https:\/\/luchonoticias.com\/editor\/#\/schema\/person\/7a7fd911f58561fd056dbac7b55af9cd\"},\"potentialAction\":[{\"@type\":\"SearchAction\",\"target\":{\"@type\":\"EntryPoint\",\"urlTemplate\":\"https:\/\/luchonoticias.com\/editor\/?s={search_term_string}\"},\"query-input\":{\"@type\":\"PropertyValueSpecification\",\"valueRequired\":true,\"valueName\":\"search_term_string\"}}],\"inLanguage\":\"es\"},{\"@type\":[\"Person\",\"Organization\"],\"@id\":\"https:\/\/luchonoticias.com\/editor\/#\/schema\/person\/7a7fd911f58561fd056dbac7b55af9cd\",\"name\":\"admin\",\"image\":{\"@type\":\"ImageObject\",\"inLanguage\":\"es\",\"@id\":\"https:\/\/luchonoticias.com\/editor\/#\/schema\/person\/image\/\",\"url\":\"https:\/\/luchonoticias.com\/editor\/wp-content\/uploads\/2024\/02\/cropped-cropped-logolu.webp\",\"contentUrl\":\"https:\/\/luchonoticias.com\/editor\/wp-content\/uploads\/2024\/02\/cropped-cropped-logolu.webp\",\"width\":382,\"height\":170,\"caption\":\"admin\"},\"logo\":{\"@id\":\"https:\/\/luchonoticias.com\/editor\/#\/schema\/person\/image\/\"},\"sameAs\":[\"https:\/\/www.facebook.com\/luchonoticiasneiva\"]},{\"@type\":\"Person\",\"@id\":\"https:\/\/luchonoticias.com\/editor\/#\/schema\/person\/29217990ddf6f14e35912b2866d591fb\",\"name\":\"Editor General\",\"image\":{\"@type\":\"ImageObject\",\"inLanguage\":\"es\",\"@id\":\"https:\/\/luchonoticias.com\/editor\/#\/schema\/person\/image\/\",\"url\":\"https:\/\/luchonoticias.com\/editor\/wp-content\/uploads\/2024\/02\/cropped-cropped-logolu-150x150.webp\",\"contentUrl\":\"https:\/\/luchonoticias.com\/editor\/wp-content\/uploads\/2024\/02\/cropped-cropped-logolu-150x150.webp\",\"caption\":\"Editor General\"},\"sameAs\":[\"https:\/\/luchonoticias.com\/\"],\"url\":\"https:\/\/luchonoticias.com\/editor\/author\/editor-general\/\"}]}<\/script>\n<!-- \/ Yoast SEO plugin. -->","yoast_head_json":{"title":"Efectuadas rondas sampedrinas en las comunas 2 y 3 -","robots":{"index":"index","follow":"follow","max-snippet":"max-snippet:-1","max-image-preview":"max-image-preview:large","max-video-preview":"max-video-preview:-1"},"canonical":"https:\/\/luchonoticias.com\/editor\/efectuadas-rondas-sampedrinas-en-las-comunas-2-y-3\/","og_locale":"es_ES","og_type":"article","og_title":"Efectuadas rondas sampedrinas en las comunas 2 y 3 -","og_url":"https:\/\/luchonoticias.com\/editor\/efectuadas-rondas-sampedrinas-en-las-comunas-2-y-3\/","article_publisher":"https:\/\/www.facebook.com\/luchonoticiasneiva","article_published_time":"2024-04-14T10:06:02+00:00","og_image":[{"width":700,"height":400,"url":"https:\/\/luchonoticias.com\/editor\/wp-content\/uploads\/2024\/04\/ronda-sampedrina.jpg","type":"image\/jpeg"}],"author":"Editor General","twitter_card":"summary_large_image","twitter_misc":{"Escrito por":"Editor General","Tiempo de lectura":"1 minuto"},"schema":{"@context":"https:\/\/schema.org","@graph":[{"@type":"Article","@id":"https:\/\/luchonoticias.com\/editor\/efectuadas-rondas-sampedrinas-en-las-comunas-2-y-3\/#article","isPartOf":{"@id":"https:\/\/luchonoticias.com\/editor\/efectuadas-rondas-sampedrinas-en-las-comunas-2-y-3\/"},"author":{"name":"Editor General","@id":"https:\/\/luchonoticias.com\/editor\/#\/schema\/person\/29217990ddf6f14e35912b2866d591fb"},"headline":"Efectuadas rondas sampedrinas en las comunas 2 y 3","datePublished":"2024-04-14T10:06:02+00:00","mainEntityOfPage":{"@id":"https:\/\/luchonoticias.com\/editor\/efectuadas-rondas-sampedrinas-en-las-comunas-2-y-3\/"},"wordCount":291,"publisher":{"@id":"https:\/\/luchonoticias.com\/editor\/#\/schema\/person\/7a7fd911f58561fd056dbac7b55af9cd"},"image":{"@id":"https:\/\/luchonoticias.com\/editor\/efectuadas-rondas-sampedrinas-en-las-comunas-2-y-3\/#primaryimage"},"thumbnailUrl":"https:\/\/luchonoticias.com\/editor\/wp-content\/uploads\/2024\/04\/ronda-sampedrina.jpg","articleSection":["Local"],"inLanguage":"es"},{"@type":"WebPage","@id":"https:\/\/luchonoticias.com\/editor\/efectuadas-rondas-sampedrinas-en-las-comunas-2-y-3\/","url":"https:\/\/luchonoticias.com\/editor\/efectuadas-rondas-sampedrinas-en-las-comunas-2-y-3\/","name":"Efectuadas rondas sampedrinas en las comunas 2 y 3 -","isPartOf":{"@id":"https:\/\/luchonoticias.com\/editor\/#website"},"primaryImageOfPage":{"@id":"https:\/\/luchonoticias.com\/editor\/efectuadas-rondas-sampedrinas-en-las-comunas-2-y-3\/#primaryimage"},"image":{"@id":"https:\/\/luchonoticias.com\/editor\/efectuadas-rondas-sampedrinas-en-las-comunas-2-y-3\/#primaryimage"},"thumbnailUrl":"https:\/\/luchonoticias.com\/editor\/wp-content\/uploads\/2024\/04\/ronda-sampedrina.jpg","datePublished":"2024-04-14T10:06:02+00:00","breadcrumb":{"@id":"https:\/\/luchonoticias.com\/editor\/efectuadas-rondas-sampedrinas-en-las-comunas-2-y-3\/#breadcrumb"},"inLanguage":"es","potentialAction":[{"@type":"ReadAction","target":["https:\/\/luchonoticias.com\/editor\/efectuadas-rondas-sampedrinas-en-las-comunas-2-y-3\/"]}]},{"@type":"ImageObject","inLanguage":"es","@id":"https:\/\/luchonoticias.com\/editor\/efectuadas-rondas-sampedrinas-en-las-comunas-2-y-3\/#primaryimage","url":"https:\/\/luchonoticias.com\/editor\/wp-content\/uploads\/2024\/04\/ronda-sampedrina.jpg","contentUrl":"https:\/\/luchonoticias.com\/editor\/wp-content\/uploads\/2024\/04\/ronda-sampedrina.jpg","width":700,"height":400},{"@type":"BreadcrumbList","@id":"https:\/\/luchonoticias.com\/editor\/efectuadas-rondas-sampedrinas-en-las-comunas-2-y-3\/#breadcrumb","itemListElement":[{"@type":"ListItem","position":1,"name":"Portada","item":"https:\/\/luchonoticias.com\/editor\/"},{"@type":"ListItem","position":2,"name":"Efectuadas rondas sampedrinas en las comunas 2 y 3"}]},{"@type":"WebSite","@id":"https:\/\/luchonoticias.com\/editor\/#website","url":"https:\/\/luchonoticias.com\/editor\/","name":"","description":"","publisher":{"@id":"https:\/\/luchonoticias.com\/editor\/#\/schema\/person\/7a7fd911f58561fd056dbac7b55af9cd"},"potentialAction":[{"@type":"SearchAction","target":{"@type":"EntryPoint","urlTemplate":"https:\/\/luchonoticias.com\/editor\/?s={search_term_string}"},"query-input":{"@type":"PropertyValueSpecification","valueRequired":true,"valueName":"search_term_string"}}],"inLanguage":"es"},{"@type":["Person","Organization"],"@id":"https:\/\/luchonoticias.com\/editor\/#\/schema\/person\/7a7fd911f58561fd056dbac7b55af9cd","name":"admin","image":{"@type":"ImageObject","inLanguage":"es","@id":"https:\/\/luchonoticias.com\/editor\/#\/schema\/person\/image\/","url":"https:\/\/luchonoticias.com\/editor\/wp-content\/uploads\/2024\/02\/cropped-cropped-logolu.webp","contentUrl":"https:\/\/luchonoticias.com\/editor\/wp-content\/uploads\/2024\/02\/cropped-cropped-logolu.webp","width":382,"height":170,"caption":"admin"},"logo":{"@id":"https:\/\/luchonoticias.com\/editor\/#\/schema\/person\/image\/"},"sameAs":["https:\/\/www.facebook.com\/luchonoticiasneiva"]},{"@type":"Person","@id":"https:\/\/luchonoticias.com\/editor\/#\/schema\/person\/29217990ddf6f14e35912b2866d591fb","name":"Editor General","image":{"@type":"ImageObject","inLanguage":"es","@id":"https:\/\/luchonoticias.com\/editor\/#\/schema\/person\/image\/","url":"https:\/\/luchonoticias.com\/editor\/wp-content\/uploads\/2024\/02\/cropped-cropped-logolu-150x150.webp","contentUrl":"https:\/\/luchonoticias.com\/editor\/wp-content\/uploads\/2024\/02\/cropped-cropped-logolu-150x150.webp","caption":"Editor General"},"sameAs":["https:\/\/luchonoticias.com\/"],"url":"https:\/\/luchonoticias.com\/editor\/author\/editor-general\/"}]}},"_links":{"self":[{"href":"https:\/\/luchonoticias.com\/editor\/wp-json\/wp\/v2\/posts\/72086","targetHints":{"allow":["GET"]}}],"collection":[{"href":"https:\/\/luchonoticias.com\/editor\/wp-json\/wp\/v2\/posts"}],"about":[{"href":"https:\/\/luchonoticias.com\/editor\/wp-json\/wp\/v2\/types\/post"}],"author":[{"embeddable":true,"href":"https:\/\/luchonoticias.com\/editor\/wp-json\/wp\/v2\/users\/2"}],"replies":[{"embeddable":true,"href":"https:\/\/luchonoticias.com\/editor\/wp-json\/wp\/v2\/comments?post=72086"}],"version-history":[{"count":0,"href":"https:\/\/luchonoticias.com\/editor\/wp-json\/wp\/v2\/posts\/72086\/revisions"}],"wp:featuredmedia":[{"embeddable":true,"href":"https:\/\/luchonoticias.com\/editor\/wp-json\/wp\/v2\/media\/72087"}],"wp:attachment":[{"href":"https:\/\/luchonoticias.com\/editor\/wp-json\/wp\/v2\/media?parent=72086"}],"wp:term":[{"taxonomy":"category","embeddable":true,"href":"https:\/\/luchonoticias.com\/editor\/wp-json\/wp\/v2\/categories?post=72086"},{"taxonomy":"post_tag","embeddable":true,"href":"https:\/\/luchonoticias.com\/editor\/wp-json\/wp\/v2\/tags?post=72086"}],"curies":[{"name":"wp","href":"https:\/\/api.w.org\/{rel}","templated":true}]}}