{"id":72120,"date":"2024-04-15T07:37:36","date_gmt":"2024-04-15T12:37:36","guid":{"rendered":"https:\/\/luchonoticias.com\/?p=72120"},"modified":"2024-04-15T07:37:36","modified_gmt":"2024-04-15T12:37:36","slug":"huila-protagonista-del-zonal-intercolegiado","status":"publish","type":"post","link":"https:\/\/luchonoticias.com\/editor\/huila-protagonista-del-zonal-intercolegiado\/","title":{"rendered":"Huila, protagonista del zonal intercolegiado"},"content":{"rendered":"<p>Luego de 10 d\u00edas de competencia en los que Rivera fue el anfitri\u00f3n de la decimos\u00e9ptima edici\u00f3n de los zonales finales de los Juegos Intercolegiados, el departamento del Huila cierra las justas colegiales m\u00e1s importantes del pa\u00eds con resultados hist\u00f3ricos para el deporte.<\/p>\n<p>Por primera vez en la historia de las justas, se clasific\u00f3 con m\u00e1s del 50% de los cupos para las finales nacionales por encima de Tolima, Cundinamarca, Caquet\u00e1 y Putumayo.<\/p>\n<p>M\u00e1s de 1.200 deportistas se reunieron en Rivera en una organizaci\u00f3n de lujo por parte de la Gobernaci\u00f3n del Huila a trav\u00e9s del Inderhuila, donde se dinamiz\u00f3 la econom\u00eda, con una excelente log\u00edstica y a la altura para los ni\u00f1os, ni\u00f1as y adolescentes que participaron de ella.<\/p>\n<p>El gobernador del Huila, Rodrigo Villalba Mosquera, quien estuvo presente en el cierre de los juegos este domingo en el municipio de Rivera, manifest\u00f3 su alegr\u00eda tras los importantes logros obtenidos por los deportistas que representaron al departamento en las disciplinas de f\u00fatbol de sal\u00f3n, f\u00fatbol, f\u00fatbol sala, baloncesto y voleibol.<\/p>\n<p>\u201cEstamos felices, el departamento del Huila le cumpli\u00f3 al evento que estuvo a la altura de las circunstancias. La oferta de servicio, la hoteler\u00eda, los organizadores, el Inderhuila, el Ministerio del Deporte, la Gobernaci\u00f3n, la Alcald\u00eda de Rivera, la ciudadan\u00eda y la seguridad. Fueron unas justas muy competitivas entre los 5 departamentos con un balance positivo y favorable para el departamento, pasando de clasificar en una o dos categor\u00edas, a ocho como en esta ocasi\u00f3n, reflejando el 50% del total de los 16 cupos\u201d.<\/p>\n<p>\u201cQuiero registrar esto con complacencia, invitar a rectores, organizadores deportivos a que se inscriban y nos ayuden a que estos zonales los volvamos a realizar en nuestra tierra\u201d, complement\u00f3 Rodrigo Villalba, gobernador del Huila.<\/p>\n<p>Por su parte, Felipe Victoria Barrag\u00e1n, director del Inderhuila, complement\u00f3: \u201cQueremos proyectar a nuestro departamento para que m\u00e1s eventos deportivos se realicen ac\u00e1, donde ya nos dimos cuenta que tenemos la capacidad operativa con una gran respuesta por parte de los deportistas. Hacemos la invitaci\u00f3n a que a partir del mes de mayo m\u00e1s colegios se inscriban al programa \u2018Intercolegiados 2024\u2019 para tener una participaci\u00f3n igual o superior a este a\u00f1o. Entre todos, estamos trabajando para hacer del Huila, uno m\u00e1s grande en deporte\u201d.<\/p>\n<p>Estas justas, que superaron los 2.000 millones de pesos en inversi\u00f3n por parte del Gobierno Nacional, en articulaci\u00f3n con la gobernaci\u00f3n del Huila y la administraci\u00f3n municipal de Rivera, dinamizaron la econom\u00eda de la regi\u00f3n, proyectando los sectores no solo deportivos, sino tur\u00edsticos del municipio y del departamento.<\/p>\n<p>Las finales nacionales de los Juegos Intercolegiados se disputar\u00e1n en la ciudad de Valledupar, Cesar, a partir del 1 de mayo junto a las 7 mejores delegaciones del pa\u00eds.<\/p>\n","protected":false},"excerpt":{"rendered":"<p>Luego de 10 d\u00edas de competencia en los que Rivera fue el anfitri\u00f3n de la decimos\u00e9ptima edici\u00f3n de los zonales finales de los Juegos Intercolegiados, el departamento del Huila cierra las justas colegiales m\u00e1s importantes del pa\u00eds con resultados hist\u00f3ricos para el deporte. Por primera vez en la historia de las justas, se clasific\u00f3 con [&hellip;]<\/p>\n","protected":false},"author":2,"featured_media":72121,"comment_status":"closed","ping_status":"open","sticky":false,"template":"","format":"standard","meta":{"footnotes":""},"categories":[34],"tags":[],"class_list":["post-72120","post","type-post","status-publish","format-standard","has-post-thumbnail","hentry","category-deportes"],"yoast_head":"<!-- This site is optimized with the Yoast SEO plugin v26.6 - https:\/\/yoast.com\/wordpress\/plugins\/seo\/ -->\n<title>Huila, protagonista del zonal intercolegiado -<\/title>\n<meta name=\"robots\" content=\"index, follow, max-snippet:-1, max-image-preview:large, max-video-preview:-1\" \/>\n<link rel=\"canonical\" href=\"https:\/\/luchonoticias.com\/editor\/huila-protagonista-del-zonal-intercolegiado\/\" \/>\n<meta property=\"og:locale\" content=\"es_ES\" \/>\n<meta property=\"og:type\" content=\"article\" \/>\n<meta property=\"og:title\" content=\"Huila, protagonista del zonal intercolegiado -\" \/>\n<meta property=\"og:url\" content=\"https:\/\/luchonoticias.com\/editor\/huila-protagonista-del-zonal-intercolegiado\/\" \/>\n<meta property=\"article:publisher\" content=\"https:\/\/www.facebook.com\/luchonoticiasneiva\" \/>\n<meta property=\"article:published_time\" content=\"2024-04-15T12:37:36+00:00\" \/>\n<meta property=\"og:image\" content=\"https:\/\/luchonoticias.com\/editor\/wp-content\/uploads\/2024\/04\/san-sebastian-la-plata.jpg\" \/>\n\t<meta property=\"og:image:width\" content=\"700\" \/>\n\t<meta property=\"og:image:height\" content=\"400\" \/>\n\t<meta property=\"og:image:type\" content=\"image\/jpeg\" \/>\n<meta name=\"author\" content=\"Editor General\" \/>\n<meta name=\"twitter:card\" content=\"summary_large_image\" \/>\n<meta name=\"twitter:label1\" content=\"Escrito por\" \/>\n\t<meta name=\"twitter:data1\" content=\"Editor General\" \/>\n\t<meta name=\"twitter:label2\" content=\"Tiempo de lectura\" \/>\n\t<meta name=\"twitter:data2\" content=\"2 minutos\" \/>\n<script type=\"application\/ld+json\" class=\"yoast-schema-graph\">{\"@context\":\"https:\/\/schema.org\",\"@graph\":[{\"@type\":\"Article\",\"@id\":\"https:\/\/luchonoticias.com\/editor\/huila-protagonista-del-zonal-intercolegiado\/#article\",\"isPartOf\":{\"@id\":\"https:\/\/luchonoticias.com\/editor\/huila-protagonista-del-zonal-intercolegiado\/\"},\"author\":{\"name\":\"Editor General\",\"@id\":\"https:\/\/luchonoticias.com\/editor\/#\/schema\/person\/29217990ddf6f14e35912b2866d591fb\"},\"headline\":\"Huila, protagonista del zonal intercolegiado\",\"datePublished\":\"2024-04-15T12:37:36+00:00\",\"mainEntityOfPage\":{\"@id\":\"https:\/\/luchonoticias.com\/editor\/huila-protagonista-del-zonal-intercolegiado\/\"},\"wordCount\":488,\"publisher\":{\"@id\":\"https:\/\/luchonoticias.com\/editor\/#\/schema\/person\/7a7fd911f58561fd056dbac7b55af9cd\"},\"image\":{\"@id\":\"https:\/\/luchonoticias.com\/editor\/huila-protagonista-del-zonal-intercolegiado\/#primaryimage\"},\"thumbnailUrl\":\"https:\/\/luchonoticias.com\/editor\/wp-content\/uploads\/2024\/04\/san-sebastian-la-plata.jpg\",\"articleSection\":[\"Deportes\"],\"inLanguage\":\"es\"},{\"@type\":\"WebPage\",\"@id\":\"https:\/\/luchonoticias.com\/editor\/huila-protagonista-del-zonal-intercolegiado\/\",\"url\":\"https:\/\/luchonoticias.com\/editor\/huila-protagonista-del-zonal-intercolegiado\/\",\"name\":\"Huila, protagonista del zonal intercolegiado -\",\"isPartOf\":{\"@id\":\"https:\/\/luchonoticias.com\/editor\/#website\"},\"primaryImageOfPage\":{\"@id\":\"https:\/\/luchonoticias.com\/editor\/huila-protagonista-del-zonal-intercolegiado\/#primaryimage\"},\"image\":{\"@id\":\"https:\/\/luchonoticias.com\/editor\/huila-protagonista-del-zonal-intercolegiado\/#primaryimage\"},\"thumbnailUrl\":\"https:\/\/luchonoticias.com\/editor\/wp-content\/uploads\/2024\/04\/san-sebastian-la-plata.jpg\",\"datePublished\":\"2024-04-15T12:37:36+00:00\",\"breadcrumb\":{\"@id\":\"https:\/\/luchonoticias.com\/editor\/huila-protagonista-del-zonal-intercolegiado\/#breadcrumb\"},\"inLanguage\":\"es\",\"potentialAction\":[{\"@type\":\"ReadAction\",\"target\":[\"https:\/\/luchonoticias.com\/editor\/huila-protagonista-del-zonal-intercolegiado\/\"]}]},{\"@type\":\"ImageObject\",\"inLanguage\":\"es\",\"@id\":\"https:\/\/luchonoticias.com\/editor\/huila-protagonista-del-zonal-intercolegiado\/#primaryimage\",\"url\":\"https:\/\/luchonoticias.com\/editor\/wp-content\/uploads\/2024\/04\/san-sebastian-la-plata.jpg\",\"contentUrl\":\"https:\/\/luchonoticias.com\/editor\/wp-content\/uploads\/2024\/04\/san-sebastian-la-plata.jpg\",\"width\":700,\"height\":400},{\"@type\":\"BreadcrumbList\",\"@id\":\"https:\/\/luchonoticias.com\/editor\/huila-protagonista-del-zonal-intercolegiado\/#breadcrumb\",\"itemListElement\":[{\"@type\":\"ListItem\",\"position\":1,\"name\":\"Portada\",\"item\":\"https:\/\/luchonoticias.com\/editor\/\"},{\"@type\":\"ListItem\",\"position\":2,\"name\":\"Huila, protagonista del zonal intercolegiado\"}]},{\"@type\":\"WebSite\",\"@id\":\"https:\/\/luchonoticias.com\/editor\/#website\",\"url\":\"https:\/\/luchonoticias.com\/editor\/\",\"name\":\"\",\"description\":\"\",\"publisher\":{\"@id\":\"https:\/\/luchonoticias.com\/editor\/#\/schema\/person\/7a7fd911f58561fd056dbac7b55af9cd\"},\"potentialAction\":[{\"@type\":\"SearchAction\",\"target\":{\"@type\":\"EntryPoint\",\"urlTemplate\":\"https:\/\/luchonoticias.com\/editor\/?s={search_term_string}\"},\"query-input\":{\"@type\":\"PropertyValueSpecification\",\"valueRequired\":true,\"valueName\":\"search_term_string\"}}],\"inLanguage\":\"es\"},{\"@type\":[\"Person\",\"Organization\"],\"@id\":\"https:\/\/luchonoticias.com\/editor\/#\/schema\/person\/7a7fd911f58561fd056dbac7b55af9cd\",\"name\":\"admin\",\"image\":{\"@type\":\"ImageObject\",\"inLanguage\":\"es\",\"@id\":\"https:\/\/luchonoticias.com\/editor\/#\/schema\/person\/image\/\",\"url\":\"https:\/\/luchonoticias.com\/editor\/wp-content\/uploads\/2024\/02\/cropped-cropped-logolu.webp\",\"contentUrl\":\"https:\/\/luchonoticias.com\/editor\/wp-content\/uploads\/2024\/02\/cropped-cropped-logolu.webp\",\"width\":382,\"height\":170,\"caption\":\"admin\"},\"logo\":{\"@id\":\"https:\/\/luchonoticias.com\/editor\/#\/schema\/person\/image\/\"},\"sameAs\":[\"https:\/\/www.facebook.com\/luchonoticiasneiva\"]},{\"@type\":\"Person\",\"@id\":\"https:\/\/luchonoticias.com\/editor\/#\/schema\/person\/29217990ddf6f14e35912b2866d591fb\",\"name\":\"Editor General\",\"image\":{\"@type\":\"ImageObject\",\"inLanguage\":\"es\",\"@id\":\"https:\/\/luchonoticias.com\/editor\/#\/schema\/person\/image\/\",\"url\":\"https:\/\/luchonoticias.com\/editor\/wp-content\/uploads\/2024\/02\/cropped-cropped-logolu-150x150.webp\",\"contentUrl\":\"https:\/\/luchonoticias.com\/editor\/wp-content\/uploads\/2024\/02\/cropped-cropped-logolu-150x150.webp\",\"caption\":\"Editor General\"},\"sameAs\":[\"https:\/\/luchonoticias.com\/\"],\"url\":\"https:\/\/luchonoticias.com\/editor\/author\/editor-general\/\"}]}<\/script>\n<!-- \/ Yoast SEO plugin. -->","yoast_head_json":{"title":"Huila, protagonista del zonal intercolegiado -","robots":{"index":"index","follow":"follow","max-snippet":"max-snippet:-1","max-image-preview":"max-image-preview:large","max-video-preview":"max-video-preview:-1"},"canonical":"https:\/\/luchonoticias.com\/editor\/huila-protagonista-del-zonal-intercolegiado\/","og_locale":"es_ES","og_type":"article","og_title":"Huila, protagonista del zonal intercolegiado -","og_url":"https:\/\/luchonoticias.com\/editor\/huila-protagonista-del-zonal-intercolegiado\/","article_publisher":"https:\/\/www.facebook.com\/luchonoticiasneiva","article_published_time":"2024-04-15T12:37:36+00:00","og_image":[{"width":700,"height":400,"url":"https:\/\/luchonoticias.com\/editor\/wp-content\/uploads\/2024\/04\/san-sebastian-la-plata.jpg","type":"image\/jpeg"}],"author":"Editor General","twitter_card":"summary_large_image","twitter_misc":{"Escrito por":"Editor General","Tiempo de lectura":"2 minutos"},"schema":{"@context":"https:\/\/schema.org","@graph":[{"@type":"Article","@id":"https:\/\/luchonoticias.com\/editor\/huila-protagonista-del-zonal-intercolegiado\/#article","isPartOf":{"@id":"https:\/\/luchonoticias.com\/editor\/huila-protagonista-del-zonal-intercolegiado\/"},"author":{"name":"Editor General","@id":"https:\/\/luchonoticias.com\/editor\/#\/schema\/person\/29217990ddf6f14e35912b2866d591fb"},"headline":"Huila, protagonista del zonal intercolegiado","datePublished":"2024-04-15T12:37:36+00:00","mainEntityOfPage":{"@id":"https:\/\/luchonoticias.com\/editor\/huila-protagonista-del-zonal-intercolegiado\/"},"wordCount":488,"publisher":{"@id":"https:\/\/luchonoticias.com\/editor\/#\/schema\/person\/7a7fd911f58561fd056dbac7b55af9cd"},"image":{"@id":"https:\/\/luchonoticias.com\/editor\/huila-protagonista-del-zonal-intercolegiado\/#primaryimage"},"thumbnailUrl":"https:\/\/luchonoticias.com\/editor\/wp-content\/uploads\/2024\/04\/san-sebastian-la-plata.jpg","articleSection":["Deportes"],"inLanguage":"es"},{"@type":"WebPage","@id":"https:\/\/luchonoticias.com\/editor\/huila-protagonista-del-zonal-intercolegiado\/","url":"https:\/\/luchonoticias.com\/editor\/huila-protagonista-del-zonal-intercolegiado\/","name":"Huila, protagonista del zonal intercolegiado -","isPartOf":{"@id":"https:\/\/luchonoticias.com\/editor\/#website"},"primaryImageOfPage":{"@id":"https:\/\/luchonoticias.com\/editor\/huila-protagonista-del-zonal-intercolegiado\/#primaryimage"},"image":{"@id":"https:\/\/luchonoticias.com\/editor\/huila-protagonista-del-zonal-intercolegiado\/#primaryimage"},"thumbnailUrl":"https:\/\/luchonoticias.com\/editor\/wp-content\/uploads\/2024\/04\/san-sebastian-la-plata.jpg","datePublished":"2024-04-15T12:37:36+00:00","breadcrumb":{"@id":"https:\/\/luchonoticias.com\/editor\/huila-protagonista-del-zonal-intercolegiado\/#breadcrumb"},"inLanguage":"es","potentialAction":[{"@type":"ReadAction","target":["https:\/\/luchonoticias.com\/editor\/huila-protagonista-del-zonal-intercolegiado\/"]}]},{"@type":"ImageObject","inLanguage":"es","@id":"https:\/\/luchonoticias.com\/editor\/huila-protagonista-del-zonal-intercolegiado\/#primaryimage","url":"https:\/\/luchonoticias.com\/editor\/wp-content\/uploads\/2024\/04\/san-sebastian-la-plata.jpg","contentUrl":"https:\/\/luchonoticias.com\/editor\/wp-content\/uploads\/2024\/04\/san-sebastian-la-plata.jpg","width":700,"height":400},{"@type":"BreadcrumbList","@id":"https:\/\/luchonoticias.com\/editor\/huila-protagonista-del-zonal-intercolegiado\/#breadcrumb","itemListElement":[{"@type":"ListItem","position":1,"name":"Portada","item":"https:\/\/luchonoticias.com\/editor\/"},{"@type":"ListItem","position":2,"name":"Huila, protagonista del zonal intercolegiado"}]},{"@type":"WebSite","@id":"https:\/\/luchonoticias.com\/editor\/#website","url":"https:\/\/luchonoticias.com\/editor\/","name":"","description":"","publisher":{"@id":"https:\/\/luchonoticias.com\/editor\/#\/schema\/person\/7a7fd911f58561fd056dbac7b55af9cd"},"potentialAction":[{"@type":"SearchAction","target":{"@type":"EntryPoint","urlTemplate":"https:\/\/luchonoticias.com\/editor\/?s={search_term_string}"},"query-input":{"@type":"PropertyValueSpecification","valueRequired":true,"valueName":"search_term_string"}}],"inLanguage":"es"},{"@type":["Person","Organization"],"@id":"https:\/\/luchonoticias.com\/editor\/#\/schema\/person\/7a7fd911f58561fd056dbac7b55af9cd","name":"admin","image":{"@type":"ImageObject","inLanguage":"es","@id":"https:\/\/luchonoticias.com\/editor\/#\/schema\/person\/image\/","url":"https:\/\/luchonoticias.com\/editor\/wp-content\/uploads\/2024\/02\/cropped-cropped-logolu.webp","contentUrl":"https:\/\/luchonoticias.com\/editor\/wp-content\/uploads\/2024\/02\/cropped-cropped-logolu.webp","width":382,"height":170,"caption":"admin"},"logo":{"@id":"https:\/\/luchonoticias.com\/editor\/#\/schema\/person\/image\/"},"sameAs":["https:\/\/www.facebook.com\/luchonoticiasneiva"]},{"@type":"Person","@id":"https:\/\/luchonoticias.com\/editor\/#\/schema\/person\/29217990ddf6f14e35912b2866d591fb","name":"Editor General","image":{"@type":"ImageObject","inLanguage":"es","@id":"https:\/\/luchonoticias.com\/editor\/#\/schema\/person\/image\/","url":"https:\/\/luchonoticias.com\/editor\/wp-content\/uploads\/2024\/02\/cropped-cropped-logolu-150x150.webp","contentUrl":"https:\/\/luchonoticias.com\/editor\/wp-content\/uploads\/2024\/02\/cropped-cropped-logolu-150x150.webp","caption":"Editor General"},"sameAs":["https:\/\/luchonoticias.com\/"],"url":"https:\/\/luchonoticias.com\/editor\/author\/editor-general\/"}]}},"_links":{"self":[{"href":"https:\/\/luchonoticias.com\/editor\/wp-json\/wp\/v2\/posts\/72120","targetHints":{"allow":["GET"]}}],"collection":[{"href":"https:\/\/luchonoticias.com\/editor\/wp-json\/wp\/v2\/posts"}],"about":[{"href":"https:\/\/luchonoticias.com\/editor\/wp-json\/wp\/v2\/types\/post"}],"author":[{"embeddable":true,"href":"https:\/\/luchonoticias.com\/editor\/wp-json\/wp\/v2\/users\/2"}],"replies":[{"embeddable":true,"href":"https:\/\/luchonoticias.com\/editor\/wp-json\/wp\/v2\/comments?post=72120"}],"version-history":[{"count":0,"href":"https:\/\/luchonoticias.com\/editor\/wp-json\/wp\/v2\/posts\/72120\/revisions"}],"wp:featuredmedia":[{"embeddable":true,"href":"https:\/\/luchonoticias.com\/editor\/wp-json\/wp\/v2\/media\/72121"}],"wp:attachment":[{"href":"https:\/\/luchonoticias.com\/editor\/wp-json\/wp\/v2\/media?parent=72120"}],"wp:term":[{"taxonomy":"category","embeddable":true,"href":"https:\/\/luchonoticias.com\/editor\/wp-json\/wp\/v2\/categories?post=72120"},{"taxonomy":"post_tag","embeddable":true,"href":"https:\/\/luchonoticias.com\/editor\/wp-json\/wp\/v2\/tags?post=72120"}],"curies":[{"name":"wp","href":"https:\/\/api.w.org\/{rel}","templated":true}]}}