{"id":72123,"date":"2024-04-15T07:54:38","date_gmt":"2024-04-15T12:54:38","guid":{"rendered":"https:\/\/luchonoticias.com\/?p=72123"},"modified":"2024-04-15T07:54:38","modified_gmt":"2024-04-15T12:54:38","slug":"presidente-acordara-sesion-permanente-de-trabajo-con-las-eps","status":"publish","type":"post","link":"https:\/\/luchonoticias.com\/editor\/presidente-acordara-sesion-permanente-de-trabajo-con-las-eps\/","title":{"rendered":"Presidente acordar\u00e1 sesi\u00f3n permanente de trabajo con las EPS"},"content":{"rendered":"<div>\u201cHemos acordado con las EPS una sesi\u00f3n permanente de trabajo de 100 horas, partiendo de una base, y es que se necesita reforma a la salud\u201d, anunci\u00f3 el presidente Gustavo Petro Urrego en su cuenta de la red X.<\/div>\n<div><\/div>\n<div>El mandatario precis\u00f3 que \u201ceste espacio ser\u00e1 de concertaci\u00f3n para buscar una salida a la crisis que durante d\u00e9cadas se ha llevado al sistema de salud\u201d.<\/div>\n<div><\/div>\n<div>\u201cUna salud incluyente y preventiva es el camino\u201d, sostuvo.<\/div>\n<div><\/div>\n<div>Las reuniones de trabajo del Gobierno Nacional con las EPS comenzar\u00e1n este lunes 15 de abril.<\/div>\n<div><\/div>\n<h2>Intervenciones son para mejorar<\/h2>\n<div><\/div>\n<div>De otro lado, en entrevista con\u00a0Noticias RCN, el Jefe de Estado indic\u00f3 que la puesta en marcha del Puesto de Mando Unificado (PMU) de la Salud, instalado recientemente por instrucci\u00f3n suya, busca que las intervenciones de las EPS sean para mejorar.<\/div>\n<div><\/div>\n<div>\u201cHay interventores que hacen lo mismo que hac\u00edan antes y eso hay que controlarlo. Por eso yo puse un Puesto de Mando Unificado (<a href=\"https:\/\/petro.presidencia.gov.co\/prensa\/Paginas\/Gobierno-instala-Puesto-de-Mando-Unificado-para-garantizar-el-derecho-240409.aspx\" target=\"_blank\" rel=\"noopener\">PMU de la Salud\u200b<\/a>), porque toda intervenci\u00f3n debe ser para mejorar\u201d, dijo.<\/div>\n<div><\/div>\n<div>En el caso de la intervenci\u00f3n de la Nueva EPS, explic\u00f3 que lo primero fue garantizar que los pacientes continuaran recibiendo los servicios de salud.<\/div>\n<div><\/div>\n<div>\u201cAhora vamos a una segunda fase, adem\u00e1s de hacer los hallazgos y las cosas que hay que hacer con el cuidado del dinero p\u00fablico, y es romper la capilaridad en donde la plata se vuelve riqueza particular de unas personas\u201d, puntualiz\u00f3 el presidente de la Rep\u00fablica.<\/div>\n","protected":false},"excerpt":{"rendered":"<p>\u201cHemos acordado con las EPS una sesi\u00f3n permanente de trabajo de 100 horas, partiendo de una base, y es que se necesita reforma a la salud\u201d, anunci\u00f3 el presidente Gustavo Petro Urrego en su cuenta de la red X. El mandatario precis\u00f3 que \u201ceste espacio ser\u00e1 de concertaci\u00f3n para buscar una salida a la crisis [&hellip;]<\/p>\n","protected":false},"author":2,"featured_media":72124,"comment_status":"closed","ping_status":"open","sticky":false,"template":"","format":"standard","meta":{"footnotes":""},"categories":[28],"tags":[],"class_list":["post-72123","post","type-post","status-publish","format-standard","has-post-thumbnail","hentry","category-actualidad"],"yoast_head":"<!-- This site is optimized with the Yoast SEO plugin v26.6 - https:\/\/yoast.com\/wordpress\/plugins\/seo\/ -->\n<title>Presidente acordar\u00e1 sesi\u00f3n permanente de trabajo con las EPS -<\/title>\n<meta name=\"robots\" content=\"index, follow, max-snippet:-1, max-image-preview:large, max-video-preview:-1\" \/>\n<link rel=\"canonical\" href=\"https:\/\/luchonoticias.com\/editor\/presidente-acordara-sesion-permanente-de-trabajo-con-las-eps\/\" \/>\n<meta property=\"og:locale\" content=\"es_ES\" \/>\n<meta property=\"og:type\" content=\"article\" \/>\n<meta property=\"og:title\" content=\"Presidente acordar\u00e1 sesi\u00f3n permanente de trabajo con las EPS -\" \/>\n<meta property=\"og:url\" content=\"https:\/\/luchonoticias.com\/editor\/presidente-acordara-sesion-permanente-de-trabajo-con-las-eps\/\" \/>\n<meta property=\"article:publisher\" content=\"https:\/\/www.facebook.com\/luchonoticiasneiva\" \/>\n<meta property=\"article:published_time\" content=\"2024-04-15T12:54:38+00:00\" \/>\n<meta property=\"og:image\" content=\"https:\/\/luchonoticias.com\/editor\/wp-content\/uploads\/2024\/04\/salud.jpg\" \/>\n\t<meta property=\"og:image:width\" content=\"700\" \/>\n\t<meta property=\"og:image:height\" content=\"400\" \/>\n\t<meta property=\"og:image:type\" content=\"image\/jpeg\" \/>\n<meta name=\"author\" content=\"Editor General\" \/>\n<meta name=\"twitter:card\" content=\"summary_large_image\" \/>\n<meta name=\"twitter:label1\" content=\"Escrito por\" \/>\n\t<meta name=\"twitter:data1\" content=\"Editor General\" \/>\n\t<meta name=\"twitter:label2\" content=\"Tiempo de lectura\" \/>\n\t<meta name=\"twitter:data2\" content=\"1 minuto\" \/>\n<script type=\"application\/ld+json\" class=\"yoast-schema-graph\">{\"@context\":\"https:\/\/schema.org\",\"@graph\":[{\"@type\":\"Article\",\"@id\":\"https:\/\/luchonoticias.com\/editor\/presidente-acordara-sesion-permanente-de-trabajo-con-las-eps\/#article\",\"isPartOf\":{\"@id\":\"https:\/\/luchonoticias.com\/editor\/presidente-acordara-sesion-permanente-de-trabajo-con-las-eps\/\"},\"author\":{\"name\":\"Editor General\",\"@id\":\"https:\/\/luchonoticias.com\/editor\/#\/schema\/person\/29217990ddf6f14e35912b2866d591fb\"},\"headline\":\"Presidente acordar\u00e1 sesi\u00f3n permanente de trabajo con las EPS\",\"datePublished\":\"2024-04-15T12:54:38+00:00\",\"mainEntityOfPage\":{\"@id\":\"https:\/\/luchonoticias.com\/editor\/presidente-acordara-sesion-permanente-de-trabajo-con-las-eps\/\"},\"wordCount\":261,\"publisher\":{\"@id\":\"https:\/\/luchonoticias.com\/editor\/#\/schema\/person\/7a7fd911f58561fd056dbac7b55af9cd\"},\"image\":{\"@id\":\"https:\/\/luchonoticias.com\/editor\/presidente-acordara-sesion-permanente-de-trabajo-con-las-eps\/#primaryimage\"},\"thumbnailUrl\":\"https:\/\/luchonoticias.com\/editor\/wp-content\/uploads\/2024\/04\/salud.jpg\",\"articleSection\":[\"Actualidad\"],\"inLanguage\":\"es\"},{\"@type\":\"WebPage\",\"@id\":\"https:\/\/luchonoticias.com\/editor\/presidente-acordara-sesion-permanente-de-trabajo-con-las-eps\/\",\"url\":\"https:\/\/luchonoticias.com\/editor\/presidente-acordara-sesion-permanente-de-trabajo-con-las-eps\/\",\"name\":\"Presidente acordar\u00e1 sesi\u00f3n permanente de trabajo con las EPS -\",\"isPartOf\":{\"@id\":\"https:\/\/luchonoticias.com\/editor\/#website\"},\"primaryImageOfPage\":{\"@id\":\"https:\/\/luchonoticias.com\/editor\/presidente-acordara-sesion-permanente-de-trabajo-con-las-eps\/#primaryimage\"},\"image\":{\"@id\":\"https:\/\/luchonoticias.com\/editor\/presidente-acordara-sesion-permanente-de-trabajo-con-las-eps\/#primaryimage\"},\"thumbnailUrl\":\"https:\/\/luchonoticias.com\/editor\/wp-content\/uploads\/2024\/04\/salud.jpg\",\"datePublished\":\"2024-04-15T12:54:38+00:00\",\"breadcrumb\":{\"@id\":\"https:\/\/luchonoticias.com\/editor\/presidente-acordara-sesion-permanente-de-trabajo-con-las-eps\/#breadcrumb\"},\"inLanguage\":\"es\",\"potentialAction\":[{\"@type\":\"ReadAction\",\"target\":[\"https:\/\/luchonoticias.com\/editor\/presidente-acordara-sesion-permanente-de-trabajo-con-las-eps\/\"]}]},{\"@type\":\"ImageObject\",\"inLanguage\":\"es\",\"@id\":\"https:\/\/luchonoticias.com\/editor\/presidente-acordara-sesion-permanente-de-trabajo-con-las-eps\/#primaryimage\",\"url\":\"https:\/\/luchonoticias.com\/editor\/wp-content\/uploads\/2024\/04\/salud.jpg\",\"contentUrl\":\"https:\/\/luchonoticias.com\/editor\/wp-content\/uploads\/2024\/04\/salud.jpg\",\"width\":700,\"height\":400},{\"@type\":\"BreadcrumbList\",\"@id\":\"https:\/\/luchonoticias.com\/editor\/presidente-acordara-sesion-permanente-de-trabajo-con-las-eps\/#breadcrumb\",\"itemListElement\":[{\"@type\":\"ListItem\",\"position\":1,\"name\":\"Portada\",\"item\":\"https:\/\/luchonoticias.com\/editor\/\"},{\"@type\":\"ListItem\",\"position\":2,\"name\":\"Presidente acordar\u00e1 sesi\u00f3n permanente de trabajo con las EPS\"}]},{\"@type\":\"WebSite\",\"@id\":\"https:\/\/luchonoticias.com\/editor\/#website\",\"url\":\"https:\/\/luchonoticias.com\/editor\/\",\"name\":\"\",\"description\":\"\",\"publisher\":{\"@id\":\"https:\/\/luchonoticias.com\/editor\/#\/schema\/person\/7a7fd911f58561fd056dbac7b55af9cd\"},\"potentialAction\":[{\"@type\":\"SearchAction\",\"target\":{\"@type\":\"EntryPoint\",\"urlTemplate\":\"https:\/\/luchonoticias.com\/editor\/?s={search_term_string}\"},\"query-input\":{\"@type\":\"PropertyValueSpecification\",\"valueRequired\":true,\"valueName\":\"search_term_string\"}}],\"inLanguage\":\"es\"},{\"@type\":[\"Person\",\"Organization\"],\"@id\":\"https:\/\/luchonoticias.com\/editor\/#\/schema\/person\/7a7fd911f58561fd056dbac7b55af9cd\",\"name\":\"admin\",\"image\":{\"@type\":\"ImageObject\",\"inLanguage\":\"es\",\"@id\":\"https:\/\/luchonoticias.com\/editor\/#\/schema\/person\/image\/\",\"url\":\"https:\/\/luchonoticias.com\/editor\/wp-content\/uploads\/2024\/02\/cropped-cropped-logolu.webp\",\"contentUrl\":\"https:\/\/luchonoticias.com\/editor\/wp-content\/uploads\/2024\/02\/cropped-cropped-logolu.webp\",\"width\":382,\"height\":170,\"caption\":\"admin\"},\"logo\":{\"@id\":\"https:\/\/luchonoticias.com\/editor\/#\/schema\/person\/image\/\"},\"sameAs\":[\"https:\/\/www.facebook.com\/luchonoticiasneiva\"]},{\"@type\":\"Person\",\"@id\":\"https:\/\/luchonoticias.com\/editor\/#\/schema\/person\/29217990ddf6f14e35912b2866d591fb\",\"name\":\"Editor General\",\"image\":{\"@type\":\"ImageObject\",\"inLanguage\":\"es\",\"@id\":\"https:\/\/luchonoticias.com\/editor\/#\/schema\/person\/image\/\",\"url\":\"https:\/\/luchonoticias.com\/editor\/wp-content\/uploads\/2024\/02\/cropped-cropped-logolu-150x150.webp\",\"contentUrl\":\"https:\/\/luchonoticias.com\/editor\/wp-content\/uploads\/2024\/02\/cropped-cropped-logolu-150x150.webp\",\"caption\":\"Editor General\"},\"sameAs\":[\"https:\/\/luchonoticias.com\/\"],\"url\":\"https:\/\/luchonoticias.com\/editor\/author\/editor-general\/\"}]}<\/script>\n<!-- \/ Yoast SEO plugin. -->","yoast_head_json":{"title":"Presidente acordar\u00e1 sesi\u00f3n permanente de trabajo con las EPS -","robots":{"index":"index","follow":"follow","max-snippet":"max-snippet:-1","max-image-preview":"max-image-preview:large","max-video-preview":"max-video-preview:-1"},"canonical":"https:\/\/luchonoticias.com\/editor\/presidente-acordara-sesion-permanente-de-trabajo-con-las-eps\/","og_locale":"es_ES","og_type":"article","og_title":"Presidente acordar\u00e1 sesi\u00f3n permanente de trabajo con las EPS -","og_url":"https:\/\/luchonoticias.com\/editor\/presidente-acordara-sesion-permanente-de-trabajo-con-las-eps\/","article_publisher":"https:\/\/www.facebook.com\/luchonoticiasneiva","article_published_time":"2024-04-15T12:54:38+00:00","og_image":[{"width":700,"height":400,"url":"https:\/\/luchonoticias.com\/editor\/wp-content\/uploads\/2024\/04\/salud.jpg","type":"image\/jpeg"}],"author":"Editor General","twitter_card":"summary_large_image","twitter_misc":{"Escrito por":"Editor General","Tiempo de lectura":"1 minuto"},"schema":{"@context":"https:\/\/schema.org","@graph":[{"@type":"Article","@id":"https:\/\/luchonoticias.com\/editor\/presidente-acordara-sesion-permanente-de-trabajo-con-las-eps\/#article","isPartOf":{"@id":"https:\/\/luchonoticias.com\/editor\/presidente-acordara-sesion-permanente-de-trabajo-con-las-eps\/"},"author":{"name":"Editor General","@id":"https:\/\/luchonoticias.com\/editor\/#\/schema\/person\/29217990ddf6f14e35912b2866d591fb"},"headline":"Presidente acordar\u00e1 sesi\u00f3n permanente de trabajo con las EPS","datePublished":"2024-04-15T12:54:38+00:00","mainEntityOfPage":{"@id":"https:\/\/luchonoticias.com\/editor\/presidente-acordara-sesion-permanente-de-trabajo-con-las-eps\/"},"wordCount":261,"publisher":{"@id":"https:\/\/luchonoticias.com\/editor\/#\/schema\/person\/7a7fd911f58561fd056dbac7b55af9cd"},"image":{"@id":"https:\/\/luchonoticias.com\/editor\/presidente-acordara-sesion-permanente-de-trabajo-con-las-eps\/#primaryimage"},"thumbnailUrl":"https:\/\/luchonoticias.com\/editor\/wp-content\/uploads\/2024\/04\/salud.jpg","articleSection":["Actualidad"],"inLanguage":"es"},{"@type":"WebPage","@id":"https:\/\/luchonoticias.com\/editor\/presidente-acordara-sesion-permanente-de-trabajo-con-las-eps\/","url":"https:\/\/luchonoticias.com\/editor\/presidente-acordara-sesion-permanente-de-trabajo-con-las-eps\/","name":"Presidente acordar\u00e1 sesi\u00f3n permanente de trabajo con las EPS -","isPartOf":{"@id":"https:\/\/luchonoticias.com\/editor\/#website"},"primaryImageOfPage":{"@id":"https:\/\/luchonoticias.com\/editor\/presidente-acordara-sesion-permanente-de-trabajo-con-las-eps\/#primaryimage"},"image":{"@id":"https:\/\/luchonoticias.com\/editor\/presidente-acordara-sesion-permanente-de-trabajo-con-las-eps\/#primaryimage"},"thumbnailUrl":"https:\/\/luchonoticias.com\/editor\/wp-content\/uploads\/2024\/04\/salud.jpg","datePublished":"2024-04-15T12:54:38+00:00","breadcrumb":{"@id":"https:\/\/luchonoticias.com\/editor\/presidente-acordara-sesion-permanente-de-trabajo-con-las-eps\/#breadcrumb"},"inLanguage":"es","potentialAction":[{"@type":"ReadAction","target":["https:\/\/luchonoticias.com\/editor\/presidente-acordara-sesion-permanente-de-trabajo-con-las-eps\/"]}]},{"@type":"ImageObject","inLanguage":"es","@id":"https:\/\/luchonoticias.com\/editor\/presidente-acordara-sesion-permanente-de-trabajo-con-las-eps\/#primaryimage","url":"https:\/\/luchonoticias.com\/editor\/wp-content\/uploads\/2024\/04\/salud.jpg","contentUrl":"https:\/\/luchonoticias.com\/editor\/wp-content\/uploads\/2024\/04\/salud.jpg","width":700,"height":400},{"@type":"BreadcrumbList","@id":"https:\/\/luchonoticias.com\/editor\/presidente-acordara-sesion-permanente-de-trabajo-con-las-eps\/#breadcrumb","itemListElement":[{"@type":"ListItem","position":1,"name":"Portada","item":"https:\/\/luchonoticias.com\/editor\/"},{"@type":"ListItem","position":2,"name":"Presidente acordar\u00e1 sesi\u00f3n permanente de trabajo con las EPS"}]},{"@type":"WebSite","@id":"https:\/\/luchonoticias.com\/editor\/#website","url":"https:\/\/luchonoticias.com\/editor\/","name":"","description":"","publisher":{"@id":"https:\/\/luchonoticias.com\/editor\/#\/schema\/person\/7a7fd911f58561fd056dbac7b55af9cd"},"potentialAction":[{"@type":"SearchAction","target":{"@type":"EntryPoint","urlTemplate":"https:\/\/luchonoticias.com\/editor\/?s={search_term_string}"},"query-input":{"@type":"PropertyValueSpecification","valueRequired":true,"valueName":"search_term_string"}}],"inLanguage":"es"},{"@type":["Person","Organization"],"@id":"https:\/\/luchonoticias.com\/editor\/#\/schema\/person\/7a7fd911f58561fd056dbac7b55af9cd","name":"admin","image":{"@type":"ImageObject","inLanguage":"es","@id":"https:\/\/luchonoticias.com\/editor\/#\/schema\/person\/image\/","url":"https:\/\/luchonoticias.com\/editor\/wp-content\/uploads\/2024\/02\/cropped-cropped-logolu.webp","contentUrl":"https:\/\/luchonoticias.com\/editor\/wp-content\/uploads\/2024\/02\/cropped-cropped-logolu.webp","width":382,"height":170,"caption":"admin"},"logo":{"@id":"https:\/\/luchonoticias.com\/editor\/#\/schema\/person\/image\/"},"sameAs":["https:\/\/www.facebook.com\/luchonoticiasneiva"]},{"@type":"Person","@id":"https:\/\/luchonoticias.com\/editor\/#\/schema\/person\/29217990ddf6f14e35912b2866d591fb","name":"Editor General","image":{"@type":"ImageObject","inLanguage":"es","@id":"https:\/\/luchonoticias.com\/editor\/#\/schema\/person\/image\/","url":"https:\/\/luchonoticias.com\/editor\/wp-content\/uploads\/2024\/02\/cropped-cropped-logolu-150x150.webp","contentUrl":"https:\/\/luchonoticias.com\/editor\/wp-content\/uploads\/2024\/02\/cropped-cropped-logolu-150x150.webp","caption":"Editor General"},"sameAs":["https:\/\/luchonoticias.com\/"],"url":"https:\/\/luchonoticias.com\/editor\/author\/editor-general\/"}]}},"_links":{"self":[{"href":"https:\/\/luchonoticias.com\/editor\/wp-json\/wp\/v2\/posts\/72123","targetHints":{"allow":["GET"]}}],"collection":[{"href":"https:\/\/luchonoticias.com\/editor\/wp-json\/wp\/v2\/posts"}],"about":[{"href":"https:\/\/luchonoticias.com\/editor\/wp-json\/wp\/v2\/types\/post"}],"author":[{"embeddable":true,"href":"https:\/\/luchonoticias.com\/editor\/wp-json\/wp\/v2\/users\/2"}],"replies":[{"embeddable":true,"href":"https:\/\/luchonoticias.com\/editor\/wp-json\/wp\/v2\/comments?post=72123"}],"version-history":[{"count":0,"href":"https:\/\/luchonoticias.com\/editor\/wp-json\/wp\/v2\/posts\/72123\/revisions"}],"wp:featuredmedia":[{"embeddable":true,"href":"https:\/\/luchonoticias.com\/editor\/wp-json\/wp\/v2\/media\/72124"}],"wp:attachment":[{"href":"https:\/\/luchonoticias.com\/editor\/wp-json\/wp\/v2\/media?parent=72123"}],"wp:term":[{"taxonomy":"category","embeddable":true,"href":"https:\/\/luchonoticias.com\/editor\/wp-json\/wp\/v2\/categories?post=72123"},{"taxonomy":"post_tag","embeddable":true,"href":"https:\/\/luchonoticias.com\/editor\/wp-json\/wp\/v2\/tags?post=72123"}],"curies":[{"name":"wp","href":"https:\/\/api.w.org\/{rel}","templated":true}]}}