{"id":72126,"date":"2024-04-15T08:00:21","date_gmt":"2024-04-15T13:00:21","guid":{"rendered":"https:\/\/luchonoticias.com\/?p=72126"},"modified":"2024-04-15T08:00:21","modified_gmt":"2024-04-15T13:00:21","slug":"senado-busca-crear-la-jurisdiccion-especial-para-la-mujer","status":"publish","type":"post","link":"https:\/\/luchonoticias.com\/editor\/senado-busca-crear-la-jurisdiccion-especial-para-la-mujer\/","title":{"rendered":"Senado busca crear la jurisdicci\u00f3n especial para la mujer"},"content":{"rendered":"<p class=\"s3\"><span class=\"s8\"><span class=\"bumpedFont15\">Un Proyecto de Ley<\/span><\/span><span class=\"s8\"><span class=\"bumpedFont15\">,<\/span><\/span><span class=\"s8\"><span class=\"bumpedFont15\">que har<\/span><\/span><span class=\"s8\"><span class=\"bumpedFont15\">\u00e1 tr\u00e1mite en el Congreso, busca\u00a0<\/span><\/span><span class=\"s8\"><span class=\"bumpedFont15\">crear una Jurisdicci\u00f3n Especial para la Mujer<\/span><\/span><span class=\"s8\"><span class=\"bumpedFont15\">. Se trata de una iniciativa que\u00a0<\/span><\/span><span class=\"s8\"><span class=\"bumpedFont15\">pretende<\/span><\/span><span class=\"s8\"><span class=\"bumpedFont15\"> contrarrestar los delitos por violencia de g\u00e9nero\u00a0<\/span><\/span><span class=\"s8\"><span class=\"bumpedFont15\">y reducir la impunidad en el pa\u00eds.\u00a0<\/span><\/span><\/p>\n<p class=\"s3\"><span class=\"s8\"><span class=\"bumpedFont15\">Actualmete <\/span><\/span><span class=\"s8\"><span class=\"bumpedFont15\">existen<\/span><\/span><span class=\"s8\"><span class=\"bumpedFont15\">\u00a0leyes que castigan \u00a0a quienes atent<\/span><\/span><span class=\"s8\"><span class=\"bumpedFont15\">en <\/span><\/span><span class=\"s8\"><span class=\"bumpedFont15\">en\u00a0<\/span><\/span><span class=\"s8\"><span class=\"bumpedFont15\">contra\u00a0<\/span><\/span><span class=\"s8\"><span class=\"bumpedFont15\">de\u00a0<\/span><\/span><span class=\"s8\"><span class=\"bumpedFont15\">una mujer,\u00a0<\/span><\/span><span class=\"s8\"><span class=\"bumpedFont15\">sin embargo\u00a0<\/span><\/span><span class=\"s8\"><span class=\"bumpedFont15\">el acceso al aparato de justicia no es efectivo<\/span><\/span><span class=\"s8\"><span class=\"bumpedFont15\">, al igual que la protecci\u00f3n de las v\u00edctimas, raz\u00f3n por la cual\u00a0<\/span><\/span><span class=\"s8\"><span class=\"bumpedFont15\">algunas prefieren no denunciar<\/span><\/span><span class=\"s8\"><span class=\"bumpedFont15\">.\u00a0<\/span><\/span><\/p>\n<p class=\"s3\"><span class=\"s8\"><span class=\"bumpedFont15\">\u201c<\/span><\/span><span class=\"s8\"><span class=\"bumpedFont15\">Muchas<\/span><\/span><span class=\"s8\"><span class=\"bumpedFont15\">\u00a0mujeres no<\/span><\/span><span class=\"s8\"><span class=\"bumpedFont15\">s<\/span><\/span><span class=\"s8\"><span class=\"bumpedFont15\">\u00a0sentimos sin protecci\u00f3n y peor a\u00fan, sentimos que denunciar no es un mecanismo que nos proteja y nos brinde seguridad<\/span><\/span><span class=\"s8\"><span class=\"bumpedFont15\">,<\/span><\/span><span class=\"s8\"><span class=\"bumpedFont15\">\u00a0porque no somos una prioridad para el sistema<\/span><\/span><span class=\"s8\"><span class=\"bumpedFont15\">\u201d<\/span><\/span><span class=\"s8\"><span class=\"bumpedFont15\">, advierte\u00a0<\/span><\/span><span class=\"s7\"><span class=\"bumpedFont15\">Lorena Quintero Henao<\/span><\/span><span class=\"s8\"><span class=\"bumpedFont15\">, activista por los derechos de las mujeres<\/span><\/span><span class=\"s8\"><span class=\"bumpedFont15\">.<\/span><\/span><\/p>\n<p class=\"s3\"><span class=\"s8\"><span class=\"bumpedFont15\">El Proyecto contempla, entre otros aspectos,<\/span><\/span><span class=\"s8\"><span class=\"bumpedFont15\">\u00a0conocer de manera prioritaria los casos<\/span><\/span><span class=\"s8\"><span class=\"bumpedFont15\">\u00a0denunciados ante las autoridades<\/span><\/span><span class=\"s8\"><span class=\"bumpedFont15\">, <\/span><\/span><span class=\"s8\"><span class=\"bumpedFont15\">con el objetivo\u00a0<\/span><\/span><span class=\"s8\"><span class=\"bumpedFont15\">de que las investigaciones tengan celeridad\u00a0<\/span><\/span><span class=\"s8\"><span class=\"bumpedFont15\">y eficiencia<\/span><\/span><span class=\"s8\"><span class=\"bumpedFont15\">,<\/span><\/span><span class=\"s8\"><span class=\"bumpedFont15\">\u00a0y este es quiz\u00e1 el principal\u00a0<\/span><\/span><span class=\"s8\"><span class=\"bumpedFont15\">tema en el que se debe trabajar<\/span><\/span><span class=\"s8\"><span class=\"bumpedFont15\">,\u00a0<\/span><\/span><span class=\"s8\"><span class=\"bumpedFont15\">seg\u00fan algunos\u00a0<\/span><\/span><span class=\"s8\"><span class=\"bumpedFont15\">s<\/span><\/span><span class=\"s8\"><span class=\"bumpedFont15\">enadores.<\/span><\/span><\/p>\n<p class=\"s3\"><span class=\"s8\"><span class=\"bumpedFont15\">\u201c<\/span><\/span><span class=\"s8\"><span class=\"bumpedFont15\">Las cifras son preocupantes<\/span><\/span><span class=\"s8\"><span class=\"bumpedFont15\">. M\u00e1s\u00a0<\/span><\/span><span class=\"s8\"><span class=\"bumpedFont15\">de 1,300 casos de violencia contra ellas en lo\u00a0<\/span><\/span><span class=\"s8\"><span class=\"bumpedFont15\">corrido<\/span><\/span><span class=\"s8\"><span class=\"bumpedFont15\">\u00a0del presente a\u00f1o, seg\u00fan datos suministrados por la\u00a0<\/span><\/span><span class=\"s8\"><span class=\"bumpedFont15\">De<\/span><\/span><span class=\"s8\"><span class=\"bumpedFont15\">fensor\u00eda del\u00a0<\/span><\/span><span class=\"s8\"><span class=\"bumpedFont15\">P<\/span><\/span><span class=\"s8\"><span class=\"bumpedFont15\">ueblo<\/span><\/span><span class=\"s8\"><span class=\"bumpedFont15\">.\u00a0<\/span><\/span><span class=\"s8\"><span class=\"bumpedFont15\">32 feminicidios seg\u00fan inform<\/span><\/span><span class=\"s8\"><span class=\"bumpedFont15\">\u00f3<\/span><\/span><span class=\"s8\"><span class=\"bumpedFont15\">\u00a0la\u00a0<\/span><\/span><span class=\"s8\"><span class=\"bumpedFont15\">Fiscal\u00eda<\/span><\/span><span class=\"s8\"><span class=\"bumpedFont15\">. En la actualidad existen mecanismo<\/span><\/span><span class=\"s8\"><span class=\"bumpedFont15\">s<\/span><\/span><span class=\"s8\"><span class=\"bumpedFont15\">\u00a0de prevenci\u00f3n y ayuda que necesita<\/span><\/span><span class=\"s8\"><span class=\"bumpedFont15\">n <\/span><\/span><span class=\"s8\"><span class=\"bumpedFont15\">ejecutarse de manera efectiva y oportuna<\/span><\/span><span class=\"s8\"><span class=\"bumpedFont15\">\u201d\u00a0<\/span><\/span><span class=\"s8\"><span class=\"bumpedFont15\">se\u00f1ala<\/span><\/span><span class=\"s8\"><span class=\"bumpedFont15\">\u00a0el senador del\u00a0<\/span><\/span><span class=\"s7\"><span class=\"bumpedFont15\">Partido Centro\u00a0<\/span><\/span><span class=\"s7\"><span class=\"bumpedFont15\">Democr\u00e1tico, Honorio Henr\u00edquez.\u00a0<\/span><\/span><\/p>\n<p class=\"s3\"><span class=\"s8\"><span class=\"bumpedFont15\">Por su parte la senadora\u00a0<\/span><\/span><span class=\"s7\"><span class=\"bumpedFont15\">Imelda Daza,\u00a0<\/span><\/span><span class=\"s8\"><span class=\"bumpedFont15\">del<\/span><\/span><span class=\"s7\"><span class=\"bumpedFont15\">\u00a0Partido Comunes<\/span><\/span><span class=\"s8\"><span class=\"bumpedFont15\">,\u00a0<\/span><\/span><span class=\"s8\"><span class=\"bumpedFont15\">sostiene que adem\u00e1s de justicia<\/span><\/span><span class=\"s8\"><span class=\"bumpedFont15\">, se requiere de un trabajo serio por parte de los\u00a0<\/span><\/span><span class=\"s8\"><span class=\"bumpedFont15\">investigadores y en general de las instituciones que deben garantizar la protecci\u00f3n de las mujeres.\u00a0<\/span><\/span><\/p>\n<p class=\"s3\"><span class=\"s8\"><span class=\"bumpedFont15\">\u201cExigiremos,\u00a0<\/span><\/span><span class=\"s8\"><span class=\"bumpedFont15\">adem\u00e1s justicia, m\u00e1s compromiso de la institucionalidad con los castigos<\/span><\/span><span class=\"s8\"><span class=\"bumpedFont15\">,<\/span><\/span><span class=\"s8\"><span class=\"bumpedFont15\">\u00a0estudios de los casos y sanciones a los responsables de los delitos<\/span><\/span><span class=\"s8\"><span class=\"bumpedFont15\">\u201d, manifiesta la Senadora.\u00a0<\/span><\/span><\/p>\n<p class=\"s3\"><span class=\"s8\"><span class=\"bumpedFont15\">Esta\u00a0<\/span><\/span><span class=\"s8\"><span class=\"bumpedFont15\">Jurisdicci\u00f3n Especial para la Muner\u00a0<\/span><\/span><span class=\"s8\"><span class=\"bumpedFont15\">mejorar\u00eda la calidad de la justicia y contribuir\u00eda a prevenir feminicidios<\/span><\/span><span class=\"s8\"><span class=\"bumpedFont15\">. Su creaci\u00f3n<\/span><\/span><span class=\"s8\"><span class=\"bumpedFont15\"> no tendr\u00eda\u00a0<\/span><\/span><span class=\"s8\"><span class=\"bumpedFont15\">un impacto\u00a0<\/span><\/span><span class=\"s8\"><span class=\"bumpedFont15\">en el tr\u00e1mite de un Proyecto de Reforma a la Justicia que actualmete estructura el Gobierno Nacional.<\/span><\/span><\/p>\n","protected":false},"excerpt":{"rendered":"<p>Un Proyecto de Ley,que har\u00e1 tr\u00e1mite en el Congreso, busca\u00a0crear una Jurisdicci\u00f3n Especial para la Mujer. Se trata de una iniciativa que\u00a0pretende contrarrestar los delitos por violencia de g\u00e9nero\u00a0y reducir la impunidad en el pa\u00eds.\u00a0 Actualmete existen\u00a0leyes que castigan \u00a0a quienes atenten en\u00a0contra\u00a0de\u00a0una mujer,\u00a0sin embargo\u00a0el acceso al aparato de justicia no es efectivo, al igual [&hellip;]<\/p>\n","protected":false},"author":2,"featured_media":72127,"comment_status":"closed","ping_status":"open","sticky":false,"template":"","format":"standard","meta":{"footnotes":""},"categories":[28],"tags":[],"class_list":["post-72126","post","type-post","status-publish","format-standard","has-post-thumbnail","hentry","category-actualidad"],"yoast_head":"<!-- This site is optimized with the Yoast SEO plugin v26.6 - https:\/\/yoast.com\/wordpress\/plugins\/seo\/ -->\n<title>Senado busca crear la jurisdicci\u00f3n especial para la mujer -<\/title>\n<meta name=\"robots\" content=\"index, follow, max-snippet:-1, max-image-preview:large, max-video-preview:-1\" \/>\n<link rel=\"canonical\" href=\"https:\/\/luchonoticias.com\/editor\/senado-busca-crear-la-jurisdiccion-especial-para-la-mujer\/\" \/>\n<meta property=\"og:locale\" content=\"es_ES\" \/>\n<meta property=\"og:type\" content=\"article\" \/>\n<meta property=\"og:title\" content=\"Senado busca crear la jurisdicci\u00f3n especial para la mujer -\" \/>\n<meta property=\"og:url\" content=\"https:\/\/luchonoticias.com\/editor\/senado-busca-crear-la-jurisdiccion-especial-para-la-mujer\/\" \/>\n<meta property=\"article:publisher\" content=\"https:\/\/www.facebook.com\/luchonoticiasneiva\" \/>\n<meta property=\"article:published_time\" content=\"2024-04-15T13:00:21+00:00\" \/>\n<meta property=\"og:image\" content=\"https:\/\/luchonoticias.com\/editor\/wp-content\/uploads\/2024\/04\/senado-mujer.jpg\" \/>\n\t<meta property=\"og:image:width\" content=\"700\" \/>\n\t<meta property=\"og:image:height\" content=\"400\" \/>\n\t<meta property=\"og:image:type\" content=\"image\/jpeg\" \/>\n<meta name=\"author\" content=\"Editor General\" \/>\n<meta name=\"twitter:card\" content=\"summary_large_image\" \/>\n<meta name=\"twitter:label1\" content=\"Escrito por\" \/>\n\t<meta name=\"twitter:data1\" content=\"Editor General\" \/>\n\t<meta name=\"twitter:label2\" content=\"Tiempo de lectura\" \/>\n\t<meta name=\"twitter:data2\" content=\"2 minutos\" \/>\n<script type=\"application\/ld+json\" class=\"yoast-schema-graph\">{\"@context\":\"https:\/\/schema.org\",\"@graph\":[{\"@type\":\"Article\",\"@id\":\"https:\/\/luchonoticias.com\/editor\/senado-busca-crear-la-jurisdiccion-especial-para-la-mujer\/#article\",\"isPartOf\":{\"@id\":\"https:\/\/luchonoticias.com\/editor\/senado-busca-crear-la-jurisdiccion-especial-para-la-mujer\/\"},\"author\":{\"name\":\"Editor General\",\"@id\":\"https:\/\/luchonoticias.com\/editor\/#\/schema\/person\/29217990ddf6f14e35912b2866d591fb\"},\"headline\":\"Senado busca crear la jurisdicci\u00f3n especial para la mujer\",\"datePublished\":\"2024-04-15T13:00:21+00:00\",\"mainEntityOfPage\":{\"@id\":\"https:\/\/luchonoticias.com\/editor\/senado-busca-crear-la-jurisdiccion-especial-para-la-mujer\/\"},\"wordCount\":373,\"publisher\":{\"@id\":\"https:\/\/luchonoticias.com\/editor\/#\/schema\/person\/7a7fd911f58561fd056dbac7b55af9cd\"},\"image\":{\"@id\":\"https:\/\/luchonoticias.com\/editor\/senado-busca-crear-la-jurisdiccion-especial-para-la-mujer\/#primaryimage\"},\"thumbnailUrl\":\"https:\/\/luchonoticias.com\/editor\/wp-content\/uploads\/2024\/04\/senado-mujer.jpg\",\"articleSection\":[\"Actualidad\"],\"inLanguage\":\"es\"},{\"@type\":\"WebPage\",\"@id\":\"https:\/\/luchonoticias.com\/editor\/senado-busca-crear-la-jurisdiccion-especial-para-la-mujer\/\",\"url\":\"https:\/\/luchonoticias.com\/editor\/senado-busca-crear-la-jurisdiccion-especial-para-la-mujer\/\",\"name\":\"Senado busca crear la jurisdicci\u00f3n especial para la mujer -\",\"isPartOf\":{\"@id\":\"https:\/\/luchonoticias.com\/editor\/#website\"},\"primaryImageOfPage\":{\"@id\":\"https:\/\/luchonoticias.com\/editor\/senado-busca-crear-la-jurisdiccion-especial-para-la-mujer\/#primaryimage\"},\"image\":{\"@id\":\"https:\/\/luchonoticias.com\/editor\/senado-busca-crear-la-jurisdiccion-especial-para-la-mujer\/#primaryimage\"},\"thumbnailUrl\":\"https:\/\/luchonoticias.com\/editor\/wp-content\/uploads\/2024\/04\/senado-mujer.jpg\",\"datePublished\":\"2024-04-15T13:00:21+00:00\",\"breadcrumb\":{\"@id\":\"https:\/\/luchonoticias.com\/editor\/senado-busca-crear-la-jurisdiccion-especial-para-la-mujer\/#breadcrumb\"},\"inLanguage\":\"es\",\"potentialAction\":[{\"@type\":\"ReadAction\",\"target\":[\"https:\/\/luchonoticias.com\/editor\/senado-busca-crear-la-jurisdiccion-especial-para-la-mujer\/\"]}]},{\"@type\":\"ImageObject\",\"inLanguage\":\"es\",\"@id\":\"https:\/\/luchonoticias.com\/editor\/senado-busca-crear-la-jurisdiccion-especial-para-la-mujer\/#primaryimage\",\"url\":\"https:\/\/luchonoticias.com\/editor\/wp-content\/uploads\/2024\/04\/senado-mujer.jpg\",\"contentUrl\":\"https:\/\/luchonoticias.com\/editor\/wp-content\/uploads\/2024\/04\/senado-mujer.jpg\",\"width\":700,\"height\":400},{\"@type\":\"BreadcrumbList\",\"@id\":\"https:\/\/luchonoticias.com\/editor\/senado-busca-crear-la-jurisdiccion-especial-para-la-mujer\/#breadcrumb\",\"itemListElement\":[{\"@type\":\"ListItem\",\"position\":1,\"name\":\"Portada\",\"item\":\"https:\/\/luchonoticias.com\/editor\/\"},{\"@type\":\"ListItem\",\"position\":2,\"name\":\"Senado busca crear la jurisdicci\u00f3n especial para la mujer\"}]},{\"@type\":\"WebSite\",\"@id\":\"https:\/\/luchonoticias.com\/editor\/#website\",\"url\":\"https:\/\/luchonoticias.com\/editor\/\",\"name\":\"\",\"description\":\"\",\"publisher\":{\"@id\":\"https:\/\/luchonoticias.com\/editor\/#\/schema\/person\/7a7fd911f58561fd056dbac7b55af9cd\"},\"potentialAction\":[{\"@type\":\"SearchAction\",\"target\":{\"@type\":\"EntryPoint\",\"urlTemplate\":\"https:\/\/luchonoticias.com\/editor\/?s={search_term_string}\"},\"query-input\":{\"@type\":\"PropertyValueSpecification\",\"valueRequired\":true,\"valueName\":\"search_term_string\"}}],\"inLanguage\":\"es\"},{\"@type\":[\"Person\",\"Organization\"],\"@id\":\"https:\/\/luchonoticias.com\/editor\/#\/schema\/person\/7a7fd911f58561fd056dbac7b55af9cd\",\"name\":\"admin\",\"image\":{\"@type\":\"ImageObject\",\"inLanguage\":\"es\",\"@id\":\"https:\/\/luchonoticias.com\/editor\/#\/schema\/person\/image\/\",\"url\":\"https:\/\/luchonoticias.com\/editor\/wp-content\/uploads\/2024\/02\/cropped-cropped-logolu.webp\",\"contentUrl\":\"https:\/\/luchonoticias.com\/editor\/wp-content\/uploads\/2024\/02\/cropped-cropped-logolu.webp\",\"width\":382,\"height\":170,\"caption\":\"admin\"},\"logo\":{\"@id\":\"https:\/\/luchonoticias.com\/editor\/#\/schema\/person\/image\/\"},\"sameAs\":[\"https:\/\/www.facebook.com\/luchonoticiasneiva\"]},{\"@type\":\"Person\",\"@id\":\"https:\/\/luchonoticias.com\/editor\/#\/schema\/person\/29217990ddf6f14e35912b2866d591fb\",\"name\":\"Editor General\",\"image\":{\"@type\":\"ImageObject\",\"inLanguage\":\"es\",\"@id\":\"https:\/\/luchonoticias.com\/editor\/#\/schema\/person\/image\/\",\"url\":\"https:\/\/luchonoticias.com\/editor\/wp-content\/uploads\/2024\/02\/cropped-cropped-logolu-150x150.webp\",\"contentUrl\":\"https:\/\/luchonoticias.com\/editor\/wp-content\/uploads\/2024\/02\/cropped-cropped-logolu-150x150.webp\",\"caption\":\"Editor General\"},\"sameAs\":[\"https:\/\/luchonoticias.com\/\"],\"url\":\"https:\/\/luchonoticias.com\/editor\/author\/editor-general\/\"}]}<\/script>\n<!-- \/ Yoast SEO plugin. -->","yoast_head_json":{"title":"Senado busca crear la jurisdicci\u00f3n especial para la mujer -","robots":{"index":"index","follow":"follow","max-snippet":"max-snippet:-1","max-image-preview":"max-image-preview:large","max-video-preview":"max-video-preview:-1"},"canonical":"https:\/\/luchonoticias.com\/editor\/senado-busca-crear-la-jurisdiccion-especial-para-la-mujer\/","og_locale":"es_ES","og_type":"article","og_title":"Senado busca crear la jurisdicci\u00f3n especial para la mujer -","og_url":"https:\/\/luchonoticias.com\/editor\/senado-busca-crear-la-jurisdiccion-especial-para-la-mujer\/","article_publisher":"https:\/\/www.facebook.com\/luchonoticiasneiva","article_published_time":"2024-04-15T13:00:21+00:00","og_image":[{"width":700,"height":400,"url":"https:\/\/luchonoticias.com\/editor\/wp-content\/uploads\/2024\/04\/senado-mujer.jpg","type":"image\/jpeg"}],"author":"Editor General","twitter_card":"summary_large_image","twitter_misc":{"Escrito por":"Editor General","Tiempo de lectura":"2 minutos"},"schema":{"@context":"https:\/\/schema.org","@graph":[{"@type":"Article","@id":"https:\/\/luchonoticias.com\/editor\/senado-busca-crear-la-jurisdiccion-especial-para-la-mujer\/#article","isPartOf":{"@id":"https:\/\/luchonoticias.com\/editor\/senado-busca-crear-la-jurisdiccion-especial-para-la-mujer\/"},"author":{"name":"Editor General","@id":"https:\/\/luchonoticias.com\/editor\/#\/schema\/person\/29217990ddf6f14e35912b2866d591fb"},"headline":"Senado busca crear la jurisdicci\u00f3n especial para la mujer","datePublished":"2024-04-15T13:00:21+00:00","mainEntityOfPage":{"@id":"https:\/\/luchonoticias.com\/editor\/senado-busca-crear-la-jurisdiccion-especial-para-la-mujer\/"},"wordCount":373,"publisher":{"@id":"https:\/\/luchonoticias.com\/editor\/#\/schema\/person\/7a7fd911f58561fd056dbac7b55af9cd"},"image":{"@id":"https:\/\/luchonoticias.com\/editor\/senado-busca-crear-la-jurisdiccion-especial-para-la-mujer\/#primaryimage"},"thumbnailUrl":"https:\/\/luchonoticias.com\/editor\/wp-content\/uploads\/2024\/04\/senado-mujer.jpg","articleSection":["Actualidad"],"inLanguage":"es"},{"@type":"WebPage","@id":"https:\/\/luchonoticias.com\/editor\/senado-busca-crear-la-jurisdiccion-especial-para-la-mujer\/","url":"https:\/\/luchonoticias.com\/editor\/senado-busca-crear-la-jurisdiccion-especial-para-la-mujer\/","name":"Senado busca crear la jurisdicci\u00f3n especial para la mujer -","isPartOf":{"@id":"https:\/\/luchonoticias.com\/editor\/#website"},"primaryImageOfPage":{"@id":"https:\/\/luchonoticias.com\/editor\/senado-busca-crear-la-jurisdiccion-especial-para-la-mujer\/#primaryimage"},"image":{"@id":"https:\/\/luchonoticias.com\/editor\/senado-busca-crear-la-jurisdiccion-especial-para-la-mujer\/#primaryimage"},"thumbnailUrl":"https:\/\/luchonoticias.com\/editor\/wp-content\/uploads\/2024\/04\/senado-mujer.jpg","datePublished":"2024-04-15T13:00:21+00:00","breadcrumb":{"@id":"https:\/\/luchonoticias.com\/editor\/senado-busca-crear-la-jurisdiccion-especial-para-la-mujer\/#breadcrumb"},"inLanguage":"es","potentialAction":[{"@type":"ReadAction","target":["https:\/\/luchonoticias.com\/editor\/senado-busca-crear-la-jurisdiccion-especial-para-la-mujer\/"]}]},{"@type":"ImageObject","inLanguage":"es","@id":"https:\/\/luchonoticias.com\/editor\/senado-busca-crear-la-jurisdiccion-especial-para-la-mujer\/#primaryimage","url":"https:\/\/luchonoticias.com\/editor\/wp-content\/uploads\/2024\/04\/senado-mujer.jpg","contentUrl":"https:\/\/luchonoticias.com\/editor\/wp-content\/uploads\/2024\/04\/senado-mujer.jpg","width":700,"height":400},{"@type":"BreadcrumbList","@id":"https:\/\/luchonoticias.com\/editor\/senado-busca-crear-la-jurisdiccion-especial-para-la-mujer\/#breadcrumb","itemListElement":[{"@type":"ListItem","position":1,"name":"Portada","item":"https:\/\/luchonoticias.com\/editor\/"},{"@type":"ListItem","position":2,"name":"Senado busca crear la jurisdicci\u00f3n especial para la mujer"}]},{"@type":"WebSite","@id":"https:\/\/luchonoticias.com\/editor\/#website","url":"https:\/\/luchonoticias.com\/editor\/","name":"","description":"","publisher":{"@id":"https:\/\/luchonoticias.com\/editor\/#\/schema\/person\/7a7fd911f58561fd056dbac7b55af9cd"},"potentialAction":[{"@type":"SearchAction","target":{"@type":"EntryPoint","urlTemplate":"https:\/\/luchonoticias.com\/editor\/?s={search_term_string}"},"query-input":{"@type":"PropertyValueSpecification","valueRequired":true,"valueName":"search_term_string"}}],"inLanguage":"es"},{"@type":["Person","Organization"],"@id":"https:\/\/luchonoticias.com\/editor\/#\/schema\/person\/7a7fd911f58561fd056dbac7b55af9cd","name":"admin","image":{"@type":"ImageObject","inLanguage":"es","@id":"https:\/\/luchonoticias.com\/editor\/#\/schema\/person\/image\/","url":"https:\/\/luchonoticias.com\/editor\/wp-content\/uploads\/2024\/02\/cropped-cropped-logolu.webp","contentUrl":"https:\/\/luchonoticias.com\/editor\/wp-content\/uploads\/2024\/02\/cropped-cropped-logolu.webp","width":382,"height":170,"caption":"admin"},"logo":{"@id":"https:\/\/luchonoticias.com\/editor\/#\/schema\/person\/image\/"},"sameAs":["https:\/\/www.facebook.com\/luchonoticiasneiva"]},{"@type":"Person","@id":"https:\/\/luchonoticias.com\/editor\/#\/schema\/person\/29217990ddf6f14e35912b2866d591fb","name":"Editor General","image":{"@type":"ImageObject","inLanguage":"es","@id":"https:\/\/luchonoticias.com\/editor\/#\/schema\/person\/image\/","url":"https:\/\/luchonoticias.com\/editor\/wp-content\/uploads\/2024\/02\/cropped-cropped-logolu-150x150.webp","contentUrl":"https:\/\/luchonoticias.com\/editor\/wp-content\/uploads\/2024\/02\/cropped-cropped-logolu-150x150.webp","caption":"Editor General"},"sameAs":["https:\/\/luchonoticias.com\/"],"url":"https:\/\/luchonoticias.com\/editor\/author\/editor-general\/"}]}},"_links":{"self":[{"href":"https:\/\/luchonoticias.com\/editor\/wp-json\/wp\/v2\/posts\/72126","targetHints":{"allow":["GET"]}}],"collection":[{"href":"https:\/\/luchonoticias.com\/editor\/wp-json\/wp\/v2\/posts"}],"about":[{"href":"https:\/\/luchonoticias.com\/editor\/wp-json\/wp\/v2\/types\/post"}],"author":[{"embeddable":true,"href":"https:\/\/luchonoticias.com\/editor\/wp-json\/wp\/v2\/users\/2"}],"replies":[{"embeddable":true,"href":"https:\/\/luchonoticias.com\/editor\/wp-json\/wp\/v2\/comments?post=72126"}],"version-history":[{"count":0,"href":"https:\/\/luchonoticias.com\/editor\/wp-json\/wp\/v2\/posts\/72126\/revisions"}],"wp:featuredmedia":[{"embeddable":true,"href":"https:\/\/luchonoticias.com\/editor\/wp-json\/wp\/v2\/media\/72127"}],"wp:attachment":[{"href":"https:\/\/luchonoticias.com\/editor\/wp-json\/wp\/v2\/media?parent=72126"}],"wp:term":[{"taxonomy":"category","embeddable":true,"href":"https:\/\/luchonoticias.com\/editor\/wp-json\/wp\/v2\/categories?post=72126"},{"taxonomy":"post_tag","embeddable":true,"href":"https:\/\/luchonoticias.com\/editor\/wp-json\/wp\/v2\/tags?post=72126"}],"curies":[{"name":"wp","href":"https:\/\/api.w.org\/{rel}","templated":true}]}}