{"id":72132,"date":"2024-04-15T13:19:23","date_gmt":"2024-04-15T18:19:23","guid":{"rendered":"https:\/\/luchonoticias.com\/?p=72132"},"modified":"2024-04-15T13:19:23","modified_gmt":"2024-04-15T18:19:23","slug":"fallecio-el-cardenal-pedro-rubiano","status":"publish","type":"post","link":"https:\/\/luchonoticias.com\/editor\/fallecio-el-cardenal-pedro-rubiano\/","title":{"rendered":"Falleci\u00f3 el Cardenal Pedro Rubiano"},"content":{"rendered":"<p>La<b>\u00a0Arquidi\u00f3cesis de Bogot\u00e1\u00a0<\/b>confirm\u00f3, por medio de un comunicado de prensa, la muerte del cardenal\u00a0<b>Pedro Rubiano S\u00e1enz, arzobispo em\u00e9rito de Bogot\u00e1,<\/b>\u00a0a los 91 a\u00f1os. Los restos mortales del Cardenal Rubiano S\u00e1enz ser\u00e1n trasladados a la Catedral de Bogot\u00e1, en la<b>\u00a0capilla de Nuestra Se\u00f1ora de los Dolores.<\/b><\/p>\n<p>Monse\u00f1or Rubiano era\u00a0<b>oriundo de Cartago, Valle del Cauca,<\/b>\u00a0donde naci\u00f3 el 13 de noviembre de 1932. Realiz\u00f3 su formaci\u00f3n sacerdotal en el seminario de Popay\u00e1n y en la facultad de teolog\u00eda de la Universidad de Laval, Quebec, Canad\u00e1.<\/p>\n<p>Recibi\u00f3 la ordenaci\u00f3n sacerdotal para la Arquidi\u00f3cesis de Cali el 8 de julio de 1956.\u00a0<b>Tambi\u00e9n adelant\u00f3 estudios de catequesis en la Universidad Cat\u00f3lica de Washington<\/b>\u00a0y de doctrina social de la Iglesia en el Ilades de Santiago de Chile. Al momento de su muerte estaba pr\u00f3ximo a completar 68 a\u00f1os de sacerdocio.<\/p>\n<p>Como sacerdote ocup\u00f3 numerosos cargos pastorales, entre ellos la<b>\u00a0capellan\u00eda de la Escuela Militar de Aviaci\u00f3n Marco Fidel Su\u00e1rez y la capellan\u00eda de la escuela nacional Santa Librada.<\/b>\u00a0Tambi\u00e9n fue capell\u00e1n de la cl\u00ednica Nuestra Se\u00f1ora de los Remedios. Igualmente, en Cali, fue vicario de pastoral de la Arquidi\u00f3cesis de la misma ciudad.<\/p>\n<p>Fue elegido obispo de la Di\u00f3cesis de C\u00facuta el 2 de junio de 1971 y recibi\u00f3 la ordenaci\u00f3n episcopal el 11 de julio de ese mismo a\u00f1o. Rigi\u00f3 la Di\u00f3cesis de C\u00facuta entre 1971 y 1983. En 26 de marzo de 1983 fue designado arzobispo coadjutor de la Arquidi\u00f3cesis de Cali hasta el 7 de febrero de1985, cuando fue designado arzobispo metropolitano de Cali hasta el a\u00f1o 1994. Al mismo tiempo se desempe\u00f1\u00f3 como administrador apost\u00f3lico de la Arquidi\u00f3cesis de Popay\u00e1n, entre abril de 1990 y enero de 1991.<\/p>\n<p>El 27 de diciembre de 1994 fue nombrado arzobispo de Bogot\u00e1 y Primado de Colombia, cargo en el que permaneci\u00f3 hasta el 8 de julio de 2010, cuando se retir\u00f3 por l\u00edmite de edad. En el gobierno pastoral de la Arquidi\u00f3cesis de Bogot\u00e1, se destac\u00f3 como creador del Banco Arquidiocesano de Alimentos, obra que\u00a0<b>ha beneficiado a millones de personas en sus m\u00e1s de 20 a\u00f1os de existencia.<\/b><\/p>\n<p>Tambi\u00e9n fue el impulsor de la creaci\u00f3n de tres nuevas di\u00f3cesis en Bogot\u00e1,<b>\u00a0Engativ\u00e1, Fontib\u00f3n y Soacha,<\/b>\u00a0las cuales constituy\u00f3 el Papa Juan Pablo II en el a\u00f1o 2003. Igualmente, el Cardenal Rubiano instaur\u00f3 en 1995 el Diaconado Permanente en la Arquidi\u00f3cesis de Bogot\u00e1. Los \u00faltimos a\u00f1os de su vida los vivi\u00f3 en Bogot\u00e1, donde falleci\u00f3.<\/p>\n<p>Como arzobispo, monse\u00f1or Pedro Rubiano\u00a0<b>ocup\u00f3, en tres ocasiones, la presidencia de la Conferencia Episcopal de Colombia,<\/b>\u00a0primero en 1990, despu\u00e9s en 1993 y finalmente en 2002. Tambi\u00e9n fue presidente del comit\u00e9 econ\u00f3mico del Consejo Episcopal de Latinoam\u00e9rica (CELAM) entre mayo de 2003 y julio de 2007.<\/p>\n<p>En el consistorio del 21 de febrero de 2001, el Papa Juan Pablo II lo cre\u00f3 cardenal con el t\u00edtulo de la Transfiguraci\u00f3n de Nuestro Se\u00f1or Jesucristo y lo vincul\u00f3 a la Curia Romana en la Congregaci\u00f3n para la educaci\u00f3n cat\u00f3lica y al Pontificio Consejo para los migrantes e itinerantes.\u00a0<b>Como cardenal particip\u00f3 en c\u00f3nclave que eligi\u00f3 al Papa Benedicto XVI, en abril de 2005.<\/b><\/p>\n<p>Desde la Arquidi\u00f3cesis de Bogot\u00e1, en cabeza del Se\u00f1or Arzobispo Cardenal Luis Jos\u00e9 Rueda Aparicio, agradecieron la labor del Cardenal Rubiano.<\/p>\n<p>&nbsp;<\/p>\n<p>Con informaci\u00f3n y foto de Caracol Radio<\/p>\n","protected":false},"excerpt":{"rendered":"<p>La\u00a0Arquidi\u00f3cesis de Bogot\u00e1\u00a0confirm\u00f3, por medio de un comunicado de prensa, la muerte del cardenal\u00a0Pedro Rubiano S\u00e1enz, arzobispo em\u00e9rito de Bogot\u00e1,\u00a0a los 91 a\u00f1os. Los restos mortales del Cardenal Rubiano S\u00e1enz ser\u00e1n trasladados a la Catedral de Bogot\u00e1, en la\u00a0capilla de Nuestra Se\u00f1ora de los Dolores. Monse\u00f1or Rubiano era\u00a0oriundo de Cartago, Valle del Cauca,\u00a0donde naci\u00f3 el [&hellip;]<\/p>\n","protected":false},"author":2,"featured_media":72133,"comment_status":"closed","ping_status":"open","sticky":false,"template":"","format":"standard","meta":{"footnotes":""},"categories":[34],"tags":[],"class_list":["post-72132","post","type-post","status-publish","format-standard","has-post-thumbnail","hentry","category-deportes"],"yoast_head":"<!-- This site is optimized with the Yoast SEO plugin v26.6 - https:\/\/yoast.com\/wordpress\/plugins\/seo\/ -->\n<title>Falleci\u00f3 el Cardenal Pedro Rubiano -<\/title>\n<meta name=\"robots\" content=\"index, follow, max-snippet:-1, max-image-preview:large, max-video-preview:-1\" \/>\n<link rel=\"canonical\" href=\"https:\/\/luchonoticias.com\/editor\/fallecio-el-cardenal-pedro-rubiano\/\" \/>\n<meta property=\"og:locale\" content=\"es_ES\" \/>\n<meta property=\"og:type\" content=\"article\" \/>\n<meta property=\"og:title\" content=\"Falleci\u00f3 el Cardenal Pedro Rubiano -\" \/>\n<meta property=\"og:url\" content=\"https:\/\/luchonoticias.com\/editor\/fallecio-el-cardenal-pedro-rubiano\/\" \/>\n<meta property=\"article:publisher\" content=\"https:\/\/www.facebook.com\/luchonoticiasneiva\" \/>\n<meta property=\"article:published_time\" content=\"2024-04-15T18:19:23+00:00\" \/>\n<meta property=\"og:image\" content=\"https:\/\/luchonoticias.com\/editor\/wp-content\/uploads\/2024\/04\/pedro-rubiano.jpg\" \/>\n\t<meta property=\"og:image:width\" content=\"700\" \/>\n\t<meta property=\"og:image:height\" content=\"400\" \/>\n\t<meta property=\"og:image:type\" content=\"image\/jpeg\" \/>\n<meta name=\"author\" content=\"Editor General\" \/>\n<meta name=\"twitter:card\" content=\"summary_large_image\" \/>\n<meta name=\"twitter:label1\" content=\"Escrito por\" \/>\n\t<meta name=\"twitter:data1\" content=\"Editor General\" \/>\n\t<meta name=\"twitter:label2\" content=\"Tiempo de lectura\" \/>\n\t<meta name=\"twitter:data2\" content=\"3 minutos\" \/>\n<script type=\"application\/ld+json\" class=\"yoast-schema-graph\">{\"@context\":\"https:\/\/schema.org\",\"@graph\":[{\"@type\":\"Article\",\"@id\":\"https:\/\/luchonoticias.com\/editor\/fallecio-el-cardenal-pedro-rubiano\/#article\",\"isPartOf\":{\"@id\":\"https:\/\/luchonoticias.com\/editor\/fallecio-el-cardenal-pedro-rubiano\/\"},\"author\":{\"name\":\"Editor General\",\"@id\":\"https:\/\/luchonoticias.com\/editor\/#\/schema\/person\/29217990ddf6f14e35912b2866d591fb\"},\"headline\":\"Falleci\u00f3 el Cardenal Pedro Rubiano\",\"datePublished\":\"2024-04-15T18:19:23+00:00\",\"mainEntityOfPage\":{\"@id\":\"https:\/\/luchonoticias.com\/editor\/fallecio-el-cardenal-pedro-rubiano\/\"},\"wordCount\":585,\"publisher\":{\"@id\":\"https:\/\/luchonoticias.com\/editor\/#\/schema\/person\/7a7fd911f58561fd056dbac7b55af9cd\"},\"image\":{\"@id\":\"https:\/\/luchonoticias.com\/editor\/fallecio-el-cardenal-pedro-rubiano\/#primaryimage\"},\"thumbnailUrl\":\"https:\/\/luchonoticias.com\/editor\/wp-content\/uploads\/2024\/04\/pedro-rubiano.jpg\",\"articleSection\":[\"Deportes\"],\"inLanguage\":\"es\"},{\"@type\":\"WebPage\",\"@id\":\"https:\/\/luchonoticias.com\/editor\/fallecio-el-cardenal-pedro-rubiano\/\",\"url\":\"https:\/\/luchonoticias.com\/editor\/fallecio-el-cardenal-pedro-rubiano\/\",\"name\":\"Falleci\u00f3 el Cardenal Pedro Rubiano -\",\"isPartOf\":{\"@id\":\"https:\/\/luchonoticias.com\/editor\/#website\"},\"primaryImageOfPage\":{\"@id\":\"https:\/\/luchonoticias.com\/editor\/fallecio-el-cardenal-pedro-rubiano\/#primaryimage\"},\"image\":{\"@id\":\"https:\/\/luchonoticias.com\/editor\/fallecio-el-cardenal-pedro-rubiano\/#primaryimage\"},\"thumbnailUrl\":\"https:\/\/luchonoticias.com\/editor\/wp-content\/uploads\/2024\/04\/pedro-rubiano.jpg\",\"datePublished\":\"2024-04-15T18:19:23+00:00\",\"breadcrumb\":{\"@id\":\"https:\/\/luchonoticias.com\/editor\/fallecio-el-cardenal-pedro-rubiano\/#breadcrumb\"},\"inLanguage\":\"es\",\"potentialAction\":[{\"@type\":\"ReadAction\",\"target\":[\"https:\/\/luchonoticias.com\/editor\/fallecio-el-cardenal-pedro-rubiano\/\"]}]},{\"@type\":\"ImageObject\",\"inLanguage\":\"es\",\"@id\":\"https:\/\/luchonoticias.com\/editor\/fallecio-el-cardenal-pedro-rubiano\/#primaryimage\",\"url\":\"https:\/\/luchonoticias.com\/editor\/wp-content\/uploads\/2024\/04\/pedro-rubiano.jpg\",\"contentUrl\":\"https:\/\/luchonoticias.com\/editor\/wp-content\/uploads\/2024\/04\/pedro-rubiano.jpg\",\"width\":700,\"height\":400},{\"@type\":\"BreadcrumbList\",\"@id\":\"https:\/\/luchonoticias.com\/editor\/fallecio-el-cardenal-pedro-rubiano\/#breadcrumb\",\"itemListElement\":[{\"@type\":\"ListItem\",\"position\":1,\"name\":\"Portada\",\"item\":\"https:\/\/luchonoticias.com\/editor\/\"},{\"@type\":\"ListItem\",\"position\":2,\"name\":\"Falleci\u00f3 el Cardenal Pedro Rubiano\"}]},{\"@type\":\"WebSite\",\"@id\":\"https:\/\/luchonoticias.com\/editor\/#website\",\"url\":\"https:\/\/luchonoticias.com\/editor\/\",\"name\":\"\",\"description\":\"\",\"publisher\":{\"@id\":\"https:\/\/luchonoticias.com\/editor\/#\/schema\/person\/7a7fd911f58561fd056dbac7b55af9cd\"},\"potentialAction\":[{\"@type\":\"SearchAction\",\"target\":{\"@type\":\"EntryPoint\",\"urlTemplate\":\"https:\/\/luchonoticias.com\/editor\/?s={search_term_string}\"},\"query-input\":{\"@type\":\"PropertyValueSpecification\",\"valueRequired\":true,\"valueName\":\"search_term_string\"}}],\"inLanguage\":\"es\"},{\"@type\":[\"Person\",\"Organization\"],\"@id\":\"https:\/\/luchonoticias.com\/editor\/#\/schema\/person\/7a7fd911f58561fd056dbac7b55af9cd\",\"name\":\"admin\",\"image\":{\"@type\":\"ImageObject\",\"inLanguage\":\"es\",\"@id\":\"https:\/\/luchonoticias.com\/editor\/#\/schema\/person\/image\/\",\"url\":\"https:\/\/luchonoticias.com\/editor\/wp-content\/uploads\/2024\/02\/cropped-cropped-logolu.webp\",\"contentUrl\":\"https:\/\/luchonoticias.com\/editor\/wp-content\/uploads\/2024\/02\/cropped-cropped-logolu.webp\",\"width\":382,\"height\":170,\"caption\":\"admin\"},\"logo\":{\"@id\":\"https:\/\/luchonoticias.com\/editor\/#\/schema\/person\/image\/\"},\"sameAs\":[\"https:\/\/www.facebook.com\/luchonoticiasneiva\"]},{\"@type\":\"Person\",\"@id\":\"https:\/\/luchonoticias.com\/editor\/#\/schema\/person\/29217990ddf6f14e35912b2866d591fb\",\"name\":\"Editor General\",\"image\":{\"@type\":\"ImageObject\",\"inLanguage\":\"es\",\"@id\":\"https:\/\/luchonoticias.com\/editor\/#\/schema\/person\/image\/\",\"url\":\"https:\/\/luchonoticias.com\/editor\/wp-content\/uploads\/2024\/02\/cropped-cropped-logolu-150x150.webp\",\"contentUrl\":\"https:\/\/luchonoticias.com\/editor\/wp-content\/uploads\/2024\/02\/cropped-cropped-logolu-150x150.webp\",\"caption\":\"Editor General\"},\"sameAs\":[\"https:\/\/luchonoticias.com\/\"],\"url\":\"https:\/\/luchonoticias.com\/editor\/author\/editor-general\/\"}]}<\/script>\n<!-- \/ Yoast SEO plugin. -->","yoast_head_json":{"title":"Falleci\u00f3 el Cardenal Pedro Rubiano -","robots":{"index":"index","follow":"follow","max-snippet":"max-snippet:-1","max-image-preview":"max-image-preview:large","max-video-preview":"max-video-preview:-1"},"canonical":"https:\/\/luchonoticias.com\/editor\/fallecio-el-cardenal-pedro-rubiano\/","og_locale":"es_ES","og_type":"article","og_title":"Falleci\u00f3 el Cardenal Pedro Rubiano -","og_url":"https:\/\/luchonoticias.com\/editor\/fallecio-el-cardenal-pedro-rubiano\/","article_publisher":"https:\/\/www.facebook.com\/luchonoticiasneiva","article_published_time":"2024-04-15T18:19:23+00:00","og_image":[{"width":700,"height":400,"url":"https:\/\/luchonoticias.com\/editor\/wp-content\/uploads\/2024\/04\/pedro-rubiano.jpg","type":"image\/jpeg"}],"author":"Editor General","twitter_card":"summary_large_image","twitter_misc":{"Escrito por":"Editor General","Tiempo de lectura":"3 minutos"},"schema":{"@context":"https:\/\/schema.org","@graph":[{"@type":"Article","@id":"https:\/\/luchonoticias.com\/editor\/fallecio-el-cardenal-pedro-rubiano\/#article","isPartOf":{"@id":"https:\/\/luchonoticias.com\/editor\/fallecio-el-cardenal-pedro-rubiano\/"},"author":{"name":"Editor General","@id":"https:\/\/luchonoticias.com\/editor\/#\/schema\/person\/29217990ddf6f14e35912b2866d591fb"},"headline":"Falleci\u00f3 el Cardenal Pedro Rubiano","datePublished":"2024-04-15T18:19:23+00:00","mainEntityOfPage":{"@id":"https:\/\/luchonoticias.com\/editor\/fallecio-el-cardenal-pedro-rubiano\/"},"wordCount":585,"publisher":{"@id":"https:\/\/luchonoticias.com\/editor\/#\/schema\/person\/7a7fd911f58561fd056dbac7b55af9cd"},"image":{"@id":"https:\/\/luchonoticias.com\/editor\/fallecio-el-cardenal-pedro-rubiano\/#primaryimage"},"thumbnailUrl":"https:\/\/luchonoticias.com\/editor\/wp-content\/uploads\/2024\/04\/pedro-rubiano.jpg","articleSection":["Deportes"],"inLanguage":"es"},{"@type":"WebPage","@id":"https:\/\/luchonoticias.com\/editor\/fallecio-el-cardenal-pedro-rubiano\/","url":"https:\/\/luchonoticias.com\/editor\/fallecio-el-cardenal-pedro-rubiano\/","name":"Falleci\u00f3 el Cardenal Pedro Rubiano -","isPartOf":{"@id":"https:\/\/luchonoticias.com\/editor\/#website"},"primaryImageOfPage":{"@id":"https:\/\/luchonoticias.com\/editor\/fallecio-el-cardenal-pedro-rubiano\/#primaryimage"},"image":{"@id":"https:\/\/luchonoticias.com\/editor\/fallecio-el-cardenal-pedro-rubiano\/#primaryimage"},"thumbnailUrl":"https:\/\/luchonoticias.com\/editor\/wp-content\/uploads\/2024\/04\/pedro-rubiano.jpg","datePublished":"2024-04-15T18:19:23+00:00","breadcrumb":{"@id":"https:\/\/luchonoticias.com\/editor\/fallecio-el-cardenal-pedro-rubiano\/#breadcrumb"},"inLanguage":"es","potentialAction":[{"@type":"ReadAction","target":["https:\/\/luchonoticias.com\/editor\/fallecio-el-cardenal-pedro-rubiano\/"]}]},{"@type":"ImageObject","inLanguage":"es","@id":"https:\/\/luchonoticias.com\/editor\/fallecio-el-cardenal-pedro-rubiano\/#primaryimage","url":"https:\/\/luchonoticias.com\/editor\/wp-content\/uploads\/2024\/04\/pedro-rubiano.jpg","contentUrl":"https:\/\/luchonoticias.com\/editor\/wp-content\/uploads\/2024\/04\/pedro-rubiano.jpg","width":700,"height":400},{"@type":"BreadcrumbList","@id":"https:\/\/luchonoticias.com\/editor\/fallecio-el-cardenal-pedro-rubiano\/#breadcrumb","itemListElement":[{"@type":"ListItem","position":1,"name":"Portada","item":"https:\/\/luchonoticias.com\/editor\/"},{"@type":"ListItem","position":2,"name":"Falleci\u00f3 el Cardenal Pedro Rubiano"}]},{"@type":"WebSite","@id":"https:\/\/luchonoticias.com\/editor\/#website","url":"https:\/\/luchonoticias.com\/editor\/","name":"","description":"","publisher":{"@id":"https:\/\/luchonoticias.com\/editor\/#\/schema\/person\/7a7fd911f58561fd056dbac7b55af9cd"},"potentialAction":[{"@type":"SearchAction","target":{"@type":"EntryPoint","urlTemplate":"https:\/\/luchonoticias.com\/editor\/?s={search_term_string}"},"query-input":{"@type":"PropertyValueSpecification","valueRequired":true,"valueName":"search_term_string"}}],"inLanguage":"es"},{"@type":["Person","Organization"],"@id":"https:\/\/luchonoticias.com\/editor\/#\/schema\/person\/7a7fd911f58561fd056dbac7b55af9cd","name":"admin","image":{"@type":"ImageObject","inLanguage":"es","@id":"https:\/\/luchonoticias.com\/editor\/#\/schema\/person\/image\/","url":"https:\/\/luchonoticias.com\/editor\/wp-content\/uploads\/2024\/02\/cropped-cropped-logolu.webp","contentUrl":"https:\/\/luchonoticias.com\/editor\/wp-content\/uploads\/2024\/02\/cropped-cropped-logolu.webp","width":382,"height":170,"caption":"admin"},"logo":{"@id":"https:\/\/luchonoticias.com\/editor\/#\/schema\/person\/image\/"},"sameAs":["https:\/\/www.facebook.com\/luchonoticiasneiva"]},{"@type":"Person","@id":"https:\/\/luchonoticias.com\/editor\/#\/schema\/person\/29217990ddf6f14e35912b2866d591fb","name":"Editor General","image":{"@type":"ImageObject","inLanguage":"es","@id":"https:\/\/luchonoticias.com\/editor\/#\/schema\/person\/image\/","url":"https:\/\/luchonoticias.com\/editor\/wp-content\/uploads\/2024\/02\/cropped-cropped-logolu-150x150.webp","contentUrl":"https:\/\/luchonoticias.com\/editor\/wp-content\/uploads\/2024\/02\/cropped-cropped-logolu-150x150.webp","caption":"Editor General"},"sameAs":["https:\/\/luchonoticias.com\/"],"url":"https:\/\/luchonoticias.com\/editor\/author\/editor-general\/"}]}},"_links":{"self":[{"href":"https:\/\/luchonoticias.com\/editor\/wp-json\/wp\/v2\/posts\/72132","targetHints":{"allow":["GET"]}}],"collection":[{"href":"https:\/\/luchonoticias.com\/editor\/wp-json\/wp\/v2\/posts"}],"about":[{"href":"https:\/\/luchonoticias.com\/editor\/wp-json\/wp\/v2\/types\/post"}],"author":[{"embeddable":true,"href":"https:\/\/luchonoticias.com\/editor\/wp-json\/wp\/v2\/users\/2"}],"replies":[{"embeddable":true,"href":"https:\/\/luchonoticias.com\/editor\/wp-json\/wp\/v2\/comments?post=72132"}],"version-history":[{"count":0,"href":"https:\/\/luchonoticias.com\/editor\/wp-json\/wp\/v2\/posts\/72132\/revisions"}],"wp:featuredmedia":[{"embeddable":true,"href":"https:\/\/luchonoticias.com\/editor\/wp-json\/wp\/v2\/media\/72133"}],"wp:attachment":[{"href":"https:\/\/luchonoticias.com\/editor\/wp-json\/wp\/v2\/media?parent=72132"}],"wp:term":[{"taxonomy":"category","embeddable":true,"href":"https:\/\/luchonoticias.com\/editor\/wp-json\/wp\/v2\/categories?post=72132"},{"taxonomy":"post_tag","embeddable":true,"href":"https:\/\/luchonoticias.com\/editor\/wp-json\/wp\/v2\/tags?post=72132"}],"curies":[{"name":"wp","href":"https:\/\/api.w.org\/{rel}","templated":true}]}}