{"id":72135,"date":"2024-04-15T15:06:11","date_gmt":"2024-04-15T20:06:11","guid":{"rendered":"https:\/\/luchonoticias.com\/?p=72135"},"modified":"2024-04-15T15:06:11","modified_gmt":"2024-04-15T20:06:11","slug":"sector-acuicola-es-reconocido-como-cadena-productiva-nacional","status":"publish","type":"post","link":"https:\/\/luchonoticias.com\/editor\/sector-acuicola-es-reconocido-como-cadena-productiva-nacional\/","title":{"rendered":"Sector acu\u00edcola es reconocido como cadena productiva nacional"},"content":{"rendered":"<div><strong>\u00a0<\/strong>El Ministerio de Agricultura y Desarrollo Rural anunci\u00f3 el reconocimiento e inscripci\u00f3n de la organizaci\u00f3n de la cadena productiva de la Acuicultura, con lo cual todos los actores del sector logran un espacio de articulaci\u00f3n entre s\u00ed y con la institucionalidad para fortalecer la productividad, transformaci\u00f3n y comercializaci\u00f3n de especies. Este logro cont\u00f3 con la participaci\u00f3n de diversos actores de la cadena y entidades, y estuvo liderado por la Direcci\u00f3n de Cadenas Pecuarias, Pesqueras y Acu\u00edcolas del ministerio.<\/div>\n<div><\/div>\n<div>El anuncio lo hizo, desde la cuenca del Lago de Tota, en el departamento de Boyac\u00e1, la directora de Cadenas Pecuarias, Pesqueras y Acu\u00edcolas de la cartera, Ingritts Marcela Garc\u00eda. Esto, durante una jornada de trabajo en la que visit\u00f3 los proyectos productivos de trucha en el Lago de Tota y particip\u00f3 en la Mesa Intersectorial e Interinstitucional para esta regi\u00f3n, organizada por Agrosavia.<\/div>\n<div><\/div>\n<div>\u201cLa cadena de Acuicultura, formalizada mediante la resoluci\u00f3n n\u00famero 086 de abril de 2024, se crea como una necesidad del sector para articular acciones y trabajo; lograr mejores niveles de competitividad, sostenibilidad, generaci\u00f3n de empleo y contribuir en la b\u00fasqueda de la paz\u201d, explic\u00f3 Garc\u00eda.<\/div>\n<div><\/div>\n<div>Esta cadena actuar\u00e1 como cuerpo consultivo del Gobierno Nacional en materia de pol\u00edtica para el subsector de la acuicultura, y como \u00f3rgano de concertaci\u00f3n permanente entre los distintos eslabones: productores, empresarios, gremios y organizaciones de transformaci\u00f3n, comercializaci\u00f3n, distribuci\u00f3n y proveedores de servicios e insumos. Adem\u00e1s, cuenta con la participaci\u00f3n del Gobierno Nacional y los gobiernos locales y regionales. Hacen parte de esta cadena los comit\u00e9s regionales, los ministerios de Agricultura y Desarrollo Rural; de Comercio, Industria y Turismo, la Autoridad Nacional de Acuicultura y Pesca (Aunap), el Instituto Colombiano Agropecuario (ICA) y el SENA.<\/div>\n","protected":false},"excerpt":{"rendered":"<p>\u00a0El Ministerio de Agricultura y Desarrollo Rural anunci\u00f3 el reconocimiento e inscripci\u00f3n de la organizaci\u00f3n de la cadena productiva de la Acuicultura, con lo cual todos los actores del sector logran un espacio de articulaci\u00f3n entre s\u00ed y con la institucionalidad para fortalecer la productividad, transformaci\u00f3n y comercializaci\u00f3n de especies. Este logro cont\u00f3 con la [&hellip;]<\/p>\n","protected":false},"author":2,"featured_media":71663,"comment_status":"closed","ping_status":"open","sticky":false,"template":"","format":"standard","meta":{"footnotes":""},"categories":[28],"tags":[],"class_list":["post-72135","post","type-post","status-publish","format-standard","has-post-thumbnail","hentry","category-actualidad"],"yoast_head":"<!-- This site is optimized with the Yoast SEO plugin v26.6 - https:\/\/yoast.com\/wordpress\/plugins\/seo\/ -->\n<title>Sector acu\u00edcola es reconocido como cadena productiva nacional -<\/title>\n<meta name=\"robots\" content=\"index, follow, max-snippet:-1, max-image-preview:large, max-video-preview:-1\" \/>\n<link rel=\"canonical\" href=\"https:\/\/luchonoticias.com\/editor\/sector-acuicola-es-reconocido-como-cadena-productiva-nacional\/\" \/>\n<meta property=\"og:locale\" content=\"es_ES\" \/>\n<meta property=\"og:type\" content=\"article\" \/>\n<meta property=\"og:title\" content=\"Sector acu\u00edcola es reconocido como cadena productiva nacional -\" \/>\n<meta property=\"og:url\" content=\"https:\/\/luchonoticias.com\/editor\/sector-acuicola-es-reconocido-como-cadena-productiva-nacional\/\" \/>\n<meta property=\"article:publisher\" content=\"https:\/\/www.facebook.com\/luchonoticiasneiva\" \/>\n<meta property=\"article:published_time\" content=\"2024-04-15T20:06:11+00:00\" \/>\n<meta property=\"og:image\" content=\"https:\/\/luchonoticias.com\/editor\/wp-content\/uploads\/2024\/04\/piscicultura.jpg\" \/>\n\t<meta property=\"og:image:width\" content=\"700\" \/>\n\t<meta property=\"og:image:height\" content=\"400\" \/>\n\t<meta property=\"og:image:type\" content=\"image\/jpeg\" \/>\n<meta name=\"author\" content=\"Editor General\" \/>\n<meta name=\"twitter:card\" content=\"summary_large_image\" \/>\n<meta name=\"twitter:label1\" content=\"Escrito por\" \/>\n\t<meta name=\"twitter:data1\" content=\"Editor General\" \/>\n\t<meta name=\"twitter:label2\" content=\"Tiempo de lectura\" \/>\n\t<meta name=\"twitter:data2\" content=\"2 minutos\" \/>\n<script type=\"application\/ld+json\" class=\"yoast-schema-graph\">{\"@context\":\"https:\/\/schema.org\",\"@graph\":[{\"@type\":\"Article\",\"@id\":\"https:\/\/luchonoticias.com\/editor\/sector-acuicola-es-reconocido-como-cadena-productiva-nacional\/#article\",\"isPartOf\":{\"@id\":\"https:\/\/luchonoticias.com\/editor\/sector-acuicola-es-reconocido-como-cadena-productiva-nacional\/\"},\"author\":{\"name\":\"Editor General\",\"@id\":\"https:\/\/luchonoticias.com\/editor\/#\/schema\/person\/29217990ddf6f14e35912b2866d591fb\"},\"headline\":\"Sector acu\u00edcola es reconocido como cadena productiva nacional\",\"datePublished\":\"2024-04-15T20:06:11+00:00\",\"mainEntityOfPage\":{\"@id\":\"https:\/\/luchonoticias.com\/editor\/sector-acuicola-es-reconocido-como-cadena-productiva-nacional\/\"},\"wordCount\":312,\"publisher\":{\"@id\":\"https:\/\/luchonoticias.com\/editor\/#\/schema\/person\/7a7fd911f58561fd056dbac7b55af9cd\"},\"image\":{\"@id\":\"https:\/\/luchonoticias.com\/editor\/sector-acuicola-es-reconocido-como-cadena-productiva-nacional\/#primaryimage\"},\"thumbnailUrl\":\"https:\/\/luchonoticias.com\/editor\/wp-content\/uploads\/2024\/04\/piscicultura.jpg\",\"articleSection\":[\"Actualidad\"],\"inLanguage\":\"es\"},{\"@type\":\"WebPage\",\"@id\":\"https:\/\/luchonoticias.com\/editor\/sector-acuicola-es-reconocido-como-cadena-productiva-nacional\/\",\"url\":\"https:\/\/luchonoticias.com\/editor\/sector-acuicola-es-reconocido-como-cadena-productiva-nacional\/\",\"name\":\"Sector acu\u00edcola es reconocido como cadena productiva nacional -\",\"isPartOf\":{\"@id\":\"https:\/\/luchonoticias.com\/editor\/#website\"},\"primaryImageOfPage\":{\"@id\":\"https:\/\/luchonoticias.com\/editor\/sector-acuicola-es-reconocido-como-cadena-productiva-nacional\/#primaryimage\"},\"image\":{\"@id\":\"https:\/\/luchonoticias.com\/editor\/sector-acuicola-es-reconocido-como-cadena-productiva-nacional\/#primaryimage\"},\"thumbnailUrl\":\"https:\/\/luchonoticias.com\/editor\/wp-content\/uploads\/2024\/04\/piscicultura.jpg\",\"datePublished\":\"2024-04-15T20:06:11+00:00\",\"breadcrumb\":{\"@id\":\"https:\/\/luchonoticias.com\/editor\/sector-acuicola-es-reconocido-como-cadena-productiva-nacional\/#breadcrumb\"},\"inLanguage\":\"es\",\"potentialAction\":[{\"@type\":\"ReadAction\",\"target\":[\"https:\/\/luchonoticias.com\/editor\/sector-acuicola-es-reconocido-como-cadena-productiva-nacional\/\"]}]},{\"@type\":\"ImageObject\",\"inLanguage\":\"es\",\"@id\":\"https:\/\/luchonoticias.com\/editor\/sector-acuicola-es-reconocido-como-cadena-productiva-nacional\/#primaryimage\",\"url\":\"https:\/\/luchonoticias.com\/editor\/wp-content\/uploads\/2024\/04\/piscicultura.jpg\",\"contentUrl\":\"https:\/\/luchonoticias.com\/editor\/wp-content\/uploads\/2024\/04\/piscicultura.jpg\",\"width\":700,\"height\":400},{\"@type\":\"BreadcrumbList\",\"@id\":\"https:\/\/luchonoticias.com\/editor\/sector-acuicola-es-reconocido-como-cadena-productiva-nacional\/#breadcrumb\",\"itemListElement\":[{\"@type\":\"ListItem\",\"position\":1,\"name\":\"Portada\",\"item\":\"https:\/\/luchonoticias.com\/editor\/\"},{\"@type\":\"ListItem\",\"position\":2,\"name\":\"Sector acu\u00edcola es reconocido como cadena productiva nacional\"}]},{\"@type\":\"WebSite\",\"@id\":\"https:\/\/luchonoticias.com\/editor\/#website\",\"url\":\"https:\/\/luchonoticias.com\/editor\/\",\"name\":\"\",\"description\":\"\",\"publisher\":{\"@id\":\"https:\/\/luchonoticias.com\/editor\/#\/schema\/person\/7a7fd911f58561fd056dbac7b55af9cd\"},\"potentialAction\":[{\"@type\":\"SearchAction\",\"target\":{\"@type\":\"EntryPoint\",\"urlTemplate\":\"https:\/\/luchonoticias.com\/editor\/?s={search_term_string}\"},\"query-input\":{\"@type\":\"PropertyValueSpecification\",\"valueRequired\":true,\"valueName\":\"search_term_string\"}}],\"inLanguage\":\"es\"},{\"@type\":[\"Person\",\"Organization\"],\"@id\":\"https:\/\/luchonoticias.com\/editor\/#\/schema\/person\/7a7fd911f58561fd056dbac7b55af9cd\",\"name\":\"admin\",\"image\":{\"@type\":\"ImageObject\",\"inLanguage\":\"es\",\"@id\":\"https:\/\/luchonoticias.com\/editor\/#\/schema\/person\/image\/\",\"url\":\"https:\/\/luchonoticias.com\/editor\/wp-content\/uploads\/2024\/02\/cropped-cropped-logolu.webp\",\"contentUrl\":\"https:\/\/luchonoticias.com\/editor\/wp-content\/uploads\/2024\/02\/cropped-cropped-logolu.webp\",\"width\":382,\"height\":170,\"caption\":\"admin\"},\"logo\":{\"@id\":\"https:\/\/luchonoticias.com\/editor\/#\/schema\/person\/image\/\"},\"sameAs\":[\"https:\/\/www.facebook.com\/luchonoticiasneiva\"]},{\"@type\":\"Person\",\"@id\":\"https:\/\/luchonoticias.com\/editor\/#\/schema\/person\/29217990ddf6f14e35912b2866d591fb\",\"name\":\"Editor General\",\"image\":{\"@type\":\"ImageObject\",\"inLanguage\":\"es\",\"@id\":\"https:\/\/luchonoticias.com\/editor\/#\/schema\/person\/image\/\",\"url\":\"https:\/\/luchonoticias.com\/editor\/wp-content\/uploads\/2024\/02\/cropped-cropped-logolu-150x150.webp\",\"contentUrl\":\"https:\/\/luchonoticias.com\/editor\/wp-content\/uploads\/2024\/02\/cropped-cropped-logolu-150x150.webp\",\"caption\":\"Editor General\"},\"sameAs\":[\"https:\/\/luchonoticias.com\/\"],\"url\":\"https:\/\/luchonoticias.com\/editor\/author\/editor-general\/\"}]}<\/script>\n<!-- \/ Yoast SEO plugin. -->","yoast_head_json":{"title":"Sector acu\u00edcola es reconocido como cadena productiva nacional -","robots":{"index":"index","follow":"follow","max-snippet":"max-snippet:-1","max-image-preview":"max-image-preview:large","max-video-preview":"max-video-preview:-1"},"canonical":"https:\/\/luchonoticias.com\/editor\/sector-acuicola-es-reconocido-como-cadena-productiva-nacional\/","og_locale":"es_ES","og_type":"article","og_title":"Sector acu\u00edcola es reconocido como cadena productiva nacional -","og_url":"https:\/\/luchonoticias.com\/editor\/sector-acuicola-es-reconocido-como-cadena-productiva-nacional\/","article_publisher":"https:\/\/www.facebook.com\/luchonoticiasneiva","article_published_time":"2024-04-15T20:06:11+00:00","og_image":[{"width":700,"height":400,"url":"https:\/\/luchonoticias.com\/editor\/wp-content\/uploads\/2024\/04\/piscicultura.jpg","type":"image\/jpeg"}],"author":"Editor General","twitter_card":"summary_large_image","twitter_misc":{"Escrito por":"Editor General","Tiempo de lectura":"2 minutos"},"schema":{"@context":"https:\/\/schema.org","@graph":[{"@type":"Article","@id":"https:\/\/luchonoticias.com\/editor\/sector-acuicola-es-reconocido-como-cadena-productiva-nacional\/#article","isPartOf":{"@id":"https:\/\/luchonoticias.com\/editor\/sector-acuicola-es-reconocido-como-cadena-productiva-nacional\/"},"author":{"name":"Editor General","@id":"https:\/\/luchonoticias.com\/editor\/#\/schema\/person\/29217990ddf6f14e35912b2866d591fb"},"headline":"Sector acu\u00edcola es reconocido como cadena productiva nacional","datePublished":"2024-04-15T20:06:11+00:00","mainEntityOfPage":{"@id":"https:\/\/luchonoticias.com\/editor\/sector-acuicola-es-reconocido-como-cadena-productiva-nacional\/"},"wordCount":312,"publisher":{"@id":"https:\/\/luchonoticias.com\/editor\/#\/schema\/person\/7a7fd911f58561fd056dbac7b55af9cd"},"image":{"@id":"https:\/\/luchonoticias.com\/editor\/sector-acuicola-es-reconocido-como-cadena-productiva-nacional\/#primaryimage"},"thumbnailUrl":"https:\/\/luchonoticias.com\/editor\/wp-content\/uploads\/2024\/04\/piscicultura.jpg","articleSection":["Actualidad"],"inLanguage":"es"},{"@type":"WebPage","@id":"https:\/\/luchonoticias.com\/editor\/sector-acuicola-es-reconocido-como-cadena-productiva-nacional\/","url":"https:\/\/luchonoticias.com\/editor\/sector-acuicola-es-reconocido-como-cadena-productiva-nacional\/","name":"Sector acu\u00edcola es reconocido como cadena productiva nacional -","isPartOf":{"@id":"https:\/\/luchonoticias.com\/editor\/#website"},"primaryImageOfPage":{"@id":"https:\/\/luchonoticias.com\/editor\/sector-acuicola-es-reconocido-como-cadena-productiva-nacional\/#primaryimage"},"image":{"@id":"https:\/\/luchonoticias.com\/editor\/sector-acuicola-es-reconocido-como-cadena-productiva-nacional\/#primaryimage"},"thumbnailUrl":"https:\/\/luchonoticias.com\/editor\/wp-content\/uploads\/2024\/04\/piscicultura.jpg","datePublished":"2024-04-15T20:06:11+00:00","breadcrumb":{"@id":"https:\/\/luchonoticias.com\/editor\/sector-acuicola-es-reconocido-como-cadena-productiva-nacional\/#breadcrumb"},"inLanguage":"es","potentialAction":[{"@type":"ReadAction","target":["https:\/\/luchonoticias.com\/editor\/sector-acuicola-es-reconocido-como-cadena-productiva-nacional\/"]}]},{"@type":"ImageObject","inLanguage":"es","@id":"https:\/\/luchonoticias.com\/editor\/sector-acuicola-es-reconocido-como-cadena-productiva-nacional\/#primaryimage","url":"https:\/\/luchonoticias.com\/editor\/wp-content\/uploads\/2024\/04\/piscicultura.jpg","contentUrl":"https:\/\/luchonoticias.com\/editor\/wp-content\/uploads\/2024\/04\/piscicultura.jpg","width":700,"height":400},{"@type":"BreadcrumbList","@id":"https:\/\/luchonoticias.com\/editor\/sector-acuicola-es-reconocido-como-cadena-productiva-nacional\/#breadcrumb","itemListElement":[{"@type":"ListItem","position":1,"name":"Portada","item":"https:\/\/luchonoticias.com\/editor\/"},{"@type":"ListItem","position":2,"name":"Sector acu\u00edcola es reconocido como cadena productiva nacional"}]},{"@type":"WebSite","@id":"https:\/\/luchonoticias.com\/editor\/#website","url":"https:\/\/luchonoticias.com\/editor\/","name":"","description":"","publisher":{"@id":"https:\/\/luchonoticias.com\/editor\/#\/schema\/person\/7a7fd911f58561fd056dbac7b55af9cd"},"potentialAction":[{"@type":"SearchAction","target":{"@type":"EntryPoint","urlTemplate":"https:\/\/luchonoticias.com\/editor\/?s={search_term_string}"},"query-input":{"@type":"PropertyValueSpecification","valueRequired":true,"valueName":"search_term_string"}}],"inLanguage":"es"},{"@type":["Person","Organization"],"@id":"https:\/\/luchonoticias.com\/editor\/#\/schema\/person\/7a7fd911f58561fd056dbac7b55af9cd","name":"admin","image":{"@type":"ImageObject","inLanguage":"es","@id":"https:\/\/luchonoticias.com\/editor\/#\/schema\/person\/image\/","url":"https:\/\/luchonoticias.com\/editor\/wp-content\/uploads\/2024\/02\/cropped-cropped-logolu.webp","contentUrl":"https:\/\/luchonoticias.com\/editor\/wp-content\/uploads\/2024\/02\/cropped-cropped-logolu.webp","width":382,"height":170,"caption":"admin"},"logo":{"@id":"https:\/\/luchonoticias.com\/editor\/#\/schema\/person\/image\/"},"sameAs":["https:\/\/www.facebook.com\/luchonoticiasneiva"]},{"@type":"Person","@id":"https:\/\/luchonoticias.com\/editor\/#\/schema\/person\/29217990ddf6f14e35912b2866d591fb","name":"Editor General","image":{"@type":"ImageObject","inLanguage":"es","@id":"https:\/\/luchonoticias.com\/editor\/#\/schema\/person\/image\/","url":"https:\/\/luchonoticias.com\/editor\/wp-content\/uploads\/2024\/02\/cropped-cropped-logolu-150x150.webp","contentUrl":"https:\/\/luchonoticias.com\/editor\/wp-content\/uploads\/2024\/02\/cropped-cropped-logolu-150x150.webp","caption":"Editor General"},"sameAs":["https:\/\/luchonoticias.com\/"],"url":"https:\/\/luchonoticias.com\/editor\/author\/editor-general\/"}]}},"_links":{"self":[{"href":"https:\/\/luchonoticias.com\/editor\/wp-json\/wp\/v2\/posts\/72135","targetHints":{"allow":["GET"]}}],"collection":[{"href":"https:\/\/luchonoticias.com\/editor\/wp-json\/wp\/v2\/posts"}],"about":[{"href":"https:\/\/luchonoticias.com\/editor\/wp-json\/wp\/v2\/types\/post"}],"author":[{"embeddable":true,"href":"https:\/\/luchonoticias.com\/editor\/wp-json\/wp\/v2\/users\/2"}],"replies":[{"embeddable":true,"href":"https:\/\/luchonoticias.com\/editor\/wp-json\/wp\/v2\/comments?post=72135"}],"version-history":[{"count":0,"href":"https:\/\/luchonoticias.com\/editor\/wp-json\/wp\/v2\/posts\/72135\/revisions"}],"wp:featuredmedia":[{"embeddable":true,"href":"https:\/\/luchonoticias.com\/editor\/wp-json\/wp\/v2\/media\/71663"}],"wp:attachment":[{"href":"https:\/\/luchonoticias.com\/editor\/wp-json\/wp\/v2\/media?parent=72135"}],"wp:term":[{"taxonomy":"category","embeddable":true,"href":"https:\/\/luchonoticias.com\/editor\/wp-json\/wp\/v2\/categories?post=72135"},{"taxonomy":"post_tag","embeddable":true,"href":"https:\/\/luchonoticias.com\/editor\/wp-json\/wp\/v2\/tags?post=72135"}],"curies":[{"name":"wp","href":"https:\/\/api.w.org\/{rel}","templated":true}]}}