{"id":72138,"date":"2024-04-15T17:46:01","date_gmt":"2024-04-15T22:46:01","guid":{"rendered":"https:\/\/luchonoticias.com\/?p=72138"},"modified":"2024-04-15T17:46:01","modified_gmt":"2024-04-15T22:46:01","slug":"nuevos-espacios-para-ayudar-a-usuarios-del-sisben","status":"publish","type":"post","link":"https:\/\/luchonoticias.com\/editor\/nuevos-espacios-para-ayudar-a-usuarios-del-sisben\/","title":{"rendered":"Nuevos espacios para ayudar a usuarios del Sisben"},"content":{"rendered":"<p>Con la llegada de la nueva Administraci\u00f3n Municipal, el ingeniero Germ\u00e1n Casagua le ha apostado a mejorar la calidad del servicio y la atenci\u00f3n al usuario en las oficinas del Sisb\u00e9n, ubicadas en Los Comuneros de la ciudad de Neiva.<\/p>\n<p>Para esto, se han implementado diferentes acciones teniendo en cuenta la alta demanda de habitantes que acuden a la oficina. Es as\u00ed como la Alcald\u00eda de Neiva a trav\u00e9s del director del Sisb\u00e9n, Carlos Motta, implement\u00f3 la apertura de 4 ventanillas para un total de 7 puntos de atenci\u00f3n, con el prop\u00f3sito de agilizar los tr\u00e1mites y as\u00ed poder atender a la mayor cantidad posible de usuarios.<\/p>\n<p>Con el fin de facilitarle los servicios a toda la comunidad neivana, el alcalde Germ\u00e1n Casagua estableci\u00f3 unos canales de comunicaci\u00f3n con la Nueva EPS para que esta, tenga un punto de atenci\u00f3n y afiliaci\u00f3n al r\u00e9gimen subsidiado de salud en las instalaciones del Sisb\u00e9n.<\/p>\n<p>\u201cEsto lo hacemos con el prop\u00f3sito de que las personas puedan recibir todos los beneficios que tiene el Estado\u201d, indic\u00f3 Carlos Motta director del Sisben; de igual forma el funcionario manifest\u00f3 \u201creafirmamos nuestro compromiso con la comunidad neivana. Queremos contarles que todos nuestros servicios son gratis y no requieren tramitadores\u201d.<\/p>\n<p>Karen Suarez, promotora de Nueva EPS coment\u00f3 \u201clos requisitos para realizar afiliaciones son la fotocopia de la c\u00e9dula y una copia de Sisb\u00e9n. Los horarios de atenci\u00f3n son de lunes a martes de 7:30 a.m. a 1:00 p.m.\u201d.<\/p>\n<p>Lo anterior, ha mejorado notablemente la atenci\u00f3n de las personas que est\u00e1n vinculadas al r\u00e9gimen subsidiado, pues los tr\u00e1mites con m\u00e1s \u00e1giles y la presencia de la Nueva EPS ha contribuido a la disminuci\u00f3n de tiempo en la atenci\u00f3n frente a dudas, inquietudes o solicitudes.<\/p>\n<p>Asimismo, la apertura de las ventanillas para posibilitar la atenci\u00f3n eficiente, ha permitido que la comunidad pueda ejercer sus actividades en el Sisben de manera r\u00e1pida, Jorge William Casta\u00f1o quien es beneficiario del Sisb\u00e9n, expres\u00f3 \u201cme parece importante para descongestionar y se puedan realizar los dos servicios al mismo tiempo\u201d.<\/p>\n<p>Igualmente, Liliana Trujillo beneficiaria del r\u00e9gimen subsidiado manifest\u00f3 \u201ces muy bueno porque nos hemos dados cuenta que en esta administraci\u00f3n el Sisb\u00e9n, como el se\u00f1or alcalde lo prometi\u00f3, es de puertas abiertas\u201d. De igual manera agreg\u00f3 \u201ces un beneficio grande ya que nos ahorra las largas filas para realizar las afiliaciones, pensando en las personas adultas y las mujeres embarazadas\u201d.<\/p>\n","protected":false},"excerpt":{"rendered":"<p>Con la llegada de la nueva Administraci\u00f3n Municipal, el ingeniero Germ\u00e1n Casagua le ha apostado a mejorar la calidad del servicio y la atenci\u00f3n al usuario en las oficinas del Sisb\u00e9n, ubicadas en Los Comuneros de la ciudad de Neiva. Para esto, se han implementado diferentes acciones teniendo en cuenta la alta demanda de habitantes [&hellip;]<\/p>\n","protected":false},"author":2,"featured_media":72139,"comment_status":"closed","ping_status":"open","sticky":false,"template":"","format":"standard","meta":{"footnotes":""},"categories":[31],"tags":[],"class_list":["post-72138","post","type-post","status-publish","format-standard","has-post-thumbnail","hentry","category-local"],"yoast_head":"<!-- This site is optimized with the Yoast SEO plugin v26.6 - https:\/\/yoast.com\/wordpress\/plugins\/seo\/ -->\n<title>Nuevos espacios para ayudar a usuarios del Sisben -<\/title>\n<meta name=\"robots\" content=\"index, follow, max-snippet:-1, max-image-preview:large, max-video-preview:-1\" \/>\n<link rel=\"canonical\" href=\"https:\/\/luchonoticias.com\/editor\/nuevos-espacios-para-ayudar-a-usuarios-del-sisben\/\" \/>\n<meta property=\"og:locale\" content=\"es_ES\" \/>\n<meta property=\"og:type\" content=\"article\" \/>\n<meta property=\"og:title\" content=\"Nuevos espacios para ayudar a usuarios del Sisben -\" \/>\n<meta property=\"og:url\" content=\"https:\/\/luchonoticias.com\/editor\/nuevos-espacios-para-ayudar-a-usuarios-del-sisben\/\" \/>\n<meta property=\"article:publisher\" content=\"https:\/\/www.facebook.com\/luchonoticiasneiva\" \/>\n<meta property=\"article:published_time\" content=\"2024-04-15T22:46:01+00:00\" \/>\n<meta property=\"og:image\" content=\"https:\/\/luchonoticias.com\/editor\/wp-content\/uploads\/2024\/04\/sisben.jpg\" \/>\n\t<meta property=\"og:image:width\" content=\"700\" \/>\n\t<meta property=\"og:image:height\" content=\"400\" \/>\n\t<meta property=\"og:image:type\" content=\"image\/jpeg\" \/>\n<meta name=\"author\" content=\"Editor General\" \/>\n<meta name=\"twitter:card\" content=\"summary_large_image\" \/>\n<meta name=\"twitter:label1\" content=\"Escrito por\" \/>\n\t<meta name=\"twitter:data1\" content=\"Editor General\" \/>\n\t<meta name=\"twitter:label2\" content=\"Tiempo de lectura\" \/>\n\t<meta name=\"twitter:data2\" content=\"2 minutos\" \/>\n<script type=\"application\/ld+json\" class=\"yoast-schema-graph\">{\"@context\":\"https:\/\/schema.org\",\"@graph\":[{\"@type\":\"Article\",\"@id\":\"https:\/\/luchonoticias.com\/editor\/nuevos-espacios-para-ayudar-a-usuarios-del-sisben\/#article\",\"isPartOf\":{\"@id\":\"https:\/\/luchonoticias.com\/editor\/nuevos-espacios-para-ayudar-a-usuarios-del-sisben\/\"},\"author\":{\"name\":\"Editor General\",\"@id\":\"https:\/\/luchonoticias.com\/editor\/#\/schema\/person\/29217990ddf6f14e35912b2866d591fb\"},\"headline\":\"Nuevos espacios para ayudar a usuarios del Sisben\",\"datePublished\":\"2024-04-15T22:46:01+00:00\",\"mainEntityOfPage\":{\"@id\":\"https:\/\/luchonoticias.com\/editor\/nuevos-espacios-para-ayudar-a-usuarios-del-sisben\/\"},\"wordCount\":436,\"publisher\":{\"@id\":\"https:\/\/luchonoticias.com\/editor\/#\/schema\/person\/7a7fd911f58561fd056dbac7b55af9cd\"},\"image\":{\"@id\":\"https:\/\/luchonoticias.com\/editor\/nuevos-espacios-para-ayudar-a-usuarios-del-sisben\/#primaryimage\"},\"thumbnailUrl\":\"https:\/\/luchonoticias.com\/editor\/wp-content\/uploads\/2024\/04\/sisben.jpg\",\"articleSection\":[\"Local\"],\"inLanguage\":\"es\"},{\"@type\":\"WebPage\",\"@id\":\"https:\/\/luchonoticias.com\/editor\/nuevos-espacios-para-ayudar-a-usuarios-del-sisben\/\",\"url\":\"https:\/\/luchonoticias.com\/editor\/nuevos-espacios-para-ayudar-a-usuarios-del-sisben\/\",\"name\":\"Nuevos espacios para ayudar a usuarios del Sisben -\",\"isPartOf\":{\"@id\":\"https:\/\/luchonoticias.com\/editor\/#website\"},\"primaryImageOfPage\":{\"@id\":\"https:\/\/luchonoticias.com\/editor\/nuevos-espacios-para-ayudar-a-usuarios-del-sisben\/#primaryimage\"},\"image\":{\"@id\":\"https:\/\/luchonoticias.com\/editor\/nuevos-espacios-para-ayudar-a-usuarios-del-sisben\/#primaryimage\"},\"thumbnailUrl\":\"https:\/\/luchonoticias.com\/editor\/wp-content\/uploads\/2024\/04\/sisben.jpg\",\"datePublished\":\"2024-04-15T22:46:01+00:00\",\"breadcrumb\":{\"@id\":\"https:\/\/luchonoticias.com\/editor\/nuevos-espacios-para-ayudar-a-usuarios-del-sisben\/#breadcrumb\"},\"inLanguage\":\"es\",\"potentialAction\":[{\"@type\":\"ReadAction\",\"target\":[\"https:\/\/luchonoticias.com\/editor\/nuevos-espacios-para-ayudar-a-usuarios-del-sisben\/\"]}]},{\"@type\":\"ImageObject\",\"inLanguage\":\"es\",\"@id\":\"https:\/\/luchonoticias.com\/editor\/nuevos-espacios-para-ayudar-a-usuarios-del-sisben\/#primaryimage\",\"url\":\"https:\/\/luchonoticias.com\/editor\/wp-content\/uploads\/2024\/04\/sisben.jpg\",\"contentUrl\":\"https:\/\/luchonoticias.com\/editor\/wp-content\/uploads\/2024\/04\/sisben.jpg\",\"width\":700,\"height\":400},{\"@type\":\"BreadcrumbList\",\"@id\":\"https:\/\/luchonoticias.com\/editor\/nuevos-espacios-para-ayudar-a-usuarios-del-sisben\/#breadcrumb\",\"itemListElement\":[{\"@type\":\"ListItem\",\"position\":1,\"name\":\"Portada\",\"item\":\"https:\/\/luchonoticias.com\/editor\/\"},{\"@type\":\"ListItem\",\"position\":2,\"name\":\"Nuevos espacios para ayudar a usuarios del Sisben\"}]},{\"@type\":\"WebSite\",\"@id\":\"https:\/\/luchonoticias.com\/editor\/#website\",\"url\":\"https:\/\/luchonoticias.com\/editor\/\",\"name\":\"\",\"description\":\"\",\"publisher\":{\"@id\":\"https:\/\/luchonoticias.com\/editor\/#\/schema\/person\/7a7fd911f58561fd056dbac7b55af9cd\"},\"potentialAction\":[{\"@type\":\"SearchAction\",\"target\":{\"@type\":\"EntryPoint\",\"urlTemplate\":\"https:\/\/luchonoticias.com\/editor\/?s={search_term_string}\"},\"query-input\":{\"@type\":\"PropertyValueSpecification\",\"valueRequired\":true,\"valueName\":\"search_term_string\"}}],\"inLanguage\":\"es\"},{\"@type\":[\"Person\",\"Organization\"],\"@id\":\"https:\/\/luchonoticias.com\/editor\/#\/schema\/person\/7a7fd911f58561fd056dbac7b55af9cd\",\"name\":\"admin\",\"image\":{\"@type\":\"ImageObject\",\"inLanguage\":\"es\",\"@id\":\"https:\/\/luchonoticias.com\/editor\/#\/schema\/person\/image\/\",\"url\":\"https:\/\/luchonoticias.com\/editor\/wp-content\/uploads\/2024\/02\/cropped-cropped-logolu.webp\",\"contentUrl\":\"https:\/\/luchonoticias.com\/editor\/wp-content\/uploads\/2024\/02\/cropped-cropped-logolu.webp\",\"width\":382,\"height\":170,\"caption\":\"admin\"},\"logo\":{\"@id\":\"https:\/\/luchonoticias.com\/editor\/#\/schema\/person\/image\/\"},\"sameAs\":[\"https:\/\/www.facebook.com\/luchonoticiasneiva\"]},{\"@type\":\"Person\",\"@id\":\"https:\/\/luchonoticias.com\/editor\/#\/schema\/person\/29217990ddf6f14e35912b2866d591fb\",\"name\":\"Editor General\",\"image\":{\"@type\":\"ImageObject\",\"inLanguage\":\"es\",\"@id\":\"https:\/\/luchonoticias.com\/editor\/#\/schema\/person\/image\/\",\"url\":\"https:\/\/luchonoticias.com\/editor\/wp-content\/uploads\/2024\/02\/cropped-cropped-logolu-150x150.webp\",\"contentUrl\":\"https:\/\/luchonoticias.com\/editor\/wp-content\/uploads\/2024\/02\/cropped-cropped-logolu-150x150.webp\",\"caption\":\"Editor General\"},\"sameAs\":[\"https:\/\/luchonoticias.com\/\"],\"url\":\"https:\/\/luchonoticias.com\/editor\/author\/editor-general\/\"}]}<\/script>\n<!-- \/ Yoast SEO plugin. -->","yoast_head_json":{"title":"Nuevos espacios para ayudar a usuarios del Sisben -","robots":{"index":"index","follow":"follow","max-snippet":"max-snippet:-1","max-image-preview":"max-image-preview:large","max-video-preview":"max-video-preview:-1"},"canonical":"https:\/\/luchonoticias.com\/editor\/nuevos-espacios-para-ayudar-a-usuarios-del-sisben\/","og_locale":"es_ES","og_type":"article","og_title":"Nuevos espacios para ayudar a usuarios del Sisben -","og_url":"https:\/\/luchonoticias.com\/editor\/nuevos-espacios-para-ayudar-a-usuarios-del-sisben\/","article_publisher":"https:\/\/www.facebook.com\/luchonoticiasneiva","article_published_time":"2024-04-15T22:46:01+00:00","og_image":[{"width":700,"height":400,"url":"https:\/\/luchonoticias.com\/editor\/wp-content\/uploads\/2024\/04\/sisben.jpg","type":"image\/jpeg"}],"author":"Editor General","twitter_card":"summary_large_image","twitter_misc":{"Escrito por":"Editor General","Tiempo de lectura":"2 minutos"},"schema":{"@context":"https:\/\/schema.org","@graph":[{"@type":"Article","@id":"https:\/\/luchonoticias.com\/editor\/nuevos-espacios-para-ayudar-a-usuarios-del-sisben\/#article","isPartOf":{"@id":"https:\/\/luchonoticias.com\/editor\/nuevos-espacios-para-ayudar-a-usuarios-del-sisben\/"},"author":{"name":"Editor General","@id":"https:\/\/luchonoticias.com\/editor\/#\/schema\/person\/29217990ddf6f14e35912b2866d591fb"},"headline":"Nuevos espacios para ayudar a usuarios del Sisben","datePublished":"2024-04-15T22:46:01+00:00","mainEntityOfPage":{"@id":"https:\/\/luchonoticias.com\/editor\/nuevos-espacios-para-ayudar-a-usuarios-del-sisben\/"},"wordCount":436,"publisher":{"@id":"https:\/\/luchonoticias.com\/editor\/#\/schema\/person\/7a7fd911f58561fd056dbac7b55af9cd"},"image":{"@id":"https:\/\/luchonoticias.com\/editor\/nuevos-espacios-para-ayudar-a-usuarios-del-sisben\/#primaryimage"},"thumbnailUrl":"https:\/\/luchonoticias.com\/editor\/wp-content\/uploads\/2024\/04\/sisben.jpg","articleSection":["Local"],"inLanguage":"es"},{"@type":"WebPage","@id":"https:\/\/luchonoticias.com\/editor\/nuevos-espacios-para-ayudar-a-usuarios-del-sisben\/","url":"https:\/\/luchonoticias.com\/editor\/nuevos-espacios-para-ayudar-a-usuarios-del-sisben\/","name":"Nuevos espacios para ayudar a usuarios del Sisben -","isPartOf":{"@id":"https:\/\/luchonoticias.com\/editor\/#website"},"primaryImageOfPage":{"@id":"https:\/\/luchonoticias.com\/editor\/nuevos-espacios-para-ayudar-a-usuarios-del-sisben\/#primaryimage"},"image":{"@id":"https:\/\/luchonoticias.com\/editor\/nuevos-espacios-para-ayudar-a-usuarios-del-sisben\/#primaryimage"},"thumbnailUrl":"https:\/\/luchonoticias.com\/editor\/wp-content\/uploads\/2024\/04\/sisben.jpg","datePublished":"2024-04-15T22:46:01+00:00","breadcrumb":{"@id":"https:\/\/luchonoticias.com\/editor\/nuevos-espacios-para-ayudar-a-usuarios-del-sisben\/#breadcrumb"},"inLanguage":"es","potentialAction":[{"@type":"ReadAction","target":["https:\/\/luchonoticias.com\/editor\/nuevos-espacios-para-ayudar-a-usuarios-del-sisben\/"]}]},{"@type":"ImageObject","inLanguage":"es","@id":"https:\/\/luchonoticias.com\/editor\/nuevos-espacios-para-ayudar-a-usuarios-del-sisben\/#primaryimage","url":"https:\/\/luchonoticias.com\/editor\/wp-content\/uploads\/2024\/04\/sisben.jpg","contentUrl":"https:\/\/luchonoticias.com\/editor\/wp-content\/uploads\/2024\/04\/sisben.jpg","width":700,"height":400},{"@type":"BreadcrumbList","@id":"https:\/\/luchonoticias.com\/editor\/nuevos-espacios-para-ayudar-a-usuarios-del-sisben\/#breadcrumb","itemListElement":[{"@type":"ListItem","position":1,"name":"Portada","item":"https:\/\/luchonoticias.com\/editor\/"},{"@type":"ListItem","position":2,"name":"Nuevos espacios para ayudar a usuarios del Sisben"}]},{"@type":"WebSite","@id":"https:\/\/luchonoticias.com\/editor\/#website","url":"https:\/\/luchonoticias.com\/editor\/","name":"","description":"","publisher":{"@id":"https:\/\/luchonoticias.com\/editor\/#\/schema\/person\/7a7fd911f58561fd056dbac7b55af9cd"},"potentialAction":[{"@type":"SearchAction","target":{"@type":"EntryPoint","urlTemplate":"https:\/\/luchonoticias.com\/editor\/?s={search_term_string}"},"query-input":{"@type":"PropertyValueSpecification","valueRequired":true,"valueName":"search_term_string"}}],"inLanguage":"es"},{"@type":["Person","Organization"],"@id":"https:\/\/luchonoticias.com\/editor\/#\/schema\/person\/7a7fd911f58561fd056dbac7b55af9cd","name":"admin","image":{"@type":"ImageObject","inLanguage":"es","@id":"https:\/\/luchonoticias.com\/editor\/#\/schema\/person\/image\/","url":"https:\/\/luchonoticias.com\/editor\/wp-content\/uploads\/2024\/02\/cropped-cropped-logolu.webp","contentUrl":"https:\/\/luchonoticias.com\/editor\/wp-content\/uploads\/2024\/02\/cropped-cropped-logolu.webp","width":382,"height":170,"caption":"admin"},"logo":{"@id":"https:\/\/luchonoticias.com\/editor\/#\/schema\/person\/image\/"},"sameAs":["https:\/\/www.facebook.com\/luchonoticiasneiva"]},{"@type":"Person","@id":"https:\/\/luchonoticias.com\/editor\/#\/schema\/person\/29217990ddf6f14e35912b2866d591fb","name":"Editor General","image":{"@type":"ImageObject","inLanguage":"es","@id":"https:\/\/luchonoticias.com\/editor\/#\/schema\/person\/image\/","url":"https:\/\/luchonoticias.com\/editor\/wp-content\/uploads\/2024\/02\/cropped-cropped-logolu-150x150.webp","contentUrl":"https:\/\/luchonoticias.com\/editor\/wp-content\/uploads\/2024\/02\/cropped-cropped-logolu-150x150.webp","caption":"Editor General"},"sameAs":["https:\/\/luchonoticias.com\/"],"url":"https:\/\/luchonoticias.com\/editor\/author\/editor-general\/"}]}},"_links":{"self":[{"href":"https:\/\/luchonoticias.com\/editor\/wp-json\/wp\/v2\/posts\/72138","targetHints":{"allow":["GET"]}}],"collection":[{"href":"https:\/\/luchonoticias.com\/editor\/wp-json\/wp\/v2\/posts"}],"about":[{"href":"https:\/\/luchonoticias.com\/editor\/wp-json\/wp\/v2\/types\/post"}],"author":[{"embeddable":true,"href":"https:\/\/luchonoticias.com\/editor\/wp-json\/wp\/v2\/users\/2"}],"replies":[{"embeddable":true,"href":"https:\/\/luchonoticias.com\/editor\/wp-json\/wp\/v2\/comments?post=72138"}],"version-history":[{"count":0,"href":"https:\/\/luchonoticias.com\/editor\/wp-json\/wp\/v2\/posts\/72138\/revisions"}],"wp:featuredmedia":[{"embeddable":true,"href":"https:\/\/luchonoticias.com\/editor\/wp-json\/wp\/v2\/media\/72139"}],"wp:attachment":[{"href":"https:\/\/luchonoticias.com\/editor\/wp-json\/wp\/v2\/media?parent=72138"}],"wp:term":[{"taxonomy":"category","embeddable":true,"href":"https:\/\/luchonoticias.com\/editor\/wp-json\/wp\/v2\/categories?post=72138"},{"taxonomy":"post_tag","embeddable":true,"href":"https:\/\/luchonoticias.com\/editor\/wp-json\/wp\/v2\/tags?post=72138"}],"curies":[{"name":"wp","href":"https:\/\/api.w.org\/{rel}","templated":true}]}}