{"id":72157,"date":"2024-04-16T05:23:52","date_gmt":"2024-04-16T10:23:52","guid":{"rendered":"https:\/\/luchonoticias.com\/?p=72157"},"modified":"2024-04-16T05:23:52","modified_gmt":"2024-04-16T10:23:52","slug":"minagricultura-busca-el-fortalecimiento-de-la-cadena-lechera","status":"publish","type":"post","link":"https:\/\/luchonoticias.com\/editor\/minagricultura-busca-el-fortalecimiento-de-la-cadena-lechera\/","title":{"rendered":"Minagricultura busca el fortalecimiento de la cadena lechera"},"content":{"rendered":"<div>El Ministerio de Agricultura y Desarrollo Rural puso en marcha un paquete de medidas con las que se buscan dar soluci\u00f3n de manera estructural a los retos que enfrenta el sector lechero. Estas acciones tienen que ver con el Sistema Nacional de Reforma Agraria, territorializaci\u00f3n, el catastro multiprop\u00f3sito, ordenamiento productivo, sobreproducci\u00f3n, entre otros.<\/div>\n<div><\/div>\n<div>Una de las herramientas que impulsa el Ministerio de Agricultura y Desarrollo Rural para fomentar el consumo de leche y sus derivados es el programa de Compras P\u00fablicas. A trav\u00e9s de este se busca que cada vez m\u00e1s peque\u00f1os y medianos productores cumplan con los requerimientos de inocuidad para que sean proveedores de esta estrategia, que lleva productos de la agricultura familiar, campesina, comunitaria y \u00e9tnica a consumidores del sector p\u00fablico.<\/div>\n<div><\/div>\n<div>Adicionalmente, ya se activaron instrumentos que promueven las exportaciones y pronto se pondr\u00e1 en marcha una estrategia dirigida a la sustituci\u00f3n de importaciones, en particular de leche en polvo.<\/div>\n<div><\/div>\n<div>Tambi\u00e9n se contempla la renovaci\u00f3n del Plan de Ordenamiento Productivo con un enfoque de reindustrializaci\u00f3n, promocionando la dotaci\u00f3n de infraestructura necesaria en los territorios para transformar el producto primario en otro con valor agregado, con cumplimiento de los requisitos sanitarios y de inocuidad.<\/div>\n<div><\/div>\n<div>Para el Ministerio de Agricultura y Desarrollo Rural es una prioridad la seguridad y soberan\u00eda alimentaria, los procesos de gobernanza desde los territorios y el fortalecimiento de las organizaciones. As\u00ed, celebra la disposici\u00f3n que han manifestado diferentes sectores en relaci\u00f3n a la construcci\u00f3n de soluciones a los retos del sector.<\/div>\n<div><\/div>\n<div>Desde el sector Agricultura se continuar\u00e1 garantizando la participaci\u00f3n directa de los actores de la cadena l\u00e1ctea en cada territorio con sus caracter\u00edsticas particulares. Solo as\u00ed ser\u00e1 posible que Colombia se convierta en una Potencia Agroalimentaria.<\/div>\n","protected":false},"excerpt":{"rendered":"<p>El Ministerio de Agricultura y Desarrollo Rural puso en marcha un paquete de medidas con las que se buscan dar soluci\u00f3n de manera estructural a los retos que enfrenta el sector lechero. Estas acciones tienen que ver con el Sistema Nacional de Reforma Agraria, territorializaci\u00f3n, el catastro multiprop\u00f3sito, ordenamiento productivo, sobreproducci\u00f3n, entre otros. Una de [&hellip;]<\/p>\n","protected":false},"author":2,"featured_media":72158,"comment_status":"closed","ping_status":"open","sticky":false,"template":"","format":"standard","meta":{"footnotes":""},"categories":[28],"tags":[],"class_list":["post-72157","post","type-post","status-publish","format-standard","has-post-thumbnail","hentry","category-actualidad"],"yoast_head":"<!-- This site is optimized with the Yoast SEO plugin v26.6 - https:\/\/yoast.com\/wordpress\/plugins\/seo\/ -->\n<title>Minagricultura busca el fortalecimiento de la cadena lechera -<\/title>\n<meta name=\"robots\" content=\"index, follow, max-snippet:-1, max-image-preview:large, max-video-preview:-1\" \/>\n<link rel=\"canonical\" href=\"https:\/\/luchonoticias.com\/editor\/minagricultura-busca-el-fortalecimiento-de-la-cadena-lechera\/\" \/>\n<meta property=\"og:locale\" content=\"es_ES\" \/>\n<meta property=\"og:type\" content=\"article\" \/>\n<meta property=\"og:title\" content=\"Minagricultura busca el fortalecimiento de la cadena lechera -\" \/>\n<meta property=\"og:url\" content=\"https:\/\/luchonoticias.com\/editor\/minagricultura-busca-el-fortalecimiento-de-la-cadena-lechera\/\" \/>\n<meta property=\"article:publisher\" content=\"https:\/\/www.facebook.com\/luchonoticiasneiva\" \/>\n<meta property=\"article:published_time\" content=\"2024-04-16T10:23:52+00:00\" \/>\n<meta property=\"og:image\" content=\"https:\/\/luchonoticias.com\/editor\/wp-content\/uploads\/2024\/04\/vacas.jpg\" \/>\n\t<meta property=\"og:image:width\" content=\"700\" \/>\n\t<meta property=\"og:image:height\" content=\"400\" \/>\n\t<meta property=\"og:image:type\" content=\"image\/jpeg\" \/>\n<meta name=\"author\" content=\"Editor General\" \/>\n<meta name=\"twitter:card\" content=\"summary_large_image\" \/>\n<meta name=\"twitter:label1\" content=\"Escrito por\" \/>\n\t<meta name=\"twitter:data1\" content=\"Editor General\" \/>\n\t<meta name=\"twitter:label2\" content=\"Tiempo de lectura\" \/>\n\t<meta name=\"twitter:data2\" content=\"2 minutos\" \/>\n<script type=\"application\/ld+json\" class=\"yoast-schema-graph\">{\"@context\":\"https:\/\/schema.org\",\"@graph\":[{\"@type\":\"Article\",\"@id\":\"https:\/\/luchonoticias.com\/editor\/minagricultura-busca-el-fortalecimiento-de-la-cadena-lechera\/#article\",\"isPartOf\":{\"@id\":\"https:\/\/luchonoticias.com\/editor\/minagricultura-busca-el-fortalecimiento-de-la-cadena-lechera\/\"},\"author\":{\"name\":\"Editor General\",\"@id\":\"https:\/\/luchonoticias.com\/editor\/#\/schema\/person\/29217990ddf6f14e35912b2866d591fb\"},\"headline\":\"Minagricultura busca el fortalecimiento de la cadena lechera\",\"datePublished\":\"2024-04-16T10:23:52+00:00\",\"mainEntityOfPage\":{\"@id\":\"https:\/\/luchonoticias.com\/editor\/minagricultura-busca-el-fortalecimiento-de-la-cadena-lechera\/\"},\"wordCount\":311,\"publisher\":{\"@id\":\"https:\/\/luchonoticias.com\/editor\/#\/schema\/person\/7a7fd911f58561fd056dbac7b55af9cd\"},\"image\":{\"@id\":\"https:\/\/luchonoticias.com\/editor\/minagricultura-busca-el-fortalecimiento-de-la-cadena-lechera\/#primaryimage\"},\"thumbnailUrl\":\"https:\/\/luchonoticias.com\/editor\/wp-content\/uploads\/2024\/04\/vacas.jpg\",\"articleSection\":[\"Actualidad\"],\"inLanguage\":\"es\"},{\"@type\":\"WebPage\",\"@id\":\"https:\/\/luchonoticias.com\/editor\/minagricultura-busca-el-fortalecimiento-de-la-cadena-lechera\/\",\"url\":\"https:\/\/luchonoticias.com\/editor\/minagricultura-busca-el-fortalecimiento-de-la-cadena-lechera\/\",\"name\":\"Minagricultura busca el fortalecimiento de la cadena lechera -\",\"isPartOf\":{\"@id\":\"https:\/\/luchonoticias.com\/editor\/#website\"},\"primaryImageOfPage\":{\"@id\":\"https:\/\/luchonoticias.com\/editor\/minagricultura-busca-el-fortalecimiento-de-la-cadena-lechera\/#primaryimage\"},\"image\":{\"@id\":\"https:\/\/luchonoticias.com\/editor\/minagricultura-busca-el-fortalecimiento-de-la-cadena-lechera\/#primaryimage\"},\"thumbnailUrl\":\"https:\/\/luchonoticias.com\/editor\/wp-content\/uploads\/2024\/04\/vacas.jpg\",\"datePublished\":\"2024-04-16T10:23:52+00:00\",\"breadcrumb\":{\"@id\":\"https:\/\/luchonoticias.com\/editor\/minagricultura-busca-el-fortalecimiento-de-la-cadena-lechera\/#breadcrumb\"},\"inLanguage\":\"es\",\"potentialAction\":[{\"@type\":\"ReadAction\",\"target\":[\"https:\/\/luchonoticias.com\/editor\/minagricultura-busca-el-fortalecimiento-de-la-cadena-lechera\/\"]}]},{\"@type\":\"ImageObject\",\"inLanguage\":\"es\",\"@id\":\"https:\/\/luchonoticias.com\/editor\/minagricultura-busca-el-fortalecimiento-de-la-cadena-lechera\/#primaryimage\",\"url\":\"https:\/\/luchonoticias.com\/editor\/wp-content\/uploads\/2024\/04\/vacas.jpg\",\"contentUrl\":\"https:\/\/luchonoticias.com\/editor\/wp-content\/uploads\/2024\/04\/vacas.jpg\",\"width\":700,\"height\":400},{\"@type\":\"BreadcrumbList\",\"@id\":\"https:\/\/luchonoticias.com\/editor\/minagricultura-busca-el-fortalecimiento-de-la-cadena-lechera\/#breadcrumb\",\"itemListElement\":[{\"@type\":\"ListItem\",\"position\":1,\"name\":\"Portada\",\"item\":\"https:\/\/luchonoticias.com\/editor\/\"},{\"@type\":\"ListItem\",\"position\":2,\"name\":\"Minagricultura busca el fortalecimiento de la cadena lechera\"}]},{\"@type\":\"WebSite\",\"@id\":\"https:\/\/luchonoticias.com\/editor\/#website\",\"url\":\"https:\/\/luchonoticias.com\/editor\/\",\"name\":\"\",\"description\":\"\",\"publisher\":{\"@id\":\"https:\/\/luchonoticias.com\/editor\/#\/schema\/person\/7a7fd911f58561fd056dbac7b55af9cd\"},\"potentialAction\":[{\"@type\":\"SearchAction\",\"target\":{\"@type\":\"EntryPoint\",\"urlTemplate\":\"https:\/\/luchonoticias.com\/editor\/?s={search_term_string}\"},\"query-input\":{\"@type\":\"PropertyValueSpecification\",\"valueRequired\":true,\"valueName\":\"search_term_string\"}}],\"inLanguage\":\"es\"},{\"@type\":[\"Person\",\"Organization\"],\"@id\":\"https:\/\/luchonoticias.com\/editor\/#\/schema\/person\/7a7fd911f58561fd056dbac7b55af9cd\",\"name\":\"admin\",\"image\":{\"@type\":\"ImageObject\",\"inLanguage\":\"es\",\"@id\":\"https:\/\/luchonoticias.com\/editor\/#\/schema\/person\/image\/\",\"url\":\"https:\/\/luchonoticias.com\/editor\/wp-content\/uploads\/2024\/02\/cropped-cropped-logolu.webp\",\"contentUrl\":\"https:\/\/luchonoticias.com\/editor\/wp-content\/uploads\/2024\/02\/cropped-cropped-logolu.webp\",\"width\":382,\"height\":170,\"caption\":\"admin\"},\"logo\":{\"@id\":\"https:\/\/luchonoticias.com\/editor\/#\/schema\/person\/image\/\"},\"sameAs\":[\"https:\/\/www.facebook.com\/luchonoticiasneiva\"]},{\"@type\":\"Person\",\"@id\":\"https:\/\/luchonoticias.com\/editor\/#\/schema\/person\/29217990ddf6f14e35912b2866d591fb\",\"name\":\"Editor General\",\"image\":{\"@type\":\"ImageObject\",\"inLanguage\":\"es\",\"@id\":\"https:\/\/luchonoticias.com\/editor\/#\/schema\/person\/image\/\",\"url\":\"https:\/\/luchonoticias.com\/editor\/wp-content\/uploads\/2024\/02\/cropped-cropped-logolu-150x150.webp\",\"contentUrl\":\"https:\/\/luchonoticias.com\/editor\/wp-content\/uploads\/2024\/02\/cropped-cropped-logolu-150x150.webp\",\"caption\":\"Editor General\"},\"sameAs\":[\"https:\/\/luchonoticias.com\/\"],\"url\":\"https:\/\/luchonoticias.com\/editor\/author\/editor-general\/\"}]}<\/script>\n<!-- \/ Yoast SEO plugin. -->","yoast_head_json":{"title":"Minagricultura busca el fortalecimiento de la cadena lechera -","robots":{"index":"index","follow":"follow","max-snippet":"max-snippet:-1","max-image-preview":"max-image-preview:large","max-video-preview":"max-video-preview:-1"},"canonical":"https:\/\/luchonoticias.com\/editor\/minagricultura-busca-el-fortalecimiento-de-la-cadena-lechera\/","og_locale":"es_ES","og_type":"article","og_title":"Minagricultura busca el fortalecimiento de la cadena lechera -","og_url":"https:\/\/luchonoticias.com\/editor\/minagricultura-busca-el-fortalecimiento-de-la-cadena-lechera\/","article_publisher":"https:\/\/www.facebook.com\/luchonoticiasneiva","article_published_time":"2024-04-16T10:23:52+00:00","og_image":[{"width":700,"height":400,"url":"https:\/\/luchonoticias.com\/editor\/wp-content\/uploads\/2024\/04\/vacas.jpg","type":"image\/jpeg"}],"author":"Editor General","twitter_card":"summary_large_image","twitter_misc":{"Escrito por":"Editor General","Tiempo de lectura":"2 minutos"},"schema":{"@context":"https:\/\/schema.org","@graph":[{"@type":"Article","@id":"https:\/\/luchonoticias.com\/editor\/minagricultura-busca-el-fortalecimiento-de-la-cadena-lechera\/#article","isPartOf":{"@id":"https:\/\/luchonoticias.com\/editor\/minagricultura-busca-el-fortalecimiento-de-la-cadena-lechera\/"},"author":{"name":"Editor General","@id":"https:\/\/luchonoticias.com\/editor\/#\/schema\/person\/29217990ddf6f14e35912b2866d591fb"},"headline":"Minagricultura busca el fortalecimiento de la cadena lechera","datePublished":"2024-04-16T10:23:52+00:00","mainEntityOfPage":{"@id":"https:\/\/luchonoticias.com\/editor\/minagricultura-busca-el-fortalecimiento-de-la-cadena-lechera\/"},"wordCount":311,"publisher":{"@id":"https:\/\/luchonoticias.com\/editor\/#\/schema\/person\/7a7fd911f58561fd056dbac7b55af9cd"},"image":{"@id":"https:\/\/luchonoticias.com\/editor\/minagricultura-busca-el-fortalecimiento-de-la-cadena-lechera\/#primaryimage"},"thumbnailUrl":"https:\/\/luchonoticias.com\/editor\/wp-content\/uploads\/2024\/04\/vacas.jpg","articleSection":["Actualidad"],"inLanguage":"es"},{"@type":"WebPage","@id":"https:\/\/luchonoticias.com\/editor\/minagricultura-busca-el-fortalecimiento-de-la-cadena-lechera\/","url":"https:\/\/luchonoticias.com\/editor\/minagricultura-busca-el-fortalecimiento-de-la-cadena-lechera\/","name":"Minagricultura busca el fortalecimiento de la cadena lechera -","isPartOf":{"@id":"https:\/\/luchonoticias.com\/editor\/#website"},"primaryImageOfPage":{"@id":"https:\/\/luchonoticias.com\/editor\/minagricultura-busca-el-fortalecimiento-de-la-cadena-lechera\/#primaryimage"},"image":{"@id":"https:\/\/luchonoticias.com\/editor\/minagricultura-busca-el-fortalecimiento-de-la-cadena-lechera\/#primaryimage"},"thumbnailUrl":"https:\/\/luchonoticias.com\/editor\/wp-content\/uploads\/2024\/04\/vacas.jpg","datePublished":"2024-04-16T10:23:52+00:00","breadcrumb":{"@id":"https:\/\/luchonoticias.com\/editor\/minagricultura-busca-el-fortalecimiento-de-la-cadena-lechera\/#breadcrumb"},"inLanguage":"es","potentialAction":[{"@type":"ReadAction","target":["https:\/\/luchonoticias.com\/editor\/minagricultura-busca-el-fortalecimiento-de-la-cadena-lechera\/"]}]},{"@type":"ImageObject","inLanguage":"es","@id":"https:\/\/luchonoticias.com\/editor\/minagricultura-busca-el-fortalecimiento-de-la-cadena-lechera\/#primaryimage","url":"https:\/\/luchonoticias.com\/editor\/wp-content\/uploads\/2024\/04\/vacas.jpg","contentUrl":"https:\/\/luchonoticias.com\/editor\/wp-content\/uploads\/2024\/04\/vacas.jpg","width":700,"height":400},{"@type":"BreadcrumbList","@id":"https:\/\/luchonoticias.com\/editor\/minagricultura-busca-el-fortalecimiento-de-la-cadena-lechera\/#breadcrumb","itemListElement":[{"@type":"ListItem","position":1,"name":"Portada","item":"https:\/\/luchonoticias.com\/editor\/"},{"@type":"ListItem","position":2,"name":"Minagricultura busca el fortalecimiento de la cadena lechera"}]},{"@type":"WebSite","@id":"https:\/\/luchonoticias.com\/editor\/#website","url":"https:\/\/luchonoticias.com\/editor\/","name":"","description":"","publisher":{"@id":"https:\/\/luchonoticias.com\/editor\/#\/schema\/person\/7a7fd911f58561fd056dbac7b55af9cd"},"potentialAction":[{"@type":"SearchAction","target":{"@type":"EntryPoint","urlTemplate":"https:\/\/luchonoticias.com\/editor\/?s={search_term_string}"},"query-input":{"@type":"PropertyValueSpecification","valueRequired":true,"valueName":"search_term_string"}}],"inLanguage":"es"},{"@type":["Person","Organization"],"@id":"https:\/\/luchonoticias.com\/editor\/#\/schema\/person\/7a7fd911f58561fd056dbac7b55af9cd","name":"admin","image":{"@type":"ImageObject","inLanguage":"es","@id":"https:\/\/luchonoticias.com\/editor\/#\/schema\/person\/image\/","url":"https:\/\/luchonoticias.com\/editor\/wp-content\/uploads\/2024\/02\/cropped-cropped-logolu.webp","contentUrl":"https:\/\/luchonoticias.com\/editor\/wp-content\/uploads\/2024\/02\/cropped-cropped-logolu.webp","width":382,"height":170,"caption":"admin"},"logo":{"@id":"https:\/\/luchonoticias.com\/editor\/#\/schema\/person\/image\/"},"sameAs":["https:\/\/www.facebook.com\/luchonoticiasneiva"]},{"@type":"Person","@id":"https:\/\/luchonoticias.com\/editor\/#\/schema\/person\/29217990ddf6f14e35912b2866d591fb","name":"Editor General","image":{"@type":"ImageObject","inLanguage":"es","@id":"https:\/\/luchonoticias.com\/editor\/#\/schema\/person\/image\/","url":"https:\/\/luchonoticias.com\/editor\/wp-content\/uploads\/2024\/02\/cropped-cropped-logolu-150x150.webp","contentUrl":"https:\/\/luchonoticias.com\/editor\/wp-content\/uploads\/2024\/02\/cropped-cropped-logolu-150x150.webp","caption":"Editor General"},"sameAs":["https:\/\/luchonoticias.com\/"],"url":"https:\/\/luchonoticias.com\/editor\/author\/editor-general\/"}]}},"_links":{"self":[{"href":"https:\/\/luchonoticias.com\/editor\/wp-json\/wp\/v2\/posts\/72157","targetHints":{"allow":["GET"]}}],"collection":[{"href":"https:\/\/luchonoticias.com\/editor\/wp-json\/wp\/v2\/posts"}],"about":[{"href":"https:\/\/luchonoticias.com\/editor\/wp-json\/wp\/v2\/types\/post"}],"author":[{"embeddable":true,"href":"https:\/\/luchonoticias.com\/editor\/wp-json\/wp\/v2\/users\/2"}],"replies":[{"embeddable":true,"href":"https:\/\/luchonoticias.com\/editor\/wp-json\/wp\/v2\/comments?post=72157"}],"version-history":[{"count":0,"href":"https:\/\/luchonoticias.com\/editor\/wp-json\/wp\/v2\/posts\/72157\/revisions"}],"wp:featuredmedia":[{"embeddable":true,"href":"https:\/\/luchonoticias.com\/editor\/wp-json\/wp\/v2\/media\/72158"}],"wp:attachment":[{"href":"https:\/\/luchonoticias.com\/editor\/wp-json\/wp\/v2\/media?parent=72157"}],"wp:term":[{"taxonomy":"category","embeddable":true,"href":"https:\/\/luchonoticias.com\/editor\/wp-json\/wp\/v2\/categories?post=72157"},{"taxonomy":"post_tag","embeddable":true,"href":"https:\/\/luchonoticias.com\/editor\/wp-json\/wp\/v2\/tags?post=72157"}],"curies":[{"name":"wp","href":"https:\/\/api.w.org\/{rel}","templated":true}]}}