{"id":72166,"date":"2024-04-16T11:56:11","date_gmt":"2024-04-16T16:56:11","guid":{"rendered":"https:\/\/luchonoticias.com\/?p=72166"},"modified":"2024-04-16T11:56:11","modified_gmt":"2024-04-16T16:56:11","slug":"instaladas-sesiones-extras-en-el-concejo","status":"publish","type":"post","link":"https:\/\/luchonoticias.com\/editor\/instaladas-sesiones-extras-en-el-concejo\/","title":{"rendered":"Instaladas sesiones extras en el Concejo"},"content":{"rendered":"<p>Con la participaci\u00f3n de los 18 concejales del municipio, se dio por iniciado el periodo de sesiones extraordinarias que comprende 12 d\u00edas calendarios 15,16,17,18,19, 20, 22, 23, 24, 25, 26 y 27 de abril de 2024, en los cuales el alcalde Germ\u00e1n Casagua present\u00f3 los siguientes proyectos para ser revisados, debatidos y discutidos en la Corporaci\u00f3n presidida por el concejal Juan Diego Amaya Palencia:<\/p>\n<p>Para primer debate:<\/p>\n<p>\u2022 Proyecto de acuerdo \u00abPor medio del cual se efect\u00faan unos traslados en el presupuesto de gastos para la vigencia 2024 modificando el anexo al Decreto Municipal 1195 de 2023 \u00abpor medio del cual se liquida el presupuesto general de rentas e ingresos y recursos de capital y gastos e inversiones del municipio de Neiva para la vigencia fiscal del a\u00f1o dos mil veinticuatro (2024) contemplado en el plan de desarrollo \u00abmandato ciudadano territorio de vida y paz 2020-2023\u00bb<br \/>\n\u2022 Proyecto de acuerdo \u00abPor medio del cual se autoriza al alcalde del municipio de Neiva- Huila a construir patrimonios aut\u00f3nomos a trav\u00e9s de contratos de fiducia mercantil transfiriendo dos (2) bienes inmuebles para el desarrollo de proyectos de vivienda de inter\u00e9s social\u00bb<br \/>\n\u2022 Proyecto de acuerdo \u00abPor medio del cual se modifican los art\u00edculos 2,3 y 6 del Acuerdo Municipal No. 004 de 2016 y se dictan otras disposiciones sobre el Consejo Municipal de cultura de Neiva\u00bb<\/p>\n<p>Juan Diego Amaya, concejal de Neiva y presidente de la Corporaci\u00f3n Concejo de Neiva, indic\u00f3, _\u201dhoy dimos inicio a este periodo de sesiones extraordinarias, vamos a debatir 4 proyectos de acuerdo por primera vez, la discusi\u00f3n cobre unos lotes donde se van a desarrollar dos proyectos de vivienda de inter\u00e9s social, un traslado presupuestal que a la comisi\u00f3n de presupuesto y un tema relacionado con la modificaci\u00f3n del Consejo Municipal de Cultura, y el m\u00e1s importante de todos, el m\u00e1s llamativo, el que m\u00e1s va a generar controversia, es una autorizaci\u00f3n que solicita el alcalde para realizar una modernizaci\u00f3n a la estructura de la alcald\u00eda, la estructura central del municipio de Neiva\u2026\u201d<\/p>\n<p>Juan Sebasti\u00e1n Prieto, concejal del municipio y primer vicepresidente de la Corporaci\u00f3n Concejo de Neiva, \u201dvamos a estar muy atentos, a c\u00f3mo la administraci\u00f3n municipal va a presentar estos proyectos, debido al impacto que van a generar directamente a la parte financiera del municipio y por supuesto, permitirle a la administraci\u00f3n estudiar, muy claramente, todo lo que se va a tener en cuenta con una posible reorganizaci\u00f3n administrativa del nivel central\u201d<\/p>\n<p>Camilo Perdomo Arenas, concejal del municipio y segundo vicepresidente, indic\u00f3 que, \u201dcomo lo establece el reglamento interno, vamos a aprobar bajo los dos principios fundamentales, la legalidad y la conveniencia, por supuesto que sean proyectos legales y convenientes para la ciudadan\u00eda, que generen desarrollo para los neivanos y que por supuesto tengan un impacto social importante\u201d<\/p>\n","protected":false},"excerpt":{"rendered":"<p>Con la participaci\u00f3n de los 18 concejales del municipio, se dio por iniciado el periodo de sesiones extraordinarias que comprende 12 d\u00edas calendarios 15,16,17,18,19, 20, 22, 23, 24, 25, 26 y 27 de abril de 2024, en los cuales el alcalde Germ\u00e1n Casagua present\u00f3 los siguientes proyectos para ser revisados, debatidos y discutidos en la [&hellip;]<\/p>\n","protected":false},"author":2,"featured_media":72167,"comment_status":"closed","ping_status":"open","sticky":false,"template":"","format":"standard","meta":{"footnotes":""},"categories":[31],"tags":[],"class_list":["post-72166","post","type-post","status-publish","format-standard","has-post-thumbnail","hentry","category-local"],"yoast_head":"<!-- This site is optimized with the Yoast SEO plugin v26.6 - https:\/\/yoast.com\/wordpress\/plugins\/seo\/ -->\n<title>Instaladas sesiones extras en el Concejo -<\/title>\n<meta name=\"robots\" content=\"index, follow, max-snippet:-1, max-image-preview:large, max-video-preview:-1\" \/>\n<link rel=\"canonical\" href=\"https:\/\/luchonoticias.com\/editor\/instaladas-sesiones-extras-en-el-concejo\/\" \/>\n<meta property=\"og:locale\" content=\"es_ES\" \/>\n<meta property=\"og:type\" content=\"article\" \/>\n<meta property=\"og:title\" content=\"Instaladas sesiones extras en el Concejo -\" \/>\n<meta property=\"og:url\" content=\"https:\/\/luchonoticias.com\/editor\/instaladas-sesiones-extras-en-el-concejo\/\" \/>\n<meta property=\"article:publisher\" content=\"https:\/\/www.facebook.com\/luchonoticiasneiva\" \/>\n<meta property=\"article:published_time\" content=\"2024-04-16T16:56:11+00:00\" \/>\n<meta property=\"og:image\" content=\"https:\/\/luchonoticias.com\/editor\/wp-content\/uploads\/2024\/04\/alcaldia-concejo.jpg\" \/>\n\t<meta property=\"og:image:width\" content=\"700\" \/>\n\t<meta property=\"og:image:height\" content=\"400\" \/>\n\t<meta property=\"og:image:type\" content=\"image\/jpeg\" \/>\n<meta name=\"author\" content=\"Editor General\" \/>\n<meta name=\"twitter:card\" content=\"summary_large_image\" \/>\n<meta name=\"twitter:label1\" content=\"Escrito por\" \/>\n\t<meta name=\"twitter:data1\" content=\"Editor General\" \/>\n\t<meta name=\"twitter:label2\" content=\"Tiempo de lectura\" \/>\n\t<meta name=\"twitter:data2\" content=\"2 minutos\" \/>\n<script type=\"application\/ld+json\" class=\"yoast-schema-graph\">{\"@context\":\"https:\/\/schema.org\",\"@graph\":[{\"@type\":\"Article\",\"@id\":\"https:\/\/luchonoticias.com\/editor\/instaladas-sesiones-extras-en-el-concejo\/#article\",\"isPartOf\":{\"@id\":\"https:\/\/luchonoticias.com\/editor\/instaladas-sesiones-extras-en-el-concejo\/\"},\"author\":{\"name\":\"Editor General\",\"@id\":\"https:\/\/luchonoticias.com\/editor\/#\/schema\/person\/29217990ddf6f14e35912b2866d591fb\"},\"headline\":\"Instaladas sesiones extras en el Concejo\",\"datePublished\":\"2024-04-16T16:56:11+00:00\",\"mainEntityOfPage\":{\"@id\":\"https:\/\/luchonoticias.com\/editor\/instaladas-sesiones-extras-en-el-concejo\/\"},\"wordCount\":473,\"publisher\":{\"@id\":\"https:\/\/luchonoticias.com\/editor\/#\/schema\/person\/7a7fd911f58561fd056dbac7b55af9cd\"},\"image\":{\"@id\":\"https:\/\/luchonoticias.com\/editor\/instaladas-sesiones-extras-en-el-concejo\/#primaryimage\"},\"thumbnailUrl\":\"https:\/\/luchonoticias.com\/editor\/wp-content\/uploads\/2024\/04\/alcaldia-concejo.jpg\",\"articleSection\":[\"Local\"],\"inLanguage\":\"es\"},{\"@type\":\"WebPage\",\"@id\":\"https:\/\/luchonoticias.com\/editor\/instaladas-sesiones-extras-en-el-concejo\/\",\"url\":\"https:\/\/luchonoticias.com\/editor\/instaladas-sesiones-extras-en-el-concejo\/\",\"name\":\"Instaladas sesiones extras en el Concejo -\",\"isPartOf\":{\"@id\":\"https:\/\/luchonoticias.com\/editor\/#website\"},\"primaryImageOfPage\":{\"@id\":\"https:\/\/luchonoticias.com\/editor\/instaladas-sesiones-extras-en-el-concejo\/#primaryimage\"},\"image\":{\"@id\":\"https:\/\/luchonoticias.com\/editor\/instaladas-sesiones-extras-en-el-concejo\/#primaryimage\"},\"thumbnailUrl\":\"https:\/\/luchonoticias.com\/editor\/wp-content\/uploads\/2024\/04\/alcaldia-concejo.jpg\",\"datePublished\":\"2024-04-16T16:56:11+00:00\",\"breadcrumb\":{\"@id\":\"https:\/\/luchonoticias.com\/editor\/instaladas-sesiones-extras-en-el-concejo\/#breadcrumb\"},\"inLanguage\":\"es\",\"potentialAction\":[{\"@type\":\"ReadAction\",\"target\":[\"https:\/\/luchonoticias.com\/editor\/instaladas-sesiones-extras-en-el-concejo\/\"]}]},{\"@type\":\"ImageObject\",\"inLanguage\":\"es\",\"@id\":\"https:\/\/luchonoticias.com\/editor\/instaladas-sesiones-extras-en-el-concejo\/#primaryimage\",\"url\":\"https:\/\/luchonoticias.com\/editor\/wp-content\/uploads\/2024\/04\/alcaldia-concejo.jpg\",\"contentUrl\":\"https:\/\/luchonoticias.com\/editor\/wp-content\/uploads\/2024\/04\/alcaldia-concejo.jpg\",\"width\":700,\"height\":400},{\"@type\":\"BreadcrumbList\",\"@id\":\"https:\/\/luchonoticias.com\/editor\/instaladas-sesiones-extras-en-el-concejo\/#breadcrumb\",\"itemListElement\":[{\"@type\":\"ListItem\",\"position\":1,\"name\":\"Portada\",\"item\":\"https:\/\/luchonoticias.com\/editor\/\"},{\"@type\":\"ListItem\",\"position\":2,\"name\":\"Instaladas sesiones extras en el Concejo\"}]},{\"@type\":\"WebSite\",\"@id\":\"https:\/\/luchonoticias.com\/editor\/#website\",\"url\":\"https:\/\/luchonoticias.com\/editor\/\",\"name\":\"\",\"description\":\"\",\"publisher\":{\"@id\":\"https:\/\/luchonoticias.com\/editor\/#\/schema\/person\/7a7fd911f58561fd056dbac7b55af9cd\"},\"potentialAction\":[{\"@type\":\"SearchAction\",\"target\":{\"@type\":\"EntryPoint\",\"urlTemplate\":\"https:\/\/luchonoticias.com\/editor\/?s={search_term_string}\"},\"query-input\":{\"@type\":\"PropertyValueSpecification\",\"valueRequired\":true,\"valueName\":\"search_term_string\"}}],\"inLanguage\":\"es\"},{\"@type\":[\"Person\",\"Organization\"],\"@id\":\"https:\/\/luchonoticias.com\/editor\/#\/schema\/person\/7a7fd911f58561fd056dbac7b55af9cd\",\"name\":\"admin\",\"image\":{\"@type\":\"ImageObject\",\"inLanguage\":\"es\",\"@id\":\"https:\/\/luchonoticias.com\/editor\/#\/schema\/person\/image\/\",\"url\":\"https:\/\/luchonoticias.com\/editor\/wp-content\/uploads\/2024\/02\/cropped-cropped-logolu.webp\",\"contentUrl\":\"https:\/\/luchonoticias.com\/editor\/wp-content\/uploads\/2024\/02\/cropped-cropped-logolu.webp\",\"width\":382,\"height\":170,\"caption\":\"admin\"},\"logo\":{\"@id\":\"https:\/\/luchonoticias.com\/editor\/#\/schema\/person\/image\/\"},\"sameAs\":[\"https:\/\/www.facebook.com\/luchonoticiasneiva\"]},{\"@type\":\"Person\",\"@id\":\"https:\/\/luchonoticias.com\/editor\/#\/schema\/person\/29217990ddf6f14e35912b2866d591fb\",\"name\":\"Editor General\",\"image\":{\"@type\":\"ImageObject\",\"inLanguage\":\"es\",\"@id\":\"https:\/\/luchonoticias.com\/editor\/#\/schema\/person\/image\/\",\"url\":\"https:\/\/luchonoticias.com\/editor\/wp-content\/uploads\/2024\/02\/cropped-cropped-logolu-150x150.webp\",\"contentUrl\":\"https:\/\/luchonoticias.com\/editor\/wp-content\/uploads\/2024\/02\/cropped-cropped-logolu-150x150.webp\",\"caption\":\"Editor General\"},\"sameAs\":[\"https:\/\/luchonoticias.com\/\"],\"url\":\"https:\/\/luchonoticias.com\/editor\/author\/editor-general\/\"}]}<\/script>\n<!-- \/ Yoast SEO plugin. -->","yoast_head_json":{"title":"Instaladas sesiones extras en el Concejo -","robots":{"index":"index","follow":"follow","max-snippet":"max-snippet:-1","max-image-preview":"max-image-preview:large","max-video-preview":"max-video-preview:-1"},"canonical":"https:\/\/luchonoticias.com\/editor\/instaladas-sesiones-extras-en-el-concejo\/","og_locale":"es_ES","og_type":"article","og_title":"Instaladas sesiones extras en el Concejo -","og_url":"https:\/\/luchonoticias.com\/editor\/instaladas-sesiones-extras-en-el-concejo\/","article_publisher":"https:\/\/www.facebook.com\/luchonoticiasneiva","article_published_time":"2024-04-16T16:56:11+00:00","og_image":[{"width":700,"height":400,"url":"https:\/\/luchonoticias.com\/editor\/wp-content\/uploads\/2024\/04\/alcaldia-concejo.jpg","type":"image\/jpeg"}],"author":"Editor General","twitter_card":"summary_large_image","twitter_misc":{"Escrito por":"Editor General","Tiempo de lectura":"2 minutos"},"schema":{"@context":"https:\/\/schema.org","@graph":[{"@type":"Article","@id":"https:\/\/luchonoticias.com\/editor\/instaladas-sesiones-extras-en-el-concejo\/#article","isPartOf":{"@id":"https:\/\/luchonoticias.com\/editor\/instaladas-sesiones-extras-en-el-concejo\/"},"author":{"name":"Editor General","@id":"https:\/\/luchonoticias.com\/editor\/#\/schema\/person\/29217990ddf6f14e35912b2866d591fb"},"headline":"Instaladas sesiones extras en el Concejo","datePublished":"2024-04-16T16:56:11+00:00","mainEntityOfPage":{"@id":"https:\/\/luchonoticias.com\/editor\/instaladas-sesiones-extras-en-el-concejo\/"},"wordCount":473,"publisher":{"@id":"https:\/\/luchonoticias.com\/editor\/#\/schema\/person\/7a7fd911f58561fd056dbac7b55af9cd"},"image":{"@id":"https:\/\/luchonoticias.com\/editor\/instaladas-sesiones-extras-en-el-concejo\/#primaryimage"},"thumbnailUrl":"https:\/\/luchonoticias.com\/editor\/wp-content\/uploads\/2024\/04\/alcaldia-concejo.jpg","articleSection":["Local"],"inLanguage":"es"},{"@type":"WebPage","@id":"https:\/\/luchonoticias.com\/editor\/instaladas-sesiones-extras-en-el-concejo\/","url":"https:\/\/luchonoticias.com\/editor\/instaladas-sesiones-extras-en-el-concejo\/","name":"Instaladas sesiones extras en el Concejo -","isPartOf":{"@id":"https:\/\/luchonoticias.com\/editor\/#website"},"primaryImageOfPage":{"@id":"https:\/\/luchonoticias.com\/editor\/instaladas-sesiones-extras-en-el-concejo\/#primaryimage"},"image":{"@id":"https:\/\/luchonoticias.com\/editor\/instaladas-sesiones-extras-en-el-concejo\/#primaryimage"},"thumbnailUrl":"https:\/\/luchonoticias.com\/editor\/wp-content\/uploads\/2024\/04\/alcaldia-concejo.jpg","datePublished":"2024-04-16T16:56:11+00:00","breadcrumb":{"@id":"https:\/\/luchonoticias.com\/editor\/instaladas-sesiones-extras-en-el-concejo\/#breadcrumb"},"inLanguage":"es","potentialAction":[{"@type":"ReadAction","target":["https:\/\/luchonoticias.com\/editor\/instaladas-sesiones-extras-en-el-concejo\/"]}]},{"@type":"ImageObject","inLanguage":"es","@id":"https:\/\/luchonoticias.com\/editor\/instaladas-sesiones-extras-en-el-concejo\/#primaryimage","url":"https:\/\/luchonoticias.com\/editor\/wp-content\/uploads\/2024\/04\/alcaldia-concejo.jpg","contentUrl":"https:\/\/luchonoticias.com\/editor\/wp-content\/uploads\/2024\/04\/alcaldia-concejo.jpg","width":700,"height":400},{"@type":"BreadcrumbList","@id":"https:\/\/luchonoticias.com\/editor\/instaladas-sesiones-extras-en-el-concejo\/#breadcrumb","itemListElement":[{"@type":"ListItem","position":1,"name":"Portada","item":"https:\/\/luchonoticias.com\/editor\/"},{"@type":"ListItem","position":2,"name":"Instaladas sesiones extras en el Concejo"}]},{"@type":"WebSite","@id":"https:\/\/luchonoticias.com\/editor\/#website","url":"https:\/\/luchonoticias.com\/editor\/","name":"","description":"","publisher":{"@id":"https:\/\/luchonoticias.com\/editor\/#\/schema\/person\/7a7fd911f58561fd056dbac7b55af9cd"},"potentialAction":[{"@type":"SearchAction","target":{"@type":"EntryPoint","urlTemplate":"https:\/\/luchonoticias.com\/editor\/?s={search_term_string}"},"query-input":{"@type":"PropertyValueSpecification","valueRequired":true,"valueName":"search_term_string"}}],"inLanguage":"es"},{"@type":["Person","Organization"],"@id":"https:\/\/luchonoticias.com\/editor\/#\/schema\/person\/7a7fd911f58561fd056dbac7b55af9cd","name":"admin","image":{"@type":"ImageObject","inLanguage":"es","@id":"https:\/\/luchonoticias.com\/editor\/#\/schema\/person\/image\/","url":"https:\/\/luchonoticias.com\/editor\/wp-content\/uploads\/2024\/02\/cropped-cropped-logolu.webp","contentUrl":"https:\/\/luchonoticias.com\/editor\/wp-content\/uploads\/2024\/02\/cropped-cropped-logolu.webp","width":382,"height":170,"caption":"admin"},"logo":{"@id":"https:\/\/luchonoticias.com\/editor\/#\/schema\/person\/image\/"},"sameAs":["https:\/\/www.facebook.com\/luchonoticiasneiva"]},{"@type":"Person","@id":"https:\/\/luchonoticias.com\/editor\/#\/schema\/person\/29217990ddf6f14e35912b2866d591fb","name":"Editor General","image":{"@type":"ImageObject","inLanguage":"es","@id":"https:\/\/luchonoticias.com\/editor\/#\/schema\/person\/image\/","url":"https:\/\/luchonoticias.com\/editor\/wp-content\/uploads\/2024\/02\/cropped-cropped-logolu-150x150.webp","contentUrl":"https:\/\/luchonoticias.com\/editor\/wp-content\/uploads\/2024\/02\/cropped-cropped-logolu-150x150.webp","caption":"Editor General"},"sameAs":["https:\/\/luchonoticias.com\/"],"url":"https:\/\/luchonoticias.com\/editor\/author\/editor-general\/"}]}},"_links":{"self":[{"href":"https:\/\/luchonoticias.com\/editor\/wp-json\/wp\/v2\/posts\/72166","targetHints":{"allow":["GET"]}}],"collection":[{"href":"https:\/\/luchonoticias.com\/editor\/wp-json\/wp\/v2\/posts"}],"about":[{"href":"https:\/\/luchonoticias.com\/editor\/wp-json\/wp\/v2\/types\/post"}],"author":[{"embeddable":true,"href":"https:\/\/luchonoticias.com\/editor\/wp-json\/wp\/v2\/users\/2"}],"replies":[{"embeddable":true,"href":"https:\/\/luchonoticias.com\/editor\/wp-json\/wp\/v2\/comments?post=72166"}],"version-history":[{"count":0,"href":"https:\/\/luchonoticias.com\/editor\/wp-json\/wp\/v2\/posts\/72166\/revisions"}],"wp:featuredmedia":[{"embeddable":true,"href":"https:\/\/luchonoticias.com\/editor\/wp-json\/wp\/v2\/media\/72167"}],"wp:attachment":[{"href":"https:\/\/luchonoticias.com\/editor\/wp-json\/wp\/v2\/media?parent=72166"}],"wp:term":[{"taxonomy":"category","embeddable":true,"href":"https:\/\/luchonoticias.com\/editor\/wp-json\/wp\/v2\/categories?post=72166"},{"taxonomy":"post_tag","embeddable":true,"href":"https:\/\/luchonoticias.com\/editor\/wp-json\/wp\/v2\/tags?post=72166"}],"curies":[{"name":"wp","href":"https:\/\/api.w.org\/{rel}","templated":true}]}}