{"id":72169,"date":"2024-04-16T17:11:09","date_gmt":"2024-04-16T22:11:09","guid":{"rendered":"https:\/\/luchonoticias.com\/?p=72169"},"modified":"2024-04-16T17:11:09","modified_gmt":"2024-04-16T22:11:09","slug":"cam-presento-su-plan-de-accion-para-el-presente-cuatrienio","status":"publish","type":"post","link":"https:\/\/luchonoticias.com\/editor\/cam-presento-su-plan-de-accion-para-el-presente-cuatrienio\/","title":{"rendered":"CAM present\u00f3 su plan de acci\u00f3n para el presente cuatrienio"},"content":{"rendered":"<p style=\"font-weight: 400;\">Ante representantes de los diferentes sectores p\u00fablicos y privados, organizaciones no gubernamentales, veedur\u00edas ciudadanas, comunidad en general y entes de control, la Corporaci\u00f3n Aut\u00f3noma Regional del Alto Magdalena-CAM realiz\u00f3 la audiencia p\u00fablica de presentaci\u00f3n del proyecto de Plan de Acci\u00f3n Institucional 2024 &#8211; 2027.<\/p>\n<p style=\"font-weight: 400;\">El Director General de la CAM, Camilo Augusto Agudelo Perdomo, dio a conocer la hoja de ruta de lo que ser\u00e1 el nuevo Plan de Acci\u00f3n, as\u00ed como tambi\u00e9n los ocho grandes programas y 15 proyectos de impactos que est\u00e1n enmarcados en indicadores de gesti\u00f3n que permiten asegurar su cumplimiento.<\/p>\n<p style=\"font-weight: 400;\">\u00a0\u201cPresentamos un primer documento que ya tenemos estructurado que es la estrategia de gesti\u00f3n de la corporaci\u00f3n para los pr\u00f3ximos cuatro a\u00f1os frente a quienes han estado en todo este ejercicio de construcci\u00f3n del plan de Acci\u00f3n Institucional\u201d, explic\u00f3 Camilo Agudelo.<\/p>\n<p style=\"font-weight: 400;\">El representante de la autoridad ambiental del Huila asegur\u00f3 que han surgido nuevas situaciones como la crisis del recurso h\u00eddrico, por eso se van a recoger las observaciones \u00a0y propuestas de quienes participaron en la Audiencia para seguir consolidando el Plan de Acci\u00f3n.<\/p>\n<p style=\"font-weight: 400;\">\u201cHemos contado con la participaci\u00f3n de 200 personas de distintos sectores, quienes nos traen sus necesidades fortalecer, por ejemplo el trabajo en apicultura, los polinizadores nativos, los ejercicios de restauraci\u00f3n y recuperaci\u00f3n de ecosistemas, los Negocios Verdes, las reservas naturales de la sociedad civil, entre otros. Ha sido muy valioso este ejercicio porque con eso seguimos construyendo el Plan de Acci\u00f3n donde todos nos veremos reflejados\u201d, destac\u00f3 Agudelo Perdomo.<\/p>\n<p style=\"font-weight: 400;\"><strong>\u00a0<\/strong><\/p>\n<p style=\"font-weight: 400;\"><strong>El Plan de Acci\u00f3n<\/strong><\/p>\n<p style=\"font-weight: 400;\">El Plan de Acci\u00f3n de la CAM lo conforman seis programas, entre ellos: Fortalecimiento del desempe\u00f1o ambiental de los sectores productivos, \u00a0Conservaci\u00f3n de la biodiversidad y sus servicios ecosist\u00e9micos, Gesti\u00f3n integral del recurso h\u00eddrico, Gesti\u00f3n de la informaci\u00f3n y el conocimiento ambiental, Ordenamiento ambiental territorial, Gesti\u00f3n del cambio clim\u00e1tico para un desarrollo bajo en carbono y resiliente al clima,\u00a0 Educaci\u00f3n ambiental, y fortalecimiento de la gesti\u00f3n y direcci\u00f3n del sector ambiente y desarrollo sostenible.<\/p>\n<p style=\"font-weight: 400;\">\n<p style=\"font-weight: 400;\"><strong>Los programas<\/strong><\/p>\n<p style=\"font-weight: 400;\">A su vez el Plan de Acci\u00f3n est\u00e1 integrado por 15 proyectos como: Sectores productivos sostenibles Fortalecimiento de los negocios verdes y el consumo sostenible; Conservaci\u00f3n y protecci\u00f3n de \u00e1reas protegidas y ecosistemas estrat\u00e9gicos; Conocimiento y monitoreo de las especies de flora y fauna; Administraci\u00f3n del recurso h\u00eddrico; Protecci\u00f3n y conservaci\u00f3n de cuencas abastecedoras; Descontaminaci\u00f3n de fuentes h\u00eddricas; Gesti\u00f3n del conocimiento; Planificaci\u00f3n territorial y ambiental para un desarrollo sostenible; Conocimiento y gesti\u00f3n del riesgo de desastres naturales; Ordenamiento y gesti\u00f3n ambiental con comunidades ind\u00edgenas; Huila territorio clim\u00e1ticamente inteligente, Educaci\u00f3n ambiental; Fortalecimiento institucional; y Control a la correcta utilizaci\u00f3n de los recursos naturales renovables.<\/p>\n<p style=\"font-weight: 400;\"><strong>\u00a0<\/strong><\/p>\n<p style=\"font-weight: 400;\">Esta carta de navegaci\u00f3n incluye medidas prioritarias como la conservaci\u00f3n de \u00e1reas protegidas, la implementaci\u00f3n de pr\u00e1cticas sostenibles, el monitoreo de la biodiversidad, la protecci\u00f3n del recurso h\u00eddrico, el ordenamiento del territorio alrededor del agua, la promoci\u00f3n de la educaci\u00f3n ambiental entre otras l\u00edneas estrat\u00e9gicas que vinculan a todas las comunidades del Huila.<\/p>\n<p style=\"font-weight: 400;\">\u00abTodos estas acciones son fundamentales para garantizar\u00a0 una regi\u00f3n pr\u00f3spera y sostenible; sin embargo, este plan s\u00f3lo puede tener \u00e9xito si cuenta con la participaci\u00f3n activa y el trabajo articulado de todos los huilenses\u00bb, asegur\u00f3 el Director General de la CAM.<\/p>\n<p style=\"font-weight: 400;\">Es por eso que para finalizar la formulaci\u00f3n de este Plan de Acci\u00f3n, la CAM ha dispuesto este documento en su p\u00e1gina web, para que durante un mes, los huilenses, a trav\u00e9s de los medios virtuales, env\u00ede sugerencias, observaciones y propuestas de proyectos que permitan avanzar conjuntamente en atender esas necesidades ambientales, enfrentar retos y aprovechar las oportunidades de gesti\u00f3n ambiental en el Huila.<\/p>\n","protected":false},"excerpt":{"rendered":"<p>Ante representantes de los diferentes sectores p\u00fablicos y privados, organizaciones no gubernamentales, veedur\u00edas ciudadanas, comunidad en general y entes de control, la Corporaci\u00f3n Aut\u00f3noma Regional del Alto Magdalena-CAM realiz\u00f3 la audiencia p\u00fablica de presentaci\u00f3n del proyecto de Plan de Acci\u00f3n Institucional 2024 &#8211; 2027. El Director General de la CAM, Camilo Augusto Agudelo Perdomo, dio [&hellip;]<\/p>\n","protected":false},"author":2,"featured_media":72170,"comment_status":"closed","ping_status":"open","sticky":false,"template":"","format":"standard","meta":{"footnotes":""},"categories":[33],"tags":[],"class_list":["post-72169","post","type-post","status-publish","format-standard","has-post-thumbnail","hentry","category-huila"],"yoast_head":"<!-- This site is optimized with the Yoast SEO plugin v26.6 - https:\/\/yoast.com\/wordpress\/plugins\/seo\/ -->\n<title>CAM present\u00f3 su plan de acci\u00f3n para el presente cuatrienio -<\/title>\n<meta name=\"robots\" content=\"index, follow, max-snippet:-1, max-image-preview:large, max-video-preview:-1\" \/>\n<link rel=\"canonical\" href=\"https:\/\/luchonoticias.com\/editor\/cam-presento-su-plan-de-accion-para-el-presente-cuatrienio\/\" \/>\n<meta property=\"og:locale\" content=\"es_ES\" \/>\n<meta property=\"og:type\" content=\"article\" \/>\n<meta property=\"og:title\" content=\"CAM present\u00f3 su plan de acci\u00f3n para el presente cuatrienio -\" \/>\n<meta property=\"og:url\" content=\"https:\/\/luchonoticias.com\/editor\/cam-presento-su-plan-de-accion-para-el-presente-cuatrienio\/\" \/>\n<meta property=\"article:publisher\" content=\"https:\/\/www.facebook.com\/luchonoticiasneiva\" \/>\n<meta property=\"article:published_time\" content=\"2024-04-16T22:11:09+00:00\" \/>\n<meta property=\"og:image\" content=\"https:\/\/luchonoticias.com\/editor\/wp-content\/uploads\/2024\/04\/CAM-PLAN-DE-ACCION.jpg\" \/>\n\t<meta property=\"og:image:width\" content=\"700\" \/>\n\t<meta property=\"og:image:height\" content=\"400\" \/>\n\t<meta property=\"og:image:type\" content=\"image\/jpeg\" \/>\n<meta name=\"author\" content=\"Editor General\" \/>\n<meta name=\"twitter:card\" content=\"summary_large_image\" \/>\n<meta name=\"twitter:label1\" content=\"Escrito por\" \/>\n\t<meta name=\"twitter:data1\" content=\"Editor General\" \/>\n\t<meta name=\"twitter:label2\" content=\"Tiempo de lectura\" \/>\n\t<meta name=\"twitter:data2\" content=\"3 minutos\" \/>\n<script type=\"application\/ld+json\" class=\"yoast-schema-graph\">{\"@context\":\"https:\/\/schema.org\",\"@graph\":[{\"@type\":\"Article\",\"@id\":\"https:\/\/luchonoticias.com\/editor\/cam-presento-su-plan-de-accion-para-el-presente-cuatrienio\/#article\",\"isPartOf\":{\"@id\":\"https:\/\/luchonoticias.com\/editor\/cam-presento-su-plan-de-accion-para-el-presente-cuatrienio\/\"},\"author\":{\"name\":\"Editor General\",\"@id\":\"https:\/\/luchonoticias.com\/editor\/#\/schema\/person\/29217990ddf6f14e35912b2866d591fb\"},\"headline\":\"CAM present\u00f3 su plan de acci\u00f3n para el presente cuatrienio\",\"datePublished\":\"2024-04-16T22:11:09+00:00\",\"mainEntityOfPage\":{\"@id\":\"https:\/\/luchonoticias.com\/editor\/cam-presento-su-plan-de-accion-para-el-presente-cuatrienio\/\"},\"wordCount\":669,\"publisher\":{\"@id\":\"https:\/\/luchonoticias.com\/editor\/#\/schema\/person\/7a7fd911f58561fd056dbac7b55af9cd\"},\"image\":{\"@id\":\"https:\/\/luchonoticias.com\/editor\/cam-presento-su-plan-de-accion-para-el-presente-cuatrienio\/#primaryimage\"},\"thumbnailUrl\":\"https:\/\/luchonoticias.com\/editor\/wp-content\/uploads\/2024\/04\/CAM-PLAN-DE-ACCION.jpg\",\"articleSection\":[\"Huila\"],\"inLanguage\":\"es\"},{\"@type\":\"WebPage\",\"@id\":\"https:\/\/luchonoticias.com\/editor\/cam-presento-su-plan-de-accion-para-el-presente-cuatrienio\/\",\"url\":\"https:\/\/luchonoticias.com\/editor\/cam-presento-su-plan-de-accion-para-el-presente-cuatrienio\/\",\"name\":\"CAM present\u00f3 su plan de acci\u00f3n para el presente cuatrienio -\",\"isPartOf\":{\"@id\":\"https:\/\/luchonoticias.com\/editor\/#website\"},\"primaryImageOfPage\":{\"@id\":\"https:\/\/luchonoticias.com\/editor\/cam-presento-su-plan-de-accion-para-el-presente-cuatrienio\/#primaryimage\"},\"image\":{\"@id\":\"https:\/\/luchonoticias.com\/editor\/cam-presento-su-plan-de-accion-para-el-presente-cuatrienio\/#primaryimage\"},\"thumbnailUrl\":\"https:\/\/luchonoticias.com\/editor\/wp-content\/uploads\/2024\/04\/CAM-PLAN-DE-ACCION.jpg\",\"datePublished\":\"2024-04-16T22:11:09+00:00\",\"breadcrumb\":{\"@id\":\"https:\/\/luchonoticias.com\/editor\/cam-presento-su-plan-de-accion-para-el-presente-cuatrienio\/#breadcrumb\"},\"inLanguage\":\"es\",\"potentialAction\":[{\"@type\":\"ReadAction\",\"target\":[\"https:\/\/luchonoticias.com\/editor\/cam-presento-su-plan-de-accion-para-el-presente-cuatrienio\/\"]}]},{\"@type\":\"ImageObject\",\"inLanguage\":\"es\",\"@id\":\"https:\/\/luchonoticias.com\/editor\/cam-presento-su-plan-de-accion-para-el-presente-cuatrienio\/#primaryimage\",\"url\":\"https:\/\/luchonoticias.com\/editor\/wp-content\/uploads\/2024\/04\/CAM-PLAN-DE-ACCION.jpg\",\"contentUrl\":\"https:\/\/luchonoticias.com\/editor\/wp-content\/uploads\/2024\/04\/CAM-PLAN-DE-ACCION.jpg\",\"width\":700,\"height\":400},{\"@type\":\"BreadcrumbList\",\"@id\":\"https:\/\/luchonoticias.com\/editor\/cam-presento-su-plan-de-accion-para-el-presente-cuatrienio\/#breadcrumb\",\"itemListElement\":[{\"@type\":\"ListItem\",\"position\":1,\"name\":\"Portada\",\"item\":\"https:\/\/luchonoticias.com\/editor\/\"},{\"@type\":\"ListItem\",\"position\":2,\"name\":\"CAM present\u00f3 su plan de acci\u00f3n para el presente cuatrienio\"}]},{\"@type\":\"WebSite\",\"@id\":\"https:\/\/luchonoticias.com\/editor\/#website\",\"url\":\"https:\/\/luchonoticias.com\/editor\/\",\"name\":\"\",\"description\":\"\",\"publisher\":{\"@id\":\"https:\/\/luchonoticias.com\/editor\/#\/schema\/person\/7a7fd911f58561fd056dbac7b55af9cd\"},\"potentialAction\":[{\"@type\":\"SearchAction\",\"target\":{\"@type\":\"EntryPoint\",\"urlTemplate\":\"https:\/\/luchonoticias.com\/editor\/?s={search_term_string}\"},\"query-input\":{\"@type\":\"PropertyValueSpecification\",\"valueRequired\":true,\"valueName\":\"search_term_string\"}}],\"inLanguage\":\"es\"},{\"@type\":[\"Person\",\"Organization\"],\"@id\":\"https:\/\/luchonoticias.com\/editor\/#\/schema\/person\/7a7fd911f58561fd056dbac7b55af9cd\",\"name\":\"admin\",\"image\":{\"@type\":\"ImageObject\",\"inLanguage\":\"es\",\"@id\":\"https:\/\/luchonoticias.com\/editor\/#\/schema\/person\/image\/\",\"url\":\"https:\/\/luchonoticias.com\/editor\/wp-content\/uploads\/2024\/02\/cropped-cropped-logolu.webp\",\"contentUrl\":\"https:\/\/luchonoticias.com\/editor\/wp-content\/uploads\/2024\/02\/cropped-cropped-logolu.webp\",\"width\":382,\"height\":170,\"caption\":\"admin\"},\"logo\":{\"@id\":\"https:\/\/luchonoticias.com\/editor\/#\/schema\/person\/image\/\"},\"sameAs\":[\"https:\/\/www.facebook.com\/luchonoticiasneiva\"]},{\"@type\":\"Person\",\"@id\":\"https:\/\/luchonoticias.com\/editor\/#\/schema\/person\/29217990ddf6f14e35912b2866d591fb\",\"name\":\"Editor General\",\"image\":{\"@type\":\"ImageObject\",\"inLanguage\":\"es\",\"@id\":\"https:\/\/luchonoticias.com\/editor\/#\/schema\/person\/image\/\",\"url\":\"https:\/\/luchonoticias.com\/editor\/wp-content\/uploads\/2024\/02\/cropped-cropped-logolu-150x150.webp\",\"contentUrl\":\"https:\/\/luchonoticias.com\/editor\/wp-content\/uploads\/2024\/02\/cropped-cropped-logolu-150x150.webp\",\"caption\":\"Editor General\"},\"sameAs\":[\"https:\/\/luchonoticias.com\/\"],\"url\":\"https:\/\/luchonoticias.com\/editor\/author\/editor-general\/\"}]}<\/script>\n<!-- \/ Yoast SEO plugin. -->","yoast_head_json":{"title":"CAM present\u00f3 su plan de acci\u00f3n para el presente cuatrienio -","robots":{"index":"index","follow":"follow","max-snippet":"max-snippet:-1","max-image-preview":"max-image-preview:large","max-video-preview":"max-video-preview:-1"},"canonical":"https:\/\/luchonoticias.com\/editor\/cam-presento-su-plan-de-accion-para-el-presente-cuatrienio\/","og_locale":"es_ES","og_type":"article","og_title":"CAM present\u00f3 su plan de acci\u00f3n para el presente cuatrienio -","og_url":"https:\/\/luchonoticias.com\/editor\/cam-presento-su-plan-de-accion-para-el-presente-cuatrienio\/","article_publisher":"https:\/\/www.facebook.com\/luchonoticiasneiva","article_published_time":"2024-04-16T22:11:09+00:00","og_image":[{"width":700,"height":400,"url":"https:\/\/luchonoticias.com\/editor\/wp-content\/uploads\/2024\/04\/CAM-PLAN-DE-ACCION.jpg","type":"image\/jpeg"}],"author":"Editor General","twitter_card":"summary_large_image","twitter_misc":{"Escrito por":"Editor General","Tiempo de lectura":"3 minutos"},"schema":{"@context":"https:\/\/schema.org","@graph":[{"@type":"Article","@id":"https:\/\/luchonoticias.com\/editor\/cam-presento-su-plan-de-accion-para-el-presente-cuatrienio\/#article","isPartOf":{"@id":"https:\/\/luchonoticias.com\/editor\/cam-presento-su-plan-de-accion-para-el-presente-cuatrienio\/"},"author":{"name":"Editor General","@id":"https:\/\/luchonoticias.com\/editor\/#\/schema\/person\/29217990ddf6f14e35912b2866d591fb"},"headline":"CAM present\u00f3 su plan de acci\u00f3n para el presente cuatrienio","datePublished":"2024-04-16T22:11:09+00:00","mainEntityOfPage":{"@id":"https:\/\/luchonoticias.com\/editor\/cam-presento-su-plan-de-accion-para-el-presente-cuatrienio\/"},"wordCount":669,"publisher":{"@id":"https:\/\/luchonoticias.com\/editor\/#\/schema\/person\/7a7fd911f58561fd056dbac7b55af9cd"},"image":{"@id":"https:\/\/luchonoticias.com\/editor\/cam-presento-su-plan-de-accion-para-el-presente-cuatrienio\/#primaryimage"},"thumbnailUrl":"https:\/\/luchonoticias.com\/editor\/wp-content\/uploads\/2024\/04\/CAM-PLAN-DE-ACCION.jpg","articleSection":["Huila"],"inLanguage":"es"},{"@type":"WebPage","@id":"https:\/\/luchonoticias.com\/editor\/cam-presento-su-plan-de-accion-para-el-presente-cuatrienio\/","url":"https:\/\/luchonoticias.com\/editor\/cam-presento-su-plan-de-accion-para-el-presente-cuatrienio\/","name":"CAM present\u00f3 su plan de acci\u00f3n para el presente cuatrienio -","isPartOf":{"@id":"https:\/\/luchonoticias.com\/editor\/#website"},"primaryImageOfPage":{"@id":"https:\/\/luchonoticias.com\/editor\/cam-presento-su-plan-de-accion-para-el-presente-cuatrienio\/#primaryimage"},"image":{"@id":"https:\/\/luchonoticias.com\/editor\/cam-presento-su-plan-de-accion-para-el-presente-cuatrienio\/#primaryimage"},"thumbnailUrl":"https:\/\/luchonoticias.com\/editor\/wp-content\/uploads\/2024\/04\/CAM-PLAN-DE-ACCION.jpg","datePublished":"2024-04-16T22:11:09+00:00","breadcrumb":{"@id":"https:\/\/luchonoticias.com\/editor\/cam-presento-su-plan-de-accion-para-el-presente-cuatrienio\/#breadcrumb"},"inLanguage":"es","potentialAction":[{"@type":"ReadAction","target":["https:\/\/luchonoticias.com\/editor\/cam-presento-su-plan-de-accion-para-el-presente-cuatrienio\/"]}]},{"@type":"ImageObject","inLanguage":"es","@id":"https:\/\/luchonoticias.com\/editor\/cam-presento-su-plan-de-accion-para-el-presente-cuatrienio\/#primaryimage","url":"https:\/\/luchonoticias.com\/editor\/wp-content\/uploads\/2024\/04\/CAM-PLAN-DE-ACCION.jpg","contentUrl":"https:\/\/luchonoticias.com\/editor\/wp-content\/uploads\/2024\/04\/CAM-PLAN-DE-ACCION.jpg","width":700,"height":400},{"@type":"BreadcrumbList","@id":"https:\/\/luchonoticias.com\/editor\/cam-presento-su-plan-de-accion-para-el-presente-cuatrienio\/#breadcrumb","itemListElement":[{"@type":"ListItem","position":1,"name":"Portada","item":"https:\/\/luchonoticias.com\/editor\/"},{"@type":"ListItem","position":2,"name":"CAM present\u00f3 su plan de acci\u00f3n para el presente cuatrienio"}]},{"@type":"WebSite","@id":"https:\/\/luchonoticias.com\/editor\/#website","url":"https:\/\/luchonoticias.com\/editor\/","name":"","description":"","publisher":{"@id":"https:\/\/luchonoticias.com\/editor\/#\/schema\/person\/7a7fd911f58561fd056dbac7b55af9cd"},"potentialAction":[{"@type":"SearchAction","target":{"@type":"EntryPoint","urlTemplate":"https:\/\/luchonoticias.com\/editor\/?s={search_term_string}"},"query-input":{"@type":"PropertyValueSpecification","valueRequired":true,"valueName":"search_term_string"}}],"inLanguage":"es"},{"@type":["Person","Organization"],"@id":"https:\/\/luchonoticias.com\/editor\/#\/schema\/person\/7a7fd911f58561fd056dbac7b55af9cd","name":"admin","image":{"@type":"ImageObject","inLanguage":"es","@id":"https:\/\/luchonoticias.com\/editor\/#\/schema\/person\/image\/","url":"https:\/\/luchonoticias.com\/editor\/wp-content\/uploads\/2024\/02\/cropped-cropped-logolu.webp","contentUrl":"https:\/\/luchonoticias.com\/editor\/wp-content\/uploads\/2024\/02\/cropped-cropped-logolu.webp","width":382,"height":170,"caption":"admin"},"logo":{"@id":"https:\/\/luchonoticias.com\/editor\/#\/schema\/person\/image\/"},"sameAs":["https:\/\/www.facebook.com\/luchonoticiasneiva"]},{"@type":"Person","@id":"https:\/\/luchonoticias.com\/editor\/#\/schema\/person\/29217990ddf6f14e35912b2866d591fb","name":"Editor General","image":{"@type":"ImageObject","inLanguage":"es","@id":"https:\/\/luchonoticias.com\/editor\/#\/schema\/person\/image\/","url":"https:\/\/luchonoticias.com\/editor\/wp-content\/uploads\/2024\/02\/cropped-cropped-logolu-150x150.webp","contentUrl":"https:\/\/luchonoticias.com\/editor\/wp-content\/uploads\/2024\/02\/cropped-cropped-logolu-150x150.webp","caption":"Editor General"},"sameAs":["https:\/\/luchonoticias.com\/"],"url":"https:\/\/luchonoticias.com\/editor\/author\/editor-general\/"}]}},"_links":{"self":[{"href":"https:\/\/luchonoticias.com\/editor\/wp-json\/wp\/v2\/posts\/72169","targetHints":{"allow":["GET"]}}],"collection":[{"href":"https:\/\/luchonoticias.com\/editor\/wp-json\/wp\/v2\/posts"}],"about":[{"href":"https:\/\/luchonoticias.com\/editor\/wp-json\/wp\/v2\/types\/post"}],"author":[{"embeddable":true,"href":"https:\/\/luchonoticias.com\/editor\/wp-json\/wp\/v2\/users\/2"}],"replies":[{"embeddable":true,"href":"https:\/\/luchonoticias.com\/editor\/wp-json\/wp\/v2\/comments?post=72169"}],"version-history":[{"count":0,"href":"https:\/\/luchonoticias.com\/editor\/wp-json\/wp\/v2\/posts\/72169\/revisions"}],"wp:featuredmedia":[{"embeddable":true,"href":"https:\/\/luchonoticias.com\/editor\/wp-json\/wp\/v2\/media\/72170"}],"wp:attachment":[{"href":"https:\/\/luchonoticias.com\/editor\/wp-json\/wp\/v2\/media?parent=72169"}],"wp:term":[{"taxonomy":"category","embeddable":true,"href":"https:\/\/luchonoticias.com\/editor\/wp-json\/wp\/v2\/categories?post=72169"},{"taxonomy":"post_tag","embeddable":true,"href":"https:\/\/luchonoticias.com\/editor\/wp-json\/wp\/v2\/tags?post=72169"}],"curies":[{"name":"wp","href":"https:\/\/api.w.org\/{rel}","templated":true}]}}