{"id":72187,"date":"2024-04-17T07:16:57","date_gmt":"2024-04-17T12:16:57","guid":{"rendered":"https:\/\/luchonoticias.com\/?p=72187"},"modified":"2024-04-17T07:16:57","modified_gmt":"2024-04-17T12:16:57","slug":"brasil-y-su-oportunidad-de-negocios-con-colombia","status":"publish","type":"post","link":"https:\/\/luchonoticias.com\/editor\/brasil-y-su-oportunidad-de-negocios-con-colombia\/","title":{"rendered":"Brasil y su oportunidad de negocios con Colombia"},"content":{"rendered":"<p>Cerca de 50 empresarios, provenientes de diferentes ciudades de Brasil, asistieron al encuentro organizado por ProColombia, con el liderazgo del Ministerio de Comercio, Industria y Turismo, para conocer las oportunidades y razones para invertir en los territorios de Colombia, el Pa\u00eds de la Belleza.<\/p>\n<p>La agenda cont\u00f3 con tres momentos en los que los asistentes, nacionales y brasile\u00f1os recibieron informaci\u00f3n relacionada con \u2018Econom\u00eda colombiana y sus proyecciones\u2019 y el portafolio de servicios de ProColombia, la organizaci\u00f3n responsable de promover la atracci\u00f3n de inversi\u00f3n extranjera directa al pa\u00eds, as\u00ed como la llegada de turistas internacionales y las exportaciones de las diferentes regiones de Colombia al mundo.<\/p>\n<p>Por otro lado, y aprovechando la visita oficial el presidente, Luiz In\u00e1cio Lula Da Silva, a Colombia para participar en la Feria Internacional del Libro de Bogot\u00e1, en la que es el pa\u00eds invitado de honor, los gobiernos de los dos pa\u00edses aprovechar\u00e1n el espacio para firmar cuatro memorandos de entendimiento.<\/p>\n<p>El primero, que firma el Ministerio de Comercio, Industria y Turismo, a trav\u00e9s de Colombia Productiva, es con Embraer, fabricante aeron\u00e1utico brasile\u00f1o con el que se busca impulsar la cooperaci\u00f3n industrial, el conocimiento y el sector en general entre ambos pa\u00edses.<\/p>\n<p>El segundo que firmar\u00e1 esta cartera es un memorando de entendimiento sobre cooperaci\u00f3n tur\u00edstica, para la promoci\u00f3n de ambos pa\u00edses y el intercambio de buenas pr\u00e1cticas en la democratizaci\u00f3n del turismo, prevenci\u00f3n de la explotaci\u00f3n sexual comercial de ni\u00f1as, ni\u00f1os y adolescentes (ESCNNA) en el contexto de los viajes y el turismo; herramientas de gesti\u00f3n publico privadas en materia Turismo de Naturaleza y Turismo Cultural y el intercambio de buenas pr\u00e1cticas en seguridad tur\u00edstica.<\/p>\n<p>El ministro de Comercio, Industria y Turismo, Germ\u00e1n Uma\u00f1a Mendoza, destac\u00f3 como relevantes los convenios que se firmar\u00e1n, pues hacen parte de las apuestas que en materia de reindustrializaci\u00f3n y de turismo se ha trazado el Gobierno del Cambio.<\/p>\n<p>Los otros dos los firmar\u00e1 ProColombia. Uno con EMBRATUR &#8211; Agencia Brasilera de Promoci\u00f3n Internacional de Turismo,\u00a0 para fortalecer la cooperaci\u00f3n y la integraci\u00f3n en t\u00e9rminos de turismo, y otro con APEX que es la agencia de promoci\u00f3n de ese pa\u00eds.<\/p>\n<p>De acuerdo con cifras del Banco de la Rep\u00fablica, durante el a\u00f1o pasado los flujos de inversi\u00f3n extranjera directa de Brasil en Colombia fueron de US$121,1 millones.<\/p>\n<p>En el acumulado de 2000 a 2023, Brasil registr\u00f3 un flujo de inversi\u00f3n extranjera directa de US$3.784,9 millones, ubic\u00e1ndose en la posici\u00f3n n\u00famero 16 entre todos los pa\u00edses que invierten en Colombia<\/p>\n","protected":false},"excerpt":{"rendered":"<p>Cerca de 50 empresarios, provenientes de diferentes ciudades de Brasil, asistieron al encuentro organizado por ProColombia, con el liderazgo del Ministerio de Comercio, Industria y Turismo, para conocer las oportunidades y razones para invertir en los territorios de Colombia, el Pa\u00eds de la Belleza. La agenda cont\u00f3 con tres momentos en los que los asistentes, [&hellip;]<\/p>\n","protected":false},"author":2,"featured_media":72188,"comment_status":"closed","ping_status":"open","sticky":false,"template":"","format":"standard","meta":{"footnotes":""},"categories":[28],"tags":[],"class_list":["post-72187","post","type-post","status-publish","format-standard","has-post-thumbnail","hentry","category-actualidad"],"yoast_head":"<!-- This site is optimized with the Yoast SEO plugin v26.6 - https:\/\/yoast.com\/wordpress\/plugins\/seo\/ -->\n<title>Brasil y su oportunidad de negocios con Colombia -<\/title>\n<meta name=\"robots\" content=\"index, follow, max-snippet:-1, max-image-preview:large, max-video-preview:-1\" \/>\n<link rel=\"canonical\" href=\"https:\/\/luchonoticias.com\/editor\/brasil-y-su-oportunidad-de-negocios-con-colombia\/\" \/>\n<meta property=\"og:locale\" content=\"es_ES\" \/>\n<meta property=\"og:type\" content=\"article\" \/>\n<meta property=\"og:title\" content=\"Brasil y su oportunidad de negocios con Colombia -\" \/>\n<meta property=\"og:url\" content=\"https:\/\/luchonoticias.com\/editor\/brasil-y-su-oportunidad-de-negocios-con-colombia\/\" \/>\n<meta property=\"article:publisher\" content=\"https:\/\/www.facebook.com\/luchonoticiasneiva\" \/>\n<meta property=\"article:published_time\" content=\"2024-04-17T12:16:57+00:00\" \/>\n<meta property=\"og:image\" content=\"https:\/\/luchonoticias.com\/editor\/wp-content\/uploads\/2024\/04\/negocios-brasil.jpg\" \/>\n\t<meta property=\"og:image:width\" content=\"700\" \/>\n\t<meta property=\"og:image:height\" content=\"400\" \/>\n\t<meta property=\"og:image:type\" content=\"image\/jpeg\" \/>\n<meta name=\"author\" content=\"Editor General\" \/>\n<meta name=\"twitter:card\" content=\"summary_large_image\" \/>\n<meta name=\"twitter:label1\" content=\"Escrito por\" \/>\n\t<meta name=\"twitter:data1\" content=\"Editor General\" \/>\n\t<meta name=\"twitter:label2\" content=\"Tiempo de lectura\" \/>\n\t<meta name=\"twitter:data2\" content=\"2 minutos\" \/>\n<script type=\"application\/ld+json\" class=\"yoast-schema-graph\">{\"@context\":\"https:\/\/schema.org\",\"@graph\":[{\"@type\":\"Article\",\"@id\":\"https:\/\/luchonoticias.com\/editor\/brasil-y-su-oportunidad-de-negocios-con-colombia\/#article\",\"isPartOf\":{\"@id\":\"https:\/\/luchonoticias.com\/editor\/brasil-y-su-oportunidad-de-negocios-con-colombia\/\"},\"author\":{\"name\":\"Editor General\",\"@id\":\"https:\/\/luchonoticias.com\/editor\/#\/schema\/person\/29217990ddf6f14e35912b2866d591fb\"},\"headline\":\"Brasil y su oportunidad de negocios con Colombia\",\"datePublished\":\"2024-04-17T12:16:57+00:00\",\"mainEntityOfPage\":{\"@id\":\"https:\/\/luchonoticias.com\/editor\/brasil-y-su-oportunidad-de-negocios-con-colombia\/\"},\"wordCount\":462,\"publisher\":{\"@id\":\"https:\/\/luchonoticias.com\/editor\/#\/schema\/person\/7a7fd911f58561fd056dbac7b55af9cd\"},\"image\":{\"@id\":\"https:\/\/luchonoticias.com\/editor\/brasil-y-su-oportunidad-de-negocios-con-colombia\/#primaryimage\"},\"thumbnailUrl\":\"https:\/\/luchonoticias.com\/editor\/wp-content\/uploads\/2024\/04\/negocios-brasil.jpg\",\"articleSection\":[\"Actualidad\"],\"inLanguage\":\"es\"},{\"@type\":\"WebPage\",\"@id\":\"https:\/\/luchonoticias.com\/editor\/brasil-y-su-oportunidad-de-negocios-con-colombia\/\",\"url\":\"https:\/\/luchonoticias.com\/editor\/brasil-y-su-oportunidad-de-negocios-con-colombia\/\",\"name\":\"Brasil y su oportunidad de negocios con Colombia -\",\"isPartOf\":{\"@id\":\"https:\/\/luchonoticias.com\/editor\/#website\"},\"primaryImageOfPage\":{\"@id\":\"https:\/\/luchonoticias.com\/editor\/brasil-y-su-oportunidad-de-negocios-con-colombia\/#primaryimage\"},\"image\":{\"@id\":\"https:\/\/luchonoticias.com\/editor\/brasil-y-su-oportunidad-de-negocios-con-colombia\/#primaryimage\"},\"thumbnailUrl\":\"https:\/\/luchonoticias.com\/editor\/wp-content\/uploads\/2024\/04\/negocios-brasil.jpg\",\"datePublished\":\"2024-04-17T12:16:57+00:00\",\"breadcrumb\":{\"@id\":\"https:\/\/luchonoticias.com\/editor\/brasil-y-su-oportunidad-de-negocios-con-colombia\/#breadcrumb\"},\"inLanguage\":\"es\",\"potentialAction\":[{\"@type\":\"ReadAction\",\"target\":[\"https:\/\/luchonoticias.com\/editor\/brasil-y-su-oportunidad-de-negocios-con-colombia\/\"]}]},{\"@type\":\"ImageObject\",\"inLanguage\":\"es\",\"@id\":\"https:\/\/luchonoticias.com\/editor\/brasil-y-su-oportunidad-de-negocios-con-colombia\/#primaryimage\",\"url\":\"https:\/\/luchonoticias.com\/editor\/wp-content\/uploads\/2024\/04\/negocios-brasil.jpg\",\"contentUrl\":\"https:\/\/luchonoticias.com\/editor\/wp-content\/uploads\/2024\/04\/negocios-brasil.jpg\",\"width\":700,\"height\":400},{\"@type\":\"BreadcrumbList\",\"@id\":\"https:\/\/luchonoticias.com\/editor\/brasil-y-su-oportunidad-de-negocios-con-colombia\/#breadcrumb\",\"itemListElement\":[{\"@type\":\"ListItem\",\"position\":1,\"name\":\"Portada\",\"item\":\"https:\/\/luchonoticias.com\/editor\/\"},{\"@type\":\"ListItem\",\"position\":2,\"name\":\"Brasil y su oportunidad de negocios con Colombia\"}]},{\"@type\":\"WebSite\",\"@id\":\"https:\/\/luchonoticias.com\/editor\/#website\",\"url\":\"https:\/\/luchonoticias.com\/editor\/\",\"name\":\"\",\"description\":\"\",\"publisher\":{\"@id\":\"https:\/\/luchonoticias.com\/editor\/#\/schema\/person\/7a7fd911f58561fd056dbac7b55af9cd\"},\"potentialAction\":[{\"@type\":\"SearchAction\",\"target\":{\"@type\":\"EntryPoint\",\"urlTemplate\":\"https:\/\/luchonoticias.com\/editor\/?s={search_term_string}\"},\"query-input\":{\"@type\":\"PropertyValueSpecification\",\"valueRequired\":true,\"valueName\":\"search_term_string\"}}],\"inLanguage\":\"es\"},{\"@type\":[\"Person\",\"Organization\"],\"@id\":\"https:\/\/luchonoticias.com\/editor\/#\/schema\/person\/7a7fd911f58561fd056dbac7b55af9cd\",\"name\":\"admin\",\"image\":{\"@type\":\"ImageObject\",\"inLanguage\":\"es\",\"@id\":\"https:\/\/luchonoticias.com\/editor\/#\/schema\/person\/image\/\",\"url\":\"https:\/\/luchonoticias.com\/editor\/wp-content\/uploads\/2024\/02\/cropped-cropped-logolu.webp\",\"contentUrl\":\"https:\/\/luchonoticias.com\/editor\/wp-content\/uploads\/2024\/02\/cropped-cropped-logolu.webp\",\"width\":382,\"height\":170,\"caption\":\"admin\"},\"logo\":{\"@id\":\"https:\/\/luchonoticias.com\/editor\/#\/schema\/person\/image\/\"},\"sameAs\":[\"https:\/\/www.facebook.com\/luchonoticiasneiva\"]},{\"@type\":\"Person\",\"@id\":\"https:\/\/luchonoticias.com\/editor\/#\/schema\/person\/29217990ddf6f14e35912b2866d591fb\",\"name\":\"Editor General\",\"image\":{\"@type\":\"ImageObject\",\"inLanguage\":\"es\",\"@id\":\"https:\/\/luchonoticias.com\/editor\/#\/schema\/person\/image\/\",\"url\":\"https:\/\/luchonoticias.com\/editor\/wp-content\/uploads\/2024\/02\/cropped-cropped-logolu-150x150.webp\",\"contentUrl\":\"https:\/\/luchonoticias.com\/editor\/wp-content\/uploads\/2024\/02\/cropped-cropped-logolu-150x150.webp\",\"caption\":\"Editor General\"},\"sameAs\":[\"https:\/\/luchonoticias.com\/\"],\"url\":\"https:\/\/luchonoticias.com\/editor\/author\/editor-general\/\"}]}<\/script>\n<!-- \/ Yoast SEO plugin. -->","yoast_head_json":{"title":"Brasil y su oportunidad de negocios con Colombia -","robots":{"index":"index","follow":"follow","max-snippet":"max-snippet:-1","max-image-preview":"max-image-preview:large","max-video-preview":"max-video-preview:-1"},"canonical":"https:\/\/luchonoticias.com\/editor\/brasil-y-su-oportunidad-de-negocios-con-colombia\/","og_locale":"es_ES","og_type":"article","og_title":"Brasil y su oportunidad de negocios con Colombia -","og_url":"https:\/\/luchonoticias.com\/editor\/brasil-y-su-oportunidad-de-negocios-con-colombia\/","article_publisher":"https:\/\/www.facebook.com\/luchonoticiasneiva","article_published_time":"2024-04-17T12:16:57+00:00","og_image":[{"width":700,"height":400,"url":"https:\/\/luchonoticias.com\/editor\/wp-content\/uploads\/2024\/04\/negocios-brasil.jpg","type":"image\/jpeg"}],"author":"Editor General","twitter_card":"summary_large_image","twitter_misc":{"Escrito por":"Editor General","Tiempo de lectura":"2 minutos"},"schema":{"@context":"https:\/\/schema.org","@graph":[{"@type":"Article","@id":"https:\/\/luchonoticias.com\/editor\/brasil-y-su-oportunidad-de-negocios-con-colombia\/#article","isPartOf":{"@id":"https:\/\/luchonoticias.com\/editor\/brasil-y-su-oportunidad-de-negocios-con-colombia\/"},"author":{"name":"Editor General","@id":"https:\/\/luchonoticias.com\/editor\/#\/schema\/person\/29217990ddf6f14e35912b2866d591fb"},"headline":"Brasil y su oportunidad de negocios con Colombia","datePublished":"2024-04-17T12:16:57+00:00","mainEntityOfPage":{"@id":"https:\/\/luchonoticias.com\/editor\/brasil-y-su-oportunidad-de-negocios-con-colombia\/"},"wordCount":462,"publisher":{"@id":"https:\/\/luchonoticias.com\/editor\/#\/schema\/person\/7a7fd911f58561fd056dbac7b55af9cd"},"image":{"@id":"https:\/\/luchonoticias.com\/editor\/brasil-y-su-oportunidad-de-negocios-con-colombia\/#primaryimage"},"thumbnailUrl":"https:\/\/luchonoticias.com\/editor\/wp-content\/uploads\/2024\/04\/negocios-brasil.jpg","articleSection":["Actualidad"],"inLanguage":"es"},{"@type":"WebPage","@id":"https:\/\/luchonoticias.com\/editor\/brasil-y-su-oportunidad-de-negocios-con-colombia\/","url":"https:\/\/luchonoticias.com\/editor\/brasil-y-su-oportunidad-de-negocios-con-colombia\/","name":"Brasil y su oportunidad de negocios con Colombia -","isPartOf":{"@id":"https:\/\/luchonoticias.com\/editor\/#website"},"primaryImageOfPage":{"@id":"https:\/\/luchonoticias.com\/editor\/brasil-y-su-oportunidad-de-negocios-con-colombia\/#primaryimage"},"image":{"@id":"https:\/\/luchonoticias.com\/editor\/brasil-y-su-oportunidad-de-negocios-con-colombia\/#primaryimage"},"thumbnailUrl":"https:\/\/luchonoticias.com\/editor\/wp-content\/uploads\/2024\/04\/negocios-brasil.jpg","datePublished":"2024-04-17T12:16:57+00:00","breadcrumb":{"@id":"https:\/\/luchonoticias.com\/editor\/brasil-y-su-oportunidad-de-negocios-con-colombia\/#breadcrumb"},"inLanguage":"es","potentialAction":[{"@type":"ReadAction","target":["https:\/\/luchonoticias.com\/editor\/brasil-y-su-oportunidad-de-negocios-con-colombia\/"]}]},{"@type":"ImageObject","inLanguage":"es","@id":"https:\/\/luchonoticias.com\/editor\/brasil-y-su-oportunidad-de-negocios-con-colombia\/#primaryimage","url":"https:\/\/luchonoticias.com\/editor\/wp-content\/uploads\/2024\/04\/negocios-brasil.jpg","contentUrl":"https:\/\/luchonoticias.com\/editor\/wp-content\/uploads\/2024\/04\/negocios-brasil.jpg","width":700,"height":400},{"@type":"BreadcrumbList","@id":"https:\/\/luchonoticias.com\/editor\/brasil-y-su-oportunidad-de-negocios-con-colombia\/#breadcrumb","itemListElement":[{"@type":"ListItem","position":1,"name":"Portada","item":"https:\/\/luchonoticias.com\/editor\/"},{"@type":"ListItem","position":2,"name":"Brasil y su oportunidad de negocios con Colombia"}]},{"@type":"WebSite","@id":"https:\/\/luchonoticias.com\/editor\/#website","url":"https:\/\/luchonoticias.com\/editor\/","name":"","description":"","publisher":{"@id":"https:\/\/luchonoticias.com\/editor\/#\/schema\/person\/7a7fd911f58561fd056dbac7b55af9cd"},"potentialAction":[{"@type":"SearchAction","target":{"@type":"EntryPoint","urlTemplate":"https:\/\/luchonoticias.com\/editor\/?s={search_term_string}"},"query-input":{"@type":"PropertyValueSpecification","valueRequired":true,"valueName":"search_term_string"}}],"inLanguage":"es"},{"@type":["Person","Organization"],"@id":"https:\/\/luchonoticias.com\/editor\/#\/schema\/person\/7a7fd911f58561fd056dbac7b55af9cd","name":"admin","image":{"@type":"ImageObject","inLanguage":"es","@id":"https:\/\/luchonoticias.com\/editor\/#\/schema\/person\/image\/","url":"https:\/\/luchonoticias.com\/editor\/wp-content\/uploads\/2024\/02\/cropped-cropped-logolu.webp","contentUrl":"https:\/\/luchonoticias.com\/editor\/wp-content\/uploads\/2024\/02\/cropped-cropped-logolu.webp","width":382,"height":170,"caption":"admin"},"logo":{"@id":"https:\/\/luchonoticias.com\/editor\/#\/schema\/person\/image\/"},"sameAs":["https:\/\/www.facebook.com\/luchonoticiasneiva"]},{"@type":"Person","@id":"https:\/\/luchonoticias.com\/editor\/#\/schema\/person\/29217990ddf6f14e35912b2866d591fb","name":"Editor General","image":{"@type":"ImageObject","inLanguage":"es","@id":"https:\/\/luchonoticias.com\/editor\/#\/schema\/person\/image\/","url":"https:\/\/luchonoticias.com\/editor\/wp-content\/uploads\/2024\/02\/cropped-cropped-logolu-150x150.webp","contentUrl":"https:\/\/luchonoticias.com\/editor\/wp-content\/uploads\/2024\/02\/cropped-cropped-logolu-150x150.webp","caption":"Editor General"},"sameAs":["https:\/\/luchonoticias.com\/"],"url":"https:\/\/luchonoticias.com\/editor\/author\/editor-general\/"}]}},"_links":{"self":[{"href":"https:\/\/luchonoticias.com\/editor\/wp-json\/wp\/v2\/posts\/72187","targetHints":{"allow":["GET"]}}],"collection":[{"href":"https:\/\/luchonoticias.com\/editor\/wp-json\/wp\/v2\/posts"}],"about":[{"href":"https:\/\/luchonoticias.com\/editor\/wp-json\/wp\/v2\/types\/post"}],"author":[{"embeddable":true,"href":"https:\/\/luchonoticias.com\/editor\/wp-json\/wp\/v2\/users\/2"}],"replies":[{"embeddable":true,"href":"https:\/\/luchonoticias.com\/editor\/wp-json\/wp\/v2\/comments?post=72187"}],"version-history":[{"count":0,"href":"https:\/\/luchonoticias.com\/editor\/wp-json\/wp\/v2\/posts\/72187\/revisions"}],"wp:featuredmedia":[{"embeddable":true,"href":"https:\/\/luchonoticias.com\/editor\/wp-json\/wp\/v2\/media\/72188"}],"wp:attachment":[{"href":"https:\/\/luchonoticias.com\/editor\/wp-json\/wp\/v2\/media?parent=72187"}],"wp:term":[{"taxonomy":"category","embeddable":true,"href":"https:\/\/luchonoticias.com\/editor\/wp-json\/wp\/v2\/categories?post=72187"},{"taxonomy":"post_tag","embeddable":true,"href":"https:\/\/luchonoticias.com\/editor\/wp-json\/wp\/v2\/tags?post=72187"}],"curies":[{"name":"wp","href":"https:\/\/api.w.org\/{rel}","templated":true}]}}