{"id":72190,"date":"2024-04-17T07:24:07","date_gmt":"2024-04-17T12:24:07","guid":{"rendered":"https:\/\/luchonoticias.com\/?p=72190"},"modified":"2024-04-17T07:24:07","modified_gmt":"2024-04-17T12:24:07","slug":"las-inversiones-en-creditos-para-el-sector-cafetero","status":"publish","type":"post","link":"https:\/\/luchonoticias.com\/editor\/las-inversiones-en-creditos-para-el-sector-cafetero\/","title":{"rendered":"Las inversiones en cr\u00e9ditos para el sector cafetero"},"content":{"rendered":"<div>Durante una reuni\u00f3n que la ministra de Agricultura y Desarrollo Rural, Jhenifer Mojica, sostuvo con caficultores, se hizo un balance de los beneficios econ\u00f3micos que ha recibido el sector por parte del ministerio para fortalecer y sentar bases s\u00f3lidas en la apuesta de consolidar un siglo m\u00e1s de caficultura colombiana.<\/div>\n<div><\/div>\n<div>Por medio del Cr\u00e9dito de Fomento Agropecuario, L\u00edneas Especiales de Cr\u00e9dito (LEC), Incentivo a la Capitalizaci\u00f3n Rural (ICR) e Incentivo al Seguro Agropecuario, que puso a disposici\u00f3n el Ministerio de Agricultura y Desarrollo Rural, los productores han obtenido m\u00e1s de $3 billones para sus actividades productivas cafeteras. De este monto, peque\u00f1os y medianos caficultores se han beneficiado con $1,2 billones.<\/div>\n<div><\/div>\n<div>En lo que hace referencia a n\u00famero de cr\u00e9ditos, los $1,5 billones se otorgaron en 67.185 operaciones, de las cuales 59.228 fueron para peque\u00f1os (88%), 8.551 para medianos (12,7%) y 406 para grandes (0,6%) productores.<\/div>\n<div><\/div>\n<div>Con las L\u00edneas Especiales de Cr\u00e9dito (LEC) se han apalancado recursos de cr\u00e9dito de fomento por $364.299 millones, recursos con los que se apuesta a la transformaci\u00f3n del campo, ayudando a los productores cafeteros a que financien sus actividades.<\/div>\n<div><\/div>\n<div>Para entregar esos $364.299 millones, MinAgricultura otorg\u00f3 $65.732 millones en subsidio a la tasa de inter\u00e9s en 27.349 operaciones, es decir, una inversi\u00f3n que hizo la cartera agropecuaria para proveer cr\u00e9dito a peque\u00f1os y medianos productores en las mejores condiciones y con intereses muy bajos.<\/div>\n<div><\/div>\n<div>A la fecha, la cartera ha dispuesto $85.000 millones a trav\u00e9s del Incentivo a la Capitalizaci\u00f3n Rural (ICR): $35.000 millones en 2023 y $50.000 millones en lo que va de 2024, lo que ha permitido financiar el programa de renovaci\u00f3n de cafetales.<\/div>\n<div><\/div>\n<div>La ministra Jhenifer Mojica resalt\u00f3 que, de acuerdo con los compromisos de la Asamblea Cafetera, para la vigencia 2024, adem\u00e1s del acceso a Cr\u00e9dito de Fomento Agropecuario avalado con Certificados de Garant\u00edas \u2013FAG\u2013, el ministerio destin\u00f3 recursos para incentivos financieros para los peque\u00f1os y medianos productores cafeteros.<\/div>\n<div><\/div>\n<div>Este aporte contempla $50.000 millones en ICR para el programa de renovaci\u00f3n de cultivos, $15.000 millones en subsidio en al menos 13.304 operaciones en LEC y $19.000 millones en un nuevo Incentivo Integrado a la Gesti\u00f3n de Riesgos Agropecuarios (IIGRA), que se crear\u00e1 y beneficiar\u00e1 en el desarrollo de un piloto cafetero beneficiando a cerca de 1.150 cafeteros.<\/div>\n<div><\/div>\n<div>Tambi\u00e9n se destinaron $10.000 millones para la implementaci\u00f3n de Alivios Financieros (FONSA), que beneficiar\u00e1 a 4.000 peque\u00f1os y medianos productores cafeteros para aliviar sus deudas, y aport\u00f3 $19 mil millones para el Incentivo al Seguro Agropecuario (ISA), a trav\u00e9s del cual 20.000 peque\u00f1os y medianos productores cafeteros protegieron 33 mil hect\u00e1reas de caf\u00e9 e inversiones por $133 mil millones.<\/div>\n<div><\/div>\n","protected":false},"excerpt":{"rendered":"<p>Durante una reuni\u00f3n que la ministra de Agricultura y Desarrollo Rural, Jhenifer Mojica, sostuvo con caficultores, se hizo un balance de los beneficios econ\u00f3micos que ha recibido el sector por parte del ministerio para fortalecer y sentar bases s\u00f3lidas en la apuesta de consolidar un siglo m\u00e1s de caficultura colombiana. Por medio del Cr\u00e9dito de [&hellip;]<\/p>\n","protected":false},"author":2,"featured_media":72191,"comment_status":"closed","ping_status":"open","sticky":false,"template":"","format":"standard","meta":{"footnotes":""},"categories":[28],"tags":[],"class_list":["post-72190","post","type-post","status-publish","format-standard","has-post-thumbnail","hentry","category-actualidad"],"yoast_head":"<!-- This site is optimized with the Yoast SEO plugin v26.6 - https:\/\/yoast.com\/wordpress\/plugins\/seo\/ -->\n<title>Las inversiones en cr\u00e9ditos para el sector cafetero -<\/title>\n<meta name=\"robots\" content=\"index, follow, max-snippet:-1, max-image-preview:large, max-video-preview:-1\" \/>\n<link rel=\"canonical\" href=\"https:\/\/luchonoticias.com\/editor\/las-inversiones-en-creditos-para-el-sector-cafetero\/\" \/>\n<meta property=\"og:locale\" content=\"es_ES\" \/>\n<meta property=\"og:type\" content=\"article\" \/>\n<meta property=\"og:title\" content=\"Las inversiones en cr\u00e9ditos para el sector cafetero -\" \/>\n<meta property=\"og:url\" content=\"https:\/\/luchonoticias.com\/editor\/las-inversiones-en-creditos-para-el-sector-cafetero\/\" \/>\n<meta property=\"article:publisher\" content=\"https:\/\/www.facebook.com\/luchonoticiasneiva\" \/>\n<meta property=\"article:published_time\" content=\"2024-04-17T12:24:07+00:00\" \/>\n<meta property=\"og:image\" content=\"https:\/\/luchonoticias.com\/editor\/wp-content\/uploads\/2024\/04\/cafe.jpg\" \/>\n\t<meta property=\"og:image:width\" content=\"700\" \/>\n\t<meta property=\"og:image:height\" content=\"400\" \/>\n\t<meta property=\"og:image:type\" content=\"image\/jpeg\" \/>\n<meta name=\"author\" content=\"Editor General\" \/>\n<meta name=\"twitter:card\" content=\"summary_large_image\" \/>\n<meta name=\"twitter:label1\" content=\"Escrito por\" \/>\n\t<meta name=\"twitter:data1\" content=\"Editor General\" \/>\n\t<meta name=\"twitter:label2\" content=\"Tiempo de lectura\" \/>\n\t<meta name=\"twitter:data2\" content=\"2 minutos\" \/>\n<script type=\"application\/ld+json\" class=\"yoast-schema-graph\">{\"@context\":\"https:\/\/schema.org\",\"@graph\":[{\"@type\":\"Article\",\"@id\":\"https:\/\/luchonoticias.com\/editor\/las-inversiones-en-creditos-para-el-sector-cafetero\/#article\",\"isPartOf\":{\"@id\":\"https:\/\/luchonoticias.com\/editor\/las-inversiones-en-creditos-para-el-sector-cafetero\/\"},\"author\":{\"name\":\"Editor General\",\"@id\":\"https:\/\/luchonoticias.com\/editor\/#\/schema\/person\/29217990ddf6f14e35912b2866d591fb\"},\"headline\":\"Las inversiones en cr\u00e9ditos para el sector cafetero\",\"datePublished\":\"2024-04-17T12:24:07+00:00\",\"mainEntityOfPage\":{\"@id\":\"https:\/\/luchonoticias.com\/editor\/las-inversiones-en-creditos-para-el-sector-cafetero\/\"},\"wordCount\":450,\"publisher\":{\"@id\":\"https:\/\/luchonoticias.com\/editor\/#\/schema\/person\/7a7fd911f58561fd056dbac7b55af9cd\"},\"image\":{\"@id\":\"https:\/\/luchonoticias.com\/editor\/las-inversiones-en-creditos-para-el-sector-cafetero\/#primaryimage\"},\"thumbnailUrl\":\"https:\/\/luchonoticias.com\/editor\/wp-content\/uploads\/2024\/04\/cafe.jpg\",\"articleSection\":[\"Actualidad\"],\"inLanguage\":\"es\"},{\"@type\":\"WebPage\",\"@id\":\"https:\/\/luchonoticias.com\/editor\/las-inversiones-en-creditos-para-el-sector-cafetero\/\",\"url\":\"https:\/\/luchonoticias.com\/editor\/las-inversiones-en-creditos-para-el-sector-cafetero\/\",\"name\":\"Las inversiones en cr\u00e9ditos para el sector cafetero -\",\"isPartOf\":{\"@id\":\"https:\/\/luchonoticias.com\/editor\/#website\"},\"primaryImageOfPage\":{\"@id\":\"https:\/\/luchonoticias.com\/editor\/las-inversiones-en-creditos-para-el-sector-cafetero\/#primaryimage\"},\"image\":{\"@id\":\"https:\/\/luchonoticias.com\/editor\/las-inversiones-en-creditos-para-el-sector-cafetero\/#primaryimage\"},\"thumbnailUrl\":\"https:\/\/luchonoticias.com\/editor\/wp-content\/uploads\/2024\/04\/cafe.jpg\",\"datePublished\":\"2024-04-17T12:24:07+00:00\",\"breadcrumb\":{\"@id\":\"https:\/\/luchonoticias.com\/editor\/las-inversiones-en-creditos-para-el-sector-cafetero\/#breadcrumb\"},\"inLanguage\":\"es\",\"potentialAction\":[{\"@type\":\"ReadAction\",\"target\":[\"https:\/\/luchonoticias.com\/editor\/las-inversiones-en-creditos-para-el-sector-cafetero\/\"]}]},{\"@type\":\"ImageObject\",\"inLanguage\":\"es\",\"@id\":\"https:\/\/luchonoticias.com\/editor\/las-inversiones-en-creditos-para-el-sector-cafetero\/#primaryimage\",\"url\":\"https:\/\/luchonoticias.com\/editor\/wp-content\/uploads\/2024\/04\/cafe.jpg\",\"contentUrl\":\"https:\/\/luchonoticias.com\/editor\/wp-content\/uploads\/2024\/04\/cafe.jpg\",\"width\":700,\"height\":400},{\"@type\":\"BreadcrumbList\",\"@id\":\"https:\/\/luchonoticias.com\/editor\/las-inversiones-en-creditos-para-el-sector-cafetero\/#breadcrumb\",\"itemListElement\":[{\"@type\":\"ListItem\",\"position\":1,\"name\":\"Portada\",\"item\":\"https:\/\/luchonoticias.com\/editor\/\"},{\"@type\":\"ListItem\",\"position\":2,\"name\":\"Las inversiones en cr\u00e9ditos para el sector cafetero\"}]},{\"@type\":\"WebSite\",\"@id\":\"https:\/\/luchonoticias.com\/editor\/#website\",\"url\":\"https:\/\/luchonoticias.com\/editor\/\",\"name\":\"\",\"description\":\"\",\"publisher\":{\"@id\":\"https:\/\/luchonoticias.com\/editor\/#\/schema\/person\/7a7fd911f58561fd056dbac7b55af9cd\"},\"potentialAction\":[{\"@type\":\"SearchAction\",\"target\":{\"@type\":\"EntryPoint\",\"urlTemplate\":\"https:\/\/luchonoticias.com\/editor\/?s={search_term_string}\"},\"query-input\":{\"@type\":\"PropertyValueSpecification\",\"valueRequired\":true,\"valueName\":\"search_term_string\"}}],\"inLanguage\":\"es\"},{\"@type\":[\"Person\",\"Organization\"],\"@id\":\"https:\/\/luchonoticias.com\/editor\/#\/schema\/person\/7a7fd911f58561fd056dbac7b55af9cd\",\"name\":\"admin\",\"image\":{\"@type\":\"ImageObject\",\"inLanguage\":\"es\",\"@id\":\"https:\/\/luchonoticias.com\/editor\/#\/schema\/person\/image\/\",\"url\":\"https:\/\/luchonoticias.com\/editor\/wp-content\/uploads\/2024\/02\/cropped-cropped-logolu.webp\",\"contentUrl\":\"https:\/\/luchonoticias.com\/editor\/wp-content\/uploads\/2024\/02\/cropped-cropped-logolu.webp\",\"width\":382,\"height\":170,\"caption\":\"admin\"},\"logo\":{\"@id\":\"https:\/\/luchonoticias.com\/editor\/#\/schema\/person\/image\/\"},\"sameAs\":[\"https:\/\/www.facebook.com\/luchonoticiasneiva\"]},{\"@type\":\"Person\",\"@id\":\"https:\/\/luchonoticias.com\/editor\/#\/schema\/person\/29217990ddf6f14e35912b2866d591fb\",\"name\":\"Editor General\",\"image\":{\"@type\":\"ImageObject\",\"inLanguage\":\"es\",\"@id\":\"https:\/\/luchonoticias.com\/editor\/#\/schema\/person\/image\/\",\"url\":\"https:\/\/luchonoticias.com\/editor\/wp-content\/uploads\/2024\/02\/cropped-cropped-logolu-150x150.webp\",\"contentUrl\":\"https:\/\/luchonoticias.com\/editor\/wp-content\/uploads\/2024\/02\/cropped-cropped-logolu-150x150.webp\",\"caption\":\"Editor General\"},\"sameAs\":[\"https:\/\/luchonoticias.com\/\"],\"url\":\"https:\/\/luchonoticias.com\/editor\/author\/editor-general\/\"}]}<\/script>\n<!-- \/ Yoast SEO plugin. -->","yoast_head_json":{"title":"Las inversiones en cr\u00e9ditos para el sector cafetero -","robots":{"index":"index","follow":"follow","max-snippet":"max-snippet:-1","max-image-preview":"max-image-preview:large","max-video-preview":"max-video-preview:-1"},"canonical":"https:\/\/luchonoticias.com\/editor\/las-inversiones-en-creditos-para-el-sector-cafetero\/","og_locale":"es_ES","og_type":"article","og_title":"Las inversiones en cr\u00e9ditos para el sector cafetero -","og_url":"https:\/\/luchonoticias.com\/editor\/las-inversiones-en-creditos-para-el-sector-cafetero\/","article_publisher":"https:\/\/www.facebook.com\/luchonoticiasneiva","article_published_time":"2024-04-17T12:24:07+00:00","og_image":[{"width":700,"height":400,"url":"https:\/\/luchonoticias.com\/editor\/wp-content\/uploads\/2024\/04\/cafe.jpg","type":"image\/jpeg"}],"author":"Editor General","twitter_card":"summary_large_image","twitter_misc":{"Escrito por":"Editor General","Tiempo de lectura":"2 minutos"},"schema":{"@context":"https:\/\/schema.org","@graph":[{"@type":"Article","@id":"https:\/\/luchonoticias.com\/editor\/las-inversiones-en-creditos-para-el-sector-cafetero\/#article","isPartOf":{"@id":"https:\/\/luchonoticias.com\/editor\/las-inversiones-en-creditos-para-el-sector-cafetero\/"},"author":{"name":"Editor General","@id":"https:\/\/luchonoticias.com\/editor\/#\/schema\/person\/29217990ddf6f14e35912b2866d591fb"},"headline":"Las inversiones en cr\u00e9ditos para el sector cafetero","datePublished":"2024-04-17T12:24:07+00:00","mainEntityOfPage":{"@id":"https:\/\/luchonoticias.com\/editor\/las-inversiones-en-creditos-para-el-sector-cafetero\/"},"wordCount":450,"publisher":{"@id":"https:\/\/luchonoticias.com\/editor\/#\/schema\/person\/7a7fd911f58561fd056dbac7b55af9cd"},"image":{"@id":"https:\/\/luchonoticias.com\/editor\/las-inversiones-en-creditos-para-el-sector-cafetero\/#primaryimage"},"thumbnailUrl":"https:\/\/luchonoticias.com\/editor\/wp-content\/uploads\/2024\/04\/cafe.jpg","articleSection":["Actualidad"],"inLanguage":"es"},{"@type":"WebPage","@id":"https:\/\/luchonoticias.com\/editor\/las-inversiones-en-creditos-para-el-sector-cafetero\/","url":"https:\/\/luchonoticias.com\/editor\/las-inversiones-en-creditos-para-el-sector-cafetero\/","name":"Las inversiones en cr\u00e9ditos para el sector cafetero -","isPartOf":{"@id":"https:\/\/luchonoticias.com\/editor\/#website"},"primaryImageOfPage":{"@id":"https:\/\/luchonoticias.com\/editor\/las-inversiones-en-creditos-para-el-sector-cafetero\/#primaryimage"},"image":{"@id":"https:\/\/luchonoticias.com\/editor\/las-inversiones-en-creditos-para-el-sector-cafetero\/#primaryimage"},"thumbnailUrl":"https:\/\/luchonoticias.com\/editor\/wp-content\/uploads\/2024\/04\/cafe.jpg","datePublished":"2024-04-17T12:24:07+00:00","breadcrumb":{"@id":"https:\/\/luchonoticias.com\/editor\/las-inversiones-en-creditos-para-el-sector-cafetero\/#breadcrumb"},"inLanguage":"es","potentialAction":[{"@type":"ReadAction","target":["https:\/\/luchonoticias.com\/editor\/las-inversiones-en-creditos-para-el-sector-cafetero\/"]}]},{"@type":"ImageObject","inLanguage":"es","@id":"https:\/\/luchonoticias.com\/editor\/las-inversiones-en-creditos-para-el-sector-cafetero\/#primaryimage","url":"https:\/\/luchonoticias.com\/editor\/wp-content\/uploads\/2024\/04\/cafe.jpg","contentUrl":"https:\/\/luchonoticias.com\/editor\/wp-content\/uploads\/2024\/04\/cafe.jpg","width":700,"height":400},{"@type":"BreadcrumbList","@id":"https:\/\/luchonoticias.com\/editor\/las-inversiones-en-creditos-para-el-sector-cafetero\/#breadcrumb","itemListElement":[{"@type":"ListItem","position":1,"name":"Portada","item":"https:\/\/luchonoticias.com\/editor\/"},{"@type":"ListItem","position":2,"name":"Las inversiones en cr\u00e9ditos para el sector cafetero"}]},{"@type":"WebSite","@id":"https:\/\/luchonoticias.com\/editor\/#website","url":"https:\/\/luchonoticias.com\/editor\/","name":"","description":"","publisher":{"@id":"https:\/\/luchonoticias.com\/editor\/#\/schema\/person\/7a7fd911f58561fd056dbac7b55af9cd"},"potentialAction":[{"@type":"SearchAction","target":{"@type":"EntryPoint","urlTemplate":"https:\/\/luchonoticias.com\/editor\/?s={search_term_string}"},"query-input":{"@type":"PropertyValueSpecification","valueRequired":true,"valueName":"search_term_string"}}],"inLanguage":"es"},{"@type":["Person","Organization"],"@id":"https:\/\/luchonoticias.com\/editor\/#\/schema\/person\/7a7fd911f58561fd056dbac7b55af9cd","name":"admin","image":{"@type":"ImageObject","inLanguage":"es","@id":"https:\/\/luchonoticias.com\/editor\/#\/schema\/person\/image\/","url":"https:\/\/luchonoticias.com\/editor\/wp-content\/uploads\/2024\/02\/cropped-cropped-logolu.webp","contentUrl":"https:\/\/luchonoticias.com\/editor\/wp-content\/uploads\/2024\/02\/cropped-cropped-logolu.webp","width":382,"height":170,"caption":"admin"},"logo":{"@id":"https:\/\/luchonoticias.com\/editor\/#\/schema\/person\/image\/"},"sameAs":["https:\/\/www.facebook.com\/luchonoticiasneiva"]},{"@type":"Person","@id":"https:\/\/luchonoticias.com\/editor\/#\/schema\/person\/29217990ddf6f14e35912b2866d591fb","name":"Editor General","image":{"@type":"ImageObject","inLanguage":"es","@id":"https:\/\/luchonoticias.com\/editor\/#\/schema\/person\/image\/","url":"https:\/\/luchonoticias.com\/editor\/wp-content\/uploads\/2024\/02\/cropped-cropped-logolu-150x150.webp","contentUrl":"https:\/\/luchonoticias.com\/editor\/wp-content\/uploads\/2024\/02\/cropped-cropped-logolu-150x150.webp","caption":"Editor General"},"sameAs":["https:\/\/luchonoticias.com\/"],"url":"https:\/\/luchonoticias.com\/editor\/author\/editor-general\/"}]}},"_links":{"self":[{"href":"https:\/\/luchonoticias.com\/editor\/wp-json\/wp\/v2\/posts\/72190","targetHints":{"allow":["GET"]}}],"collection":[{"href":"https:\/\/luchonoticias.com\/editor\/wp-json\/wp\/v2\/posts"}],"about":[{"href":"https:\/\/luchonoticias.com\/editor\/wp-json\/wp\/v2\/types\/post"}],"author":[{"embeddable":true,"href":"https:\/\/luchonoticias.com\/editor\/wp-json\/wp\/v2\/users\/2"}],"replies":[{"embeddable":true,"href":"https:\/\/luchonoticias.com\/editor\/wp-json\/wp\/v2\/comments?post=72190"}],"version-history":[{"count":0,"href":"https:\/\/luchonoticias.com\/editor\/wp-json\/wp\/v2\/posts\/72190\/revisions"}],"wp:featuredmedia":[{"embeddable":true,"href":"https:\/\/luchonoticias.com\/editor\/wp-json\/wp\/v2\/media\/72191"}],"wp:attachment":[{"href":"https:\/\/luchonoticias.com\/editor\/wp-json\/wp\/v2\/media?parent=72190"}],"wp:term":[{"taxonomy":"category","embeddable":true,"href":"https:\/\/luchonoticias.com\/editor\/wp-json\/wp\/v2\/categories?post=72190"},{"taxonomy":"post_tag","embeddable":true,"href":"https:\/\/luchonoticias.com\/editor\/wp-json\/wp\/v2\/tags?post=72190"}],"curies":[{"name":"wp","href":"https:\/\/api.w.org\/{rel}","templated":true}]}}