{"id":72197,"date":"2024-04-17T10:10:44","date_gmt":"2024-04-17T15:10:44","guid":{"rendered":"https:\/\/luchonoticias.com\/?p=72197"},"modified":"2024-04-17T10:10:44","modified_gmt":"2024-04-17T15:10:44","slug":"mesa-de-trabajo-entre-la-gobernacion-y-organizaciones-campesinas","status":"publish","type":"post","link":"https:\/\/luchonoticias.com\/editor\/mesa-de-trabajo-entre-la-gobernacion-y-organizaciones-campesinas\/","title":{"rendered":"Mesa de trabajo entre la Gobernaci\u00f3n y organizaciones campesinas"},"content":{"rendered":"<p>En instancias de la Secretar\u00eda de Agricultura y Miner\u00eda del Huila, se adelant\u00f3 una mesa de trabajo con representantes de organizaciones campesinas, con el prop\u00f3sito de conocer de primera mano las diferentes inquietudes en materia de productividad, gesti\u00f3n del recurso h\u00eddrico, programas de apoyo al sector agropecuario, protagonismo de las organizaciones campesinas y Juntas de Acci\u00f3n Comunal en la gesti\u00f3n de iniciativas, y la construcci\u00f3n de un cronograma de trabajo para avanzar en la construcci\u00f3n de la pol\u00edtica p\u00fablica para el campo huilense.<\/p>\n<p>Uno de los puntos principales de este ejercicio, fue sin duda la reactivaci\u00f3n de la Mesa Campesina del Huila, como instancia de participaci\u00f3n y di\u00e1logo entre las organizaciones de base y el gobierno departamental, con el objetivo de identificar las diferentes problem\u00e1ticas socioecon\u00f3micas, y trazar acciones que contribuyan a concertar soluciones.<\/p>\n<p>Durante el encuentro, el secretario de agricultura y miner\u00eda del departamento, Carlos Alberto Cu\u00e9llar Medina, enfatiz\u00f3 en la necesidad de avanzar de manera articulada en el mapeo de organizaciones campesinas en el departamento, lo que permitir\u00e1 direccionar los esfuerzos y capacidad institucional, para mejorar la calidad de vida de los pobladores rurales, mediante la gesti\u00f3n de proyectos encaminados en fortalecer los procesos productivos y de comercializaci\u00f3n en las diferentes cadenas de valor.<\/p>\n<p><strong>Construir entre todos<\/strong><\/p>\n<p>Para Ricardo L\u00f3pez, delegado nacional de la Organizaci\u00f3n \u00c9tnica Campesina y Popular, \u201cA Sembrar\u201d, es muy importante replicar en el departamento del Huila los resultados de la Convenci\u00f3n Nacional Campesina, de la Comisi\u00f3n Mixta Nacional, donde se aborda todo el tema de pol\u00edtica p\u00fablica para el agro colombiano, especialmente hoy que los campesinos son sujetos especiales de protecci\u00f3n y derechos, resaltando que el Huila se pone a tono con la nueva realidad del campo colombiano, donde todos los actores deben trabajar en la construcci\u00f3n de una pol\u00edtica s\u00f3lida que beneficie a todos los campesinos del departamento.<\/p>\n<p>Por su parte Lorena S\u00e1nchez Andrade, presidenta de la Asociaci\u00f3n de Trabajadores Campesinos del Huila \u2013 ATCH, destac\u00f3 que este espacio de di\u00e1logo que se reabre con el gobierno departamental es muy importante, porque permite plantear los diferentes proyectos, y desarrollar agendas conjuntas para construir de la mano de la institucionalidad una pol\u00edtica p\u00fablica que favorezca a los campesinos y jornaleros de todo el departamento.<\/p>\n<p>A su turno Mart\u00edn Vargas Chac\u00f3n, l\u00edder de Juntanza Nacional Campesina, mencion\u00f3 que esta reuni\u00f3n cumplida a instancias de la Secretar\u00eda de Agricultura y Miner\u00eda, es conveniente porque permite avanzar en el acercamiento de las organizaciones campesinas y el sector agropecuario en general, para trabajar en la construcci\u00f3n de pol\u00edticas s\u00f3lidas y acordes a la realidad que vive hoy el campo colombiano, y que los apoyos ofrecidos por el estado lleguen realmente a las bases campesinas.<\/p>\n<p>Durante esta importante reuni\u00f3n cumplida en la ciudad de Neiva, se agend\u00f3 una nueva mesa de trabajo para el pr\u00f3ximo 29 de abril, donde espera que las organizaciones campesinas aporten sus ideas para avanzar en la construcci\u00f3n de una pol\u00edtica p\u00fablica para el fortalecimiento del sector agropecuario.<\/p>\n","protected":false},"excerpt":{"rendered":"<p>En instancias de la Secretar\u00eda de Agricultura y Miner\u00eda del Huila, se adelant\u00f3 una mesa de trabajo con representantes de organizaciones campesinas, con el prop\u00f3sito de conocer de primera mano las diferentes inquietudes en materia de productividad, gesti\u00f3n del recurso h\u00eddrico, programas de apoyo al sector agropecuario, protagonismo de las organizaciones campesinas y Juntas de [&hellip;]<\/p>\n","protected":false},"author":2,"featured_media":72198,"comment_status":"closed","ping_status":"open","sticky":false,"template":"","format":"standard","meta":{"footnotes":""},"categories":[33],"tags":[],"class_list":["post-72197","post","type-post","status-publish","format-standard","has-post-thumbnail","hentry","category-huila"],"yoast_head":"<!-- This site is optimized with the Yoast SEO plugin v26.6 - https:\/\/yoast.com\/wordpress\/plugins\/seo\/ -->\n<title>Mesa de trabajo entre la Gobernaci\u00f3n y organizaciones campesinas -<\/title>\n<meta name=\"robots\" content=\"index, follow, max-snippet:-1, max-image-preview:large, max-video-preview:-1\" \/>\n<link rel=\"canonical\" href=\"https:\/\/luchonoticias.com\/editor\/mesa-de-trabajo-entre-la-gobernacion-y-organizaciones-campesinas\/\" \/>\n<meta property=\"og:locale\" content=\"es_ES\" \/>\n<meta property=\"og:type\" content=\"article\" \/>\n<meta property=\"og:title\" content=\"Mesa de trabajo entre la Gobernaci\u00f3n y organizaciones campesinas -\" \/>\n<meta property=\"og:url\" content=\"https:\/\/luchonoticias.com\/editor\/mesa-de-trabajo-entre-la-gobernacion-y-organizaciones-campesinas\/\" \/>\n<meta property=\"article:publisher\" content=\"https:\/\/www.facebook.com\/luchonoticiasneiva\" \/>\n<meta property=\"article:published_time\" content=\"2024-04-17T15:10:44+00:00\" \/>\n<meta property=\"og:image\" content=\"https:\/\/luchonoticias.com\/editor\/wp-content\/uploads\/2024\/04\/dialogos.jpg\" \/>\n\t<meta property=\"og:image:width\" content=\"700\" \/>\n\t<meta property=\"og:image:height\" content=\"400\" \/>\n\t<meta property=\"og:image:type\" content=\"image\/jpeg\" \/>\n<meta name=\"author\" content=\"Editor General\" \/>\n<meta name=\"twitter:card\" content=\"summary_large_image\" \/>\n<meta name=\"twitter:label1\" content=\"Escrito por\" \/>\n\t<meta name=\"twitter:data1\" content=\"Editor General\" \/>\n\t<meta name=\"twitter:label2\" content=\"Tiempo de lectura\" \/>\n\t<meta name=\"twitter:data2\" content=\"3 minutos\" \/>\n<script type=\"application\/ld+json\" class=\"yoast-schema-graph\">{\"@context\":\"https:\/\/schema.org\",\"@graph\":[{\"@type\":\"Article\",\"@id\":\"https:\/\/luchonoticias.com\/editor\/mesa-de-trabajo-entre-la-gobernacion-y-organizaciones-campesinas\/#article\",\"isPartOf\":{\"@id\":\"https:\/\/luchonoticias.com\/editor\/mesa-de-trabajo-entre-la-gobernacion-y-organizaciones-campesinas\/\"},\"author\":{\"name\":\"Editor General\",\"@id\":\"https:\/\/luchonoticias.com\/editor\/#\/schema\/person\/29217990ddf6f14e35912b2866d591fb\"},\"headline\":\"Mesa de trabajo entre la Gobernaci\u00f3n y organizaciones campesinas\",\"datePublished\":\"2024-04-17T15:10:44+00:00\",\"mainEntityOfPage\":{\"@id\":\"https:\/\/luchonoticias.com\/editor\/mesa-de-trabajo-entre-la-gobernacion-y-organizaciones-campesinas\/\"},\"wordCount\":550,\"publisher\":{\"@id\":\"https:\/\/luchonoticias.com\/editor\/#\/schema\/person\/7a7fd911f58561fd056dbac7b55af9cd\"},\"image\":{\"@id\":\"https:\/\/luchonoticias.com\/editor\/mesa-de-trabajo-entre-la-gobernacion-y-organizaciones-campesinas\/#primaryimage\"},\"thumbnailUrl\":\"https:\/\/luchonoticias.com\/editor\/wp-content\/uploads\/2024\/04\/dialogos.jpg\",\"articleSection\":[\"Huila\"],\"inLanguage\":\"es\"},{\"@type\":\"WebPage\",\"@id\":\"https:\/\/luchonoticias.com\/editor\/mesa-de-trabajo-entre-la-gobernacion-y-organizaciones-campesinas\/\",\"url\":\"https:\/\/luchonoticias.com\/editor\/mesa-de-trabajo-entre-la-gobernacion-y-organizaciones-campesinas\/\",\"name\":\"Mesa de trabajo entre la Gobernaci\u00f3n y organizaciones campesinas -\",\"isPartOf\":{\"@id\":\"https:\/\/luchonoticias.com\/editor\/#website\"},\"primaryImageOfPage\":{\"@id\":\"https:\/\/luchonoticias.com\/editor\/mesa-de-trabajo-entre-la-gobernacion-y-organizaciones-campesinas\/#primaryimage\"},\"image\":{\"@id\":\"https:\/\/luchonoticias.com\/editor\/mesa-de-trabajo-entre-la-gobernacion-y-organizaciones-campesinas\/#primaryimage\"},\"thumbnailUrl\":\"https:\/\/luchonoticias.com\/editor\/wp-content\/uploads\/2024\/04\/dialogos.jpg\",\"datePublished\":\"2024-04-17T15:10:44+00:00\",\"breadcrumb\":{\"@id\":\"https:\/\/luchonoticias.com\/editor\/mesa-de-trabajo-entre-la-gobernacion-y-organizaciones-campesinas\/#breadcrumb\"},\"inLanguage\":\"es\",\"potentialAction\":[{\"@type\":\"ReadAction\",\"target\":[\"https:\/\/luchonoticias.com\/editor\/mesa-de-trabajo-entre-la-gobernacion-y-organizaciones-campesinas\/\"]}]},{\"@type\":\"ImageObject\",\"inLanguage\":\"es\",\"@id\":\"https:\/\/luchonoticias.com\/editor\/mesa-de-trabajo-entre-la-gobernacion-y-organizaciones-campesinas\/#primaryimage\",\"url\":\"https:\/\/luchonoticias.com\/editor\/wp-content\/uploads\/2024\/04\/dialogos.jpg\",\"contentUrl\":\"https:\/\/luchonoticias.com\/editor\/wp-content\/uploads\/2024\/04\/dialogos.jpg\",\"width\":700,\"height\":400},{\"@type\":\"BreadcrumbList\",\"@id\":\"https:\/\/luchonoticias.com\/editor\/mesa-de-trabajo-entre-la-gobernacion-y-organizaciones-campesinas\/#breadcrumb\",\"itemListElement\":[{\"@type\":\"ListItem\",\"position\":1,\"name\":\"Portada\",\"item\":\"https:\/\/luchonoticias.com\/editor\/\"},{\"@type\":\"ListItem\",\"position\":2,\"name\":\"Mesa de trabajo entre la Gobernaci\u00f3n y organizaciones campesinas\"}]},{\"@type\":\"WebSite\",\"@id\":\"https:\/\/luchonoticias.com\/editor\/#website\",\"url\":\"https:\/\/luchonoticias.com\/editor\/\",\"name\":\"\",\"description\":\"\",\"publisher\":{\"@id\":\"https:\/\/luchonoticias.com\/editor\/#\/schema\/person\/7a7fd911f58561fd056dbac7b55af9cd\"},\"potentialAction\":[{\"@type\":\"SearchAction\",\"target\":{\"@type\":\"EntryPoint\",\"urlTemplate\":\"https:\/\/luchonoticias.com\/editor\/?s={search_term_string}\"},\"query-input\":{\"@type\":\"PropertyValueSpecification\",\"valueRequired\":true,\"valueName\":\"search_term_string\"}}],\"inLanguage\":\"es\"},{\"@type\":[\"Person\",\"Organization\"],\"@id\":\"https:\/\/luchonoticias.com\/editor\/#\/schema\/person\/7a7fd911f58561fd056dbac7b55af9cd\",\"name\":\"admin\",\"image\":{\"@type\":\"ImageObject\",\"inLanguage\":\"es\",\"@id\":\"https:\/\/luchonoticias.com\/editor\/#\/schema\/person\/image\/\",\"url\":\"https:\/\/luchonoticias.com\/editor\/wp-content\/uploads\/2024\/02\/cropped-cropped-logolu.webp\",\"contentUrl\":\"https:\/\/luchonoticias.com\/editor\/wp-content\/uploads\/2024\/02\/cropped-cropped-logolu.webp\",\"width\":382,\"height\":170,\"caption\":\"admin\"},\"logo\":{\"@id\":\"https:\/\/luchonoticias.com\/editor\/#\/schema\/person\/image\/\"},\"sameAs\":[\"https:\/\/www.facebook.com\/luchonoticiasneiva\"]},{\"@type\":\"Person\",\"@id\":\"https:\/\/luchonoticias.com\/editor\/#\/schema\/person\/29217990ddf6f14e35912b2866d591fb\",\"name\":\"Editor General\",\"image\":{\"@type\":\"ImageObject\",\"inLanguage\":\"es\",\"@id\":\"https:\/\/luchonoticias.com\/editor\/#\/schema\/person\/image\/\",\"url\":\"https:\/\/luchonoticias.com\/editor\/wp-content\/uploads\/2024\/02\/cropped-cropped-logolu-150x150.webp\",\"contentUrl\":\"https:\/\/luchonoticias.com\/editor\/wp-content\/uploads\/2024\/02\/cropped-cropped-logolu-150x150.webp\",\"caption\":\"Editor General\"},\"sameAs\":[\"https:\/\/luchonoticias.com\/\"],\"url\":\"https:\/\/luchonoticias.com\/editor\/author\/editor-general\/\"}]}<\/script>\n<!-- \/ Yoast SEO plugin. -->","yoast_head_json":{"title":"Mesa de trabajo entre la Gobernaci\u00f3n y organizaciones campesinas -","robots":{"index":"index","follow":"follow","max-snippet":"max-snippet:-1","max-image-preview":"max-image-preview:large","max-video-preview":"max-video-preview:-1"},"canonical":"https:\/\/luchonoticias.com\/editor\/mesa-de-trabajo-entre-la-gobernacion-y-organizaciones-campesinas\/","og_locale":"es_ES","og_type":"article","og_title":"Mesa de trabajo entre la Gobernaci\u00f3n y organizaciones campesinas -","og_url":"https:\/\/luchonoticias.com\/editor\/mesa-de-trabajo-entre-la-gobernacion-y-organizaciones-campesinas\/","article_publisher":"https:\/\/www.facebook.com\/luchonoticiasneiva","article_published_time":"2024-04-17T15:10:44+00:00","og_image":[{"width":700,"height":400,"url":"https:\/\/luchonoticias.com\/editor\/wp-content\/uploads\/2024\/04\/dialogos.jpg","type":"image\/jpeg"}],"author":"Editor General","twitter_card":"summary_large_image","twitter_misc":{"Escrito por":"Editor General","Tiempo de lectura":"3 minutos"},"schema":{"@context":"https:\/\/schema.org","@graph":[{"@type":"Article","@id":"https:\/\/luchonoticias.com\/editor\/mesa-de-trabajo-entre-la-gobernacion-y-organizaciones-campesinas\/#article","isPartOf":{"@id":"https:\/\/luchonoticias.com\/editor\/mesa-de-trabajo-entre-la-gobernacion-y-organizaciones-campesinas\/"},"author":{"name":"Editor General","@id":"https:\/\/luchonoticias.com\/editor\/#\/schema\/person\/29217990ddf6f14e35912b2866d591fb"},"headline":"Mesa de trabajo entre la Gobernaci\u00f3n y organizaciones campesinas","datePublished":"2024-04-17T15:10:44+00:00","mainEntityOfPage":{"@id":"https:\/\/luchonoticias.com\/editor\/mesa-de-trabajo-entre-la-gobernacion-y-organizaciones-campesinas\/"},"wordCount":550,"publisher":{"@id":"https:\/\/luchonoticias.com\/editor\/#\/schema\/person\/7a7fd911f58561fd056dbac7b55af9cd"},"image":{"@id":"https:\/\/luchonoticias.com\/editor\/mesa-de-trabajo-entre-la-gobernacion-y-organizaciones-campesinas\/#primaryimage"},"thumbnailUrl":"https:\/\/luchonoticias.com\/editor\/wp-content\/uploads\/2024\/04\/dialogos.jpg","articleSection":["Huila"],"inLanguage":"es"},{"@type":"WebPage","@id":"https:\/\/luchonoticias.com\/editor\/mesa-de-trabajo-entre-la-gobernacion-y-organizaciones-campesinas\/","url":"https:\/\/luchonoticias.com\/editor\/mesa-de-trabajo-entre-la-gobernacion-y-organizaciones-campesinas\/","name":"Mesa de trabajo entre la Gobernaci\u00f3n y organizaciones campesinas -","isPartOf":{"@id":"https:\/\/luchonoticias.com\/editor\/#website"},"primaryImageOfPage":{"@id":"https:\/\/luchonoticias.com\/editor\/mesa-de-trabajo-entre-la-gobernacion-y-organizaciones-campesinas\/#primaryimage"},"image":{"@id":"https:\/\/luchonoticias.com\/editor\/mesa-de-trabajo-entre-la-gobernacion-y-organizaciones-campesinas\/#primaryimage"},"thumbnailUrl":"https:\/\/luchonoticias.com\/editor\/wp-content\/uploads\/2024\/04\/dialogos.jpg","datePublished":"2024-04-17T15:10:44+00:00","breadcrumb":{"@id":"https:\/\/luchonoticias.com\/editor\/mesa-de-trabajo-entre-la-gobernacion-y-organizaciones-campesinas\/#breadcrumb"},"inLanguage":"es","potentialAction":[{"@type":"ReadAction","target":["https:\/\/luchonoticias.com\/editor\/mesa-de-trabajo-entre-la-gobernacion-y-organizaciones-campesinas\/"]}]},{"@type":"ImageObject","inLanguage":"es","@id":"https:\/\/luchonoticias.com\/editor\/mesa-de-trabajo-entre-la-gobernacion-y-organizaciones-campesinas\/#primaryimage","url":"https:\/\/luchonoticias.com\/editor\/wp-content\/uploads\/2024\/04\/dialogos.jpg","contentUrl":"https:\/\/luchonoticias.com\/editor\/wp-content\/uploads\/2024\/04\/dialogos.jpg","width":700,"height":400},{"@type":"BreadcrumbList","@id":"https:\/\/luchonoticias.com\/editor\/mesa-de-trabajo-entre-la-gobernacion-y-organizaciones-campesinas\/#breadcrumb","itemListElement":[{"@type":"ListItem","position":1,"name":"Portada","item":"https:\/\/luchonoticias.com\/editor\/"},{"@type":"ListItem","position":2,"name":"Mesa de trabajo entre la Gobernaci\u00f3n y organizaciones campesinas"}]},{"@type":"WebSite","@id":"https:\/\/luchonoticias.com\/editor\/#website","url":"https:\/\/luchonoticias.com\/editor\/","name":"","description":"","publisher":{"@id":"https:\/\/luchonoticias.com\/editor\/#\/schema\/person\/7a7fd911f58561fd056dbac7b55af9cd"},"potentialAction":[{"@type":"SearchAction","target":{"@type":"EntryPoint","urlTemplate":"https:\/\/luchonoticias.com\/editor\/?s={search_term_string}"},"query-input":{"@type":"PropertyValueSpecification","valueRequired":true,"valueName":"search_term_string"}}],"inLanguage":"es"},{"@type":["Person","Organization"],"@id":"https:\/\/luchonoticias.com\/editor\/#\/schema\/person\/7a7fd911f58561fd056dbac7b55af9cd","name":"admin","image":{"@type":"ImageObject","inLanguage":"es","@id":"https:\/\/luchonoticias.com\/editor\/#\/schema\/person\/image\/","url":"https:\/\/luchonoticias.com\/editor\/wp-content\/uploads\/2024\/02\/cropped-cropped-logolu.webp","contentUrl":"https:\/\/luchonoticias.com\/editor\/wp-content\/uploads\/2024\/02\/cropped-cropped-logolu.webp","width":382,"height":170,"caption":"admin"},"logo":{"@id":"https:\/\/luchonoticias.com\/editor\/#\/schema\/person\/image\/"},"sameAs":["https:\/\/www.facebook.com\/luchonoticiasneiva"]},{"@type":"Person","@id":"https:\/\/luchonoticias.com\/editor\/#\/schema\/person\/29217990ddf6f14e35912b2866d591fb","name":"Editor General","image":{"@type":"ImageObject","inLanguage":"es","@id":"https:\/\/luchonoticias.com\/editor\/#\/schema\/person\/image\/","url":"https:\/\/luchonoticias.com\/editor\/wp-content\/uploads\/2024\/02\/cropped-cropped-logolu-150x150.webp","contentUrl":"https:\/\/luchonoticias.com\/editor\/wp-content\/uploads\/2024\/02\/cropped-cropped-logolu-150x150.webp","caption":"Editor General"},"sameAs":["https:\/\/luchonoticias.com\/"],"url":"https:\/\/luchonoticias.com\/editor\/author\/editor-general\/"}]}},"_links":{"self":[{"href":"https:\/\/luchonoticias.com\/editor\/wp-json\/wp\/v2\/posts\/72197","targetHints":{"allow":["GET"]}}],"collection":[{"href":"https:\/\/luchonoticias.com\/editor\/wp-json\/wp\/v2\/posts"}],"about":[{"href":"https:\/\/luchonoticias.com\/editor\/wp-json\/wp\/v2\/types\/post"}],"author":[{"embeddable":true,"href":"https:\/\/luchonoticias.com\/editor\/wp-json\/wp\/v2\/users\/2"}],"replies":[{"embeddable":true,"href":"https:\/\/luchonoticias.com\/editor\/wp-json\/wp\/v2\/comments?post=72197"}],"version-history":[{"count":0,"href":"https:\/\/luchonoticias.com\/editor\/wp-json\/wp\/v2\/posts\/72197\/revisions"}],"wp:featuredmedia":[{"embeddable":true,"href":"https:\/\/luchonoticias.com\/editor\/wp-json\/wp\/v2\/media\/72198"}],"wp:attachment":[{"href":"https:\/\/luchonoticias.com\/editor\/wp-json\/wp\/v2\/media?parent=72197"}],"wp:term":[{"taxonomy":"category","embeddable":true,"href":"https:\/\/luchonoticias.com\/editor\/wp-json\/wp\/v2\/categories?post=72197"},{"taxonomy":"post_tag","embeddable":true,"href":"https:\/\/luchonoticias.com\/editor\/wp-json\/wp\/v2\/tags?post=72197"}],"curies":[{"name":"wp","href":"https:\/\/api.w.org\/{rel}","templated":true}]}}