{"id":72204,"date":"2024-04-17T16:15:16","date_gmt":"2024-04-17T21:15:16","guid":{"rendered":"https:\/\/luchonoticias.com\/?p=72204"},"modified":"2024-04-17T16:15:16","modified_gmt":"2024-04-17T21:15:16","slug":"campana-contra-el-dengue-en-la-comuna-diez","status":"publish","type":"post","link":"https:\/\/luchonoticias.com\/editor\/campana-contra-el-dengue-en-la-comuna-diez\/","title":{"rendered":"Campa\u00f1a contra el dengue en la Comuna Diez"},"content":{"rendered":"<p>M\u00e1s de 12 barrios de la comuna Diez fueron intervenidos con las actividades de inspecci\u00f3n, vigilancia y control que la Secretar\u00eda de Salud, realiz\u00f3 en el desarrollo de la campa\u00f1a \u2018Todos Contra el dengue\u2019, liderada por el alcalde Germ\u00e1n Casagua, que tiene como prop\u00f3sito reducir la presencia del zancudo trasmisor del dengue en esta zona de la ciudad.<\/p>\n<p>\u201cLa intervenci\u00f3n de esta comuna fue todo un \u00e9xito, hicimos vacunaci\u00f3n antirr\u00e1bica a 364 mascotas, se entregaron 200 kits de lavado para albercas, se recolectaron 294 llantas para darles disposici\u00f3n final y 288 toldillos impregnados con insecticida en el barrio \u00c1lvaro Uribe, impactando en los barrios, Palmas I-II-III, Katakandr\u00fa, Comuneros, Ciudad Salitre, Enrique Olaya, Neiva ya, Misael Pastrana, entre otros\u201d, manifest\u00f3 Lilibet Galv\u00e1n secretaria de Salud de Neiva.<\/p>\n<p>Para esta jornada se cont\u00f3 con el apoyo de todo el personal de la Secretar\u00eda de Salud, en un trabajo conjunto con instituciones como CESALUD, la Universidad Surcolombiana, Corhuila, UAN, San Pedro Claver, Batall\u00f3n de Desminado Humanitario y la ESE Carmen Emilia Ospina, en donde ofrecieron los servicios de la unidad m\u00f3vil, como consulta m\u00e9dica, salud oral, control de crecimiento y desarrollo.<\/p>\n<p><strong>Las cifras<\/strong><\/p>\n<p>Las comunas m\u00e1s afectadas por presencia de casaos de dengue siguen siendo la comunas Uno, Dos, Seis, Ocho, Nueve y Diez; seg\u00fan el \u00faltimo bolet\u00edn epidemiol\u00f3gico que comprende la semana 14 con corte a 11 de abril de 2024, el municipio de Neiva cuenta con un total de 3954 casos entre confirmados y probables distribuidos de la siguiente manera:<\/p>\n<p>Dengue sin signos de alarma: 3042 -2338 confirmados y 704 probables.<\/p>\n<p>Dengue con signos de alarma: 823 &#8211; 711 confirmados y 112 probables.<\/p>\n<p>Dengue grave: 83 &#8211; 78 confirmados por laboratorio y 5 probables.<\/p>\n<p>Estas estrategias e intervenciones se continuar\u00e1n realizando para socializar con los neivanos la importancia de eliminar los criaderos de zancudos, el correcto lavado de albercas y tanques y el uso de toldillos en zonas con m\u00e1s presencia del vector de la enfermedad.<\/p>\n","protected":false},"excerpt":{"rendered":"<p>M\u00e1s de 12 barrios de la comuna Diez fueron intervenidos con las actividades de inspecci\u00f3n, vigilancia y control que la Secretar\u00eda de Salud, realiz\u00f3 en el desarrollo de la campa\u00f1a \u2018Todos Contra el dengue\u2019, liderada por el alcalde Germ\u00e1n Casagua, que tiene como prop\u00f3sito reducir la presencia del zancudo trasmisor del dengue en esta zona [&hellip;]<\/p>\n","protected":false},"author":2,"featured_media":72205,"comment_status":"closed","ping_status":"open","sticky":false,"template":"","format":"standard","meta":{"footnotes":""},"categories":[31],"tags":[],"class_list":["post-72204","post","type-post","status-publish","format-standard","has-post-thumbnail","hentry","category-local"],"yoast_head":"<!-- This site is optimized with the Yoast SEO plugin v26.6 - https:\/\/yoast.com\/wordpress\/plugins\/seo\/ -->\n<title>Campa\u00f1a contra el dengue en la Comuna Diez -<\/title>\n<meta name=\"robots\" content=\"index, follow, max-snippet:-1, max-image-preview:large, max-video-preview:-1\" \/>\n<link rel=\"canonical\" href=\"https:\/\/luchonoticias.com\/editor\/campana-contra-el-dengue-en-la-comuna-diez\/\" \/>\n<meta property=\"og:locale\" content=\"es_ES\" \/>\n<meta property=\"og:type\" content=\"article\" \/>\n<meta property=\"og:title\" content=\"Campa\u00f1a contra el dengue en la Comuna Diez -\" \/>\n<meta property=\"og:url\" content=\"https:\/\/luchonoticias.com\/editor\/campana-contra-el-dengue-en-la-comuna-diez\/\" \/>\n<meta property=\"article:publisher\" content=\"https:\/\/www.facebook.com\/luchonoticiasneiva\" \/>\n<meta property=\"article:published_time\" content=\"2024-04-17T21:15:16+00:00\" \/>\n<meta property=\"og:image\" content=\"https:\/\/luchonoticias.com\/editor\/wp-content\/uploads\/2024\/04\/dengue-neiva.jpg\" \/>\n\t<meta property=\"og:image:width\" content=\"700\" \/>\n\t<meta property=\"og:image:height\" content=\"400\" \/>\n\t<meta property=\"og:image:type\" content=\"image\/jpeg\" \/>\n<meta name=\"author\" content=\"Editor General\" \/>\n<meta name=\"twitter:card\" content=\"summary_large_image\" \/>\n<meta name=\"twitter:label1\" content=\"Escrito por\" \/>\n\t<meta name=\"twitter:data1\" content=\"Editor General\" \/>\n\t<meta name=\"twitter:label2\" content=\"Tiempo de lectura\" \/>\n\t<meta name=\"twitter:data2\" content=\"2 minutos\" \/>\n<script type=\"application\/ld+json\" class=\"yoast-schema-graph\">{\"@context\":\"https:\/\/schema.org\",\"@graph\":[{\"@type\":\"Article\",\"@id\":\"https:\/\/luchonoticias.com\/editor\/campana-contra-el-dengue-en-la-comuna-diez\/#article\",\"isPartOf\":{\"@id\":\"https:\/\/luchonoticias.com\/editor\/campana-contra-el-dengue-en-la-comuna-diez\/\"},\"author\":{\"name\":\"Editor General\",\"@id\":\"https:\/\/luchonoticias.com\/editor\/#\/schema\/person\/29217990ddf6f14e35912b2866d591fb\"},\"headline\":\"Campa\u00f1a contra el dengue en la Comuna Diez\",\"datePublished\":\"2024-04-17T21:15:16+00:00\",\"mainEntityOfPage\":{\"@id\":\"https:\/\/luchonoticias.com\/editor\/campana-contra-el-dengue-en-la-comuna-diez\/\"},\"wordCount\":338,\"publisher\":{\"@id\":\"https:\/\/luchonoticias.com\/editor\/#\/schema\/person\/7a7fd911f58561fd056dbac7b55af9cd\"},\"image\":{\"@id\":\"https:\/\/luchonoticias.com\/editor\/campana-contra-el-dengue-en-la-comuna-diez\/#primaryimage\"},\"thumbnailUrl\":\"https:\/\/luchonoticias.com\/editor\/wp-content\/uploads\/2024\/04\/dengue-neiva.jpg\",\"articleSection\":[\"Local\"],\"inLanguage\":\"es\"},{\"@type\":\"WebPage\",\"@id\":\"https:\/\/luchonoticias.com\/editor\/campana-contra-el-dengue-en-la-comuna-diez\/\",\"url\":\"https:\/\/luchonoticias.com\/editor\/campana-contra-el-dengue-en-la-comuna-diez\/\",\"name\":\"Campa\u00f1a contra el dengue en la Comuna Diez -\",\"isPartOf\":{\"@id\":\"https:\/\/luchonoticias.com\/editor\/#website\"},\"primaryImageOfPage\":{\"@id\":\"https:\/\/luchonoticias.com\/editor\/campana-contra-el-dengue-en-la-comuna-diez\/#primaryimage\"},\"image\":{\"@id\":\"https:\/\/luchonoticias.com\/editor\/campana-contra-el-dengue-en-la-comuna-diez\/#primaryimage\"},\"thumbnailUrl\":\"https:\/\/luchonoticias.com\/editor\/wp-content\/uploads\/2024\/04\/dengue-neiva.jpg\",\"datePublished\":\"2024-04-17T21:15:16+00:00\",\"breadcrumb\":{\"@id\":\"https:\/\/luchonoticias.com\/editor\/campana-contra-el-dengue-en-la-comuna-diez\/#breadcrumb\"},\"inLanguage\":\"es\",\"potentialAction\":[{\"@type\":\"ReadAction\",\"target\":[\"https:\/\/luchonoticias.com\/editor\/campana-contra-el-dengue-en-la-comuna-diez\/\"]}]},{\"@type\":\"ImageObject\",\"inLanguage\":\"es\",\"@id\":\"https:\/\/luchonoticias.com\/editor\/campana-contra-el-dengue-en-la-comuna-diez\/#primaryimage\",\"url\":\"https:\/\/luchonoticias.com\/editor\/wp-content\/uploads\/2024\/04\/dengue-neiva.jpg\",\"contentUrl\":\"https:\/\/luchonoticias.com\/editor\/wp-content\/uploads\/2024\/04\/dengue-neiva.jpg\",\"width\":700,\"height\":400},{\"@type\":\"BreadcrumbList\",\"@id\":\"https:\/\/luchonoticias.com\/editor\/campana-contra-el-dengue-en-la-comuna-diez\/#breadcrumb\",\"itemListElement\":[{\"@type\":\"ListItem\",\"position\":1,\"name\":\"Portada\",\"item\":\"https:\/\/luchonoticias.com\/editor\/\"},{\"@type\":\"ListItem\",\"position\":2,\"name\":\"Campa\u00f1a contra el dengue en la Comuna Diez\"}]},{\"@type\":\"WebSite\",\"@id\":\"https:\/\/luchonoticias.com\/editor\/#website\",\"url\":\"https:\/\/luchonoticias.com\/editor\/\",\"name\":\"\",\"description\":\"\",\"publisher\":{\"@id\":\"https:\/\/luchonoticias.com\/editor\/#\/schema\/person\/7a7fd911f58561fd056dbac7b55af9cd\"},\"potentialAction\":[{\"@type\":\"SearchAction\",\"target\":{\"@type\":\"EntryPoint\",\"urlTemplate\":\"https:\/\/luchonoticias.com\/editor\/?s={search_term_string}\"},\"query-input\":{\"@type\":\"PropertyValueSpecification\",\"valueRequired\":true,\"valueName\":\"search_term_string\"}}],\"inLanguage\":\"es\"},{\"@type\":[\"Person\",\"Organization\"],\"@id\":\"https:\/\/luchonoticias.com\/editor\/#\/schema\/person\/7a7fd911f58561fd056dbac7b55af9cd\",\"name\":\"admin\",\"image\":{\"@type\":\"ImageObject\",\"inLanguage\":\"es\",\"@id\":\"https:\/\/luchonoticias.com\/editor\/#\/schema\/person\/image\/\",\"url\":\"https:\/\/luchonoticias.com\/editor\/wp-content\/uploads\/2024\/02\/cropped-cropped-logolu.webp\",\"contentUrl\":\"https:\/\/luchonoticias.com\/editor\/wp-content\/uploads\/2024\/02\/cropped-cropped-logolu.webp\",\"width\":382,\"height\":170,\"caption\":\"admin\"},\"logo\":{\"@id\":\"https:\/\/luchonoticias.com\/editor\/#\/schema\/person\/image\/\"},\"sameAs\":[\"https:\/\/www.facebook.com\/luchonoticiasneiva\"]},{\"@type\":\"Person\",\"@id\":\"https:\/\/luchonoticias.com\/editor\/#\/schema\/person\/29217990ddf6f14e35912b2866d591fb\",\"name\":\"Editor General\",\"image\":{\"@type\":\"ImageObject\",\"inLanguage\":\"es\",\"@id\":\"https:\/\/luchonoticias.com\/editor\/#\/schema\/person\/image\/\",\"url\":\"https:\/\/luchonoticias.com\/editor\/wp-content\/uploads\/2024\/02\/cropped-cropped-logolu-150x150.webp\",\"contentUrl\":\"https:\/\/luchonoticias.com\/editor\/wp-content\/uploads\/2024\/02\/cropped-cropped-logolu-150x150.webp\",\"caption\":\"Editor General\"},\"sameAs\":[\"https:\/\/luchonoticias.com\/\"],\"url\":\"https:\/\/luchonoticias.com\/editor\/author\/editor-general\/\"}]}<\/script>\n<!-- \/ Yoast SEO plugin. -->","yoast_head_json":{"title":"Campa\u00f1a contra el dengue en la Comuna Diez -","robots":{"index":"index","follow":"follow","max-snippet":"max-snippet:-1","max-image-preview":"max-image-preview:large","max-video-preview":"max-video-preview:-1"},"canonical":"https:\/\/luchonoticias.com\/editor\/campana-contra-el-dengue-en-la-comuna-diez\/","og_locale":"es_ES","og_type":"article","og_title":"Campa\u00f1a contra el dengue en la Comuna Diez -","og_url":"https:\/\/luchonoticias.com\/editor\/campana-contra-el-dengue-en-la-comuna-diez\/","article_publisher":"https:\/\/www.facebook.com\/luchonoticiasneiva","article_published_time":"2024-04-17T21:15:16+00:00","og_image":[{"width":700,"height":400,"url":"https:\/\/luchonoticias.com\/editor\/wp-content\/uploads\/2024\/04\/dengue-neiva.jpg","type":"image\/jpeg"}],"author":"Editor General","twitter_card":"summary_large_image","twitter_misc":{"Escrito por":"Editor General","Tiempo de lectura":"2 minutos"},"schema":{"@context":"https:\/\/schema.org","@graph":[{"@type":"Article","@id":"https:\/\/luchonoticias.com\/editor\/campana-contra-el-dengue-en-la-comuna-diez\/#article","isPartOf":{"@id":"https:\/\/luchonoticias.com\/editor\/campana-contra-el-dengue-en-la-comuna-diez\/"},"author":{"name":"Editor General","@id":"https:\/\/luchonoticias.com\/editor\/#\/schema\/person\/29217990ddf6f14e35912b2866d591fb"},"headline":"Campa\u00f1a contra el dengue en la Comuna Diez","datePublished":"2024-04-17T21:15:16+00:00","mainEntityOfPage":{"@id":"https:\/\/luchonoticias.com\/editor\/campana-contra-el-dengue-en-la-comuna-diez\/"},"wordCount":338,"publisher":{"@id":"https:\/\/luchonoticias.com\/editor\/#\/schema\/person\/7a7fd911f58561fd056dbac7b55af9cd"},"image":{"@id":"https:\/\/luchonoticias.com\/editor\/campana-contra-el-dengue-en-la-comuna-diez\/#primaryimage"},"thumbnailUrl":"https:\/\/luchonoticias.com\/editor\/wp-content\/uploads\/2024\/04\/dengue-neiva.jpg","articleSection":["Local"],"inLanguage":"es"},{"@type":"WebPage","@id":"https:\/\/luchonoticias.com\/editor\/campana-contra-el-dengue-en-la-comuna-diez\/","url":"https:\/\/luchonoticias.com\/editor\/campana-contra-el-dengue-en-la-comuna-diez\/","name":"Campa\u00f1a contra el dengue en la Comuna Diez -","isPartOf":{"@id":"https:\/\/luchonoticias.com\/editor\/#website"},"primaryImageOfPage":{"@id":"https:\/\/luchonoticias.com\/editor\/campana-contra-el-dengue-en-la-comuna-diez\/#primaryimage"},"image":{"@id":"https:\/\/luchonoticias.com\/editor\/campana-contra-el-dengue-en-la-comuna-diez\/#primaryimage"},"thumbnailUrl":"https:\/\/luchonoticias.com\/editor\/wp-content\/uploads\/2024\/04\/dengue-neiva.jpg","datePublished":"2024-04-17T21:15:16+00:00","breadcrumb":{"@id":"https:\/\/luchonoticias.com\/editor\/campana-contra-el-dengue-en-la-comuna-diez\/#breadcrumb"},"inLanguage":"es","potentialAction":[{"@type":"ReadAction","target":["https:\/\/luchonoticias.com\/editor\/campana-contra-el-dengue-en-la-comuna-diez\/"]}]},{"@type":"ImageObject","inLanguage":"es","@id":"https:\/\/luchonoticias.com\/editor\/campana-contra-el-dengue-en-la-comuna-diez\/#primaryimage","url":"https:\/\/luchonoticias.com\/editor\/wp-content\/uploads\/2024\/04\/dengue-neiva.jpg","contentUrl":"https:\/\/luchonoticias.com\/editor\/wp-content\/uploads\/2024\/04\/dengue-neiva.jpg","width":700,"height":400},{"@type":"BreadcrumbList","@id":"https:\/\/luchonoticias.com\/editor\/campana-contra-el-dengue-en-la-comuna-diez\/#breadcrumb","itemListElement":[{"@type":"ListItem","position":1,"name":"Portada","item":"https:\/\/luchonoticias.com\/editor\/"},{"@type":"ListItem","position":2,"name":"Campa\u00f1a contra el dengue en la Comuna Diez"}]},{"@type":"WebSite","@id":"https:\/\/luchonoticias.com\/editor\/#website","url":"https:\/\/luchonoticias.com\/editor\/","name":"","description":"","publisher":{"@id":"https:\/\/luchonoticias.com\/editor\/#\/schema\/person\/7a7fd911f58561fd056dbac7b55af9cd"},"potentialAction":[{"@type":"SearchAction","target":{"@type":"EntryPoint","urlTemplate":"https:\/\/luchonoticias.com\/editor\/?s={search_term_string}"},"query-input":{"@type":"PropertyValueSpecification","valueRequired":true,"valueName":"search_term_string"}}],"inLanguage":"es"},{"@type":["Person","Organization"],"@id":"https:\/\/luchonoticias.com\/editor\/#\/schema\/person\/7a7fd911f58561fd056dbac7b55af9cd","name":"admin","image":{"@type":"ImageObject","inLanguage":"es","@id":"https:\/\/luchonoticias.com\/editor\/#\/schema\/person\/image\/","url":"https:\/\/luchonoticias.com\/editor\/wp-content\/uploads\/2024\/02\/cropped-cropped-logolu.webp","contentUrl":"https:\/\/luchonoticias.com\/editor\/wp-content\/uploads\/2024\/02\/cropped-cropped-logolu.webp","width":382,"height":170,"caption":"admin"},"logo":{"@id":"https:\/\/luchonoticias.com\/editor\/#\/schema\/person\/image\/"},"sameAs":["https:\/\/www.facebook.com\/luchonoticiasneiva"]},{"@type":"Person","@id":"https:\/\/luchonoticias.com\/editor\/#\/schema\/person\/29217990ddf6f14e35912b2866d591fb","name":"Editor General","image":{"@type":"ImageObject","inLanguage":"es","@id":"https:\/\/luchonoticias.com\/editor\/#\/schema\/person\/image\/","url":"https:\/\/luchonoticias.com\/editor\/wp-content\/uploads\/2024\/02\/cropped-cropped-logolu-150x150.webp","contentUrl":"https:\/\/luchonoticias.com\/editor\/wp-content\/uploads\/2024\/02\/cropped-cropped-logolu-150x150.webp","caption":"Editor General"},"sameAs":["https:\/\/luchonoticias.com\/"],"url":"https:\/\/luchonoticias.com\/editor\/author\/editor-general\/"}]}},"_links":{"self":[{"href":"https:\/\/luchonoticias.com\/editor\/wp-json\/wp\/v2\/posts\/72204","targetHints":{"allow":["GET"]}}],"collection":[{"href":"https:\/\/luchonoticias.com\/editor\/wp-json\/wp\/v2\/posts"}],"about":[{"href":"https:\/\/luchonoticias.com\/editor\/wp-json\/wp\/v2\/types\/post"}],"author":[{"embeddable":true,"href":"https:\/\/luchonoticias.com\/editor\/wp-json\/wp\/v2\/users\/2"}],"replies":[{"embeddable":true,"href":"https:\/\/luchonoticias.com\/editor\/wp-json\/wp\/v2\/comments?post=72204"}],"version-history":[{"count":0,"href":"https:\/\/luchonoticias.com\/editor\/wp-json\/wp\/v2\/posts\/72204\/revisions"}],"wp:featuredmedia":[{"embeddable":true,"href":"https:\/\/luchonoticias.com\/editor\/wp-json\/wp\/v2\/media\/72205"}],"wp:attachment":[{"href":"https:\/\/luchonoticias.com\/editor\/wp-json\/wp\/v2\/media?parent=72204"}],"wp:term":[{"taxonomy":"category","embeddable":true,"href":"https:\/\/luchonoticias.com\/editor\/wp-json\/wp\/v2\/categories?post=72204"},{"taxonomy":"post_tag","embeddable":true,"href":"https:\/\/luchonoticias.com\/editor\/wp-json\/wp\/v2\/tags?post=72204"}],"curies":[{"name":"wp","href":"https:\/\/api.w.org\/{rel}","templated":true}]}}