{"id":72208,"date":"2024-04-17T18:57:06","date_gmt":"2024-04-17T23:57:06","guid":{"rendered":"https:\/\/luchonoticias.com\/?p=72208"},"modified":"2024-04-17T18:57:06","modified_gmt":"2024-04-17T23:57:06","slug":"huila-presentado-como-departamento-invitado-en-la-feria-del-libro","status":"publish","type":"post","link":"https:\/\/luchonoticias.com\/editor\/huila-presentado-como-departamento-invitado-en-la-feria-del-libro\/","title":{"rendered":"Huila, presentado como departamento invitado en la Feria del Libro"},"content":{"rendered":"<p>La edici\u00f3n 36\u00b0 de la Feria Internacional del Libro, uno de los eventos culturales m\u00e1s esperados del a\u00f1o, inici\u00f3 hoy de manera oficial y en su apertura, la directora de la FILBo, Adriana \u00c1ngel, junto con el Gobernador del Huila, Rodrigo Villalba Mosquera, dieron especial bienvenida a cientos de visitantes y medios nacionales e internacionales a lo que ser\u00e1 la principal fiesta para los amantes de los libros y la academia.<\/p>\n<p>Con el tradicional corte de cinta, se inaugur\u00f3 el Pabell\u00f3n Colombia en Corferias donde propios y visitantes podr\u00e1n acudir al stand del Huila (302) que expone la magia del centenario de La Vor\u00e1gine y la riqueza cultural de nuestro departamento que oficia como invitado, junto a Neiva, destino literario y Brasil, pa\u00eds invitado de honor.<\/p>\n<p>\u201cEstamos felices en la inauguraci\u00f3n de este pabell\u00f3n jard\u00edn de saberes alrededor de la Feria Internacional del Libro Bogot\u00e1 2024, donde Brasil es el pa\u00eds invitado y el Huila es el departamento invitado. Emocionados por lo que vemos, el homenaje a Jos\u00e9 Eustasio Rivera y a La Vor\u00e1gine en sus 100 a\u00f1os, orgullo literario de nuestra regi\u00f3n\u201d, afirm\u00f3 el primer mandatario huilense, Rodrigo Villalba.<\/p>\n<p>Adem\u00e1s de resaltar la presencia de nuestro departamento en el recinto literario m\u00e1s importante del pa\u00eds, el gobernador de los huilenses reconoci\u00f3 la presencia de la naturaleza y los estilos de vida innovadores, en entornos de ciencia, diversidad y cultura, resaltando la colombianidad.<\/p>\n<p>M\u00e1s de 1.000 libros a la venta, la promoci\u00f3n de 52 autores regionales que fueron elegidos gracias a convocatoria p\u00fablica, estar\u00e1n haciendo parte de la agenda acad\u00e9mica y literaria de la Feria durante los pr\u00f3ximos 15 d\u00edas.<\/p>\n<p>La invitaci\u00f3n es para que los huilenses, bogotanos y colombianos sean part\u00edcipes de este importante espacio cultural, que prometen dar un fest\u00edn literario a los amantes de la lectura local, regional, nacional e internacional.<\/p>\n","protected":false},"excerpt":{"rendered":"<p>La edici\u00f3n 36\u00b0 de la Feria Internacional del Libro, uno de los eventos culturales m\u00e1s esperados del a\u00f1o, inici\u00f3 hoy de manera oficial y en su apertura, la directora de la FILBo, Adriana \u00c1ngel, junto con el Gobernador del Huila, Rodrigo Villalba Mosquera, dieron especial bienvenida a cientos de visitantes y medios nacionales e internacionales [&hellip;]<\/p>\n","protected":false},"author":2,"featured_media":72209,"comment_status":"closed","ping_status":"open","sticky":false,"template":"","format":"standard","meta":{"footnotes":""},"categories":[33],"tags":[],"class_list":["post-72208","post","type-post","status-publish","format-standard","has-post-thumbnail","hentry","category-huila"],"yoast_head":"<!-- This site is optimized with the Yoast SEO plugin v26.6 - https:\/\/yoast.com\/wordpress\/plugins\/seo\/ -->\n<title>Huila, presentado como departamento invitado en la Feria del Libro -<\/title>\n<meta name=\"robots\" content=\"index, follow, max-snippet:-1, max-image-preview:large, max-video-preview:-1\" \/>\n<link rel=\"canonical\" href=\"https:\/\/luchonoticias.com\/editor\/huila-presentado-como-departamento-invitado-en-la-feria-del-libro\/\" \/>\n<meta property=\"og:locale\" content=\"es_ES\" \/>\n<meta property=\"og:type\" content=\"article\" \/>\n<meta property=\"og:title\" content=\"Huila, presentado como departamento invitado en la Feria del Libro -\" \/>\n<meta property=\"og:url\" content=\"https:\/\/luchonoticias.com\/editor\/huila-presentado-como-departamento-invitado-en-la-feria-del-libro\/\" \/>\n<meta property=\"article:publisher\" content=\"https:\/\/www.facebook.com\/luchonoticiasneiva\" \/>\n<meta property=\"article:published_time\" content=\"2024-04-17T23:57:06+00:00\" \/>\n<meta property=\"og:image\" content=\"https:\/\/luchonoticias.com\/editor\/wp-content\/uploads\/2024\/04\/huila-filbo.jpg\" \/>\n\t<meta property=\"og:image:width\" content=\"700\" \/>\n\t<meta property=\"og:image:height\" content=\"400\" \/>\n\t<meta property=\"og:image:type\" content=\"image\/jpeg\" \/>\n<meta name=\"author\" content=\"Editor General\" \/>\n<meta name=\"twitter:card\" content=\"summary_large_image\" \/>\n<meta name=\"twitter:label1\" content=\"Escrito por\" \/>\n\t<meta name=\"twitter:data1\" content=\"Editor General\" \/>\n\t<meta name=\"twitter:label2\" content=\"Tiempo de lectura\" \/>\n\t<meta name=\"twitter:data2\" content=\"2 minutos\" \/>\n<script type=\"application\/ld+json\" class=\"yoast-schema-graph\">{\"@context\":\"https:\/\/schema.org\",\"@graph\":[{\"@type\":\"Article\",\"@id\":\"https:\/\/luchonoticias.com\/editor\/huila-presentado-como-departamento-invitado-en-la-feria-del-libro\/#article\",\"isPartOf\":{\"@id\":\"https:\/\/luchonoticias.com\/editor\/huila-presentado-como-departamento-invitado-en-la-feria-del-libro\/\"},\"author\":{\"name\":\"Editor General\",\"@id\":\"https:\/\/luchonoticias.com\/editor\/#\/schema\/person\/29217990ddf6f14e35912b2866d591fb\"},\"headline\":\"Huila, presentado como departamento invitado en la Feria del Libro\",\"datePublished\":\"2024-04-17T23:57:06+00:00\",\"mainEntityOfPage\":{\"@id\":\"https:\/\/luchonoticias.com\/editor\/huila-presentado-como-departamento-invitado-en-la-feria-del-libro\/\"},\"wordCount\":334,\"publisher\":{\"@id\":\"https:\/\/luchonoticias.com\/editor\/#\/schema\/person\/7a7fd911f58561fd056dbac7b55af9cd\"},\"image\":{\"@id\":\"https:\/\/luchonoticias.com\/editor\/huila-presentado-como-departamento-invitado-en-la-feria-del-libro\/#primaryimage\"},\"thumbnailUrl\":\"https:\/\/luchonoticias.com\/editor\/wp-content\/uploads\/2024\/04\/huila-filbo.jpg\",\"articleSection\":[\"Huila\"],\"inLanguage\":\"es\"},{\"@type\":\"WebPage\",\"@id\":\"https:\/\/luchonoticias.com\/editor\/huila-presentado-como-departamento-invitado-en-la-feria-del-libro\/\",\"url\":\"https:\/\/luchonoticias.com\/editor\/huila-presentado-como-departamento-invitado-en-la-feria-del-libro\/\",\"name\":\"Huila, presentado como departamento invitado en la Feria del Libro -\",\"isPartOf\":{\"@id\":\"https:\/\/luchonoticias.com\/editor\/#website\"},\"primaryImageOfPage\":{\"@id\":\"https:\/\/luchonoticias.com\/editor\/huila-presentado-como-departamento-invitado-en-la-feria-del-libro\/#primaryimage\"},\"image\":{\"@id\":\"https:\/\/luchonoticias.com\/editor\/huila-presentado-como-departamento-invitado-en-la-feria-del-libro\/#primaryimage\"},\"thumbnailUrl\":\"https:\/\/luchonoticias.com\/editor\/wp-content\/uploads\/2024\/04\/huila-filbo.jpg\",\"datePublished\":\"2024-04-17T23:57:06+00:00\",\"breadcrumb\":{\"@id\":\"https:\/\/luchonoticias.com\/editor\/huila-presentado-como-departamento-invitado-en-la-feria-del-libro\/#breadcrumb\"},\"inLanguage\":\"es\",\"potentialAction\":[{\"@type\":\"ReadAction\",\"target\":[\"https:\/\/luchonoticias.com\/editor\/huila-presentado-como-departamento-invitado-en-la-feria-del-libro\/\"]}]},{\"@type\":\"ImageObject\",\"inLanguage\":\"es\",\"@id\":\"https:\/\/luchonoticias.com\/editor\/huila-presentado-como-departamento-invitado-en-la-feria-del-libro\/#primaryimage\",\"url\":\"https:\/\/luchonoticias.com\/editor\/wp-content\/uploads\/2024\/04\/huila-filbo.jpg\",\"contentUrl\":\"https:\/\/luchonoticias.com\/editor\/wp-content\/uploads\/2024\/04\/huila-filbo.jpg\",\"width\":700,\"height\":400},{\"@type\":\"BreadcrumbList\",\"@id\":\"https:\/\/luchonoticias.com\/editor\/huila-presentado-como-departamento-invitado-en-la-feria-del-libro\/#breadcrumb\",\"itemListElement\":[{\"@type\":\"ListItem\",\"position\":1,\"name\":\"Portada\",\"item\":\"https:\/\/luchonoticias.com\/editor\/\"},{\"@type\":\"ListItem\",\"position\":2,\"name\":\"Huila, presentado como departamento invitado en la Feria del Libro\"}]},{\"@type\":\"WebSite\",\"@id\":\"https:\/\/luchonoticias.com\/editor\/#website\",\"url\":\"https:\/\/luchonoticias.com\/editor\/\",\"name\":\"\",\"description\":\"\",\"publisher\":{\"@id\":\"https:\/\/luchonoticias.com\/editor\/#\/schema\/person\/7a7fd911f58561fd056dbac7b55af9cd\"},\"potentialAction\":[{\"@type\":\"SearchAction\",\"target\":{\"@type\":\"EntryPoint\",\"urlTemplate\":\"https:\/\/luchonoticias.com\/editor\/?s={search_term_string}\"},\"query-input\":{\"@type\":\"PropertyValueSpecification\",\"valueRequired\":true,\"valueName\":\"search_term_string\"}}],\"inLanguage\":\"es\"},{\"@type\":[\"Person\",\"Organization\"],\"@id\":\"https:\/\/luchonoticias.com\/editor\/#\/schema\/person\/7a7fd911f58561fd056dbac7b55af9cd\",\"name\":\"admin\",\"image\":{\"@type\":\"ImageObject\",\"inLanguage\":\"es\",\"@id\":\"https:\/\/luchonoticias.com\/editor\/#\/schema\/person\/image\/\",\"url\":\"https:\/\/luchonoticias.com\/editor\/wp-content\/uploads\/2024\/02\/cropped-cropped-logolu.webp\",\"contentUrl\":\"https:\/\/luchonoticias.com\/editor\/wp-content\/uploads\/2024\/02\/cropped-cropped-logolu.webp\",\"width\":382,\"height\":170,\"caption\":\"admin\"},\"logo\":{\"@id\":\"https:\/\/luchonoticias.com\/editor\/#\/schema\/person\/image\/\"},\"sameAs\":[\"https:\/\/www.facebook.com\/luchonoticiasneiva\"]},{\"@type\":\"Person\",\"@id\":\"https:\/\/luchonoticias.com\/editor\/#\/schema\/person\/29217990ddf6f14e35912b2866d591fb\",\"name\":\"Editor General\",\"image\":{\"@type\":\"ImageObject\",\"inLanguage\":\"es\",\"@id\":\"https:\/\/luchonoticias.com\/editor\/#\/schema\/person\/image\/\",\"url\":\"https:\/\/luchonoticias.com\/editor\/wp-content\/uploads\/2024\/02\/cropped-cropped-logolu-150x150.webp\",\"contentUrl\":\"https:\/\/luchonoticias.com\/editor\/wp-content\/uploads\/2024\/02\/cropped-cropped-logolu-150x150.webp\",\"caption\":\"Editor General\"},\"sameAs\":[\"https:\/\/luchonoticias.com\/\"],\"url\":\"https:\/\/luchonoticias.com\/editor\/author\/editor-general\/\"}]}<\/script>\n<!-- \/ Yoast SEO plugin. -->","yoast_head_json":{"title":"Huila, presentado como departamento invitado en la Feria del Libro -","robots":{"index":"index","follow":"follow","max-snippet":"max-snippet:-1","max-image-preview":"max-image-preview:large","max-video-preview":"max-video-preview:-1"},"canonical":"https:\/\/luchonoticias.com\/editor\/huila-presentado-como-departamento-invitado-en-la-feria-del-libro\/","og_locale":"es_ES","og_type":"article","og_title":"Huila, presentado como departamento invitado en la Feria del Libro -","og_url":"https:\/\/luchonoticias.com\/editor\/huila-presentado-como-departamento-invitado-en-la-feria-del-libro\/","article_publisher":"https:\/\/www.facebook.com\/luchonoticiasneiva","article_published_time":"2024-04-17T23:57:06+00:00","og_image":[{"width":700,"height":400,"url":"https:\/\/luchonoticias.com\/editor\/wp-content\/uploads\/2024\/04\/huila-filbo.jpg","type":"image\/jpeg"}],"author":"Editor General","twitter_card":"summary_large_image","twitter_misc":{"Escrito por":"Editor General","Tiempo de lectura":"2 minutos"},"schema":{"@context":"https:\/\/schema.org","@graph":[{"@type":"Article","@id":"https:\/\/luchonoticias.com\/editor\/huila-presentado-como-departamento-invitado-en-la-feria-del-libro\/#article","isPartOf":{"@id":"https:\/\/luchonoticias.com\/editor\/huila-presentado-como-departamento-invitado-en-la-feria-del-libro\/"},"author":{"name":"Editor General","@id":"https:\/\/luchonoticias.com\/editor\/#\/schema\/person\/29217990ddf6f14e35912b2866d591fb"},"headline":"Huila, presentado como departamento invitado en la Feria del Libro","datePublished":"2024-04-17T23:57:06+00:00","mainEntityOfPage":{"@id":"https:\/\/luchonoticias.com\/editor\/huila-presentado-como-departamento-invitado-en-la-feria-del-libro\/"},"wordCount":334,"publisher":{"@id":"https:\/\/luchonoticias.com\/editor\/#\/schema\/person\/7a7fd911f58561fd056dbac7b55af9cd"},"image":{"@id":"https:\/\/luchonoticias.com\/editor\/huila-presentado-como-departamento-invitado-en-la-feria-del-libro\/#primaryimage"},"thumbnailUrl":"https:\/\/luchonoticias.com\/editor\/wp-content\/uploads\/2024\/04\/huila-filbo.jpg","articleSection":["Huila"],"inLanguage":"es"},{"@type":"WebPage","@id":"https:\/\/luchonoticias.com\/editor\/huila-presentado-como-departamento-invitado-en-la-feria-del-libro\/","url":"https:\/\/luchonoticias.com\/editor\/huila-presentado-como-departamento-invitado-en-la-feria-del-libro\/","name":"Huila, presentado como departamento invitado en la Feria del Libro -","isPartOf":{"@id":"https:\/\/luchonoticias.com\/editor\/#website"},"primaryImageOfPage":{"@id":"https:\/\/luchonoticias.com\/editor\/huila-presentado-como-departamento-invitado-en-la-feria-del-libro\/#primaryimage"},"image":{"@id":"https:\/\/luchonoticias.com\/editor\/huila-presentado-como-departamento-invitado-en-la-feria-del-libro\/#primaryimage"},"thumbnailUrl":"https:\/\/luchonoticias.com\/editor\/wp-content\/uploads\/2024\/04\/huila-filbo.jpg","datePublished":"2024-04-17T23:57:06+00:00","breadcrumb":{"@id":"https:\/\/luchonoticias.com\/editor\/huila-presentado-como-departamento-invitado-en-la-feria-del-libro\/#breadcrumb"},"inLanguage":"es","potentialAction":[{"@type":"ReadAction","target":["https:\/\/luchonoticias.com\/editor\/huila-presentado-como-departamento-invitado-en-la-feria-del-libro\/"]}]},{"@type":"ImageObject","inLanguage":"es","@id":"https:\/\/luchonoticias.com\/editor\/huila-presentado-como-departamento-invitado-en-la-feria-del-libro\/#primaryimage","url":"https:\/\/luchonoticias.com\/editor\/wp-content\/uploads\/2024\/04\/huila-filbo.jpg","contentUrl":"https:\/\/luchonoticias.com\/editor\/wp-content\/uploads\/2024\/04\/huila-filbo.jpg","width":700,"height":400},{"@type":"BreadcrumbList","@id":"https:\/\/luchonoticias.com\/editor\/huila-presentado-como-departamento-invitado-en-la-feria-del-libro\/#breadcrumb","itemListElement":[{"@type":"ListItem","position":1,"name":"Portada","item":"https:\/\/luchonoticias.com\/editor\/"},{"@type":"ListItem","position":2,"name":"Huila, presentado como departamento invitado en la Feria del Libro"}]},{"@type":"WebSite","@id":"https:\/\/luchonoticias.com\/editor\/#website","url":"https:\/\/luchonoticias.com\/editor\/","name":"","description":"","publisher":{"@id":"https:\/\/luchonoticias.com\/editor\/#\/schema\/person\/7a7fd911f58561fd056dbac7b55af9cd"},"potentialAction":[{"@type":"SearchAction","target":{"@type":"EntryPoint","urlTemplate":"https:\/\/luchonoticias.com\/editor\/?s={search_term_string}"},"query-input":{"@type":"PropertyValueSpecification","valueRequired":true,"valueName":"search_term_string"}}],"inLanguage":"es"},{"@type":["Person","Organization"],"@id":"https:\/\/luchonoticias.com\/editor\/#\/schema\/person\/7a7fd911f58561fd056dbac7b55af9cd","name":"admin","image":{"@type":"ImageObject","inLanguage":"es","@id":"https:\/\/luchonoticias.com\/editor\/#\/schema\/person\/image\/","url":"https:\/\/luchonoticias.com\/editor\/wp-content\/uploads\/2024\/02\/cropped-cropped-logolu.webp","contentUrl":"https:\/\/luchonoticias.com\/editor\/wp-content\/uploads\/2024\/02\/cropped-cropped-logolu.webp","width":382,"height":170,"caption":"admin"},"logo":{"@id":"https:\/\/luchonoticias.com\/editor\/#\/schema\/person\/image\/"},"sameAs":["https:\/\/www.facebook.com\/luchonoticiasneiva"]},{"@type":"Person","@id":"https:\/\/luchonoticias.com\/editor\/#\/schema\/person\/29217990ddf6f14e35912b2866d591fb","name":"Editor General","image":{"@type":"ImageObject","inLanguage":"es","@id":"https:\/\/luchonoticias.com\/editor\/#\/schema\/person\/image\/","url":"https:\/\/luchonoticias.com\/editor\/wp-content\/uploads\/2024\/02\/cropped-cropped-logolu-150x150.webp","contentUrl":"https:\/\/luchonoticias.com\/editor\/wp-content\/uploads\/2024\/02\/cropped-cropped-logolu-150x150.webp","caption":"Editor General"},"sameAs":["https:\/\/luchonoticias.com\/"],"url":"https:\/\/luchonoticias.com\/editor\/author\/editor-general\/"}]}},"_links":{"self":[{"href":"https:\/\/luchonoticias.com\/editor\/wp-json\/wp\/v2\/posts\/72208","targetHints":{"allow":["GET"]}}],"collection":[{"href":"https:\/\/luchonoticias.com\/editor\/wp-json\/wp\/v2\/posts"}],"about":[{"href":"https:\/\/luchonoticias.com\/editor\/wp-json\/wp\/v2\/types\/post"}],"author":[{"embeddable":true,"href":"https:\/\/luchonoticias.com\/editor\/wp-json\/wp\/v2\/users\/2"}],"replies":[{"embeddable":true,"href":"https:\/\/luchonoticias.com\/editor\/wp-json\/wp\/v2\/comments?post=72208"}],"version-history":[{"count":0,"href":"https:\/\/luchonoticias.com\/editor\/wp-json\/wp\/v2\/posts\/72208\/revisions"}],"wp:featuredmedia":[{"embeddable":true,"href":"https:\/\/luchonoticias.com\/editor\/wp-json\/wp\/v2\/media\/72209"}],"wp:attachment":[{"href":"https:\/\/luchonoticias.com\/editor\/wp-json\/wp\/v2\/media?parent=72208"}],"wp:term":[{"taxonomy":"category","embeddable":true,"href":"https:\/\/luchonoticias.com\/editor\/wp-json\/wp\/v2\/categories?post=72208"},{"taxonomy":"post_tag","embeddable":true,"href":"https:\/\/luchonoticias.com\/editor\/wp-json\/wp\/v2\/tags?post=72208"}],"curies":[{"name":"wp","href":"https:\/\/api.w.org\/{rel}","templated":true}]}}