{"id":72211,"date":"2024-04-18T05:19:04","date_gmt":"2024-04-18T10:19:04","guid":{"rendered":"https:\/\/luchonoticias.com\/?p=72211"},"modified":"2024-04-18T05:19:04","modified_gmt":"2024-04-18T10:19:04","slug":"neiva-y-su-agenda-por-la-paz","status":"publish","type":"post","link":"https:\/\/luchonoticias.com\/editor\/neiva-y-su-agenda-por-la-paz\/","title":{"rendered":"Neiva y su agenda por la paz"},"content":{"rendered":"<p>Una nutrida agenda acad\u00e9mica, deportiva y de emprendimiento tendr\u00e1 \u2018PAZando la p\u00e1gina &#8211; Neiva habla de Paz\u2019, un evento sin precedentes que se desarrollar\u00e1 en la capital del departamento del Huila que tiene como objetivo, disponer en la agenda medi\u00e1tica la construcci\u00f3n de paz en el territorio, la reconciliaci\u00f3n y la memoria de las v\u00edctimas que ha dejado el conflicto armado en el pa\u00eds.<\/p>\n<p>La agenda comenzar\u00e1 hoy con un encuentro deportivo llamado \u2018Partido de f\u00fatbol por la Reconciliaci\u00f3n\u2019, en el que a trav\u00e9s de un \u2018amistoso\u2019 entre hijos de poblaci\u00f3n v\u00edctima e hijos de poblaci\u00f3n firmante se har\u00e1 el proceso de conciliaci\u00f3n.<\/p>\n<p>En esta jornada l\u00fadico-deportiva, el prop\u00f3sito es generar uni\u00f3n e incentivar la participaci\u00f3n de poblaciones que han estado inmersas y afectadas en el marco de la violencia de los territorios.<\/p>\n<p>Asimismo, el viernes 19 de abril, la jornada iniciar\u00e1 con la feria institucional y de emprendimiento de la poblaci\u00f3n v\u00edctima del conflicto y entidades que apoyan el evento, en el que con 40 stands, se dar\u00e1n a conocer los proyectos productivos de esta poblaci\u00f3n, con el fin de generar venta directa e impulsar alianzas a un futuro cercano.<\/p>\n<p>\u201cEl evento \u2018PAZando la p\u00e1gina\u2019 es una actividad, un encuentro que la Administraci\u00f3n Municipal a trav\u00e9s de la Secretar\u00eda de Paz y Derechos Humanos, ha venido articulando con diferentes instituciones precisamente para ponerle una mirada a la paz, pero especialmente a la v\u00edctimas del conflicto armado. Aqu\u00ed es v\u00e1lido mencionar el encuentro ferial en la plataforma de la C\u00e1mara de Comercio, all\u00ed las v\u00edctimas del conflicto pueden mostrar sus unidades productivas y darle a conocer a los neivanos, que el mejor camino es apostarle a la paz a trav\u00e9s de sus emprendimientos\u201d, afirm\u00f3 Jorge Lozano Mestre, secretario de Paz y Derechos Humanos.<\/p>\n<p>Este evento es posible gracias al apoyo de entidades como la Personer\u00eda de Neiva, la C\u00e1mara de Comercio del Huila, el Ministerio del Interior, Cruz Roja, la Jurisdicci\u00f3n Especial para la Paz, JEP, la Defensor\u00eda del Pueblo, la Universidad Cooperativa, la Gobernaci\u00f3n del Huila, Fundaci\u00f3n Nacional Batuta, Polic\u00eda Nacional, Las Ceibas Empresas P\u00fablicas de Neiva, ESE Carmen Emilia Ospina, Unidad de B\u00fasqueda de Personas Dadas por Desaparecidas, Unidad para las V\u00edctimas, Ej\u00e9rcito Nacional, Agencia de Normalizaci\u00f3n y Reincorporaci\u00f3n, ARN, Unidad Solidaria y Corporaci\u00f3n Red de Instituciones de Educaci\u00f3n Superior del Huila.<\/p>\n<p>As\u00ed mismo, la Alcald\u00eda de Neiva, a trav\u00e9s de las Secretar\u00edas de Educaci\u00f3n, Salud, Deportes, Mujer, Infancia y Adolescencia, Competitividad y General, tambi\u00e9n estar\u00e1n presentes apoyando dicho evento.<\/p>\n<p><strong>Nutrida agenda acad\u00e9mica y cultural<\/strong><\/p>\n<p>En el auditorio empresarial de la C\u00e1mara de Comercio, ubicado en el tercer piso, comenzar\u00e1 la agenda acad\u00e9mica, que tendr\u00e1 como apertura el conversatorio \u2018Vamos a hablar de Paz\u2019, seguido a ello, se har\u00e1 la charla \u2018El poder transformador de las v\u00edctimas\u2019, en donde, cabe resaltar, se har\u00e1 la entrega de cartas de indemnizaci\u00f3n a v\u00edctimas del conflicto.<\/p>\n<p>Despu\u00e9s, en horas de la tarde, se realizar\u00e1 la conferencia \u2018La b\u00fasqueda en el Huila: memoria por la dignificaci\u00f3n de las familias buscadoras\u2019, dirigida por la Unidad de B\u00fasqueda de Personas dadas por Desaparecidas, UBPD. Despu\u00e9s el evento seguir\u00e1 con un acto simb\u00f3lico dirigido por el Batall\u00f3n de Ingenieros de Desminado Humanitario No. 5, en donde se pretende generar conciencia por el D\u00eda Internacional para la Sensibilizaci\u00f3n contra las Minas Antipersonal, que se conmemor\u00f3 el pasado 4 de abril.<\/p>\n<p>La jornada finalizar\u00e1 con un acto simb\u00f3lico con la Fundaci\u00f3n para el Desarrollo en Justicia y Paz, FundaPaz, que, junto con la Secretar\u00eda de Paz y Derechos Humanos, busca aportar a la reparaci\u00f3n y memoria con las v\u00edctimas del conflicto, contribuyendo as\u00ed, a la construcci\u00f3n de paz.<\/p>\n<p>\u201cLa invitaci\u00f3n es para que todos los neivanos, todas la personas, vayamos a estas actividades, tenemos charlas y conferencias muy interesantes, aqu\u00ed lo importante es que le apostemos a la paz, pero tambi\u00e9n para que podamos incentivar la reconstrucci\u00f3n social a trav\u00e9s de la pertinencia en nuestro Municipio como sociedad, apoyando, consigo, a la poblaci\u00f3n v\u00edctima del conflicto armado\u201d, concluy\u00f3 el secretario de Paz y Derechos Humanos, Jorge Lozano Mestre.<\/p>\n","protected":false},"excerpt":{"rendered":"<p>Una nutrida agenda acad\u00e9mica, deportiva y de emprendimiento tendr\u00e1 \u2018PAZando la p\u00e1gina &#8211; Neiva habla de Paz\u2019, un evento sin precedentes que se desarrollar\u00e1 en la capital del departamento del Huila que tiene como objetivo, disponer en la agenda medi\u00e1tica la construcci\u00f3n de paz en el territorio, la reconciliaci\u00f3n y la memoria de las v\u00edctimas [&hellip;]<\/p>\n","protected":false},"author":2,"featured_media":72212,"comment_status":"closed","ping_status":"open","sticky":false,"template":"","format":"standard","meta":{"footnotes":""},"categories":[32],"tags":[],"class_list":["post-72211","post","type-post","status-publish","format-standard","has-post-thumbnail","hentry","category-nacional"],"yoast_head":"<!-- This site is optimized with the Yoast SEO plugin v26.6 - https:\/\/yoast.com\/wordpress\/plugins\/seo\/ -->\n<title>Neiva y su agenda por la paz -<\/title>\n<meta name=\"robots\" content=\"index, follow, max-snippet:-1, max-image-preview:large, max-video-preview:-1\" \/>\n<link rel=\"canonical\" href=\"https:\/\/luchonoticias.com\/editor\/neiva-y-su-agenda-por-la-paz\/\" \/>\n<meta property=\"og:locale\" content=\"es_ES\" \/>\n<meta property=\"og:type\" content=\"article\" \/>\n<meta property=\"og:title\" content=\"Neiva y su agenda por la paz -\" \/>\n<meta property=\"og:url\" content=\"https:\/\/luchonoticias.com\/editor\/neiva-y-su-agenda-por-la-paz\/\" \/>\n<meta property=\"article:publisher\" content=\"https:\/\/www.facebook.com\/luchonoticiasneiva\" \/>\n<meta property=\"article:published_time\" content=\"2024-04-18T10:19:04+00:00\" \/>\n<meta property=\"og:image\" content=\"https:\/\/luchonoticias.com\/editor\/wp-content\/uploads\/2024\/04\/feira.jpg\" \/>\n\t<meta property=\"og:image:width\" content=\"700\" \/>\n\t<meta property=\"og:image:height\" content=\"400\" \/>\n\t<meta property=\"og:image:type\" content=\"image\/jpeg\" \/>\n<meta name=\"author\" content=\"Editor General\" \/>\n<meta name=\"twitter:card\" content=\"summary_large_image\" \/>\n<meta name=\"twitter:label1\" content=\"Escrito por\" \/>\n\t<meta name=\"twitter:data1\" content=\"Editor General\" \/>\n\t<meta name=\"twitter:label2\" content=\"Tiempo de lectura\" \/>\n\t<meta name=\"twitter:data2\" content=\"4 minutos\" \/>\n<script type=\"application\/ld+json\" class=\"yoast-schema-graph\">{\"@context\":\"https:\/\/schema.org\",\"@graph\":[{\"@type\":\"Article\",\"@id\":\"https:\/\/luchonoticias.com\/editor\/neiva-y-su-agenda-por-la-paz\/#article\",\"isPartOf\":{\"@id\":\"https:\/\/luchonoticias.com\/editor\/neiva-y-su-agenda-por-la-paz\/\"},\"author\":{\"name\":\"Editor General\",\"@id\":\"https:\/\/luchonoticias.com\/editor\/#\/schema\/person\/29217990ddf6f14e35912b2866d591fb\"},\"headline\":\"Neiva y su agenda por la paz\",\"datePublished\":\"2024-04-18T10:19:04+00:00\",\"mainEntityOfPage\":{\"@id\":\"https:\/\/luchonoticias.com\/editor\/neiva-y-su-agenda-por-la-paz\/\"},\"wordCount\":753,\"publisher\":{\"@id\":\"https:\/\/luchonoticias.com\/editor\/#\/schema\/person\/7a7fd911f58561fd056dbac7b55af9cd\"},\"image\":{\"@id\":\"https:\/\/luchonoticias.com\/editor\/neiva-y-su-agenda-por-la-paz\/#primaryimage\"},\"thumbnailUrl\":\"https:\/\/luchonoticias.com\/editor\/wp-content\/uploads\/2024\/04\/feira.jpg\",\"articleSection\":[\"Nacional\"],\"inLanguage\":\"es\"},{\"@type\":\"WebPage\",\"@id\":\"https:\/\/luchonoticias.com\/editor\/neiva-y-su-agenda-por-la-paz\/\",\"url\":\"https:\/\/luchonoticias.com\/editor\/neiva-y-su-agenda-por-la-paz\/\",\"name\":\"Neiva y su agenda por la paz -\",\"isPartOf\":{\"@id\":\"https:\/\/luchonoticias.com\/editor\/#website\"},\"primaryImageOfPage\":{\"@id\":\"https:\/\/luchonoticias.com\/editor\/neiva-y-su-agenda-por-la-paz\/#primaryimage\"},\"image\":{\"@id\":\"https:\/\/luchonoticias.com\/editor\/neiva-y-su-agenda-por-la-paz\/#primaryimage\"},\"thumbnailUrl\":\"https:\/\/luchonoticias.com\/editor\/wp-content\/uploads\/2024\/04\/feira.jpg\",\"datePublished\":\"2024-04-18T10:19:04+00:00\",\"breadcrumb\":{\"@id\":\"https:\/\/luchonoticias.com\/editor\/neiva-y-su-agenda-por-la-paz\/#breadcrumb\"},\"inLanguage\":\"es\",\"potentialAction\":[{\"@type\":\"ReadAction\",\"target\":[\"https:\/\/luchonoticias.com\/editor\/neiva-y-su-agenda-por-la-paz\/\"]}]},{\"@type\":\"ImageObject\",\"inLanguage\":\"es\",\"@id\":\"https:\/\/luchonoticias.com\/editor\/neiva-y-su-agenda-por-la-paz\/#primaryimage\",\"url\":\"https:\/\/luchonoticias.com\/editor\/wp-content\/uploads\/2024\/04\/feira.jpg\",\"contentUrl\":\"https:\/\/luchonoticias.com\/editor\/wp-content\/uploads\/2024\/04\/feira.jpg\",\"width\":700,\"height\":400},{\"@type\":\"BreadcrumbList\",\"@id\":\"https:\/\/luchonoticias.com\/editor\/neiva-y-su-agenda-por-la-paz\/#breadcrumb\",\"itemListElement\":[{\"@type\":\"ListItem\",\"position\":1,\"name\":\"Portada\",\"item\":\"https:\/\/luchonoticias.com\/editor\/\"},{\"@type\":\"ListItem\",\"position\":2,\"name\":\"Neiva y su agenda por la paz\"}]},{\"@type\":\"WebSite\",\"@id\":\"https:\/\/luchonoticias.com\/editor\/#website\",\"url\":\"https:\/\/luchonoticias.com\/editor\/\",\"name\":\"\",\"description\":\"\",\"publisher\":{\"@id\":\"https:\/\/luchonoticias.com\/editor\/#\/schema\/person\/7a7fd911f58561fd056dbac7b55af9cd\"},\"potentialAction\":[{\"@type\":\"SearchAction\",\"target\":{\"@type\":\"EntryPoint\",\"urlTemplate\":\"https:\/\/luchonoticias.com\/editor\/?s={search_term_string}\"},\"query-input\":{\"@type\":\"PropertyValueSpecification\",\"valueRequired\":true,\"valueName\":\"search_term_string\"}}],\"inLanguage\":\"es\"},{\"@type\":[\"Person\",\"Organization\"],\"@id\":\"https:\/\/luchonoticias.com\/editor\/#\/schema\/person\/7a7fd911f58561fd056dbac7b55af9cd\",\"name\":\"admin\",\"image\":{\"@type\":\"ImageObject\",\"inLanguage\":\"es\",\"@id\":\"https:\/\/luchonoticias.com\/editor\/#\/schema\/person\/image\/\",\"url\":\"https:\/\/luchonoticias.com\/editor\/wp-content\/uploads\/2024\/02\/cropped-cropped-logolu.webp\",\"contentUrl\":\"https:\/\/luchonoticias.com\/editor\/wp-content\/uploads\/2024\/02\/cropped-cropped-logolu.webp\",\"width\":382,\"height\":170,\"caption\":\"admin\"},\"logo\":{\"@id\":\"https:\/\/luchonoticias.com\/editor\/#\/schema\/person\/image\/\"},\"sameAs\":[\"https:\/\/www.facebook.com\/luchonoticiasneiva\"]},{\"@type\":\"Person\",\"@id\":\"https:\/\/luchonoticias.com\/editor\/#\/schema\/person\/29217990ddf6f14e35912b2866d591fb\",\"name\":\"Editor General\",\"image\":{\"@type\":\"ImageObject\",\"inLanguage\":\"es\",\"@id\":\"https:\/\/luchonoticias.com\/editor\/#\/schema\/person\/image\/\",\"url\":\"https:\/\/luchonoticias.com\/editor\/wp-content\/uploads\/2024\/02\/cropped-cropped-logolu-150x150.webp\",\"contentUrl\":\"https:\/\/luchonoticias.com\/editor\/wp-content\/uploads\/2024\/02\/cropped-cropped-logolu-150x150.webp\",\"caption\":\"Editor General\"},\"sameAs\":[\"https:\/\/luchonoticias.com\/\"],\"url\":\"https:\/\/luchonoticias.com\/editor\/author\/editor-general\/\"}]}<\/script>\n<!-- \/ Yoast SEO plugin. -->","yoast_head_json":{"title":"Neiva y su agenda por la paz -","robots":{"index":"index","follow":"follow","max-snippet":"max-snippet:-1","max-image-preview":"max-image-preview:large","max-video-preview":"max-video-preview:-1"},"canonical":"https:\/\/luchonoticias.com\/editor\/neiva-y-su-agenda-por-la-paz\/","og_locale":"es_ES","og_type":"article","og_title":"Neiva y su agenda por la paz -","og_url":"https:\/\/luchonoticias.com\/editor\/neiva-y-su-agenda-por-la-paz\/","article_publisher":"https:\/\/www.facebook.com\/luchonoticiasneiva","article_published_time":"2024-04-18T10:19:04+00:00","og_image":[{"width":700,"height":400,"url":"https:\/\/luchonoticias.com\/editor\/wp-content\/uploads\/2024\/04\/feira.jpg","type":"image\/jpeg"}],"author":"Editor General","twitter_card":"summary_large_image","twitter_misc":{"Escrito por":"Editor General","Tiempo de lectura":"4 minutos"},"schema":{"@context":"https:\/\/schema.org","@graph":[{"@type":"Article","@id":"https:\/\/luchonoticias.com\/editor\/neiva-y-su-agenda-por-la-paz\/#article","isPartOf":{"@id":"https:\/\/luchonoticias.com\/editor\/neiva-y-su-agenda-por-la-paz\/"},"author":{"name":"Editor General","@id":"https:\/\/luchonoticias.com\/editor\/#\/schema\/person\/29217990ddf6f14e35912b2866d591fb"},"headline":"Neiva y su agenda por la paz","datePublished":"2024-04-18T10:19:04+00:00","mainEntityOfPage":{"@id":"https:\/\/luchonoticias.com\/editor\/neiva-y-su-agenda-por-la-paz\/"},"wordCount":753,"publisher":{"@id":"https:\/\/luchonoticias.com\/editor\/#\/schema\/person\/7a7fd911f58561fd056dbac7b55af9cd"},"image":{"@id":"https:\/\/luchonoticias.com\/editor\/neiva-y-su-agenda-por-la-paz\/#primaryimage"},"thumbnailUrl":"https:\/\/luchonoticias.com\/editor\/wp-content\/uploads\/2024\/04\/feira.jpg","articleSection":["Nacional"],"inLanguage":"es"},{"@type":"WebPage","@id":"https:\/\/luchonoticias.com\/editor\/neiva-y-su-agenda-por-la-paz\/","url":"https:\/\/luchonoticias.com\/editor\/neiva-y-su-agenda-por-la-paz\/","name":"Neiva y su agenda por la paz -","isPartOf":{"@id":"https:\/\/luchonoticias.com\/editor\/#website"},"primaryImageOfPage":{"@id":"https:\/\/luchonoticias.com\/editor\/neiva-y-su-agenda-por-la-paz\/#primaryimage"},"image":{"@id":"https:\/\/luchonoticias.com\/editor\/neiva-y-su-agenda-por-la-paz\/#primaryimage"},"thumbnailUrl":"https:\/\/luchonoticias.com\/editor\/wp-content\/uploads\/2024\/04\/feira.jpg","datePublished":"2024-04-18T10:19:04+00:00","breadcrumb":{"@id":"https:\/\/luchonoticias.com\/editor\/neiva-y-su-agenda-por-la-paz\/#breadcrumb"},"inLanguage":"es","potentialAction":[{"@type":"ReadAction","target":["https:\/\/luchonoticias.com\/editor\/neiva-y-su-agenda-por-la-paz\/"]}]},{"@type":"ImageObject","inLanguage":"es","@id":"https:\/\/luchonoticias.com\/editor\/neiva-y-su-agenda-por-la-paz\/#primaryimage","url":"https:\/\/luchonoticias.com\/editor\/wp-content\/uploads\/2024\/04\/feira.jpg","contentUrl":"https:\/\/luchonoticias.com\/editor\/wp-content\/uploads\/2024\/04\/feira.jpg","width":700,"height":400},{"@type":"BreadcrumbList","@id":"https:\/\/luchonoticias.com\/editor\/neiva-y-su-agenda-por-la-paz\/#breadcrumb","itemListElement":[{"@type":"ListItem","position":1,"name":"Portada","item":"https:\/\/luchonoticias.com\/editor\/"},{"@type":"ListItem","position":2,"name":"Neiva y su agenda por la paz"}]},{"@type":"WebSite","@id":"https:\/\/luchonoticias.com\/editor\/#website","url":"https:\/\/luchonoticias.com\/editor\/","name":"","description":"","publisher":{"@id":"https:\/\/luchonoticias.com\/editor\/#\/schema\/person\/7a7fd911f58561fd056dbac7b55af9cd"},"potentialAction":[{"@type":"SearchAction","target":{"@type":"EntryPoint","urlTemplate":"https:\/\/luchonoticias.com\/editor\/?s={search_term_string}"},"query-input":{"@type":"PropertyValueSpecification","valueRequired":true,"valueName":"search_term_string"}}],"inLanguage":"es"},{"@type":["Person","Organization"],"@id":"https:\/\/luchonoticias.com\/editor\/#\/schema\/person\/7a7fd911f58561fd056dbac7b55af9cd","name":"admin","image":{"@type":"ImageObject","inLanguage":"es","@id":"https:\/\/luchonoticias.com\/editor\/#\/schema\/person\/image\/","url":"https:\/\/luchonoticias.com\/editor\/wp-content\/uploads\/2024\/02\/cropped-cropped-logolu.webp","contentUrl":"https:\/\/luchonoticias.com\/editor\/wp-content\/uploads\/2024\/02\/cropped-cropped-logolu.webp","width":382,"height":170,"caption":"admin"},"logo":{"@id":"https:\/\/luchonoticias.com\/editor\/#\/schema\/person\/image\/"},"sameAs":["https:\/\/www.facebook.com\/luchonoticiasneiva"]},{"@type":"Person","@id":"https:\/\/luchonoticias.com\/editor\/#\/schema\/person\/29217990ddf6f14e35912b2866d591fb","name":"Editor General","image":{"@type":"ImageObject","inLanguage":"es","@id":"https:\/\/luchonoticias.com\/editor\/#\/schema\/person\/image\/","url":"https:\/\/luchonoticias.com\/editor\/wp-content\/uploads\/2024\/02\/cropped-cropped-logolu-150x150.webp","contentUrl":"https:\/\/luchonoticias.com\/editor\/wp-content\/uploads\/2024\/02\/cropped-cropped-logolu-150x150.webp","caption":"Editor General"},"sameAs":["https:\/\/luchonoticias.com\/"],"url":"https:\/\/luchonoticias.com\/editor\/author\/editor-general\/"}]}},"_links":{"self":[{"href":"https:\/\/luchonoticias.com\/editor\/wp-json\/wp\/v2\/posts\/72211","targetHints":{"allow":["GET"]}}],"collection":[{"href":"https:\/\/luchonoticias.com\/editor\/wp-json\/wp\/v2\/posts"}],"about":[{"href":"https:\/\/luchonoticias.com\/editor\/wp-json\/wp\/v2\/types\/post"}],"author":[{"embeddable":true,"href":"https:\/\/luchonoticias.com\/editor\/wp-json\/wp\/v2\/users\/2"}],"replies":[{"embeddable":true,"href":"https:\/\/luchonoticias.com\/editor\/wp-json\/wp\/v2\/comments?post=72211"}],"version-history":[{"count":0,"href":"https:\/\/luchonoticias.com\/editor\/wp-json\/wp\/v2\/posts\/72211\/revisions"}],"wp:featuredmedia":[{"embeddable":true,"href":"https:\/\/luchonoticias.com\/editor\/wp-json\/wp\/v2\/media\/72212"}],"wp:attachment":[{"href":"https:\/\/luchonoticias.com\/editor\/wp-json\/wp\/v2\/media?parent=72211"}],"wp:term":[{"taxonomy":"category","embeddable":true,"href":"https:\/\/luchonoticias.com\/editor\/wp-json\/wp\/v2\/categories?post=72211"},{"taxonomy":"post_tag","embeddable":true,"href":"https:\/\/luchonoticias.com\/editor\/wp-json\/wp\/v2\/tags?post=72211"}],"curies":[{"name":"wp","href":"https:\/\/api.w.org\/{rel}","templated":true}]}}